{"id":29235,"date":"2019-06-17T15:10:22","date_gmt":"2019-06-17T13:10:22","guid":{"rendered":"https:\/\/rijeka2020.eu\/?p=29235"},"modified":"2021-02-09T10:42:57","modified_gmt":"2021-02-09T09:42:57","slug":"a-green-wave-of-civil-projects-spreads-across-rijeka","status":"publish","type":"post","link":"https:\/\/ri2020.eu\/en\/a-green-wave-of-civil-projects-spreads-across-rijeka\/","title":{"rendered":"A green wave of civil projects spreads across Rijeka"},"content":{"rendered":"<p>You may propose any green redevelopment project that does not require a construction licence and is supposed to be undertaken in a communal public space. You may also propose environmental and educational campaigns that can be conducted in a public space and would draw attention to the importance of preserving the area in which we live.<br \/>\nThe call for submissions for the Civil Initiative projects is open until 19 June, while 6 June is the deadline for applying to participation in the Citizens&#8217; Council, which evaluates and recommends submitted projects for funding.<br \/>\nThe new Participate! campaign once again clearly shows the intention of Rijeka 2020 to actively engage its citizens in the implementation of the European Capital of Culture project and demonstrates how a successful project, which would improve the cultural landscape and quality of life in Rijeka, can be implemented only by close cooperation between all involved partners and the citizens themselves.<br \/>\nEleven projects were earmarked for funding in the first round of the Participate! campaign, which was implemented last autumn.<\/p>\n<p><strong>Green Su\u0161ak \u2013 A Homage to Josip Kulfanek I &amp; II \u2013 Citizens&#8217; Group Su\u0161ak Action<\/strong><br \/>\nGreen Su\u0161ak \u2013 A Homage to Josip Kulfanek I &amp; II is a part of the larger project Towards the 100th Anniversary of Su\u0161ak, which was initiated by the School of Applied Art and Design in Rijeka. Since Su\u0161ak is celebrating its 100th anniversary in October, a series of campaigns have been launched in order to spruce it up and give it a revamped look for its centennial birthday. This is why a group of interested citizens gathered at the exhibition at Trsat Reading Hall that touched on several topics pertaining to Su\u0161ak, with the one about Josip Kulfanek, a Su\u0161ak and Rijeka landscaping legend, who was also discussed as part of the Green Wave project at the Trsat Branch of the Rijeka City Library, drawing particular interest. Su\u0161ak Action plans to set up a small nursery at the former Kulfanek nursery, which is the least the local community can do for the man that made most of Su\u0161ak green.<\/p>\n<p><img loading=\"lazy\" decoding=\"async\" class=\"alignnone size-full wp-image-28908\" src=\"https:\/\/rijeka2020.eu\/wp-content\/uploads\/2019\/06\/zeleni-su\u0161ak.jpg\" alt=\"\" width=\"555\" height=\"320\" srcset=\"https:\/\/ri2020.eu\/wp-content\/uploads\/2019\/06\/zeleni-su\u0161ak.jpg 555w, https:\/\/ri2020.eu\/wp-content\/uploads\/2019\/06\/zeleni-su\u0161ak-255x147.jpg 255w, https:\/\/ri2020.eu\/wp-content\/uploads\/2019\/06\/zeleni-su\u0161ak-250x144.jpg 250w, https:\/\/ri2020.eu\/wp-content\/uploads\/2019\/06\/zeleni-su\u0161ak-420x242.jpg 420w\" sizes=\"auto, (max-width: 555px) 100vw, 555px\" \/><\/p>\n<p><strong>Primorje Park in the Heart of the City \u2013 informal initiative Urbani Separe<\/strong><br \/>\nThe goal of the Primorje Park in the Heart of the City project is to replant, restore and open to the public one of the few green areas in the Old Town, behind the Korzo Shopping Centre and near Primorska Konoba. The project is still being coordinated with the city authorities.<\/p>\n<p><img loading=\"lazy\" decoding=\"async\" class=\"alignnone size-full wp-image-28910\" src=\"https:\/\/rijeka2020.eu\/wp-content\/uploads\/2019\/06\/primorski-park.jpg\" alt=\"\" width=\"555\" height=\"320\" srcset=\"https:\/\/ri2020.eu\/wp-content\/uploads\/2019\/06\/primorski-park.jpg 555w, https:\/\/ri2020.eu\/wp-content\/uploads\/2019\/06\/primorski-park-255x147.jpg 255w, https:\/\/ri2020.eu\/wp-content\/uploads\/2019\/06\/primorski-park-250x144.jpg 250w, https:\/\/ri2020.eu\/wp-content\/uploads\/2019\/06\/primorski-park-420x242.jpg 420w\" sizes=\"auto, (max-width: 555px) 100vw, 555px\" \/><\/p>\n<p><strong>Ginko Theme Park \u2013 informal initiative Kvart za 5<\/strong><br \/>\nThe Ginko project aims to place benches and birdhouses in trees in the area next to the \u017drtava Fa\u0161izma Street in order to create a theme park that would attract visitors. Expert-guided children&#8217;s workshops are also scheduled to take place, at which the birdhouses would be painted and then installed in the park. Cooperation is planned with pupils from the lower grades of Nikola Tesla Primary School as well as neighbourhood children. Neighbourhood residents will volunteer to clean the green areas and place bins. The park was named after a protected lush tree that grows there.<\/p>\n<p><img loading=\"lazy\" decoding=\"async\" class=\"alignnone size-full wp-image-28912\" src=\"https:\/\/rijeka2020.eu\/wp-content\/uploads\/2019\/06\/ginko.jpg\" alt=\"\" width=\"555\" height=\"320\" srcset=\"https:\/\/ri2020.eu\/wp-content\/uploads\/2019\/06\/ginko.jpg 555w, https:\/\/ri2020.eu\/wp-content\/uploads\/2019\/06\/ginko-255x147.jpg 255w, https:\/\/ri2020.eu\/wp-content\/uploads\/2019\/06\/ginko-250x144.jpg 250w, https:\/\/ri2020.eu\/wp-content\/uploads\/2019\/06\/ginko-420x242.jpg 420w\" sizes=\"auto, (max-width: 555px) 100vw, 555px\" \/><\/p>\n<p><strong>Hazelnut Pocket Park \u2013 informal initiative Kvart za 5<\/strong><br \/>\nThis project deals with the green city area in the historic centre that has been neglected for years. The area is currently used as a temporary depository of a portion of the medieval city walls and a bulky and fine waste wild landfill. It is completely inaccessible because most of it is enclosed with metal panels. The project was initiated due to the great enthusiasm shown by the neighbourhood residents to transform the area into a small urban park. The neighbourhood residents are willing to tidy up, replant, preserve and use the area. In addition to the aforementioned voluntary involvement, other activities include the procurement and installation of wooden benches and bins, purchase of seedlings and the hiring of a landscaping company.<\/p>\n<p><img loading=\"lazy\" decoding=\"async\" class=\"alignnone size-full wp-image-28914\" src=\"https:\/\/rijeka2020.eu\/wp-content\/uploads\/2019\/06\/lje\u0161njak.jpg\" alt=\"\" width=\"555\" height=\"320\" srcset=\"https:\/\/ri2020.eu\/wp-content\/uploads\/2019\/06\/lje\u0161njak.jpg 555w, https:\/\/ri2020.eu\/wp-content\/uploads\/2019\/06\/lje\u0161njak-255x147.jpg 255w, https:\/\/ri2020.eu\/wp-content\/uploads\/2019\/06\/lje\u0161njak-250x144.jpg 250w, https:\/\/ri2020.eu\/wp-content\/uploads\/2019\/06\/lje\u0161njak-420x242.jpg 420w\" sizes=\"auto, (max-width: 555px) 100vw, 555px\" \/><\/p>\n<p><strong>Rijeka &#8211; Edible City \u2013 Rijeka Transitional initiative<\/strong><br \/>\nInspired by the so-called &#8220;edible city&#8221; movement that encourages citizens around the world to use public areas for growing edible plants that would be available to everyone, an untended plot on Giuseppe Duello Street in Rijeka will be enriched with old-time variety fruit trees and edible seedlings. Besides creating an &#8220;edible forest&#8221; of sorts, a wooden awning with a table and small benches will be constructed. This would provide an area for younger and older residents on the street to gather and socialise. Such a location, sheltered from the rain and traffic, would stimulate people to spend more time outdoors, share information and lead an active life. Since there is a nursery school nearby, the neighbourhood children would have fruit available at arm&#8217;s length.<\/p>\n<p><img loading=\"lazy\" decoding=\"async\" class=\"alignnone size-full wp-image-28916\" src=\"https:\/\/rijeka2020.eu\/wp-content\/uploads\/2019\/06\/jestivi-grad.jpg\" alt=\"\" width=\"555\" height=\"320\" srcset=\"https:\/\/ri2020.eu\/wp-content\/uploads\/2019\/06\/jestivi-grad.jpg 555w, https:\/\/ri2020.eu\/wp-content\/uploads\/2019\/06\/jestivi-grad-255x147.jpg 255w, https:\/\/ri2020.eu\/wp-content\/uploads\/2019\/06\/jestivi-grad-250x144.jpg 250w, https:\/\/ri2020.eu\/wp-content\/uploads\/2019\/06\/jestivi-grad-420x242.jpg 420w\" sizes=\"auto, (max-width: 555px) 100vw, 555px\" \/><\/p>\n<p><strong>Edible City \u2013 plateau in front of the former Gornja Ve\u017eica shopping centre \u2013 Solidarity Exchange Group Rijeka-East<\/strong><br \/>\nThe project comprises of landscaping the plateau at Gornja Ve\u017eica with the aim of creating a gathering place for the local community, jointly tending the plateau and the planted vegetables, fruit trees, flower beds and decorative plants. For the last couple of years, the plateau has been the venue of the monthly Eco-Farmer&#8217;s Market, organised by the Solidarity Exchange Group Rijeka-East, where high-quality homemade family farm products with environmental certification are available for purchase. Members of the Solidarity Exchange Group Rijeka-East will be involved in the drafting of the conceptual design for the redevelopment of the plateau and the organisation of all activities in cooperation with the Gornja Ve\u017eica Neighbourhood Council and Gornja Ve\u017eica Primary School, which has a permaculture school garden in its courtyard.<\/p>\n<p><img loading=\"lazy\" decoding=\"async\" class=\"alignnone size-full wp-image-28918\" src=\"https:\/\/rijeka2020.eu\/wp-content\/uploads\/2019\/06\/jestivi-grad-ve\u017eica.jpg\" alt=\"\" width=\"555\" height=\"320\" srcset=\"https:\/\/ri2020.eu\/wp-content\/uploads\/2019\/06\/jestivi-grad-ve\u017eica.jpg 555w, https:\/\/ri2020.eu\/wp-content\/uploads\/2019\/06\/jestivi-grad-ve\u017eica-255x147.jpg 255w, https:\/\/ri2020.eu\/wp-content\/uploads\/2019\/06\/jestivi-grad-ve\u017eica-250x144.jpg 250w, https:\/\/ri2020.eu\/wp-content\/uploads\/2019\/06\/jestivi-grad-ve\u017eica-420x242.jpg 420w\" sizes=\"auto, (max-width: 555px) 100vw, 555px\" \/><\/p>\n<p><strong>Green City Islands \u2013 Society of Waldorf Education Supporters<\/strong><br \/>\nThe Green City Islands project is aimed at creating green islands on balconies and concrete courtyards for growing vegetables and aromatic herbs. Project activities include educating pupils, parents and the public interested in urban gardening and creating gardens on the balconies or in the courtyard, self-watering garden beds, a vertical garden; composting on the balcony or in a small garden, using the seeds of old resistant vegetable varieties; learning the secrets of biological and biological-dynamic gardening, publishing picture books about good and bad plant neighbours and the construction of a demonstrational outdoor and indoor &#8220;garden island&#8221;. Collaborating on the project are two primary schools from Rijeka, the Sveti Nikola and Turni\u0107 neighbourhood councils and the Solidarity Exchange Group Pod U\u010dkun \u2013 West.<\/p>\n<p><img loading=\"lazy\" decoding=\"async\" class=\"alignnone size-full wp-image-28920\" src=\"https:\/\/rijeka2020.eu\/wp-content\/uploads\/2019\/06\/otoci.jpg\" alt=\"\" width=\"555\" height=\"320\" srcset=\"https:\/\/ri2020.eu\/wp-content\/uploads\/2019\/06\/otoci.jpg 555w, https:\/\/ri2020.eu\/wp-content\/uploads\/2019\/06\/otoci-255x147.jpg 255w, https:\/\/ri2020.eu\/wp-content\/uploads\/2019\/06\/otoci-250x144.jpg 250w, https:\/\/ri2020.eu\/wp-content\/uploads\/2019\/06\/otoci-420x242.jpg 420w\" sizes=\"auto, (max-width: 555px) 100vw, 555px\" \/><\/p>\n<p><strong>Sensory micro-composting plan \u2013 Initiative by the residents of \u0160kurinje<\/strong><br \/>\nAn experimental garden consisting of a so-called keyhole garden, a tall garden bed and a children&#8217;s sensory trail will be set up in \u0160kurinje, between the buildings at 30 and 28 \u0160kurinjskih \u017drtava Street and Sava Jugo Bujkov Street. It is a concept that unifies the concepts of composting, urban gardening and sensory therapy in a single space by transforming it into a place for educating and raising awareness of sustainable development issues and a small socialising zone.<\/p>\n<p><img loading=\"lazy\" decoding=\"async\" class=\"alignnone size-full wp-image-28922\" src=\"https:\/\/rijeka2020.eu\/wp-content\/uploads\/2019\/06\/mikrokompostna.jpg\" alt=\"\" width=\"555\" height=\"320\" srcset=\"https:\/\/ri2020.eu\/wp-content\/uploads\/2019\/06\/mikrokompostna.jpg 555w, https:\/\/ri2020.eu\/wp-content\/uploads\/2019\/06\/mikrokompostna-255x147.jpg 255w, https:\/\/ri2020.eu\/wp-content\/uploads\/2019\/06\/mikrokompostna-250x144.jpg 250w, https:\/\/ri2020.eu\/wp-content\/uploads\/2019\/06\/mikrokompostna-420x242.jpg 420w\" sizes=\"auto, (max-width: 555px) 100vw, 555px\" \/><\/p>\n<p><strong>Greening the neighbourhood with a symbol of the city \u2013 citizens&#8217; initiative (Kristian Star\u010di\u0107 and Goran Jovani\u0107)<\/strong><br \/>\nThe project seeks to replant and further enrich the public green area between the buildings at 7 and 9 Aleksandra Mami\u0107a Street in Kozala. The area is located below a children&#8217;s park with play equipment and a ping pong table. Cherry plum trees used to be planted in this area, but since their deterioration and felling, the area has yet to undergo replanting. The aim of the project is to replant a dilapidated public space and create a cosy outdoor spot for people of all ages. The benches in the shade of the cherry trees will serve as a meeting place for neighbours.<\/p>\n<p><img loading=\"lazy\" decoding=\"async\" class=\"alignnone size-full wp-image-28924\" src=\"https:\/\/rijeka2020.eu\/wp-content\/uploads\/2019\/06\/ozelenjavanje-parkova.jpg\" alt=\"\" width=\"555\" height=\"320\" srcset=\"https:\/\/ri2020.eu\/wp-content\/uploads\/2019\/06\/ozelenjavanje-parkova.jpg 555w, https:\/\/ri2020.eu\/wp-content\/uploads\/2019\/06\/ozelenjavanje-parkova-255x147.jpg 255w, https:\/\/ri2020.eu\/wp-content\/uploads\/2019\/06\/ozelenjavanje-parkova-250x144.jpg 250w, https:\/\/ri2020.eu\/wp-content\/uploads\/2019\/06\/ozelenjavanje-parkova-420x242.jpg 420w\" sizes=\"auto, (max-width: 555px) 100vw, 555px\" \/><\/p>\n<p><strong>Green Roundabout \u2013 Parents of Drenova<\/strong><br \/>\nDespite being one of the largest neighbourhoods in Rijeka, with a constantly increasing number of residents, Drenova lacks well-maintained green areas. This is why the Parents of Drenova proposed to restore and replant the roundabout, which is 20 m in diameter and is located in front of the entrance to Fran Frankovi\u0107 Primary School. The roundabout is run down, with magnolias and a rose hip shrub as the only plants growing there.<\/p>\n<p><img loading=\"lazy\" decoding=\"async\" class=\"alignnone size-full wp-image-28926\" src=\"https:\/\/rijeka2020.eu\/wp-content\/uploads\/2019\/06\/teleni-otok.jpg\" alt=\"\" width=\"555\" height=\"320\" srcset=\"https:\/\/ri2020.eu\/wp-content\/uploads\/2019\/06\/teleni-otok.jpg 555w, https:\/\/ri2020.eu\/wp-content\/uploads\/2019\/06\/teleni-otok-255x147.jpg 255w, https:\/\/ri2020.eu\/wp-content\/uploads\/2019\/06\/teleni-otok-250x144.jpg 250w, https:\/\/ri2020.eu\/wp-content\/uploads\/2019\/06\/teleni-otok-420x242.jpg 420w\" sizes=\"auto, (max-width: 555px) 100vw, 555px\" \/><\/p>\n","protected":false},"excerpt":{"rendered":"<p>The greening of the city centre, redevelopment of urban gardens, nurseries and a sensory garden with a composting plant or the beautification of the green roundabout are just some of the projects that were approved in the first round of the public call for submissions as part of the Green Wave project, which was presented to the citizens at the Info Day of the European Capital of Culture&#8217;s Participate! campaign. A new round of submissions of projects that will be considered for funding is open until 19 June.<\/p>\n","protected":false},"author":72,"featured_media":28906,"comment_status":"closed","ping_status":"closed","sticky":false,"template":"","format":"standard","meta":{"_acf_changed":false,"footnotes":""},"categories":[3689,2731,3468],"tags":[4206,4169],"class_list":["post-29235","post","type-post","status-publish","format-standard","has-post-thumbnail","hentry","category-green-wave","category-news","category-rihub","tag-green-wave-en","tag-rijeka-2020-en-3-en"],"acf":[],"yoast_head":"<!-- This site is optimized with the Yoast SEO plugin v26.8 - https:\/\/yoast.com\/product\/yoast-seo-wordpress\/ -->\n<title>A green wave of civil projects spreads across Rijeka &#8226; Rijeka 2020<\/title>\n<meta name=\"robots\" content=\"index, follow, max-snippet:-1, max-image-preview:large, max-video-preview:-1\" \/>\n<link rel=\"canonical\" href=\"https:\/\/ri2020.eu\/en\/a-green-wave-of-civil-projects-spreads-across-rijeka\/\" \/>\n<meta property=\"og:locale\" content=\"en_US\" \/>\n<meta property=\"og:type\" content=\"article\" \/>\n<meta property=\"og:title\" content=\"A green wave of civil projects spreads across Rijeka &#8226; Rijeka 2020\" \/>\n<meta property=\"og:description\" content=\"The greening of the city centre, redevelopment of urban gardens, nurseries and a sensory garden with a composting plant or the beautification of the green roundabout are just some of the projects that were approved in the first round of the public call for submissions as part of the Green Wave project, which was presented to the citizens at the Info Day of the European Capital of Culture&#039;s Participate! campaign. A new round of submissions of projects that will be considered for funding is open until 19 June.\" \/>\n<meta property=\"og:url\" content=\"https:\/\/ri2020.eu\/en\/a-green-wave-of-civil-projects-spreads-across-rijeka\/\" \/>\n<meta property=\"og:site_name\" content=\"Rijeka 2020\" \/>\n<meta property=\"article:publisher\" content=\"https:\/\/www.facebook.com\/rijeka2020\" \/>\n<meta property=\"article:published_time\" content=\"2019-06-17T13:10:22+00:00\" \/>\n<meta property=\"article:modified_time\" content=\"2021-02-09T09:42:57+00:00\" \/>\n<meta property=\"og:image\" content=\"https:\/\/ri2020.eu\/wp-content\/uploads\/2019\/06\/zeleni-val.jpg\" \/>\n\t<meta property=\"og:image:width\" content=\"555\" \/>\n\t<meta property=\"og:image:height\" content=\"320\" \/>\n\t<meta property=\"og:image:type\" content=\"image\/jpeg\" \/>\n<meta name=\"author\" content=\"Rijeka 2020\" \/>\n<meta name=\"twitter:card\" content=\"summary_large_image\" \/>\n<meta name=\"twitter:creator\" content=\"@Rijeka2020\" \/>\n<meta name=\"twitter:site\" content=\"@Rijeka2020\" \/>\n<meta name=\"twitter:label1\" content=\"Written by\" \/>\n\t<meta name=\"twitter:data1\" content=\"Rijeka 2020\" \/>\n\t<meta name=\"twitter:label2\" content=\"Est. reading time\" \/>\n\t<meta name=\"twitter:data2\" content=\"8 minutes\" \/>\n<script type=\"application\/ld+json\" class=\"yoast-schema-graph\">{\"@context\":\"https:\/\/schema.org\",\"@graph\":[{\"@type\":\"Article\",\"@id\":\"https:\/\/ri2020.eu\/en\/a-green-wave-of-civil-projects-spreads-across-rijeka\/#article\",\"isPartOf\":{\"@id\":\"https:\/\/ri2020.eu\/en\/a-green-wave-of-civil-projects-spreads-across-rijeka\/\"},\"author\":{\"name\":\"Rijeka 2020\",\"@id\":\"https:\/\/ri2020.eu\/en\/#\/schema\/person\/9c12d91df8c45bc534f625d9c81f403d\"},\"headline\":\"A green wave of civil projects spreads across Rijeka\",\"datePublished\":\"2019-06-17T13:10:22+00:00\",\"dateModified\":\"2021-02-09T09:42:57+00:00\",\"mainEntityOfPage\":{\"@id\":\"https:\/\/ri2020.eu\/en\/a-green-wave-of-civil-projects-spreads-across-rijeka\/\"},\"wordCount\":1347,\"publisher\":{\"@id\":\"https:\/\/ri2020.eu\/en\/#organization\"},\"image\":{\"@id\":\"https:\/\/ri2020.eu\/en\/a-green-wave-of-civil-projects-spreads-across-rijeka\/#primaryimage\"},\"thumbnailUrl\":\"https:\/\/ri2020.eu\/wp-content\/uploads\/2019\/06\/zeleni-val.jpg\",\"keywords\":[\"Green Wave\",\"Rijeka 2020\"],\"articleSection\":[\"Green Wave\",\"News\",\"RiHub\"],\"inLanguage\":\"en-US\"},{\"@type\":\"WebPage\",\"@id\":\"https:\/\/ri2020.eu\/en\/a-green-wave-of-civil-projects-spreads-across-rijeka\/\",\"url\":\"https:\/\/ri2020.eu\/en\/a-green-wave-of-civil-projects-spreads-across-rijeka\/\",\"name\":\"A green wave of civil projects spreads across Rijeka &#8226; Rijeka 2020\",\"isPartOf\":{\"@id\":\"https:\/\/ri2020.eu\/en\/#website\"},\"primaryImageOfPage\":{\"@id\":\"https:\/\/ri2020.eu\/en\/a-green-wave-of-civil-projects-spreads-across-rijeka\/#primaryimage\"},\"image\":{\"@id\":\"https:\/\/ri2020.eu\/en\/a-green-wave-of-civil-projects-spreads-across-rijeka\/#primaryimage\"},\"thumbnailUrl\":\"https:\/\/ri2020.eu\/wp-content\/uploads\/2019\/06\/zeleni-val.jpg\",\"datePublished\":\"2019-06-17T13:10:22+00:00\",\"dateModified\":\"2021-02-09T09:42:57+00:00\",\"breadcrumb\":{\"@id\":\"https:\/\/ri2020.eu\/en\/a-green-wave-of-civil-projects-spreads-across-rijeka\/#breadcrumb\"},\"inLanguage\":\"en-US\",\"potentialAction\":[{\"@type\":\"ReadAction\",\"target\":[\"https:\/\/ri2020.eu\/en\/a-green-wave-of-civil-projects-spreads-across-rijeka\/\"]}]},{\"@type\":\"ImageObject\",\"inLanguage\":\"en-US\",\"@id\":\"https:\/\/ri2020.eu\/en\/a-green-wave-of-civil-projects-spreads-across-rijeka\/#primaryimage\",\"url\":\"https:\/\/ri2020.eu\/wp-content\/uploads\/2019\/06\/zeleni-val.jpg\",\"contentUrl\":\"https:\/\/ri2020.eu\/wp-content\/uploads\/2019\/06\/zeleni-val.jpg\",\"width\":555,\"height\":320},{\"@type\":\"BreadcrumbList\",\"@id\":\"https:\/\/ri2020.eu\/en\/a-green-wave-of-civil-projects-spreads-across-rijeka\/#breadcrumb\",\"itemListElement\":[{\"@type\":\"ListItem\",\"position\":1,\"name\":\"Home\",\"item\":\"https:\/\/ri2020.eu\/en\/\"},{\"@type\":\"ListItem\",\"position\":2,\"name\":\"A green wave of civil projects spreads across Rijeka\"}]},{\"@type\":\"WebSite\",\"@id\":\"https:\/\/ri2020.eu\/en\/#website\",\"url\":\"https:\/\/ri2020.eu\/en\/\",\"name\":\"Rijeka 2020\",\"description\":\"Europska prijestolnica kulture\",\"publisher\":{\"@id\":\"https:\/\/ri2020.eu\/en\/#organization\"},\"potentialAction\":[{\"@type\":\"SearchAction\",\"target\":{\"@type\":\"EntryPoint\",\"urlTemplate\":\"https:\/\/ri2020.eu\/en\/?s={search_term_string}\"},\"query-input\":{\"@type\":\"PropertyValueSpecification\",\"valueRequired\":true,\"valueName\":\"search_term_string\"}}],\"inLanguage\":\"en-US\"},{\"@type\":\"Organization\",\"@id\":\"https:\/\/ri2020.eu\/en\/#organization\",\"name\":\"Rijeka 2020 d.o.o.\",\"url\":\"https:\/\/ri2020.eu\/en\/\",\"logo\":{\"@type\":\"ImageObject\",\"inLanguage\":\"en-US\",\"@id\":\"https:\/\/ri2020.eu\/en\/#\/schema\/logo\/image\/\",\"url\":\"https:\/\/rijeka2020.eu\/wp-content\/uploads\/2018\/07\/Ri2020-logo.png\",\"contentUrl\":\"https:\/\/rijeka2020.eu\/wp-content\/uploads\/2018\/07\/Ri2020-logo.png\",\"width\":407,\"height\":175,\"caption\":\"Rijeka 2020 d.o.o.\"},\"image\":{\"@id\":\"https:\/\/ri2020.eu\/en\/#\/schema\/logo\/image\/\"},\"sameAs\":[\"https:\/\/www.facebook.com\/rijeka2020\",\"https:\/\/x.com\/Rijeka2020\",\"https:\/\/www.instagram.com\/rijeka2020\/\",\"https:\/\/www.youtube.com\/user\/riepk2020\"]},{\"@type\":\"Person\",\"@id\":\"https:\/\/ri2020.eu\/en\/#\/schema\/person\/9c12d91df8c45bc534f625d9c81f403d\",\"name\":\"Rijeka 2020\",\"url\":\"https:\/\/ri2020.eu\/en\/author\/lsm\/\"}]}<\/script>\n<!-- \/ Yoast SEO plugin. -->","yoast_head_json":{"title":"A green wave of civil projects spreads across Rijeka &#8226; Rijeka 2020","robots":{"index":"index","follow":"follow","max-snippet":"max-snippet:-1","max-image-preview":"max-image-preview:large","max-video-preview":"max-video-preview:-1"},"canonical":"https:\/\/ri2020.eu\/en\/a-green-wave-of-civil-projects-spreads-across-rijeka\/","og_locale":"en_US","og_type":"article","og_title":"A green wave of civil projects spreads across Rijeka &#8226; Rijeka 2020","og_description":"The greening of the city centre, redevelopment of urban gardens, nurseries and a sensory garden with a composting plant or the beautification of the green roundabout are just some of the projects that were approved in the first round of the public call for submissions as part of the Green Wave project, which was presented to the citizens at the Info Day of the European Capital of Culture's Participate! campaign. A new round of submissions of projects that will be considered for funding is open until 19 June.","og_url":"https:\/\/ri2020.eu\/en\/a-green-wave-of-civil-projects-spreads-across-rijeka\/","og_site_name":"Rijeka 2020","article_publisher":"https:\/\/www.facebook.com\/rijeka2020","article_published_time":"2019-06-17T13:10:22+00:00","article_modified_time":"2021-02-09T09:42:57+00:00","og_image":[{"width":555,"height":320,"url":"https:\/\/ri2020.eu\/wp-content\/uploads\/2019\/06\/zeleni-val.jpg","type":"image\/jpeg"}],"author":"Rijeka 2020","twitter_card":"summary_large_image","twitter_creator":"@Rijeka2020","twitter_site":"@Rijeka2020","twitter_misc":{"Written by":"Rijeka 2020","Est. reading time":"8 minutes"},"schema":{"@context":"https:\/\/schema.org","@graph":[{"@type":"Article","@id":"https:\/\/ri2020.eu\/en\/a-green-wave-of-civil-projects-spreads-across-rijeka\/#article","isPartOf":{"@id":"https:\/\/ri2020.eu\/en\/a-green-wave-of-civil-projects-spreads-across-rijeka\/"},"author":{"name":"Rijeka 2020","@id":"https:\/\/ri2020.eu\/en\/#\/schema\/person\/9c12d91df8c45bc534f625d9c81f403d"},"headline":"A green wave of civil projects spreads across Rijeka","datePublished":"2019-06-17T13:10:22+00:00","dateModified":"2021-02-09T09:42:57+00:00","mainEntityOfPage":{"@id":"https:\/\/ri2020.eu\/en\/a-green-wave-of-civil-projects-spreads-across-rijeka\/"},"wordCount":1347,"publisher":{"@id":"https:\/\/ri2020.eu\/en\/#organization"},"image":{"@id":"https:\/\/ri2020.eu\/en\/a-green-wave-of-civil-projects-spreads-across-rijeka\/#primaryimage"},"thumbnailUrl":"https:\/\/ri2020.eu\/wp-content\/uploads\/2019\/06\/zeleni-val.jpg","keywords":["Green Wave","Rijeka 2020"],"articleSection":["Green Wave","News","RiHub"],"inLanguage":"en-US"},{"@type":"WebPage","@id":"https:\/\/ri2020.eu\/en\/a-green-wave-of-civil-projects-spreads-across-rijeka\/","url":"https:\/\/ri2020.eu\/en\/a-green-wave-of-civil-projects-spreads-across-rijeka\/","name":"A green wave of civil projects spreads across Rijeka &#8226; Rijeka 2020","isPartOf":{"@id":"https:\/\/ri2020.eu\/en\/#website"},"primaryImageOfPage":{"@id":"https:\/\/ri2020.eu\/en\/a-green-wave-of-civil-projects-spreads-across-rijeka\/#primaryimage"},"image":{"@id":"https:\/\/ri2020.eu\/en\/a-green-wave-of-civil-projects-spreads-across-rijeka\/#primaryimage"},"thumbnailUrl":"https:\/\/ri2020.eu\/wp-content\/uploads\/2019\/06\/zeleni-val.jpg","datePublished":"2019-06-17T13:10:22+00:00","dateModified":"2021-02-09T09:42:57+00:00","breadcrumb":{"@id":"https:\/\/ri2020.eu\/en\/a-green-wave-of-civil-projects-spreads-across-rijeka\/#breadcrumb"},"inLanguage":"en-US","potentialAction":[{"@type":"ReadAction","target":["https:\/\/ri2020.eu\/en\/a-green-wave-of-civil-projects-spreads-across-rijeka\/"]}]},{"@type":"ImageObject","inLanguage":"en-US","@id":"https:\/\/ri2020.eu\/en\/a-green-wave-of-civil-projects-spreads-across-rijeka\/#primaryimage","url":"https:\/\/ri2020.eu\/wp-content\/uploads\/2019\/06\/zeleni-val.jpg","contentUrl":"https:\/\/ri2020.eu\/wp-content\/uploads\/2019\/06\/zeleni-val.jpg","width":555,"height":320},{"@type":"BreadcrumbList","@id":"https:\/\/ri2020.eu\/en\/a-green-wave-of-civil-projects-spreads-across-rijeka\/#breadcrumb","itemListElement":[{"@type":"ListItem","position":1,"name":"Home","item":"https:\/\/ri2020.eu\/en\/"},{"@type":"ListItem","position":2,"name":"A green wave of civil projects spreads across Rijeka"}]},{"@type":"WebSite","@id":"https:\/\/ri2020.eu\/en\/#website","url":"https:\/\/ri2020.eu\/en\/","name":"Rijeka 2020","description":"Europska prijestolnica kulture","publisher":{"@id":"https:\/\/ri2020.eu\/en\/#organization"},"potentialAction":[{"@type":"SearchAction","target":{"@type":"EntryPoint","urlTemplate":"https:\/\/ri2020.eu\/en\/?s={search_term_string}"},"query-input":{"@type":"PropertyValueSpecification","valueRequired":true,"valueName":"search_term_string"}}],"inLanguage":"en-US"},{"@type":"Organization","@id":"https:\/\/ri2020.eu\/en\/#organization","name":"Rijeka 2020 d.o.o.","url":"https:\/\/ri2020.eu\/en\/","logo":{"@type":"ImageObject","inLanguage":"en-US","@id":"https:\/\/ri2020.eu\/en\/#\/schema\/logo\/image\/","url":"https:\/\/rijeka2020.eu\/wp-content\/uploads\/2018\/07\/Ri2020-logo.png","contentUrl":"https:\/\/rijeka2020.eu\/wp-content\/uploads\/2018\/07\/Ri2020-logo.png","width":407,"height":175,"caption":"Rijeka 2020 d.o.o."},"image":{"@id":"https:\/\/ri2020.eu\/en\/#\/schema\/logo\/image\/"},"sameAs":["https:\/\/www.facebook.com\/rijeka2020","https:\/\/x.com\/Rijeka2020","https:\/\/www.instagram.com\/rijeka2020\/","https:\/\/www.youtube.com\/user\/riepk2020"]},{"@type":"Person","@id":"https:\/\/ri2020.eu\/en\/#\/schema\/person\/9c12d91df8c45bc534f625d9c81f403d","name":"Rijeka 2020","url":"https:\/\/ri2020.eu\/en\/author\/lsm\/"}]}},"_links":{"self":[{"href":"https:\/\/ri2020.eu\/en\/wp-json\/wp\/v2\/posts\/29235","targetHints":{"allow":["GET"]}}],"collection":[{"href":"https:\/\/ri2020.eu\/en\/wp-json\/wp\/v2\/posts"}],"about":[{"href":"https:\/\/ri2020.eu\/en\/wp-json\/wp\/v2\/types\/post"}],"author":[{"embeddable":true,"href":"https:\/\/ri2020.eu\/en\/wp-json\/wp\/v2\/users\/72"}],"replies":[{"embeddable":true,"href":"https:\/\/ri2020.eu\/en\/wp-json\/wp\/v2\/comments?post=29235"}],"version-history":[{"count":1,"href":"https:\/\/ri2020.eu\/en\/wp-json\/wp\/v2\/posts\/29235\/revisions"}],"predecessor-version":[{"id":64599,"href":"https:\/\/ri2020.eu\/en\/wp-json\/wp\/v2\/posts\/29235\/revisions\/64599"}],"wp:featuredmedia":[{"embeddable":true,"href":"https:\/\/ri2020.eu\/en\/wp-json\/wp\/v2\/media\/28906"}],"wp:attachment":[{"href":"https:\/\/ri2020.eu\/en\/wp-json\/wp\/v2\/media?parent=29235"}],"wp:term":[{"taxonomy":"category","embeddable":true,"href":"https:\/\/ri2020.eu\/en\/wp-json\/wp\/v2\/categories?post=29235"},{"taxonomy":"post_tag","embeddable":true,"href":"https:\/\/ri2020.eu\/en\/wp-json\/wp\/v2\/tags?post=29235"}],"curies":[{"name":"wp","href":"https:\/\/api.w.org\/{rel}","templated":true}]}}