{"id":29112,"date":"2019-06-04T10:40:19","date_gmt":"2019-06-04T08:40:19","guid":{"rendered":"https:\/\/rijeka2020.eu\/?p=29112"},"modified":"2019-06-13T10:42:39","modified_gmt":"2019-06-13T08:42:39","slug":"civil-initiative-and-green-wave-projects-inspire-new-ideas","status":"publish","type":"post","link":"https:\/\/ri2020.eu\/en\/civil-initiative-and-green-wave-projects-inspire-new-ideas\/","title":{"rendered":"Civil Initiative and Green Wave projects inspire new ideas"},"content":{"rendered":"<p>All interested parties can find out how manicuring an edible garden, erecting a monument to a neighbourhood and organising dances or Nordic walking can contribute to improving liveability in Rijeka at the Participate! campaign&#8217;s info days that will be held on Tuesday and Wednesday, 4 and 5 June respectively, at 5 pm at RiHUb, 1\/a Ivana Grohovca.<\/p>\n<p>The idea behind the Participate! campaign is to enable the residents of Rijeka to participate in the Rijeka 2020 European Capital of Culture with their ideas and effort. By submitting their projects for the Civil Initiatives flagship, residents propose ways to improve the local community with social-cultural and art campaigns, while the Green Wave projects attempt to find ways to contribute to greener and tidier public spaces. The Citizens&#8217; Council puts decision-making in the hands of the citizens &#8211; as representatives of the residents of Rijeka, the applicants, selected via public lottery, choose the best submitted projects, thereby ensuring financial aid for their implementation.<\/p>\n<p>The first round of the Participate! campaign was successfully conducted last year. After the Rijeka 2020 company had invited citizens to directly participate in the European Capital of Culture project, a total of 80 projects were submitted for the Civil Initiative and Green Wave projects, with the Citizens&#8217; Council selecting 11 projects for the Civil Initiative and the Green Wave flagships each.<\/p>\n<p>In order to inspire all citizens to change the city, the participants of the first round of the Participate! campaign shared their experiences regarding the implementation of the project, as well as participation in the last assembly of the Citizens&#8217; Council and volunteering.<\/p>\n<p>Another co-funded project is Rijeka &#8211; Edible City, implemented by the Rijeka Transitional Initiative as part of the Green wave flagship. It was initiated by an informal group of citizens who want to learn more about organic gardening. Over the past few years, they have been given the opportunity to formalise their work through the participatory programmes of the European Capital of Culture. Their project seeks to convert the run-down space in Turni\u0107 into a fruit and vegetable garden, which would primarily serve as a small corner for socialising. The aim of the project is to encourage citizens to grow their own food, prompted by a statistic indicating that Primorje-Gorski Kotar is one of the counties that produces the least amount of food.<br \/>\n&#8220;One prominent motive was to inspire people to start socialising and create a better world together. Because there are a lot of people among us that want to contribute, but someone needs to draw them in and round them up. Folks, start planting, working, come to RiHub, let&#8217;s start new projects, you&#8217;ll develop wonderful and enriching friendships, you won&#8217;t be alone in your apartment and you&#8217;ll make the world a better place,&#8221; said Vesna Lokas of the Rijeka Transitional Initiative.<\/p>\n<p>As part of the Civil Initiatives, the Kura\u017e Association is implementing the Concrete Memories project to celebrate the memory of the construction of the \u0160kurinje neighbourhood, which sprang from the concrete in the 1970s. An artwork in the form of a concrete monument, created in cooperation with Dra\u017een Vitolovi\u0107 from the Rijeka Academy of Applied Arts, will be erected as part of the project on Negri Street, which offers a clear view of the former Adria Monti factory that built \u0160kurinje from concrete blocks.<br \/>\n&#8220;The monument is finished and in the next phase, parts will be delivered from the Academy to lay the foundation, followed by a campaign that includes the planting of flowers and the renovation of the area. The opening ceremony is scheduled for 20 June during the \u0160kurinje Days celebration,&#8221; said Patricia Ti\u0107ac of the Kura\u017e Association.<\/p>\n<p>After deciding which citizens&#8217; projects would receive financial support, Silvija Skori\u0107 Vujnovi\u0107, Member of the last Assembly of the Citizens&#8217; Council, will now evaluate them as well.<br \/>\n&#8220;How does someone decide to become a Member of the Citizens&#8217; Council? You&#8217;re surrounded by negative comments about how nothing ever happens, how everything is at a standstill and how there are problems everywhere you look. Then, all of a sudden, you have the ECoC and RiHub and when I saw that someone was offering something, I thought to myself &#8211; let&#8217;s check it out and I applied for the Citizens&#8217; Council,&#8221; said Skori\u0107 Vujnovi\u0107.<\/p>\n<p>In order to evaluate citizens&#8217; projects, all Council Members, including herself, were required to complete training, during which they realised that civil initiatives have support for their implementation and that the City of Rijeka is not always to blame for the woes of the city.<br \/>\n&#8220;It was quite interesting to see all the various types of people who decided take part in the Citizens&#8217; Council and I loved the fact that there were people of all ages. That meant that the people showed a general interest in contributing to the betterment of our city,\u201d said Skori\u0107 Vujnovi\u0107 and added &#8220;Folks, sing up, be a part of the city, participate, do something, you&#8217;ll enrich the city, your fellow citizens and yourselves.\u201d<\/p>\n<p>The volunteer Ivana Jovi\u0107 came to RiHub to be taught and wound up teaching others \u2013 knitting.<br \/>\n&#8220;I came here to learn something, but when I saw the environment and the people, I realised I wanted to be involved in the project. So far, I&#8217;ve volunteered in social care and health and now I&#8217;ve decided to volunteer in culture. The volunteering culture isn&#8217;t really widespread in Croatia, but young people carry the message. I started volunteering through my daughter, who is a long-time volunteer in culture, and I&#8217;m very glad that I did. It is a wonderful experience \u2013 you enter a new environment, meet new people and employ a new work system,\u201d said Jovi\u0107.<\/p>\n<p>Marija Katalini\u0107, coordinator of the RIJEKA 2020 participatory programmes, thanked everyone for their contribution, inviting all citizens to find out more in the following days about the projects that received funding approval in the first round of the tender process.<\/p>\n<p>The rollout of the Civil Initiative projects that were approved for co-funding in the first round of the tender process for participatory programmes will take place at RiHub (1\/a Ivana Grohovca, Rijeka) on Tuesday, 4 June 2019 at 5 pm, while the rollout of the Green Wave projects will take place a day later on Wednesday, 5 June 2019, at 5 pm at RiHub as well.<\/p>\n<p>This will allow the public to learn more about the projects that the citizens chose for citizens. The project rollout will be followed by an informative programme for new applicants\/interested parties pertaining to the second round of the tender process for participatory programmes.<\/p>\n<p>We would like to remind you that the call for proposals for new projects that improve the local community with social-cultural and art campaigns, as well as projects that will make Rijeka greener (Civil Initiatives and Green Wave) is open until 19 June 2019 and that 10 June 2019 is the application deadline for applying to the Citizens&#8217; Council, which evaluates submitted projects and recommends them for funding.<\/p>\n<p>For more formation, you can click the Participate! link, send an e-mail to ukljucise@rijeka2020.eu, call 091-612-6314, or come to RiHub at 1\/a Ivana Grohovca between noon and 1 pm and between 4 pm and 5 pm on weekdays.<\/p>\n","protected":false},"excerpt":{"rendered":"<p>Another Participate campaign organised by the Rijeka 2020 &#8211; European Capital of Culture is underway, inviting citizens to transform their city, make decisions or volunteer.<\/p>\n","protected":false},"author":72,"featured_media":29113,"comment_status":"closed","ping_status":"closed","sticky":false,"template":"","format":"standard","meta":{"_acf_changed":false,"footnotes":""},"categories":[2731,3468],"tags":[4205,4206,4207],"class_list":["post-29112","post","type-post","status-publish","format-standard","has-post-thumbnail","hentry","category-news","category-rihub","tag-civil-initiative-en","tag-green-wave-en","tag-ukljuci-se-en-en"],"acf":[],"yoast_head":"<!-- This site is optimized with the Yoast SEO plugin v26.8 - https:\/\/yoast.com\/product\/yoast-seo-wordpress\/ -->\n<title>Civil Initiative and Green Wave projects inspire new ideas &#8226; Rijeka 2020<\/title>\n<meta name=\"robots\" content=\"index, follow, max-snippet:-1, max-image-preview:large, max-video-preview:-1\" \/>\n<link rel=\"canonical\" href=\"https:\/\/ri2020.eu\/en\/civil-initiative-and-green-wave-projects-inspire-new-ideas\/\" \/>\n<meta property=\"og:locale\" content=\"en_US\" \/>\n<meta property=\"og:type\" content=\"article\" \/>\n<meta property=\"og:title\" content=\"Civil Initiative and Green Wave projects inspire new ideas &#8226; Rijeka 2020\" \/>\n<meta property=\"og:description\" content=\"Another Participate campaign organised by the Rijeka 2020 - European Capital of Culture is underway, inviting citizens to transform their city, make decisions or volunteer.\" \/>\n<meta property=\"og:url\" content=\"https:\/\/ri2020.eu\/en\/civil-initiative-and-green-wave-projects-inspire-new-ideas\/\" \/>\n<meta property=\"og:site_name\" content=\"Rijeka 2020\" \/>\n<meta property=\"article:publisher\" content=\"https:\/\/www.facebook.com\/rijeka2020\" \/>\n<meta property=\"article:published_time\" content=\"2019-06-04T08:40:19+00:00\" \/>\n<meta property=\"article:modified_time\" content=\"2019-06-13T08:42:39+00:00\" \/>\n<meta property=\"og:image\" content=\"https:\/\/rijeka2020.eu\/wp-content\/uploads\/2019\/06\/Info-dan-Ukljuci-se-694x450-1.jpg\" \/>\n\t<meta property=\"og:image:width\" content=\"694\" \/>\n\t<meta property=\"og:image:height\" content=\"450\" \/>\n\t<meta property=\"og:image:type\" content=\"image\/jpeg\" \/>\n<meta name=\"author\" content=\"Rijeka 2020\" \/>\n<meta name=\"twitter:card\" content=\"summary_large_image\" \/>\n<meta name=\"twitter:creator\" content=\"@Rijeka2020\" \/>\n<meta name=\"twitter:site\" content=\"@Rijeka2020\" \/>\n<meta name=\"twitter:label1\" content=\"Written by\" \/>\n\t<meta name=\"twitter:data1\" content=\"Rijeka 2020\" \/>\n\t<meta name=\"twitter:label2\" content=\"Est. reading time\" \/>\n\t<meta name=\"twitter:data2\" content=\"6 minutes\" \/>\n<script type=\"application\/ld+json\" class=\"yoast-schema-graph\">{\"@context\":\"https:\/\/schema.org\",\"@graph\":[{\"@type\":\"Article\",\"@id\":\"https:\/\/ri2020.eu\/en\/civil-initiative-and-green-wave-projects-inspire-new-ideas\/#article\",\"isPartOf\":{\"@id\":\"https:\/\/ri2020.eu\/en\/civil-initiative-and-green-wave-projects-inspire-new-ideas\/\"},\"author\":{\"name\":\"Rijeka 2020\",\"@id\":\"https:\/\/rijeka2020.eu\/en\/#\/schema\/person\/9c12d91df8c45bc534f625d9c81f403d\"},\"headline\":\"Civil Initiative and Green Wave projects inspire new ideas\",\"datePublished\":\"2019-06-04T08:40:19+00:00\",\"dateModified\":\"2019-06-13T08:42:39+00:00\",\"mainEntityOfPage\":{\"@id\":\"https:\/\/ri2020.eu\/en\/civil-initiative-and-green-wave-projects-inspire-new-ideas\/\"},\"wordCount\":1204,\"publisher\":{\"@id\":\"https:\/\/rijeka2020.eu\/en\/#organization\"},\"image\":{\"@id\":\"https:\/\/ri2020.eu\/en\/civil-initiative-and-green-wave-projects-inspire-new-ideas\/#primaryimage\"},\"thumbnailUrl\":\"https:\/\/ri2020.eu\/wp-content\/uploads\/2019\/06\/Info-dan-Ukljuci-se-694x450-1.jpg\",\"keywords\":[\"Civil Initiative\",\"Green Wave\",\"Uklju\u010di se\"],\"articleSection\":[\"News\",\"RiHub\"],\"inLanguage\":\"en-US\"},{\"@type\":\"WebPage\",\"@id\":\"https:\/\/ri2020.eu\/en\/civil-initiative-and-green-wave-projects-inspire-new-ideas\/\",\"url\":\"https:\/\/ri2020.eu\/en\/civil-initiative-and-green-wave-projects-inspire-new-ideas\/\",\"name\":\"Civil Initiative and Green Wave projects inspire new ideas &#8226; Rijeka 2020\",\"isPartOf\":{\"@id\":\"https:\/\/rijeka2020.eu\/en\/#website\"},\"primaryImageOfPage\":{\"@id\":\"https:\/\/ri2020.eu\/en\/civil-initiative-and-green-wave-projects-inspire-new-ideas\/#primaryimage\"},\"image\":{\"@id\":\"https:\/\/ri2020.eu\/en\/civil-initiative-and-green-wave-projects-inspire-new-ideas\/#primaryimage\"},\"thumbnailUrl\":\"https:\/\/ri2020.eu\/wp-content\/uploads\/2019\/06\/Info-dan-Ukljuci-se-694x450-1.jpg\",\"datePublished\":\"2019-06-04T08:40:19+00:00\",\"dateModified\":\"2019-06-13T08:42:39+00:00\",\"breadcrumb\":{\"@id\":\"https:\/\/ri2020.eu\/en\/civil-initiative-and-green-wave-projects-inspire-new-ideas\/#breadcrumb\"},\"inLanguage\":\"en-US\",\"potentialAction\":[{\"@type\":\"ReadAction\",\"target\":[\"https:\/\/ri2020.eu\/en\/civil-initiative-and-green-wave-projects-inspire-new-ideas\/\"]}]},{\"@type\":\"ImageObject\",\"inLanguage\":\"en-US\",\"@id\":\"https:\/\/ri2020.eu\/en\/civil-initiative-and-green-wave-projects-inspire-new-ideas\/#primaryimage\",\"url\":\"https:\/\/ri2020.eu\/wp-content\/uploads\/2019\/06\/Info-dan-Ukljuci-se-694x450-1.jpg\",\"contentUrl\":\"https:\/\/ri2020.eu\/wp-content\/uploads\/2019\/06\/Info-dan-Ukljuci-se-694x450-1.jpg\",\"width\":694,\"height\":450},{\"@type\":\"BreadcrumbList\",\"@id\":\"https:\/\/ri2020.eu\/en\/civil-initiative-and-green-wave-projects-inspire-new-ideas\/#breadcrumb\",\"itemListElement\":[{\"@type\":\"ListItem\",\"position\":1,\"name\":\"Home\",\"item\":\"https:\/\/rijeka2020.eu\/en\/\"},{\"@type\":\"ListItem\",\"position\":2,\"name\":\"Civil Initiative and Green Wave projects inspire new ideas\"}]},{\"@type\":\"WebSite\",\"@id\":\"https:\/\/rijeka2020.eu\/en\/#website\",\"url\":\"https:\/\/rijeka2020.eu\/en\/\",\"name\":\"Rijeka 2020\",\"description\":\"Europska prijestolnica kulture\",\"publisher\":{\"@id\":\"https:\/\/rijeka2020.eu\/en\/#organization\"},\"potentialAction\":[{\"@type\":\"SearchAction\",\"target\":{\"@type\":\"EntryPoint\",\"urlTemplate\":\"https:\/\/rijeka2020.eu\/en\/?s={search_term_string}\"},\"query-input\":{\"@type\":\"PropertyValueSpecification\",\"valueRequired\":true,\"valueName\":\"search_term_string\"}}],\"inLanguage\":\"en-US\"},{\"@type\":\"Organization\",\"@id\":\"https:\/\/rijeka2020.eu\/en\/#organization\",\"name\":\"Rijeka 2020 d.o.o.\",\"url\":\"https:\/\/rijeka2020.eu\/en\/\",\"logo\":{\"@type\":\"ImageObject\",\"inLanguage\":\"en-US\",\"@id\":\"https:\/\/rijeka2020.eu\/en\/#\/schema\/logo\/image\/\",\"url\":\"https:\/\/rijeka2020.eu\/wp-content\/uploads\/2018\/07\/Ri2020-logo.png\",\"contentUrl\":\"https:\/\/rijeka2020.eu\/wp-content\/uploads\/2018\/07\/Ri2020-logo.png\",\"width\":407,\"height\":175,\"caption\":\"Rijeka 2020 d.o.o.\"},\"image\":{\"@id\":\"https:\/\/rijeka2020.eu\/en\/#\/schema\/logo\/image\/\"},\"sameAs\":[\"https:\/\/www.facebook.com\/rijeka2020\",\"https:\/\/x.com\/Rijeka2020\",\"https:\/\/www.instagram.com\/rijeka2020\/\",\"https:\/\/www.youtube.com\/user\/riepk2020\"]},{\"@type\":\"Person\",\"@id\":\"https:\/\/rijeka2020.eu\/en\/#\/schema\/person\/9c12d91df8c45bc534f625d9c81f403d\",\"name\":\"Rijeka 2020\",\"url\":\"https:\/\/ri2020.eu\/en\/author\/lsm\/\"}]}<\/script>\n<!-- \/ Yoast SEO plugin. -->","yoast_head_json":{"title":"Civil Initiative and Green Wave projects inspire new ideas &#8226; Rijeka 2020","robots":{"index":"index","follow":"follow","max-snippet":"max-snippet:-1","max-image-preview":"max-image-preview:large","max-video-preview":"max-video-preview:-1"},"canonical":"https:\/\/ri2020.eu\/en\/civil-initiative-and-green-wave-projects-inspire-new-ideas\/","og_locale":"en_US","og_type":"article","og_title":"Civil Initiative and Green Wave projects inspire new ideas &#8226; Rijeka 2020","og_description":"Another Participate campaign organised by the Rijeka 2020 - European Capital of Culture is underway, inviting citizens to transform their city, make decisions or volunteer.","og_url":"https:\/\/ri2020.eu\/en\/civil-initiative-and-green-wave-projects-inspire-new-ideas\/","og_site_name":"Rijeka 2020","article_publisher":"https:\/\/www.facebook.com\/rijeka2020","article_published_time":"2019-06-04T08:40:19+00:00","article_modified_time":"2019-06-13T08:42:39+00:00","og_image":[{"width":694,"height":450,"url":"https:\/\/rijeka2020.eu\/wp-content\/uploads\/2019\/06\/Info-dan-Ukljuci-se-694x450-1.jpg","type":"image\/jpeg"}],"author":"Rijeka 2020","twitter_card":"summary_large_image","twitter_creator":"@Rijeka2020","twitter_site":"@Rijeka2020","twitter_misc":{"Written by":"Rijeka 2020","Est. reading time":"6 minutes"},"schema":{"@context":"https:\/\/schema.org","@graph":[{"@type":"Article","@id":"https:\/\/ri2020.eu\/en\/civil-initiative-and-green-wave-projects-inspire-new-ideas\/#article","isPartOf":{"@id":"https:\/\/ri2020.eu\/en\/civil-initiative-and-green-wave-projects-inspire-new-ideas\/"},"author":{"name":"Rijeka 2020","@id":"https:\/\/rijeka2020.eu\/en\/#\/schema\/person\/9c12d91df8c45bc534f625d9c81f403d"},"headline":"Civil Initiative and Green Wave projects inspire new ideas","datePublished":"2019-06-04T08:40:19+00:00","dateModified":"2019-06-13T08:42:39+00:00","mainEntityOfPage":{"@id":"https:\/\/ri2020.eu\/en\/civil-initiative-and-green-wave-projects-inspire-new-ideas\/"},"wordCount":1204,"publisher":{"@id":"https:\/\/rijeka2020.eu\/en\/#organization"},"image":{"@id":"https:\/\/ri2020.eu\/en\/civil-initiative-and-green-wave-projects-inspire-new-ideas\/#primaryimage"},"thumbnailUrl":"https:\/\/ri2020.eu\/wp-content\/uploads\/2019\/06\/Info-dan-Ukljuci-se-694x450-1.jpg","keywords":["Civil Initiative","Green Wave","Uklju\u010di se"],"articleSection":["News","RiHub"],"inLanguage":"en-US"},{"@type":"WebPage","@id":"https:\/\/ri2020.eu\/en\/civil-initiative-and-green-wave-projects-inspire-new-ideas\/","url":"https:\/\/ri2020.eu\/en\/civil-initiative-and-green-wave-projects-inspire-new-ideas\/","name":"Civil Initiative and Green Wave projects inspire new ideas &#8226; Rijeka 2020","isPartOf":{"@id":"https:\/\/rijeka2020.eu\/en\/#website"},"primaryImageOfPage":{"@id":"https:\/\/ri2020.eu\/en\/civil-initiative-and-green-wave-projects-inspire-new-ideas\/#primaryimage"},"image":{"@id":"https:\/\/ri2020.eu\/en\/civil-initiative-and-green-wave-projects-inspire-new-ideas\/#primaryimage"},"thumbnailUrl":"https:\/\/ri2020.eu\/wp-content\/uploads\/2019\/06\/Info-dan-Ukljuci-se-694x450-1.jpg","datePublished":"2019-06-04T08:40:19+00:00","dateModified":"2019-06-13T08:42:39+00:00","breadcrumb":{"@id":"https:\/\/ri2020.eu\/en\/civil-initiative-and-green-wave-projects-inspire-new-ideas\/#breadcrumb"},"inLanguage":"en-US","potentialAction":[{"@type":"ReadAction","target":["https:\/\/ri2020.eu\/en\/civil-initiative-and-green-wave-projects-inspire-new-ideas\/"]}]},{"@type":"ImageObject","inLanguage":"en-US","@id":"https:\/\/ri2020.eu\/en\/civil-initiative-and-green-wave-projects-inspire-new-ideas\/#primaryimage","url":"https:\/\/ri2020.eu\/wp-content\/uploads\/2019\/06\/Info-dan-Ukljuci-se-694x450-1.jpg","contentUrl":"https:\/\/ri2020.eu\/wp-content\/uploads\/2019\/06\/Info-dan-Ukljuci-se-694x450-1.jpg","width":694,"height":450},{"@type":"BreadcrumbList","@id":"https:\/\/ri2020.eu\/en\/civil-initiative-and-green-wave-projects-inspire-new-ideas\/#breadcrumb","itemListElement":[{"@type":"ListItem","position":1,"name":"Home","item":"https:\/\/rijeka2020.eu\/en\/"},{"@type":"ListItem","position":2,"name":"Civil Initiative and Green Wave projects inspire new ideas"}]},{"@type":"WebSite","@id":"https:\/\/rijeka2020.eu\/en\/#website","url":"https:\/\/rijeka2020.eu\/en\/","name":"Rijeka 2020","description":"Europska prijestolnica kulture","publisher":{"@id":"https:\/\/rijeka2020.eu\/en\/#organization"},"potentialAction":[{"@type":"SearchAction","target":{"@type":"EntryPoint","urlTemplate":"https:\/\/rijeka2020.eu\/en\/?s={search_term_string}"},"query-input":{"@type":"PropertyValueSpecification","valueRequired":true,"valueName":"search_term_string"}}],"inLanguage":"en-US"},{"@type":"Organization","@id":"https:\/\/rijeka2020.eu\/en\/#organization","name":"Rijeka 2020 d.o.o.","url":"https:\/\/rijeka2020.eu\/en\/","logo":{"@type":"ImageObject","inLanguage":"en-US","@id":"https:\/\/rijeka2020.eu\/en\/#\/schema\/logo\/image\/","url":"https:\/\/rijeka2020.eu\/wp-content\/uploads\/2018\/07\/Ri2020-logo.png","contentUrl":"https:\/\/rijeka2020.eu\/wp-content\/uploads\/2018\/07\/Ri2020-logo.png","width":407,"height":175,"caption":"Rijeka 2020 d.o.o."},"image":{"@id":"https:\/\/rijeka2020.eu\/en\/#\/schema\/logo\/image\/"},"sameAs":["https:\/\/www.facebook.com\/rijeka2020","https:\/\/x.com\/Rijeka2020","https:\/\/www.instagram.com\/rijeka2020\/","https:\/\/www.youtube.com\/user\/riepk2020"]},{"@type":"Person","@id":"https:\/\/rijeka2020.eu\/en\/#\/schema\/person\/9c12d91df8c45bc534f625d9c81f403d","name":"Rijeka 2020","url":"https:\/\/ri2020.eu\/en\/author\/lsm\/"}]}},"_links":{"self":[{"href":"https:\/\/ri2020.eu\/en\/wp-json\/wp\/v2\/posts\/29112","targetHints":{"allow":["GET"]}}],"collection":[{"href":"https:\/\/ri2020.eu\/en\/wp-json\/wp\/v2\/posts"}],"about":[{"href":"https:\/\/ri2020.eu\/en\/wp-json\/wp\/v2\/types\/post"}],"author":[{"embeddable":true,"href":"https:\/\/ri2020.eu\/en\/wp-json\/wp\/v2\/users\/72"}],"replies":[{"embeddable":true,"href":"https:\/\/ri2020.eu\/en\/wp-json\/wp\/v2\/comments?post=29112"}],"version-history":[{"count":0,"href":"https:\/\/ri2020.eu\/en\/wp-json\/wp\/v2\/posts\/29112\/revisions"}],"wp:featuredmedia":[{"embeddable":true,"href":"https:\/\/ri2020.eu\/en\/wp-json\/wp\/v2\/media\/29113"}],"wp:attachment":[{"href":"https:\/\/ri2020.eu\/en\/wp-json\/wp\/v2\/media?parent=29112"}],"wp:term":[{"taxonomy":"category","embeddable":true,"href":"https:\/\/ri2020.eu\/en\/wp-json\/wp\/v2\/categories?post=29112"},{"taxonomy":"post_tag","embeddable":true,"href":"https:\/\/ri2020.eu\/en\/wp-json\/wp\/v2\/tags?post=29112"}],"curies":[{"name":"wp","href":"https:\/\/api.w.org\/{rel}","templated":true}]}}