{"id":29108,"date":"2019-05-29T10:37:38","date_gmt":"2019-05-29T08:37:38","guid":{"rendered":"https:\/\/rijeka2020.eu\/?p=29108"},"modified":"2019-06-12T10:40:04","modified_gmt":"2019-06-12T08:40:04","slug":"minister-of-culture-nina-obuljen-korzinek-is-satisfied-with-preparations-for-the-rijeka-2020-european-capital-of-culture","status":"publish","type":"post","link":"https:\/\/ri2020.eu\/en\/minister-of-culture-nina-obuljen-korzinek-is-satisfied-with-preparations-for-the-rijeka-2020-european-capital-of-culture\/","title":{"rendered":"Minister of Culture Nina Obuljen Kor\u017einek is satisfied with preparations for the Rijeka 2020 European Capital of Culture"},"content":{"rendered":"<p>Minister Obuljen Kor\u017einek pointed out that the main reason for visiting Rijeka with her associates was to see how the preparations for the European Capital of Culture were progressing and, while at the site, she also examined the infrastructure works.<\/p>\n<p>&#8220;We had a long and eventful meeting \u2013 I can say that what was until just a few months ago an outline of a programme, today looks very interesting, coherent and aligned with the proposal in the bid-book, which is why we can expect a modern, European and relevant programme in Rijeka next year. It was also a chance to see all the infrastructure works, which, in my opinion, are progressing according to the planned timeframe. The entire dynamic largely depended on the approval of funds from the European Union and I believe that it is important for this fact to show how European and national funds can be used for a single, unifying project, such as the European Capital Culture, in order to employ infrastructure that will ultimately provide new content primarily for the residents of Rijeka, as well as all the visitors who will come next year and in the years to follow&#8221;, Minister Obuljen Kor\u017einek noted.<\/p>\n<p>Mayor Obersnel voiced his satisfaction with the stage of completion of the infrastructure works, as well as the level of preparation of the Rijeka &#8211; European Capital of Culture programme, which should be made known in September. Pleasantly surprised by the strong interest of citizens in the visit to the Ben\u010di\u0107 complex construction site that was recently organised as part of the EU projects open days, Mayor Obersnel announced that similar visits will be organised several times by the end of the year.<\/p>\n<p>Also present during the visit were Chairman of the Rijeka City Council Andrej Poropat and representatives of the Ministry of Culture, Croatian Conservation Institute, Department for Conservation in Rijeka, City of Rijeka and the Central Finance and Contracting Agency.<\/p>\n<p>The Head of the Rijeka Department of Culture Ivan \u0160arar guided the tour and visit to the site, while the Director of the City Museum of Rijeka Ervin Dubrovi\u0107 and the author of the prospective City Museum of Rijeka exhibitions Nikolina Jelavi\u0107 Mitrovi\u0107 presented the new home of the City of Rijeka Museum, which was converted from the Sugar Refinery Palace.<\/p>\n<p>Renovation works on the Sugar Refinery Place, into which the City of Rijeka Museum is slated to move, are currently underway at the Ben\u010di\u0107 complex. Rough construction works, including roof renovation, have been completed, while facade renovation, the installation of exterior joinery units, the plastering of walls and ceilings etc., as well as conservation works are underway.<\/p>\n<p>March saw the beginning of construction works on the Children&#8217;s House, a unique building in Croatia in which several cultural institutions will create cultural content for children and which will house the Stribor Children&#8217;s Library.<\/p>\n<p>Works on the refurbishment of public spaces and the construction of the infrastructure required for the buildings at the Ben\u010di\u0107 complex \u2013 such as new water supply facilities, sewage and electrical installations \u2013 have recently begun. This means that the denizens of Rijeka will receive another public square enriched with vegetation, a theme park and walking paths.<\/p>\n<p>Reconstruction works on the T-shaped building, wherein the Rijeka City Library will be relocated, will also commence soon.<\/p>\n<p>The City of Rijeka Museum, Children&#8217;s House and the public spaces at the Ben\u010di\u0107 complex will be completed in 2020, while the City Library will be finished in 2021.<\/p>\n<p>This is a capital investment in culture infrastructure by the City of Rijeka, with significant funds also provided by the EU.<\/p>\n<p>The works on the renovation of the Museum of Modern and Contemporary Art, which are valued at HRK 9.2 million, were funded by the City of Rijeka. The total value of the contracted works on the Sugar Refinery Palace is HRK 44.5 million, while the reconstruction of the Children&#8217;s House will cost HRK 41.7 million. Refurbishment works on the public spaces and infrastructure will cost HRK 50.4 million.<\/p>\n<p>The European Union will co-fund the Children&#8217;s House and the new building of the Rijeka City Library with HRK 68.21 million through the &#8220;Revitalisation of the Ben\u010di\u0107 complex &#8211; brick and T-shaped building&#8221; project, which is part of the Competitiveness and Cohesion Operative Programme. Also, the European Union has secured grants for the renovation of the Sugar Refinery Palace and the Galeb ship in the amount of HRK 68.89 million through the same operative programme, as well as the integrated programme &#8220;Tourist valorisation of representative monuments of the industrial heritage of Rijeka.&#8221;<\/p>\n<p>The photo gallery is available on the <a href=\"https:\/\/www.mojarijeka.hr\/vijesti\/ministrica-kulture-obuljen-korzinek-obisla-gradiliste-kompleksa-bencic\/\">My Rijeka website<\/a>.<\/p>\n","protected":false},"excerpt":{"rendered":"<p>On 28 May 2019, Minister of Culture Nina Obuljen Kor\u017einek, accompanied by the Mayor of Rijeka Vojko Obersnel, visited the Ben\u010di\u0107 complex, where the Children&#8217;s House and the new buildings of the City Museum of Rijeka and the City Library are being constructed and which already houses the Museum of Modern and Contemporary Art.<\/p>\n","protected":false},"author":72,"featured_media":29109,"comment_status":"closed","ping_status":"closed","sticky":false,"template":"","format":"standard","meta":{"_acf_changed":false,"footnotes":""},"categories":[2731],"tags":[],"class_list":["post-29108","post","type-post","status-publish","format-standard","has-post-thumbnail","hentry","category-news"],"acf":[],"yoast_head":"<!-- This site is optimized with the Yoast SEO plugin v26.8 - https:\/\/yoast.com\/product\/yoast-seo-wordpress\/ -->\n<title>Minister of Culture Nina Obuljen Kor\u017einek is satisfied with preparations for the Rijeka 2020 European Capital of Culture &#8226; Rijeka 2020<\/title>\n<meta name=\"robots\" content=\"index, follow, max-snippet:-1, max-image-preview:large, max-video-preview:-1\" \/>\n<link rel=\"canonical\" href=\"https:\/\/ri2020.eu\/en\/minister-of-culture-nina-obuljen-korzinek-is-satisfied-with-preparations-for-the-rijeka-2020-european-capital-of-culture\/\" \/>\n<meta property=\"og:locale\" content=\"en_US\" \/>\n<meta property=\"og:type\" content=\"article\" \/>\n<meta property=\"og:title\" content=\"Minister of Culture Nina Obuljen Kor\u017einek is satisfied with preparations for the Rijeka 2020 European Capital of Culture &#8226; Rijeka 2020\" \/>\n<meta property=\"og:description\" content=\"On 28 May 2019, Minister of Culture Nina Obuljen Kor\u017einek, accompanied by the Mayor of Rijeka Vojko Obersnel, visited the Ben\u010di\u0107 complex, where the Children&#039;s House and the new buildings of the City Museum of Rijeka and the City Library are being constructed and which already houses the Museum of Modern and Contemporary Art.\" \/>\n<meta property=\"og:url\" content=\"https:\/\/ri2020.eu\/en\/minister-of-culture-nina-obuljen-korzinek-is-satisfied-with-preparations-for-the-rijeka-2020-european-capital-of-culture\/\" \/>\n<meta property=\"og:site_name\" content=\"Rijeka 2020\" \/>\n<meta property=\"article:publisher\" content=\"https:\/\/www.facebook.com\/rijeka2020\" \/>\n<meta property=\"article:published_time\" content=\"2019-05-29T08:37:38+00:00\" \/>\n<meta property=\"article:modified_time\" content=\"2019-06-12T08:40:04+00:00\" \/>\n<meta property=\"og:image\" content=\"https:\/\/ri2020.eu\/wp-content\/uploads\/2019\/06\/ministrica-u-ben\u010di\u0107u-694x450.jpg\" \/>\n\t<meta property=\"og:image:width\" content=\"694\" \/>\n\t<meta property=\"og:image:height\" content=\"450\" \/>\n\t<meta property=\"og:image:type\" content=\"image\/jpeg\" \/>\n<meta name=\"author\" content=\"Rijeka 2020\" \/>\n<meta name=\"twitter:card\" content=\"summary_large_image\" \/>\n<meta name=\"twitter:creator\" content=\"@Rijeka2020\" \/>\n<meta name=\"twitter:site\" content=\"@Rijeka2020\" \/>\n<meta name=\"twitter:label1\" content=\"Written by\" \/>\n\t<meta name=\"twitter:data1\" content=\"Rijeka 2020\" \/>\n\t<meta name=\"twitter:label2\" content=\"Est. reading time\" \/>\n\t<meta name=\"twitter:data2\" content=\"4 minutes\" \/>\n<script type=\"application\/ld+json\" class=\"yoast-schema-graph\">{\"@context\":\"https:\/\/schema.org\",\"@graph\":[{\"@type\":\"Article\",\"@id\":\"https:\/\/ri2020.eu\/en\/minister-of-culture-nina-obuljen-korzinek-is-satisfied-with-preparations-for-the-rijeka-2020-european-capital-of-culture\/#article\",\"isPartOf\":{\"@id\":\"https:\/\/ri2020.eu\/en\/minister-of-culture-nina-obuljen-korzinek-is-satisfied-with-preparations-for-the-rijeka-2020-european-capital-of-culture\/\"},\"author\":{\"name\":\"Rijeka 2020\",\"@id\":\"https:\/\/ri2020.eu\/en\/#\/schema\/person\/9c12d91df8c45bc534f625d9c81f403d\"},\"headline\":\"Minister of Culture Nina Obuljen Kor\u017einek is satisfied with preparations for the Rijeka 2020 European Capital of Culture\",\"datePublished\":\"2019-05-29T08:37:38+00:00\",\"dateModified\":\"2019-06-12T08:40:04+00:00\",\"mainEntityOfPage\":{\"@id\":\"https:\/\/ri2020.eu\/en\/minister-of-culture-nina-obuljen-korzinek-is-satisfied-with-preparations-for-the-rijeka-2020-european-capital-of-culture\/\"},\"wordCount\":788,\"publisher\":{\"@id\":\"https:\/\/ri2020.eu\/en\/#organization\"},\"image\":{\"@id\":\"https:\/\/ri2020.eu\/en\/minister-of-culture-nina-obuljen-korzinek-is-satisfied-with-preparations-for-the-rijeka-2020-european-capital-of-culture\/#primaryimage\"},\"thumbnailUrl\":\"https:\/\/ri2020.eu\/wp-content\/uploads\/2019\/06\/ministrica-u-ben\u010di\u0107u-694x450.jpg\",\"articleSection\":[\"News\"],\"inLanguage\":\"en-US\"},{\"@type\":\"WebPage\",\"@id\":\"https:\/\/ri2020.eu\/en\/minister-of-culture-nina-obuljen-korzinek-is-satisfied-with-preparations-for-the-rijeka-2020-european-capital-of-culture\/\",\"url\":\"https:\/\/ri2020.eu\/en\/minister-of-culture-nina-obuljen-korzinek-is-satisfied-with-preparations-for-the-rijeka-2020-european-capital-of-culture\/\",\"name\":\"Minister of Culture Nina Obuljen Kor\u017einek is satisfied with preparations for the Rijeka 2020 European Capital of Culture &#8226; Rijeka 2020\",\"isPartOf\":{\"@id\":\"https:\/\/ri2020.eu\/en\/#website\"},\"primaryImageOfPage\":{\"@id\":\"https:\/\/ri2020.eu\/en\/minister-of-culture-nina-obuljen-korzinek-is-satisfied-with-preparations-for-the-rijeka-2020-european-capital-of-culture\/#primaryimage\"},\"image\":{\"@id\":\"https:\/\/ri2020.eu\/en\/minister-of-culture-nina-obuljen-korzinek-is-satisfied-with-preparations-for-the-rijeka-2020-european-capital-of-culture\/#primaryimage\"},\"thumbnailUrl\":\"https:\/\/ri2020.eu\/wp-content\/uploads\/2019\/06\/ministrica-u-ben\u010di\u0107u-694x450.jpg\",\"datePublished\":\"2019-05-29T08:37:38+00:00\",\"dateModified\":\"2019-06-12T08:40:04+00:00\",\"breadcrumb\":{\"@id\":\"https:\/\/ri2020.eu\/en\/minister-of-culture-nina-obuljen-korzinek-is-satisfied-with-preparations-for-the-rijeka-2020-european-capital-of-culture\/#breadcrumb\"},\"inLanguage\":\"en-US\",\"potentialAction\":[{\"@type\":\"ReadAction\",\"target\":[\"https:\/\/ri2020.eu\/en\/minister-of-culture-nina-obuljen-korzinek-is-satisfied-with-preparations-for-the-rijeka-2020-european-capital-of-culture\/\"]}]},{\"@type\":\"ImageObject\",\"inLanguage\":\"en-US\",\"@id\":\"https:\/\/ri2020.eu\/en\/minister-of-culture-nina-obuljen-korzinek-is-satisfied-with-preparations-for-the-rijeka-2020-european-capital-of-culture\/#primaryimage\",\"url\":\"https:\/\/ri2020.eu\/wp-content\/uploads\/2019\/06\/ministrica-u-ben\u010di\u0107u-694x450.jpg\",\"contentUrl\":\"https:\/\/ri2020.eu\/wp-content\/uploads\/2019\/06\/ministrica-u-ben\u010di\u0107u-694x450.jpg\",\"width\":694,\"height\":450},{\"@type\":\"BreadcrumbList\",\"@id\":\"https:\/\/ri2020.eu\/en\/minister-of-culture-nina-obuljen-korzinek-is-satisfied-with-preparations-for-the-rijeka-2020-european-capital-of-culture\/#breadcrumb\",\"itemListElement\":[{\"@type\":\"ListItem\",\"position\":1,\"name\":\"Home\",\"item\":\"https:\/\/ri2020.eu\/en\/\"},{\"@type\":\"ListItem\",\"position\":2,\"name\":\"Minister of Culture Nina Obuljen Kor\u017einek is satisfied with preparations for the Rijeka 2020 European Capital of Culture\"}]},{\"@type\":\"WebSite\",\"@id\":\"https:\/\/ri2020.eu\/en\/#website\",\"url\":\"https:\/\/ri2020.eu\/en\/\",\"name\":\"Rijeka 2020\",\"description\":\"Europska prijestolnica kulture\",\"publisher\":{\"@id\":\"https:\/\/ri2020.eu\/en\/#organization\"},\"potentialAction\":[{\"@type\":\"SearchAction\",\"target\":{\"@type\":\"EntryPoint\",\"urlTemplate\":\"https:\/\/ri2020.eu\/en\/?s={search_term_string}\"},\"query-input\":{\"@type\":\"PropertyValueSpecification\",\"valueRequired\":true,\"valueName\":\"search_term_string\"}}],\"inLanguage\":\"en-US\"},{\"@type\":\"Organization\",\"@id\":\"https:\/\/ri2020.eu\/en\/#organization\",\"name\":\"Rijeka 2020 d.o.o.\",\"url\":\"https:\/\/ri2020.eu\/en\/\",\"logo\":{\"@type\":\"ImageObject\",\"inLanguage\":\"en-US\",\"@id\":\"https:\/\/ri2020.eu\/en\/#\/schema\/logo\/image\/\",\"url\":\"https:\/\/rijeka2020.eu\/wp-content\/uploads\/2018\/07\/Ri2020-logo.png\",\"contentUrl\":\"https:\/\/rijeka2020.eu\/wp-content\/uploads\/2018\/07\/Ri2020-logo.png\",\"width\":407,\"height\":175,\"caption\":\"Rijeka 2020 d.o.o.\"},\"image\":{\"@id\":\"https:\/\/ri2020.eu\/en\/#\/schema\/logo\/image\/\"},\"sameAs\":[\"https:\/\/www.facebook.com\/rijeka2020\",\"https:\/\/x.com\/Rijeka2020\",\"https:\/\/www.instagram.com\/rijeka2020\/\",\"https:\/\/www.youtube.com\/user\/riepk2020\"]},{\"@type\":\"Person\",\"@id\":\"https:\/\/ri2020.eu\/en\/#\/schema\/person\/9c12d91df8c45bc534f625d9c81f403d\",\"name\":\"Rijeka 2020\",\"url\":\"https:\/\/ri2020.eu\/en\/author\/lsm\/\"}]}<\/script>\n<!-- \/ Yoast SEO plugin. -->","yoast_head_json":{"title":"Minister of Culture Nina Obuljen Kor\u017einek is satisfied with preparations for the Rijeka 2020 European Capital of Culture &#8226; Rijeka 2020","robots":{"index":"index","follow":"follow","max-snippet":"max-snippet:-1","max-image-preview":"max-image-preview:large","max-video-preview":"max-video-preview:-1"},"canonical":"https:\/\/ri2020.eu\/en\/minister-of-culture-nina-obuljen-korzinek-is-satisfied-with-preparations-for-the-rijeka-2020-european-capital-of-culture\/","og_locale":"en_US","og_type":"article","og_title":"Minister of Culture Nina Obuljen Kor\u017einek is satisfied with preparations for the Rijeka 2020 European Capital of Culture &#8226; Rijeka 2020","og_description":"On 28 May 2019, Minister of Culture Nina Obuljen Kor\u017einek, accompanied by the Mayor of Rijeka Vojko Obersnel, visited the Ben\u010di\u0107 complex, where the Children's House and the new buildings of the City Museum of Rijeka and the City Library are being constructed and which already houses the Museum of Modern and Contemporary Art.","og_url":"https:\/\/ri2020.eu\/en\/minister-of-culture-nina-obuljen-korzinek-is-satisfied-with-preparations-for-the-rijeka-2020-european-capital-of-culture\/","og_site_name":"Rijeka 2020","article_publisher":"https:\/\/www.facebook.com\/rijeka2020","article_published_time":"2019-05-29T08:37:38+00:00","article_modified_time":"2019-06-12T08:40:04+00:00","og_image":[{"width":694,"height":450,"url":"https:\/\/ri2020.eu\/wp-content\/uploads\/2019\/06\/ministrica-u-ben\u010di\u0107u-694x450.jpg","type":"image\/jpeg"}],"author":"Rijeka 2020","twitter_card":"summary_large_image","twitter_creator":"@Rijeka2020","twitter_site":"@Rijeka2020","twitter_misc":{"Written by":"Rijeka 2020","Est. reading time":"4 minutes"},"schema":{"@context":"https:\/\/schema.org","@graph":[{"@type":"Article","@id":"https:\/\/ri2020.eu\/en\/minister-of-culture-nina-obuljen-korzinek-is-satisfied-with-preparations-for-the-rijeka-2020-european-capital-of-culture\/#article","isPartOf":{"@id":"https:\/\/ri2020.eu\/en\/minister-of-culture-nina-obuljen-korzinek-is-satisfied-with-preparations-for-the-rijeka-2020-european-capital-of-culture\/"},"author":{"name":"Rijeka 2020","@id":"https:\/\/ri2020.eu\/en\/#\/schema\/person\/9c12d91df8c45bc534f625d9c81f403d"},"headline":"Minister of Culture Nina Obuljen Kor\u017einek is satisfied with preparations for the Rijeka 2020 European Capital of Culture","datePublished":"2019-05-29T08:37:38+00:00","dateModified":"2019-06-12T08:40:04+00:00","mainEntityOfPage":{"@id":"https:\/\/ri2020.eu\/en\/minister-of-culture-nina-obuljen-korzinek-is-satisfied-with-preparations-for-the-rijeka-2020-european-capital-of-culture\/"},"wordCount":788,"publisher":{"@id":"https:\/\/ri2020.eu\/en\/#organization"},"image":{"@id":"https:\/\/ri2020.eu\/en\/minister-of-culture-nina-obuljen-korzinek-is-satisfied-with-preparations-for-the-rijeka-2020-european-capital-of-culture\/#primaryimage"},"thumbnailUrl":"https:\/\/ri2020.eu\/wp-content\/uploads\/2019\/06\/ministrica-u-ben\u010di\u0107u-694x450.jpg","articleSection":["News"],"inLanguage":"en-US"},{"@type":"WebPage","@id":"https:\/\/ri2020.eu\/en\/minister-of-culture-nina-obuljen-korzinek-is-satisfied-with-preparations-for-the-rijeka-2020-european-capital-of-culture\/","url":"https:\/\/ri2020.eu\/en\/minister-of-culture-nina-obuljen-korzinek-is-satisfied-with-preparations-for-the-rijeka-2020-european-capital-of-culture\/","name":"Minister of Culture Nina Obuljen Kor\u017einek is satisfied with preparations for the Rijeka 2020 European Capital of Culture &#8226; Rijeka 2020","isPartOf":{"@id":"https:\/\/ri2020.eu\/en\/#website"},"primaryImageOfPage":{"@id":"https:\/\/ri2020.eu\/en\/minister-of-culture-nina-obuljen-korzinek-is-satisfied-with-preparations-for-the-rijeka-2020-european-capital-of-culture\/#primaryimage"},"image":{"@id":"https:\/\/ri2020.eu\/en\/minister-of-culture-nina-obuljen-korzinek-is-satisfied-with-preparations-for-the-rijeka-2020-european-capital-of-culture\/#primaryimage"},"thumbnailUrl":"https:\/\/ri2020.eu\/wp-content\/uploads\/2019\/06\/ministrica-u-ben\u010di\u0107u-694x450.jpg","datePublished":"2019-05-29T08:37:38+00:00","dateModified":"2019-06-12T08:40:04+00:00","breadcrumb":{"@id":"https:\/\/ri2020.eu\/en\/minister-of-culture-nina-obuljen-korzinek-is-satisfied-with-preparations-for-the-rijeka-2020-european-capital-of-culture\/#breadcrumb"},"inLanguage":"en-US","potentialAction":[{"@type":"ReadAction","target":["https:\/\/ri2020.eu\/en\/minister-of-culture-nina-obuljen-korzinek-is-satisfied-with-preparations-for-the-rijeka-2020-european-capital-of-culture\/"]}]},{"@type":"ImageObject","inLanguage":"en-US","@id":"https:\/\/ri2020.eu\/en\/minister-of-culture-nina-obuljen-korzinek-is-satisfied-with-preparations-for-the-rijeka-2020-european-capital-of-culture\/#primaryimage","url":"https:\/\/ri2020.eu\/wp-content\/uploads\/2019\/06\/ministrica-u-ben\u010di\u0107u-694x450.jpg","contentUrl":"https:\/\/ri2020.eu\/wp-content\/uploads\/2019\/06\/ministrica-u-ben\u010di\u0107u-694x450.jpg","width":694,"height":450},{"@type":"BreadcrumbList","@id":"https:\/\/ri2020.eu\/en\/minister-of-culture-nina-obuljen-korzinek-is-satisfied-with-preparations-for-the-rijeka-2020-european-capital-of-culture\/#breadcrumb","itemListElement":[{"@type":"ListItem","position":1,"name":"Home","item":"https:\/\/ri2020.eu\/en\/"},{"@type":"ListItem","position":2,"name":"Minister of Culture Nina Obuljen Kor\u017einek is satisfied with preparations for the Rijeka 2020 European Capital of Culture"}]},{"@type":"WebSite","@id":"https:\/\/ri2020.eu\/en\/#website","url":"https:\/\/ri2020.eu\/en\/","name":"Rijeka 2020","description":"Europska prijestolnica kulture","publisher":{"@id":"https:\/\/ri2020.eu\/en\/#organization"},"potentialAction":[{"@type":"SearchAction","target":{"@type":"EntryPoint","urlTemplate":"https:\/\/ri2020.eu\/en\/?s={search_term_string}"},"query-input":{"@type":"PropertyValueSpecification","valueRequired":true,"valueName":"search_term_string"}}],"inLanguage":"en-US"},{"@type":"Organization","@id":"https:\/\/ri2020.eu\/en\/#organization","name":"Rijeka 2020 d.o.o.","url":"https:\/\/ri2020.eu\/en\/","logo":{"@type":"ImageObject","inLanguage":"en-US","@id":"https:\/\/ri2020.eu\/en\/#\/schema\/logo\/image\/","url":"https:\/\/rijeka2020.eu\/wp-content\/uploads\/2018\/07\/Ri2020-logo.png","contentUrl":"https:\/\/rijeka2020.eu\/wp-content\/uploads\/2018\/07\/Ri2020-logo.png","width":407,"height":175,"caption":"Rijeka 2020 d.o.o."},"image":{"@id":"https:\/\/ri2020.eu\/en\/#\/schema\/logo\/image\/"},"sameAs":["https:\/\/www.facebook.com\/rijeka2020","https:\/\/x.com\/Rijeka2020","https:\/\/www.instagram.com\/rijeka2020\/","https:\/\/www.youtube.com\/user\/riepk2020"]},{"@type":"Person","@id":"https:\/\/ri2020.eu\/en\/#\/schema\/person\/9c12d91df8c45bc534f625d9c81f403d","name":"Rijeka 2020","url":"https:\/\/ri2020.eu\/en\/author\/lsm\/"}]}},"_links":{"self":[{"href":"https:\/\/ri2020.eu\/en\/wp-json\/wp\/v2\/posts\/29108","targetHints":{"allow":["GET"]}}],"collection":[{"href":"https:\/\/ri2020.eu\/en\/wp-json\/wp\/v2\/posts"}],"about":[{"href":"https:\/\/ri2020.eu\/en\/wp-json\/wp\/v2\/types\/post"}],"author":[{"embeddable":true,"href":"https:\/\/ri2020.eu\/en\/wp-json\/wp\/v2\/users\/72"}],"replies":[{"embeddable":true,"href":"https:\/\/ri2020.eu\/en\/wp-json\/wp\/v2\/comments?post=29108"}],"version-history":[{"count":0,"href":"https:\/\/ri2020.eu\/en\/wp-json\/wp\/v2\/posts\/29108\/revisions"}],"wp:featuredmedia":[{"embeddable":true,"href":"https:\/\/ri2020.eu\/en\/wp-json\/wp\/v2\/media\/29109"}],"wp:attachment":[{"href":"https:\/\/ri2020.eu\/en\/wp-json\/wp\/v2\/media?parent=29108"}],"wp:term":[{"taxonomy":"category","embeddable":true,"href":"https:\/\/ri2020.eu\/en\/wp-json\/wp\/v2\/categories?post=29108"},{"taxonomy":"post_tag","embeddable":true,"href":"https:\/\/ri2020.eu\/en\/wp-json\/wp\/v2\/tags?post=29108"}],"curies":[{"name":"wp","href":"https:\/\/api.w.org\/{rel}","templated":true}]}}