{"id":26791,"date":"2019-03-29T13:51:50","date_gmt":"2019-03-29T12:51:50","guid":{"rendered":"https:\/\/rijeka2020.eu\/?p=26791"},"modified":"2019-04-03T13:52:06","modified_gmt":"2019-04-03T11:52:06","slug":"the-croatian-architects-association-exhibition-opens-and-ana-boljar-and-ida-krizaj-leko-win-the-2018-bernardo-bernardi-award-for-rihub","status":"publish","type":"post","link":"https:\/\/ri2020.eu\/en\/the-croatian-architects-association-exhibition-opens-and-ana-boljar-and-ida-krizaj-leko-win-the-2018-bernardo-bernardi-award-for-rihub\/","title":{"rendered":"The Croatian Architects&#8217; Association exhibition opens and Ana Boljar and Ida Kri\u017eaj Leko win the 2018 &#8220;Bernardo Bernardi&#8221; Award for RiHub"},"content":{"rendered":"<p>The awards for best architectural achievements in 2018 were presented at the exhibition opening, while the <strong>Bernardo Bernardi Award<\/strong> for the most successful achievement in design and interior design in 2018 was given to <strong>Ana Boljar and Ida Kri\u017eaj Leko<\/strong> for the interior design of <strong>RiHub, <\/strong>a new cultural centre that has been given a fresh appearance as part of the Rijeka 2020 \u2013 European Capital of Culture project.<\/p>\n<blockquote><p>Ana Boljar and Ida Kri\u017eaj Leko have transformed RiHub (ex-Bernardi) into a new cultural and social hub in Rijeka that allows all interested parties to become involved in the Rijeka 2020 project. RiHub has been designed as an open co-working platform that comprises seven spatial segments: The Living Room, Cafe, Passage, Ground Floor (an unconventional work space with the potential to occasionally host performance events), Gallery (typical offices with work interspaces), Classroom and Basement (presentation and audio\/video experimentation area) are all entwined and mutually complementary, allowing them to be utilised 24\/7. The architectural and interior design interventions, as well as the selection of furniture and colours, have contributed to the creation of an exceptionally fluid space, all the more so by successfully integrating a gallery into the central exhibition area of RiHub.<\/p>\n<p><img loading=\"lazy\" decoding=\"async\" class=\"alignnone size-large wp-image-25840\" src=\"https:\/\/rijeka2020.eu\/wp-content\/uploads\/2019\/03\/RiHub_Jure\u017divkovi\u0107-1024x630.jpg\" alt=\"\" width=\"640\" height=\"394\" srcset=\"https:\/\/ri2020.eu\/wp-content\/uploads\/2019\/03\/RiHub_Jure\u017divkovi\u0107-1024x630.jpg 1024w, https:\/\/ri2020.eu\/wp-content\/uploads\/2019\/03\/RiHub_Jure\u017divkovi\u0107-255x157.jpg 255w, https:\/\/ri2020.eu\/wp-content\/uploads\/2019\/03\/RiHub_Jure\u017divkovi\u0107-768x473.jpg 768w, https:\/\/ri2020.eu\/wp-content\/uploads\/2019\/03\/RiHub_Jure\u017divkovi\u0107-250x154.jpg 250w, https:\/\/ri2020.eu\/wp-content\/uploads\/2019\/03\/RiHub_Jure\u017divkovi\u0107-420x258.jpg 420w, https:\/\/ri2020.eu\/wp-content\/uploads\/2019\/03\/RiHub_Jure\u017divkovi\u0107.jpg 2048w\" sizes=\"auto, (max-width: 640px) 100vw, 640px\" \/><\/p>\n<p>Photo: Jure \u017divkovi\u0107<\/p><\/blockquote>\n<p>The works of the 2018 Annual Croatian Architects&#8217; Works Exhibition were evaluated by an expert panel, this year comprising the international guests\u00a0<strong>Maru\u0161a Zorec<\/strong>\u00a0(Slovenia),\u00a0<strong>Pippo Ciorra<\/strong>\u00a0(Italy) and\u00a0<strong>Vedran Mimica<\/strong>\u00a0(USA), as well as the Croatian members of the Expert Council of the Croatian Architects&#8217; Association\u00a0<strong>Ana \u0160verko<\/strong>,\u00a0<strong>Maroje Mrdulja\u0161<\/strong> and\u00a0the coordinator\u00a0<strong>Ana Mr\u0111a<\/strong>.<\/p>\n<p>The following awards were given:<\/p>\n<ul>\n<li>The Viktor Kova\u010di\u0107 Lifetime Achievement Award to the academician <strong>Dinko Kova\u010di\u0107<\/strong><\/li>\n<li>The Viktor Kova\u010di\u0107 Award for the most successful achievement in all areas of architectural design in 2018 to <strong>Mia Roth and Ton\u010di \u010cerin <\/strong>for the Zorka Sever Primary School in Popova\u010da.<\/li>\n<li>The Drago Gali\u0107 Award for the most successful achievement in residential architecture in 2018 to <strong>Tomislav Paveli\u0107 <\/strong>for the upgrade of a family house in Tre\u0161njevka, Zagreb.<\/li>\n<li>The Bernardo Bernardi Award for the most successful achievement in design and interior design in 2018 to <strong>Ana Boljar and Ida Kri\u017eaj Leko<\/strong> for the interior design of <strong>RiHub<\/strong><\/li>\n<li>Posthumously, the special Neven \u0160egvi\u0107 Award for journalistic, critical, scientific, research and theoretical work in architecture to<strong> Tomislav Premerl, PhD<\/strong><\/li>\n<li>The Neven \u0160egvi\u0107 Award for journalistic, critical, scientific, research and theoretical work in architecture in 2018 to<strong> Darovan Tu\u0161ek, PhD<\/strong> for his Lexicon of Contemporary Architecture in Split<\/li>\n<\/ul>\n<p>The exhibition will be open until 28 April 2019. The opening hours of the exhibition area are Monday through Friday from 3 pm to 7 pm.<\/p>\n<p>Exhibition opening photos: Matija Kralj<\/p>\n","protected":false},"excerpt":{"rendered":"<p>The 2018 Annual Croatian Architects&#8217; Works Exhibition has been opened in the IVEX building at 5 Delta in a co-production between the Croatian Architects&#8217; Association (CAA), the Rijeka Architects&#8217; Association (RAA), DeltaLab (University of Rijeka) and the Sweet &#038; Salt flagship as part of the Rijeka 2020 \u2013 European Capital of Culture project.<\/p>\n","protected":false},"author":72,"featured_media":26669,"comment_status":"closed","ping_status":"closed","sticky":false,"template":"","format":"standard","meta":{"_acf_changed":false,"footnotes":""},"categories":[2731,3033],"tags":[4187,4188,3382,4169,4184],"class_list":["post-26791","post","type-post","status-publish","format-standard","has-post-thumbnail","hentry","category-news","category-sweetsalt","tag-croatian-architects-works-en","tag-deltalab-en-en","tag-european-capital-of-culture-en-3","tag-rijeka-2020-en-3-en","tag-sweet-and-salt-en-2-en"],"acf":[],"yoast_head":"<!-- This site is optimized with the Yoast SEO plugin v26.8 - https:\/\/yoast.com\/product\/yoast-seo-wordpress\/ -->\n<title>The Croatian Architects&#039; Association exhibition opens and Ana Boljar and Ida Kri\u017eaj Leko win the 2018 &quot;Bernardo Bernardi&quot; Award for RiHub &#8226; Rijeka 2020<\/title>\n<meta name=\"robots\" content=\"index, follow, max-snippet:-1, max-image-preview:large, max-video-preview:-1\" \/>\n<link rel=\"canonical\" href=\"https:\/\/ri2020.eu\/en\/the-croatian-architects-association-exhibition-opens-and-ana-boljar-and-ida-krizaj-leko-win-the-2018-bernardo-bernardi-award-for-rihub\/\" \/>\n<meta property=\"og:locale\" content=\"en_US\" \/>\n<meta property=\"og:type\" content=\"article\" \/>\n<meta property=\"og:title\" content=\"The Croatian Architects&#039; Association exhibition opens and Ana Boljar and Ida Kri\u017eaj Leko win the 2018 &quot;Bernardo Bernardi&quot; Award for RiHub &#8226; Rijeka 2020\" \/>\n<meta property=\"og:description\" content=\"The 2018 Annual Croatian Architects&#039; Works Exhibition has been opened in the IVEX building at 5 Delta in a co-production between the Croatian Architects&#039; Association (CAA), the Rijeka Architects&#039; Association (RAA), DeltaLab (University of Rijeka) and the Sweet &amp; Salt flagship as part of the Rijeka 2020 \u2013 European Capital of Culture project.\" \/>\n<meta property=\"og:url\" content=\"https:\/\/ri2020.eu\/en\/the-croatian-architects-association-exhibition-opens-and-ana-boljar-and-ida-krizaj-leko-win-the-2018-bernardo-bernardi-award-for-rihub\/\" \/>\n<meta property=\"og:site_name\" content=\"Rijeka 2020\" \/>\n<meta property=\"article:publisher\" content=\"https:\/\/www.facebook.com\/rijeka2020\" \/>\n<meta property=\"article:published_time\" content=\"2019-03-29T12:51:50+00:00\" \/>\n<meta property=\"article:modified_time\" content=\"2019-04-03T11:52:06+00:00\" \/>\n<meta property=\"og:image\" content=\"https:\/\/ri2020.eu\/wp-content\/uploads\/2019\/03\/UHA-2019-4.jpg\" \/>\n\t<meta property=\"og:image:width\" content=\"2000\" \/>\n\t<meta property=\"og:image:height\" content=\"1333\" \/>\n\t<meta property=\"og:image:type\" content=\"image\/jpeg\" \/>\n<meta name=\"author\" content=\"Rijeka 2020\" \/>\n<meta name=\"twitter:card\" content=\"summary_large_image\" \/>\n<meta name=\"twitter:creator\" content=\"@Rijeka2020\" \/>\n<meta name=\"twitter:site\" content=\"@Rijeka2020\" \/>\n<meta name=\"twitter:label1\" content=\"Written by\" \/>\n\t<meta name=\"twitter:data1\" content=\"Rijeka 2020\" \/>\n\t<meta name=\"twitter:label2\" content=\"Est. reading time\" \/>\n\t<meta name=\"twitter:data2\" content=\"2 minutes\" \/>\n<script type=\"application\/ld+json\" class=\"yoast-schema-graph\">{\"@context\":\"https:\/\/schema.org\",\"@graph\":[{\"@type\":\"Article\",\"@id\":\"https:\/\/ri2020.eu\/en\/the-croatian-architects-association-exhibition-opens-and-ana-boljar-and-ida-krizaj-leko-win-the-2018-bernardo-bernardi-award-for-rihub\/#article\",\"isPartOf\":{\"@id\":\"https:\/\/ri2020.eu\/en\/the-croatian-architects-association-exhibition-opens-and-ana-boljar-and-ida-krizaj-leko-win-the-2018-bernardo-bernardi-award-for-rihub\/\"},\"author\":{\"name\":\"Rijeka 2020\",\"@id\":\"https:\/\/ri2020.eu\/en\/#\/schema\/person\/9c12d91df8c45bc534f625d9c81f403d\"},\"headline\":\"The Croatian Architects&#8217; Association exhibition opens and Ana Boljar and Ida Kri\u017eaj Leko win the 2018 &#8220;Bernardo Bernardi&#8221; Award for RiHub\",\"datePublished\":\"2019-03-29T12:51:50+00:00\",\"dateModified\":\"2019-04-03T11:52:06+00:00\",\"mainEntityOfPage\":{\"@id\":\"https:\/\/ri2020.eu\/en\/the-croatian-architects-association-exhibition-opens-and-ana-boljar-and-ida-krizaj-leko-win-the-2018-bernardo-bernardi-award-for-rihub\/\"},\"wordCount\":461,\"publisher\":{\"@id\":\"https:\/\/ri2020.eu\/en\/#organization\"},\"image\":{\"@id\":\"https:\/\/ri2020.eu\/en\/the-croatian-architects-association-exhibition-opens-and-ana-boljar-and-ida-krizaj-leko-win-the-2018-bernardo-bernardi-award-for-rihub\/#primaryimage\"},\"thumbnailUrl\":\"https:\/\/ri2020.eu\/wp-content\/uploads\/2019\/03\/UHA-2019-4.jpg\",\"keywords\":[\"Croatian Architects&#8217; Works\",\"DeltaLab\",\"European Capital of Culture\",\"Rijeka 2020\",\"sweet and salt\"],\"articleSection\":[\"News\",\"Sweet&amp;Salt\"],\"inLanguage\":\"en-US\"},{\"@type\":\"WebPage\",\"@id\":\"https:\/\/ri2020.eu\/en\/the-croatian-architects-association-exhibition-opens-and-ana-boljar-and-ida-krizaj-leko-win-the-2018-bernardo-bernardi-award-for-rihub\/\",\"url\":\"https:\/\/ri2020.eu\/en\/the-croatian-architects-association-exhibition-opens-and-ana-boljar-and-ida-krizaj-leko-win-the-2018-bernardo-bernardi-award-for-rihub\/\",\"name\":\"The Croatian Architects' Association exhibition opens and Ana Boljar and Ida Kri\u017eaj Leko win the 2018 \\\"Bernardo Bernardi\\\" Award for RiHub &#8226; Rijeka 2020\",\"isPartOf\":{\"@id\":\"https:\/\/ri2020.eu\/en\/#website\"},\"primaryImageOfPage\":{\"@id\":\"https:\/\/ri2020.eu\/en\/the-croatian-architects-association-exhibition-opens-and-ana-boljar-and-ida-krizaj-leko-win-the-2018-bernardo-bernardi-award-for-rihub\/#primaryimage\"},\"image\":{\"@id\":\"https:\/\/ri2020.eu\/en\/the-croatian-architects-association-exhibition-opens-and-ana-boljar-and-ida-krizaj-leko-win-the-2018-bernardo-bernardi-award-for-rihub\/#primaryimage\"},\"thumbnailUrl\":\"https:\/\/ri2020.eu\/wp-content\/uploads\/2019\/03\/UHA-2019-4.jpg\",\"datePublished\":\"2019-03-29T12:51:50+00:00\",\"dateModified\":\"2019-04-03T11:52:06+00:00\",\"breadcrumb\":{\"@id\":\"https:\/\/ri2020.eu\/en\/the-croatian-architects-association-exhibition-opens-and-ana-boljar-and-ida-krizaj-leko-win-the-2018-bernardo-bernardi-award-for-rihub\/#breadcrumb\"},\"inLanguage\":\"en-US\",\"potentialAction\":[{\"@type\":\"ReadAction\",\"target\":[\"https:\/\/ri2020.eu\/en\/the-croatian-architects-association-exhibition-opens-and-ana-boljar-and-ida-krizaj-leko-win-the-2018-bernardo-bernardi-award-for-rihub\/\"]}]},{\"@type\":\"ImageObject\",\"inLanguage\":\"en-US\",\"@id\":\"https:\/\/ri2020.eu\/en\/the-croatian-architects-association-exhibition-opens-and-ana-boljar-and-ida-krizaj-leko-win-the-2018-bernardo-bernardi-award-for-rihub\/#primaryimage\",\"url\":\"https:\/\/ri2020.eu\/wp-content\/uploads\/2019\/03\/UHA-2019-4.jpg\",\"contentUrl\":\"https:\/\/ri2020.eu\/wp-content\/uploads\/2019\/03\/UHA-2019-4.jpg\",\"width\":2000,\"height\":1333},{\"@type\":\"BreadcrumbList\",\"@id\":\"https:\/\/ri2020.eu\/en\/the-croatian-architects-association-exhibition-opens-and-ana-boljar-and-ida-krizaj-leko-win-the-2018-bernardo-bernardi-award-for-rihub\/#breadcrumb\",\"itemListElement\":[{\"@type\":\"ListItem\",\"position\":1,\"name\":\"Home\",\"item\":\"https:\/\/ri2020.eu\/en\/\"},{\"@type\":\"ListItem\",\"position\":2,\"name\":\"The Croatian Architects&#8217; Association exhibition opens and Ana Boljar and Ida Kri\u017eaj Leko win the 2018 &#8220;Bernardo Bernardi&#8221; Award for RiHub\"}]},{\"@type\":\"WebSite\",\"@id\":\"https:\/\/ri2020.eu\/en\/#website\",\"url\":\"https:\/\/ri2020.eu\/en\/\",\"name\":\"Rijeka 2020\",\"description\":\"Europska prijestolnica kulture\",\"publisher\":{\"@id\":\"https:\/\/ri2020.eu\/en\/#organization\"},\"potentialAction\":[{\"@type\":\"SearchAction\",\"target\":{\"@type\":\"EntryPoint\",\"urlTemplate\":\"https:\/\/ri2020.eu\/en\/?s={search_term_string}\"},\"query-input\":{\"@type\":\"PropertyValueSpecification\",\"valueRequired\":true,\"valueName\":\"search_term_string\"}}],\"inLanguage\":\"en-US\"},{\"@type\":\"Organization\",\"@id\":\"https:\/\/ri2020.eu\/en\/#organization\",\"name\":\"Rijeka 2020 d.o.o.\",\"url\":\"https:\/\/ri2020.eu\/en\/\",\"logo\":{\"@type\":\"ImageObject\",\"inLanguage\":\"en-US\",\"@id\":\"https:\/\/ri2020.eu\/en\/#\/schema\/logo\/image\/\",\"url\":\"https:\/\/rijeka2020.eu\/wp-content\/uploads\/2018\/07\/Ri2020-logo.png\",\"contentUrl\":\"https:\/\/rijeka2020.eu\/wp-content\/uploads\/2018\/07\/Ri2020-logo.png\",\"width\":407,\"height\":175,\"caption\":\"Rijeka 2020 d.o.o.\"},\"image\":{\"@id\":\"https:\/\/ri2020.eu\/en\/#\/schema\/logo\/image\/\"},\"sameAs\":[\"https:\/\/www.facebook.com\/rijeka2020\",\"https:\/\/x.com\/Rijeka2020\",\"https:\/\/www.instagram.com\/rijeka2020\/\",\"https:\/\/www.youtube.com\/user\/riepk2020\"]},{\"@type\":\"Person\",\"@id\":\"https:\/\/ri2020.eu\/en\/#\/schema\/person\/9c12d91df8c45bc534f625d9c81f403d\",\"name\":\"Rijeka 2020\",\"url\":\"https:\/\/ri2020.eu\/en\/author\/lsm\/\"}]}<\/script>\n<!-- \/ Yoast SEO plugin. -->","yoast_head_json":{"title":"The Croatian Architects' Association exhibition opens and Ana Boljar and Ida Kri\u017eaj Leko win the 2018 \"Bernardo Bernardi\" Award for RiHub &#8226; Rijeka 2020","robots":{"index":"index","follow":"follow","max-snippet":"max-snippet:-1","max-image-preview":"max-image-preview:large","max-video-preview":"max-video-preview:-1"},"canonical":"https:\/\/ri2020.eu\/en\/the-croatian-architects-association-exhibition-opens-and-ana-boljar-and-ida-krizaj-leko-win-the-2018-bernardo-bernardi-award-for-rihub\/","og_locale":"en_US","og_type":"article","og_title":"The Croatian Architects' Association exhibition opens and Ana Boljar and Ida Kri\u017eaj Leko win the 2018 \"Bernardo Bernardi\" Award for RiHub &#8226; Rijeka 2020","og_description":"The 2018 Annual Croatian Architects' Works Exhibition has been opened in the IVEX building at 5 Delta in a co-production between the Croatian Architects' Association (CAA), the Rijeka Architects' Association (RAA), DeltaLab (University of Rijeka) and the Sweet & Salt flagship as part of the Rijeka 2020 \u2013 European Capital of Culture project.","og_url":"https:\/\/ri2020.eu\/en\/the-croatian-architects-association-exhibition-opens-and-ana-boljar-and-ida-krizaj-leko-win-the-2018-bernardo-bernardi-award-for-rihub\/","og_site_name":"Rijeka 2020","article_publisher":"https:\/\/www.facebook.com\/rijeka2020","article_published_time":"2019-03-29T12:51:50+00:00","article_modified_time":"2019-04-03T11:52:06+00:00","og_image":[{"width":2000,"height":1333,"url":"https:\/\/ri2020.eu\/wp-content\/uploads\/2019\/03\/UHA-2019-4.jpg","type":"image\/jpeg"}],"author":"Rijeka 2020","twitter_card":"summary_large_image","twitter_creator":"@Rijeka2020","twitter_site":"@Rijeka2020","twitter_misc":{"Written by":"Rijeka 2020","Est. reading time":"2 minutes"},"schema":{"@context":"https:\/\/schema.org","@graph":[{"@type":"Article","@id":"https:\/\/ri2020.eu\/en\/the-croatian-architects-association-exhibition-opens-and-ana-boljar-and-ida-krizaj-leko-win-the-2018-bernardo-bernardi-award-for-rihub\/#article","isPartOf":{"@id":"https:\/\/ri2020.eu\/en\/the-croatian-architects-association-exhibition-opens-and-ana-boljar-and-ida-krizaj-leko-win-the-2018-bernardo-bernardi-award-for-rihub\/"},"author":{"name":"Rijeka 2020","@id":"https:\/\/ri2020.eu\/en\/#\/schema\/person\/9c12d91df8c45bc534f625d9c81f403d"},"headline":"The Croatian Architects&#8217; Association exhibition opens and Ana Boljar and Ida Kri\u017eaj Leko win the 2018 &#8220;Bernardo Bernardi&#8221; Award for RiHub","datePublished":"2019-03-29T12:51:50+00:00","dateModified":"2019-04-03T11:52:06+00:00","mainEntityOfPage":{"@id":"https:\/\/ri2020.eu\/en\/the-croatian-architects-association-exhibition-opens-and-ana-boljar-and-ida-krizaj-leko-win-the-2018-bernardo-bernardi-award-for-rihub\/"},"wordCount":461,"publisher":{"@id":"https:\/\/ri2020.eu\/en\/#organization"},"image":{"@id":"https:\/\/ri2020.eu\/en\/the-croatian-architects-association-exhibition-opens-and-ana-boljar-and-ida-krizaj-leko-win-the-2018-bernardo-bernardi-award-for-rihub\/#primaryimage"},"thumbnailUrl":"https:\/\/ri2020.eu\/wp-content\/uploads\/2019\/03\/UHA-2019-4.jpg","keywords":["Croatian Architects&#8217; Works","DeltaLab","European Capital of Culture","Rijeka 2020","sweet and salt"],"articleSection":["News","Sweet&amp;Salt"],"inLanguage":"en-US"},{"@type":"WebPage","@id":"https:\/\/ri2020.eu\/en\/the-croatian-architects-association-exhibition-opens-and-ana-boljar-and-ida-krizaj-leko-win-the-2018-bernardo-bernardi-award-for-rihub\/","url":"https:\/\/ri2020.eu\/en\/the-croatian-architects-association-exhibition-opens-and-ana-boljar-and-ida-krizaj-leko-win-the-2018-bernardo-bernardi-award-for-rihub\/","name":"The Croatian Architects' Association exhibition opens and Ana Boljar and Ida Kri\u017eaj Leko win the 2018 \"Bernardo Bernardi\" Award for RiHub &#8226; Rijeka 2020","isPartOf":{"@id":"https:\/\/ri2020.eu\/en\/#website"},"primaryImageOfPage":{"@id":"https:\/\/ri2020.eu\/en\/the-croatian-architects-association-exhibition-opens-and-ana-boljar-and-ida-krizaj-leko-win-the-2018-bernardo-bernardi-award-for-rihub\/#primaryimage"},"image":{"@id":"https:\/\/ri2020.eu\/en\/the-croatian-architects-association-exhibition-opens-and-ana-boljar-and-ida-krizaj-leko-win-the-2018-bernardo-bernardi-award-for-rihub\/#primaryimage"},"thumbnailUrl":"https:\/\/ri2020.eu\/wp-content\/uploads\/2019\/03\/UHA-2019-4.jpg","datePublished":"2019-03-29T12:51:50+00:00","dateModified":"2019-04-03T11:52:06+00:00","breadcrumb":{"@id":"https:\/\/ri2020.eu\/en\/the-croatian-architects-association-exhibition-opens-and-ana-boljar-and-ida-krizaj-leko-win-the-2018-bernardo-bernardi-award-for-rihub\/#breadcrumb"},"inLanguage":"en-US","potentialAction":[{"@type":"ReadAction","target":["https:\/\/ri2020.eu\/en\/the-croatian-architects-association-exhibition-opens-and-ana-boljar-and-ida-krizaj-leko-win-the-2018-bernardo-bernardi-award-for-rihub\/"]}]},{"@type":"ImageObject","inLanguage":"en-US","@id":"https:\/\/ri2020.eu\/en\/the-croatian-architects-association-exhibition-opens-and-ana-boljar-and-ida-krizaj-leko-win-the-2018-bernardo-bernardi-award-for-rihub\/#primaryimage","url":"https:\/\/ri2020.eu\/wp-content\/uploads\/2019\/03\/UHA-2019-4.jpg","contentUrl":"https:\/\/ri2020.eu\/wp-content\/uploads\/2019\/03\/UHA-2019-4.jpg","width":2000,"height":1333},{"@type":"BreadcrumbList","@id":"https:\/\/ri2020.eu\/en\/the-croatian-architects-association-exhibition-opens-and-ana-boljar-and-ida-krizaj-leko-win-the-2018-bernardo-bernardi-award-for-rihub\/#breadcrumb","itemListElement":[{"@type":"ListItem","position":1,"name":"Home","item":"https:\/\/ri2020.eu\/en\/"},{"@type":"ListItem","position":2,"name":"The Croatian Architects&#8217; Association exhibition opens and Ana Boljar and Ida Kri\u017eaj Leko win the 2018 &#8220;Bernardo Bernardi&#8221; Award for RiHub"}]},{"@type":"WebSite","@id":"https:\/\/ri2020.eu\/en\/#website","url":"https:\/\/ri2020.eu\/en\/","name":"Rijeka 2020","description":"Europska prijestolnica kulture","publisher":{"@id":"https:\/\/ri2020.eu\/en\/#organization"},"potentialAction":[{"@type":"SearchAction","target":{"@type":"EntryPoint","urlTemplate":"https:\/\/ri2020.eu\/en\/?s={search_term_string}"},"query-input":{"@type":"PropertyValueSpecification","valueRequired":true,"valueName":"search_term_string"}}],"inLanguage":"en-US"},{"@type":"Organization","@id":"https:\/\/ri2020.eu\/en\/#organization","name":"Rijeka 2020 d.o.o.","url":"https:\/\/ri2020.eu\/en\/","logo":{"@type":"ImageObject","inLanguage":"en-US","@id":"https:\/\/ri2020.eu\/en\/#\/schema\/logo\/image\/","url":"https:\/\/rijeka2020.eu\/wp-content\/uploads\/2018\/07\/Ri2020-logo.png","contentUrl":"https:\/\/rijeka2020.eu\/wp-content\/uploads\/2018\/07\/Ri2020-logo.png","width":407,"height":175,"caption":"Rijeka 2020 d.o.o."},"image":{"@id":"https:\/\/ri2020.eu\/en\/#\/schema\/logo\/image\/"},"sameAs":["https:\/\/www.facebook.com\/rijeka2020","https:\/\/x.com\/Rijeka2020","https:\/\/www.instagram.com\/rijeka2020\/","https:\/\/www.youtube.com\/user\/riepk2020"]},{"@type":"Person","@id":"https:\/\/ri2020.eu\/en\/#\/schema\/person\/9c12d91df8c45bc534f625d9c81f403d","name":"Rijeka 2020","url":"https:\/\/ri2020.eu\/en\/author\/lsm\/"}]}},"_links":{"self":[{"href":"https:\/\/ri2020.eu\/en\/wp-json\/wp\/v2\/posts\/26791","targetHints":{"allow":["GET"]}}],"collection":[{"href":"https:\/\/ri2020.eu\/en\/wp-json\/wp\/v2\/posts"}],"about":[{"href":"https:\/\/ri2020.eu\/en\/wp-json\/wp\/v2\/types\/post"}],"author":[{"embeddable":true,"href":"https:\/\/ri2020.eu\/en\/wp-json\/wp\/v2\/users\/72"}],"replies":[{"embeddable":true,"href":"https:\/\/ri2020.eu\/en\/wp-json\/wp\/v2\/comments?post=26791"}],"version-history":[{"count":0,"href":"https:\/\/ri2020.eu\/en\/wp-json\/wp\/v2\/posts\/26791\/revisions"}],"wp:featuredmedia":[{"embeddable":true,"href":"https:\/\/ri2020.eu\/en\/wp-json\/wp\/v2\/media\/26669"}],"wp:attachment":[{"href":"https:\/\/ri2020.eu\/en\/wp-json\/wp\/v2\/media?parent=26791"}],"wp:term":[{"taxonomy":"category","embeddable":true,"href":"https:\/\/ri2020.eu\/en\/wp-json\/wp\/v2\/categories?post=26791"},{"taxonomy":"post_tag","embeddable":true,"href":"https:\/\/ri2020.eu\/en\/wp-json\/wp\/v2\/tags?post=26791"}],"curies":[{"name":"wp","href":"https:\/\/api.w.org\/{rel}","templated":true}]}}