{"id":25904,"date":"2019-03-14T14:33:12","date_gmt":"2019-03-14T13:33:12","guid":{"rendered":"https:\/\/rijeka2020.eu\/?p=25904"},"modified":"2019-03-14T15:24:35","modified_gmt":"2019-03-14T14:24:35","slug":"culture-powered-city-diplomacy-round-table-in-brussels","status":"publish","type":"post","link":"https:\/\/ri2020.eu\/en\/culture-powered-city-diplomacy-round-table-in-brussels\/","title":{"rendered":"Culture-Powered City Diplomacy \u2013 round table in Brussels"},"content":{"rendered":"<p>The round table is organised by the Office of Tonino Picula, member of the European Parliament in cooperation with RIJEKA 2020 LLC.\u00a0 The round table will gather experts from all over the European Union to discuss the potential of culture-powered city diplomacy.<\/p>\n<p>City cultural policies (intercultural cities, digital cities, creative cities) introduce cities as important actors in international cultural relations, which opens new areas of partnership. It also opens many new questions and warns of the need for reform\/transformation of cultural policies in cities.<\/p>\n<p>International mobility and exchange of artists and other cultural workers are key to spreading new ways of communication and long-term international cultural cooperation. Mobility brings new ideas, knowledge, skills, cultural practices that enrich each community.<\/p>\n<p>Presentation of the Rijeka 2020 &#8211; European Capital of Culture programme will take place just before the round table. The programme starts at 10:00 at the room ASP3H1 (Altiero Spinelli building, Wiertzstraat 60).<\/p>\n<p>Opening remarks:<br \/>\nSilvia COSTA, Member of the European Parliament<br \/>\nTonino Picula, Member of the European Parliament<br \/>\nVojko Obersnel, City of Rijeka, Mayor<\/p>\n<p>Closing remarks:<br \/>\nBogus\u0142aw Liberadzki, Vice-President of the European Parliament<\/p>\n<p>Speakers:<br \/>\nTonino Picula, Member of the European Parliament<br \/>\nTere Badia, Culture Action Europe, Secretary General \u2013 Culture Action Europe<br \/>\nMarie Fol, On the Move, board member \u2013 On the Move<br \/>\nRytis Zemkauskas, Kaunas 2022 \u2013 European Capital of Culture<br \/>\nSandra Malenica, City of Vara\u017edin, Deputy Mayor<br \/>\nNada \u0160vob \u0110oki\u0107, Institute for Development and International Relations<\/p>\n<p>Moderator:<br \/>\nIrena Kregar \u0160egota, RIJEKA 2020, Development and Strategic Partnerships Director<\/p>\n","protected":false},"excerpt":{"rendered":"<p>Rijeka 2020 \u2013 European Capital of Culture will participate at the round table Culture-Powered City Diplomacy on March 19, 2019 at the European Parliament in Brussels.<\/p>\n","protected":false},"author":72,"featured_media":25867,"comment_status":"closed","ping_status":"closed","sticky":false,"template":"","format":"standard","meta":{"_acf_changed":false,"footnotes":""},"categories":[4313,2731],"tags":[4176,4178,4179,4169],"class_list":["post-25904","post","type-post","status-publish","format-standard","has-post-thumbnail","hentry","category-cultural-diplomacy","category-news","tag-european-capital-od-culture-en","tag-european-parliament-en","tag-european-union-en","tag-rijeka-2020-en-3-en"],"acf":[],"yoast_head":"<!-- This site is optimized with the Yoast SEO plugin v26.8 - https:\/\/yoast.com\/product\/yoast-seo-wordpress\/ -->\n<title>Culture-Powered City Diplomacy \u2013 round table in Brussels &#8226; Rijeka 2020<\/title>\n<meta name=\"robots\" content=\"index, follow, max-snippet:-1, max-image-preview:large, max-video-preview:-1\" \/>\n<link rel=\"canonical\" href=\"https:\/\/ri2020.eu\/en\/culture-powered-city-diplomacy-round-table-in-brussels\/\" \/>\n<meta property=\"og:locale\" content=\"en_US\" \/>\n<meta property=\"og:type\" content=\"article\" \/>\n<meta property=\"og:title\" content=\"Culture-Powered City Diplomacy \u2013 round table in Brussels &#8226; Rijeka 2020\" \/>\n<meta property=\"og:description\" content=\"Rijeka 2020 \u2013 European Capital of Culture will participate at the round table Culture-Powered City Diplomacy on March 19, 2019 at the European Parliament in Brussels.\" \/>\n<meta property=\"og:url\" content=\"https:\/\/ri2020.eu\/en\/culture-powered-city-diplomacy-round-table-in-brussels\/\" \/>\n<meta property=\"og:site_name\" content=\"Rijeka 2020\" \/>\n<meta property=\"article:publisher\" content=\"https:\/\/www.facebook.com\/rijeka2020\" \/>\n<meta property=\"article:published_time\" content=\"2019-03-14T13:33:12+00:00\" \/>\n<meta property=\"article:modified_time\" content=\"2019-03-14T14:24:35+00:00\" \/>\n<meta property=\"og:image\" content=\"https:\/\/rijeka2020.eu\/wp-content\/uploads\/2019\/03\/Culture-Powered-City-Diplomacy-.jpg\" \/>\n\t<meta property=\"og:image:width\" content=\"1738\" \/>\n\t<meta property=\"og:image:height\" content=\"978\" \/>\n\t<meta property=\"og:image:type\" content=\"image\/jpeg\" \/>\n<meta name=\"author\" content=\"Rijeka 2020\" \/>\n<meta name=\"twitter:card\" content=\"summary_large_image\" \/>\n<meta name=\"twitter:creator\" content=\"@Rijeka2020\" \/>\n<meta name=\"twitter:site\" content=\"@Rijeka2020\" \/>\n<meta name=\"twitter:label1\" content=\"Written by\" \/>\n\t<meta name=\"twitter:data1\" content=\"Rijeka 2020\" \/>\n\t<meta name=\"twitter:label2\" content=\"Est. reading time\" \/>\n\t<meta name=\"twitter:data2\" content=\"1 minute\" \/>\n<script type=\"application\/ld+json\" class=\"yoast-schema-graph\">{\"@context\":\"https:\/\/schema.org\",\"@graph\":[{\"@type\":\"Article\",\"@id\":\"https:\/\/ri2020.eu\/en\/culture-powered-city-diplomacy-round-table-in-brussels\/#article\",\"isPartOf\":{\"@id\":\"https:\/\/ri2020.eu\/en\/culture-powered-city-diplomacy-round-table-in-brussels\/\"},\"author\":{\"name\":\"Rijeka 2020\",\"@id\":\"https:\/\/rijeka2020.eu\/en\/#\/schema\/person\/9c12d91df8c45bc534f625d9c81f403d\"},\"headline\":\"Culture-Powered City Diplomacy \u2013 round table in Brussels\",\"datePublished\":\"2019-03-14T13:33:12+00:00\",\"dateModified\":\"2019-03-14T14:24:35+00:00\",\"mainEntityOfPage\":{\"@id\":\"https:\/\/ri2020.eu\/en\/culture-powered-city-diplomacy-round-table-in-brussels\/\"},\"wordCount\":251,\"publisher\":{\"@id\":\"https:\/\/rijeka2020.eu\/en\/#organization\"},\"image\":{\"@id\":\"https:\/\/ri2020.eu\/en\/culture-powered-city-diplomacy-round-table-in-brussels\/#primaryimage\"},\"thumbnailUrl\":\"https:\/\/ri2020.eu\/wp-content\/uploads\/2019\/03\/Culture-Powered-City-Diplomacy-.jpg\",\"keywords\":[\"european capital od culture\",\"European Parliament\",\"European Union\",\"Rijeka 2020\"],\"articleSection\":[\"Cultural Diplomacy\",\"News\"],\"inLanguage\":\"en-US\"},{\"@type\":\"WebPage\",\"@id\":\"https:\/\/ri2020.eu\/en\/culture-powered-city-diplomacy-round-table-in-brussels\/\",\"url\":\"https:\/\/ri2020.eu\/en\/culture-powered-city-diplomacy-round-table-in-brussels\/\",\"name\":\"Culture-Powered City Diplomacy \u2013 round table in Brussels &#8226; Rijeka 2020\",\"isPartOf\":{\"@id\":\"https:\/\/rijeka2020.eu\/en\/#website\"},\"primaryImageOfPage\":{\"@id\":\"https:\/\/ri2020.eu\/en\/culture-powered-city-diplomacy-round-table-in-brussels\/#primaryimage\"},\"image\":{\"@id\":\"https:\/\/ri2020.eu\/en\/culture-powered-city-diplomacy-round-table-in-brussels\/#primaryimage\"},\"thumbnailUrl\":\"https:\/\/ri2020.eu\/wp-content\/uploads\/2019\/03\/Culture-Powered-City-Diplomacy-.jpg\",\"datePublished\":\"2019-03-14T13:33:12+00:00\",\"dateModified\":\"2019-03-14T14:24:35+00:00\",\"breadcrumb\":{\"@id\":\"https:\/\/ri2020.eu\/en\/culture-powered-city-diplomacy-round-table-in-brussels\/#breadcrumb\"},\"inLanguage\":\"en-US\",\"potentialAction\":[{\"@type\":\"ReadAction\",\"target\":[\"https:\/\/ri2020.eu\/en\/culture-powered-city-diplomacy-round-table-in-brussels\/\"]}]},{\"@type\":\"ImageObject\",\"inLanguage\":\"en-US\",\"@id\":\"https:\/\/ri2020.eu\/en\/culture-powered-city-diplomacy-round-table-in-brussels\/#primaryimage\",\"url\":\"https:\/\/ri2020.eu\/wp-content\/uploads\/2019\/03\/Culture-Powered-City-Diplomacy-.jpg\",\"contentUrl\":\"https:\/\/ri2020.eu\/wp-content\/uploads\/2019\/03\/Culture-Powered-City-Diplomacy-.jpg\",\"width\":1738,\"height\":978},{\"@type\":\"BreadcrumbList\",\"@id\":\"https:\/\/ri2020.eu\/en\/culture-powered-city-diplomacy-round-table-in-brussels\/#breadcrumb\",\"itemListElement\":[{\"@type\":\"ListItem\",\"position\":1,\"name\":\"Home\",\"item\":\"https:\/\/rijeka2020.eu\/en\/\"},{\"@type\":\"ListItem\",\"position\":2,\"name\":\"Culture-Powered City Diplomacy \u2013 round table in Brussels\"}]},{\"@type\":\"WebSite\",\"@id\":\"https:\/\/rijeka2020.eu\/en\/#website\",\"url\":\"https:\/\/rijeka2020.eu\/en\/\",\"name\":\"Rijeka 2020\",\"description\":\"Europska prijestolnica kulture\",\"publisher\":{\"@id\":\"https:\/\/rijeka2020.eu\/en\/#organization\"},\"potentialAction\":[{\"@type\":\"SearchAction\",\"target\":{\"@type\":\"EntryPoint\",\"urlTemplate\":\"https:\/\/rijeka2020.eu\/en\/?s={search_term_string}\"},\"query-input\":{\"@type\":\"PropertyValueSpecification\",\"valueRequired\":true,\"valueName\":\"search_term_string\"}}],\"inLanguage\":\"en-US\"},{\"@type\":\"Organization\",\"@id\":\"https:\/\/rijeka2020.eu\/en\/#organization\",\"name\":\"Rijeka 2020 d.o.o.\",\"url\":\"https:\/\/rijeka2020.eu\/en\/\",\"logo\":{\"@type\":\"ImageObject\",\"inLanguage\":\"en-US\",\"@id\":\"https:\/\/rijeka2020.eu\/en\/#\/schema\/logo\/image\/\",\"url\":\"https:\/\/rijeka2020.eu\/wp-content\/uploads\/2018\/07\/Ri2020-logo.png\",\"contentUrl\":\"https:\/\/rijeka2020.eu\/wp-content\/uploads\/2018\/07\/Ri2020-logo.png\",\"width\":407,\"height\":175,\"caption\":\"Rijeka 2020 d.o.o.\"},\"image\":{\"@id\":\"https:\/\/rijeka2020.eu\/en\/#\/schema\/logo\/image\/\"},\"sameAs\":[\"https:\/\/www.facebook.com\/rijeka2020\",\"https:\/\/x.com\/Rijeka2020\",\"https:\/\/www.instagram.com\/rijeka2020\/\",\"https:\/\/www.youtube.com\/user\/riepk2020\"]},{\"@type\":\"Person\",\"@id\":\"https:\/\/rijeka2020.eu\/en\/#\/schema\/person\/9c12d91df8c45bc534f625d9c81f403d\",\"name\":\"Rijeka 2020\",\"url\":\"https:\/\/ri2020.eu\/en\/author\/lsm\/\"}]}<\/script>\n<!-- \/ Yoast SEO plugin. -->","yoast_head_json":{"title":"Culture-Powered City Diplomacy \u2013 round table in Brussels &#8226; Rijeka 2020","robots":{"index":"index","follow":"follow","max-snippet":"max-snippet:-1","max-image-preview":"max-image-preview:large","max-video-preview":"max-video-preview:-1"},"canonical":"https:\/\/ri2020.eu\/en\/culture-powered-city-diplomacy-round-table-in-brussels\/","og_locale":"en_US","og_type":"article","og_title":"Culture-Powered City Diplomacy \u2013 round table in Brussels &#8226; Rijeka 2020","og_description":"Rijeka 2020 \u2013 European Capital of Culture will participate at the round table Culture-Powered City Diplomacy on March 19, 2019 at the European Parliament in Brussels.","og_url":"https:\/\/ri2020.eu\/en\/culture-powered-city-diplomacy-round-table-in-brussels\/","og_site_name":"Rijeka 2020","article_publisher":"https:\/\/www.facebook.com\/rijeka2020","article_published_time":"2019-03-14T13:33:12+00:00","article_modified_time":"2019-03-14T14:24:35+00:00","og_image":[{"width":1738,"height":978,"url":"https:\/\/rijeka2020.eu\/wp-content\/uploads\/2019\/03\/Culture-Powered-City-Diplomacy-.jpg","type":"image\/jpeg"}],"author":"Rijeka 2020","twitter_card":"summary_large_image","twitter_creator":"@Rijeka2020","twitter_site":"@Rijeka2020","twitter_misc":{"Written by":"Rijeka 2020","Est. reading time":"1 minute"},"schema":{"@context":"https:\/\/schema.org","@graph":[{"@type":"Article","@id":"https:\/\/ri2020.eu\/en\/culture-powered-city-diplomacy-round-table-in-brussels\/#article","isPartOf":{"@id":"https:\/\/ri2020.eu\/en\/culture-powered-city-diplomacy-round-table-in-brussels\/"},"author":{"name":"Rijeka 2020","@id":"https:\/\/rijeka2020.eu\/en\/#\/schema\/person\/9c12d91df8c45bc534f625d9c81f403d"},"headline":"Culture-Powered City Diplomacy \u2013 round table in Brussels","datePublished":"2019-03-14T13:33:12+00:00","dateModified":"2019-03-14T14:24:35+00:00","mainEntityOfPage":{"@id":"https:\/\/ri2020.eu\/en\/culture-powered-city-diplomacy-round-table-in-brussels\/"},"wordCount":251,"publisher":{"@id":"https:\/\/rijeka2020.eu\/en\/#organization"},"image":{"@id":"https:\/\/ri2020.eu\/en\/culture-powered-city-diplomacy-round-table-in-brussels\/#primaryimage"},"thumbnailUrl":"https:\/\/ri2020.eu\/wp-content\/uploads\/2019\/03\/Culture-Powered-City-Diplomacy-.jpg","keywords":["european capital od culture","European Parliament","European Union","Rijeka 2020"],"articleSection":["Cultural Diplomacy","News"],"inLanguage":"en-US"},{"@type":"WebPage","@id":"https:\/\/ri2020.eu\/en\/culture-powered-city-diplomacy-round-table-in-brussels\/","url":"https:\/\/ri2020.eu\/en\/culture-powered-city-diplomacy-round-table-in-brussels\/","name":"Culture-Powered City Diplomacy \u2013 round table in Brussels &#8226; Rijeka 2020","isPartOf":{"@id":"https:\/\/rijeka2020.eu\/en\/#website"},"primaryImageOfPage":{"@id":"https:\/\/ri2020.eu\/en\/culture-powered-city-diplomacy-round-table-in-brussels\/#primaryimage"},"image":{"@id":"https:\/\/ri2020.eu\/en\/culture-powered-city-diplomacy-round-table-in-brussels\/#primaryimage"},"thumbnailUrl":"https:\/\/ri2020.eu\/wp-content\/uploads\/2019\/03\/Culture-Powered-City-Diplomacy-.jpg","datePublished":"2019-03-14T13:33:12+00:00","dateModified":"2019-03-14T14:24:35+00:00","breadcrumb":{"@id":"https:\/\/ri2020.eu\/en\/culture-powered-city-diplomacy-round-table-in-brussels\/#breadcrumb"},"inLanguage":"en-US","potentialAction":[{"@type":"ReadAction","target":["https:\/\/ri2020.eu\/en\/culture-powered-city-diplomacy-round-table-in-brussels\/"]}]},{"@type":"ImageObject","inLanguage":"en-US","@id":"https:\/\/ri2020.eu\/en\/culture-powered-city-diplomacy-round-table-in-brussels\/#primaryimage","url":"https:\/\/ri2020.eu\/wp-content\/uploads\/2019\/03\/Culture-Powered-City-Diplomacy-.jpg","contentUrl":"https:\/\/ri2020.eu\/wp-content\/uploads\/2019\/03\/Culture-Powered-City-Diplomacy-.jpg","width":1738,"height":978},{"@type":"BreadcrumbList","@id":"https:\/\/ri2020.eu\/en\/culture-powered-city-diplomacy-round-table-in-brussels\/#breadcrumb","itemListElement":[{"@type":"ListItem","position":1,"name":"Home","item":"https:\/\/rijeka2020.eu\/en\/"},{"@type":"ListItem","position":2,"name":"Culture-Powered City Diplomacy \u2013 round table in Brussels"}]},{"@type":"WebSite","@id":"https:\/\/rijeka2020.eu\/en\/#website","url":"https:\/\/rijeka2020.eu\/en\/","name":"Rijeka 2020","description":"Europska prijestolnica kulture","publisher":{"@id":"https:\/\/rijeka2020.eu\/en\/#organization"},"potentialAction":[{"@type":"SearchAction","target":{"@type":"EntryPoint","urlTemplate":"https:\/\/rijeka2020.eu\/en\/?s={search_term_string}"},"query-input":{"@type":"PropertyValueSpecification","valueRequired":true,"valueName":"search_term_string"}}],"inLanguage":"en-US"},{"@type":"Organization","@id":"https:\/\/rijeka2020.eu\/en\/#organization","name":"Rijeka 2020 d.o.o.","url":"https:\/\/rijeka2020.eu\/en\/","logo":{"@type":"ImageObject","inLanguage":"en-US","@id":"https:\/\/rijeka2020.eu\/en\/#\/schema\/logo\/image\/","url":"https:\/\/rijeka2020.eu\/wp-content\/uploads\/2018\/07\/Ri2020-logo.png","contentUrl":"https:\/\/rijeka2020.eu\/wp-content\/uploads\/2018\/07\/Ri2020-logo.png","width":407,"height":175,"caption":"Rijeka 2020 d.o.o."},"image":{"@id":"https:\/\/rijeka2020.eu\/en\/#\/schema\/logo\/image\/"},"sameAs":["https:\/\/www.facebook.com\/rijeka2020","https:\/\/x.com\/Rijeka2020","https:\/\/www.instagram.com\/rijeka2020\/","https:\/\/www.youtube.com\/user\/riepk2020"]},{"@type":"Person","@id":"https:\/\/rijeka2020.eu\/en\/#\/schema\/person\/9c12d91df8c45bc534f625d9c81f403d","name":"Rijeka 2020","url":"https:\/\/ri2020.eu\/en\/author\/lsm\/"}]}},"_links":{"self":[{"href":"https:\/\/ri2020.eu\/en\/wp-json\/wp\/v2\/posts\/25904","targetHints":{"allow":["GET"]}}],"collection":[{"href":"https:\/\/ri2020.eu\/en\/wp-json\/wp\/v2\/posts"}],"about":[{"href":"https:\/\/ri2020.eu\/en\/wp-json\/wp\/v2\/types\/post"}],"author":[{"embeddable":true,"href":"https:\/\/ri2020.eu\/en\/wp-json\/wp\/v2\/users\/72"}],"replies":[{"embeddable":true,"href":"https:\/\/ri2020.eu\/en\/wp-json\/wp\/v2\/comments?post=25904"}],"version-history":[{"count":0,"href":"https:\/\/ri2020.eu\/en\/wp-json\/wp\/v2\/posts\/25904\/revisions"}],"wp:featuredmedia":[{"embeddable":true,"href":"https:\/\/ri2020.eu\/en\/wp-json\/wp\/v2\/media\/25867"}],"wp:attachment":[{"href":"https:\/\/ri2020.eu\/en\/wp-json\/wp\/v2\/media?parent=25904"}],"wp:term":[{"taxonomy":"category","embeddable":true,"href":"https:\/\/ri2020.eu\/en\/wp-json\/wp\/v2\/categories?post=25904"},{"taxonomy":"post_tag","embeddable":true,"href":"https:\/\/ri2020.eu\/en\/wp-json\/wp\/v2\/tags?post=25904"}],"curies":[{"name":"wp","href":"https:\/\/api.w.org\/{rel}","templated":true}]}}