{"id":25212,"date":"2019-02-18T14:27:12","date_gmt":"2019-02-18T13:27:12","guid":{"rendered":"https:\/\/rijeka2020.eu\/?p=25212"},"modified":"2019-02-26T17:11:41","modified_gmt":"2019-02-26T16:11:41","slug":"rijeka-2020-european-capital-of-culture-presents-the-art-programme-at-three-different-locations-in-belgrade","status":"publish","type":"post","link":"https:\/\/ri2020.eu\/en\/rijeka-2020-european-capital-of-culture-presents-the-art-programme-at-three-different-locations-in-belgrade\/","title":{"rendered":"Rijeka 2020 \u2013 European Capital of Culture presents the art programme at three different locations in Belgrade"},"content":{"rendered":"<p>The project will present the <em>Kitchen <\/em>flagship, which has conceived a special art programme delivered through three identity themes: shipbuilding, music and gastronomy, at three locations in Belgrade &#8211; the Belgrade Cultural Centre, Grad Cultural Centre and Elektropionir.<\/p>\n<p>The <em>Kitchen <\/em>is a platform for dealing with the traumatic experiences of contemporary and historical migrations that develop and modify the cultural specifics of global communities and whose programmes encompass various areas of cultural and social activity (music, literature, audio-visual activities, innovative artistic and cultural practices, gastronomy, football).<\/p>\n<p><strong>Rijeka 2020 \u2013 European Capital of Culture in Belgrade event schedule<\/strong><\/p>\n<p><strong>THURSDAY, 14 March<\/strong><br \/>\n<strong>Noon \/\/ Belgrade Cultural Centre \/\/ Presentation of the Rijeka 2020 \u2013 European Capital of Culture project <\/strong><br \/>\n<strong>7 pm \/\/ Podroom Gallery \/\/ &#8220;Moment of Silence\u201c exhibition by Nadija Mustapi\u0107 &amp; Toni Me\u0161trovi\u0107 and the Relationship Between Ships and Champagne slide show by Petar Trinajsti\u0107<\/strong><strong>\u00a0<\/strong><\/p>\n<p><strong>Opening of the &#8220;Moment of Silence\u201c exhibition by Nadija Mustapi\u0107 &amp; Toni Me\u0161trovi\u0107<\/strong><br \/>\nMoment of Silence is a joint effort by Nadija Mustapi\u0107 and Toni Me\u0161trovi\u0107, two video artists from Rijeka and Split respectively. It was made during 2012 and 2013 by shooting on-site footage at the 3 May and Brodosplit shipyards and cooperating with the workers themselves. The audio and video material shot at the shipyards in Split and Rijeka were edited into a multichannel installation that will be shown in the gallery area on eight audio and five video channels.<br \/>\nMoment of Silence questions the translation of individual work values into local tradition and production, which directly relates to national or global economies. Behind the topical economic and political subject of shipyard privatisation and the demise of the Croatian shipbuilding tradition lies the socially marginalised and intensive labour to which the workers are subjected during the manufacturing process. This places the people, their movements, the shaping of space, their actions and gestures at the forefront. The aim of the project is to draw attention to specific skills, individual efforts and work processes that comprise a whole tradition, yet remain overlooked in the context of the wider public debate on the future of shipbuilding in the region, which has been severely jeopardised at the moment. The red thread of the project alluded to in its name denotes such topics as the frailty of identity, existential and economic uncertainty and the post-transitional desolation wreaked by the imposed privatisation of social resources as a reflection of an issue that transcends local boundaries.<\/p>\n<p><img loading=\"lazy\" decoding=\"async\" class=\"alignnone size-medium wp-image-25108\" src=\"https:\/\/rijeka2020.eu\/wp-content\/uploads\/2019\/02\/Mustapi\u0107-Me\u0161trovi\u0107-Minuta-\u0161utnje-248x165.jpg\" alt=\"\" width=\"248\" height=\"165\" srcset=\"https:\/\/ri2020.eu\/wp-content\/uploads\/2019\/02\/Mustapi\u0107-Me\u0161trovi\u0107-Minuta-\u0161utnje-248x165.jpg 248w, https:\/\/ri2020.eu\/wp-content\/uploads\/2019\/02\/Mustapi\u0107-Me\u0161trovi\u0107-Minuta-\u0161utnje-768x512.jpg 768w, https:\/\/ri2020.eu\/wp-content\/uploads\/2019\/02\/Mustapi\u0107-Me\u0161trovi\u0107-Minuta-\u0161utnje-250x167.jpg 250w, https:\/\/ri2020.eu\/wp-content\/uploads\/2019\/02\/Mustapi\u0107-Me\u0161trovi\u0107-Minuta-\u0161utnje-420x280.jpg 420w, https:\/\/ri2020.eu\/wp-content\/uploads\/2019\/02\/Mustapi\u0107-Me\u0161trovi\u0107-Minuta-\u0161utnje.jpg 980w\" sizes=\"auto, (max-width: 248px) 100vw, 248px\" \/><\/p>\n<p><strong>Slide Show &#8211; The Relationship Between Ships and Champagne &#8211; Petar Trinajsti\u0107<\/strong><br \/>\nA slide show of photographs of the golden age of Rijeka&#8217;s industry taken by Petar Trinajsti\u0107, one of the most productive photo-chroniclers in Rijeka who has spent his entire working life at the 3 May shipyard. By capturing ship manufacturing and launches, he penetrates below the surface of what is seen with his photo chronicles, selection of motifs, camera angles, exposure of the central theme and an uncanny ability to choose the perfect moment, as if he were an inspired painter. Trinajsti\u0107&#8217;s photos seamlessly transition from mere documentation to memories and visions. Sometimes he embeds commentary (humorous, wistful, sarcastic) or hints of another similar previous interpretation of the same space.<\/p>\n<p><img loading=\"lazy\" decoding=\"async\" class=\"alignnone size-medium wp-image-25110\" src=\"https:\/\/rijeka2020.eu\/wp-content\/uploads\/2019\/02\/3.maj-golubovi-Trinajsti\u0107-255x129.jpg\" alt=\"\" width=\"255\" height=\"129\" srcset=\"https:\/\/ri2020.eu\/wp-content\/uploads\/2019\/02\/3.maj-golubovi-Trinajsti\u0107-255x129.jpg 255w, https:\/\/ri2020.eu\/wp-content\/uploads\/2019\/02\/3.maj-golubovi-Trinajsti\u0107-768x388.jpg 768w, https:\/\/ri2020.eu\/wp-content\/uploads\/2019\/02\/3.maj-golubovi-Trinajsti\u0107-1024x517.jpg 1024w, https:\/\/ri2020.eu\/wp-content\/uploads\/2019\/02\/3.maj-golubovi-Trinajsti\u0107-250x126.jpg 250w, https:\/\/ri2020.eu\/wp-content\/uploads\/2019\/02\/3.maj-golubovi-Trinajsti\u0107-420x212.jpg 420w, https:\/\/ri2020.eu\/wp-content\/uploads\/2019\/02\/3.maj-golubovi-Trinajsti\u0107.jpg 2048w\" sizes=\"auto, (max-width: 255px) 100vw, 255px\" \/><\/p>\n<p><strong>MONDAY, 18 March <\/strong><br \/>\n<strong>7 pm \/\/ Grad Cultural Centre\/\/ Delicacy Monday: Dinner with the Artist <\/strong><br \/>\n<strong>8 pm \/\/ Grad Cultural Centre \/\/ \u201cTake an Artwork Home\u201d interactive exhibition (18 -21 March), Cesare Pietroiusti <\/strong><br \/>\n<strong>Delicacy Monday: Dinner with the Artist <\/strong><\/p>\n<p>The international visual concept artist Tomislav Brajnovi\u0107, in cooperation with the musician Igor Anjoli, invites the people of Belgrade to Rijeka with &#8220;Cod stew&#8221; or &#8220;Bora wind-dried sausages in sauerkraut&#8221;, which are typical working-class dishes from the coastal region that will be prepared and served in an attempt to break away from artistic pretension and formality by making direct contact with the audience \u2013 that is friends, old and new.<br \/>\nTomislav Brajnovi\u0107 has won a plethora of awards and prizes for his works of art. In 2007, he founded the project gallery Studio Golo Brdo, which he has been active ever since. The oeuvre of this uncompromising artist has always provided socially aware commentary on the contemporary status quo. He will recreate his &#8220;Dinner with the Artist&#8221; concept for the audience in Belgrade. Fret not, it&#8217;s not conceptual \u2013 Brajnovi\u0107 and Anjoli will literally be cooking.<\/p>\n<p><strong>&#8220;Take an Artwork Home&#8221; exhibition<\/strong><br \/>\nTransitional possession is the work of the Italian concept artist Cesarea Pietroiusti, which is produced by the SIZ Gallery in Rijeka. He has made 500 artworks using the techniques of INA Delta 5 oil painting and the rust of the 3 May shipyard on paper, which visitors and art lovers will be able to take home with them for free. The artworks are unique, numbered and signed and their possession depends on conditions set by the artist himself.<br \/>\nCesare Pietroiusti was born in Rome in 1955. He is the co-founder of the artist-run space &#8220;Jartrakor&#8221; in Rome, as well as the magazine &#8220;Rivista di Psicologia dell&#8217;Arte&#8221; (1979-1984). He is also one of the coordinators of the &#8220;Oreste\u201d project (1997-2001). He was the co-creator of the &#8220;Nomads &amp; Residents\u201d programme in New York. He taught and ran an art lab at the IUAV University of Architecture in Venice. He has developed numerous platforms and art communities for alternative art production and knowledge sharing.<\/p>\n<p><strong>WEDNESDAY, 20 March<\/strong><br \/>\n<strong>7 pm \/\/ Grad Cultural Centre\/\/ Movie programme, panel and listening party<\/strong><br \/>\nFilms: Tito in Kraljevica, The Years of Rust, Spectre<br \/>\nPanel: Andrej Korovljev and Ivan Salati\u0107<br \/>\nRi-Rock listening party &#8211; DJ LI\u010cO<\/p>\n<p>When one &#8220;does not have to live, but has to sail&#8221;, then ships also have to be built in the Adriatic. By showing the films \u201cTito in Kraljevica\u201d by the Belgrade- and Rijeka-based director Nikola Lorencin, \u201cThe Years of Rust\u201d by Andrej Korovljev and \u201cSpectre\u201d by Ibro Hasanovi\u0107, along with an accompanying discussion with the authors Andrej Korovljev and Ivan Salati\u0107 at the Grad Cultural Centre, we will tackle the burning topic of abandoning shipbuilding \u2013 the most important branch of the regional economy that has been woven into the history of Mediterranean societies. With this programme, we will try to explain what caused the shipbuilding crisis and how it affected the economic and class relationships in our societies.<\/p>\n<p><strong>Nikola Lorencin, Tito in Kraljevica<\/strong> \u2013 \u00a01975 Duration: 16 minutes, Film 16mm \/ colour \/ sound. Director: Nikola Lorencin, camera: Ervin Debeuc, contributors: Vlado Kauzlari\u0107, Josip Brn\u010di\u0107, Ivo Lauren\u010di\u0107, Petar Aran\u0111elovi\u0107, Du\u0161an Alek\u0161i, Dajana Bauman, Viktor Penezi\u0107, Dario Ottaviani and Mihael Sobolovski. Through conversations with the workers and those who met Tito while he worked at the shipyard, this documentary on Tito&#8217;s shipyard in Kraljevica near Rijeka clearly shows history repeating itself from a present perspective. It discusses the capitalist shipbuilding crisis of the late 1920s, the bankruptcy of shipyards, strikes and the revolutionary struggle of the unions.<br \/>\n<strong>Andrej Korovljev, The Years of Rust<\/strong> \u2013 2000 Duration: 36 minutes \u2013 Documentary on the abysmal working conditions at the Uljanik shipyard in Pula and the unscrupulous exploitation of workers under the guise of privatisation. A story about people who spent their entire working lives behind the walls of the Uljanik shipyard in Pula doing the hardest and most dangerous job in shipbuilding &#8211; applying anti-corrosion coating. The dust, rust, toxic fumes, subhuman working conditions and no days off slowly transformed these people into jaded working machines. Shrouded under the guise of privatisation, their unscrupulous exploitation left them completely bereft of pride and dignity.<br \/>\n<strong>Ibro Hasanovi\u0107, Spectre<\/strong> \u2013 2013 Duration: 7 minutes \u2013 An experimental film about the relationship between industrialisation and modernity told through the story of the \u201cspectre\u201d of Tito&#8217;s abandoned yacht Galeb, which is located in Rijeka.<\/p>\n<p><strong>The &#8220;And the Ships Keep On Sailing\u201c panel discussion with Andrej Korovljev and Ivan Salati\u0107<\/strong><br \/>\nThe role of art and film in the process of deconstructing the ideological paradigms of the crony capitalist model prevalent in the region, as well as the chronicles of endless transitional privatisation processes in the former Yugoslav countries, will be discussed by Andrej Korovljev and Ivan Salati\u0107, the director of the well-received film You Have the Night, which deals with the effects of the devastating privatisation economy that has led to the demise of erstwhile industrial giants (such as shipyards), the consequence of which is the deplorable increase in poverty in the societies of the Adriatic region.<\/p>\n<p><strong>Ri Rock Listening Party \u2013 DJ Vanja Kauzlari\u0107 Li\u010do <\/strong><br \/>\nThe Ri Rock Festival is celebrating its 40th anniversary this year. It is the oldest music and cultural event of its kind in Croatia and has been traditionally held in Rijeka since 1979. The eponymous Ri Rock association was founded in 2006. Through its well-known cultural and social activities, events, festivals, music workshops, projects and regular programmes, it provides a much-needed alternative to consumerist culture and strives to satisfy the needs and interests of young people by offering a different attitude and path, allowing them to leave a mark on society, enhancing the scene and encouraging their inclusion in urban musical culture at a local and international level.<\/p>\n<p><strong>THURSDAY, 21 March <\/strong><br \/>\n<strong>5-6 pm \/\/ Belgrade Cultural Centre \u2013 Podroom Gallery\/\/ Guided tour of the Moment of Silence exhibition <\/strong><br \/>\n<strong>9 pm \/\/ Elektropionir \/\/ Contact conference\/festival and concert performance for fans \u2013 FIT (RI)<\/strong><br \/>\n<strong>Contact Conference\/Festival and Concert Performance for Fans \u2013 FIT (RI)<\/strong><\/p>\n<p>This time it was trauma, as well as the dragging normalisation of regional relations, that was instrumental in making the band Fit a symbol of the irrational rejection of the indissoluble cultural ties between the Yugoslav peoples in the turbulent 90s. The band that expanded its fanbase in the mid- and late 80s with catchy pop tunes still remains one of the most successful imports of the Rijeka scene in the regional market. By not being afraid to be labelled &#8220;commercial&#8221;, which was a much-maligned epithet among second- and third-wave punk and alternative rock bands from Rijeka at the time, Fit paved its way into the Yugoslav market with a brand of pop emphasised by a tight guitar sound and solid singalong lyrics. The band members were lyricist Miro Te\u0161evi\u0107, songwriter Zorko Opa\u010di\u0107, singer Davor Lukas-Bajo and drummer Dean Benzia. Unlike many of their generational counterparts, Fit released two albums during that period &#8211; &#8220;Uz Rijeku&#8221; (&#8220;With Rijeka&#8221; &#8211; 1988) and &#8220;Daj mi ruku&#8221; (&#8220;Give Me Your Hand&#8221; &#8211; 1989), which contained fan favourites such as &#8220;Ma\u010dka (&#8220;Cat&#8221;) and &#8220;Rijeka&#8221;, as well as &#8220;Zvoni telefon&#8221; (&#8220;Hanging on the Telephone&#8221;) and &#8220;Zaboravit \u0107u sve&#8221; (I&#8217;ll Forget Everything&#8221;). The album &#8220;Uz Rijeku&#8221; was produced by Mladen Mladenovi\u0107, the frontman of the cult band Ekaterina Velika, in which he also played guitar along with Zvonko \u0110uki\u0107-\u0110ule, the founder of the very popular Belgrade band Van Gogh.<\/p>\n<p><img loading=\"lazy\" decoding=\"async\" class=\"alignnone size-medium wp-image-25114\" src=\"https:\/\/rijeka2020.eu\/wp-content\/uploads\/2019\/02\/Fit-249x165.jpg\" alt=\"\" width=\"249\" height=\"165\" srcset=\"https:\/\/ri2020.eu\/wp-content\/uploads\/2019\/02\/Fit-249x165.jpg 249w, https:\/\/ri2020.eu\/wp-content\/uploads\/2019\/02\/Fit-250x166.jpg 250w, https:\/\/ri2020.eu\/wp-content\/uploads\/2019\/02\/Fit-420x278.jpg 420w, https:\/\/ri2020.eu\/wp-content\/uploads\/2019\/02\/Fit.jpg 474w\" sizes=\"auto, (max-width: 249px) 100vw, 249px\" \/><\/p>\n<p><strong>FRIDAY, 22 March <\/strong><br \/>\n<strong>11 pm \/\/ Grad Cultural Centre \/\/ Mile Loves Disco<\/strong><\/p>\n<p>Mile Loves Disco is a playlist, a series of parties &#8211; some might even dare call it a brand. The \u201cguilty pleasure\u201d of Elektrana&#8217;s favourite Mile Hund, a list of underground disco hits from the late 70s and early 80s. Prompted by the excellent cooperation with Mr. Brown Sugar, it took on a life of its own in 2011 at Club Discordia in Rijeka as a spin-off of the two-year Mishu Mitsubishu disco-funk parties.<\/p>\n<p>&nbsp;<\/p>\n<p>&nbsp;<\/p>\n","protected":false},"excerpt":{"rendered":"<p>The Rijeka 2020 \u2013 European Capital of Culture project will be showcased in Belgrade from 14 to 22 March 2019.<\/p>\n","protected":false},"author":72,"featured_media":25216,"comment_status":"closed","ping_status":"closed","sticky":false,"template":"","format":"standard","meta":{"_acf_changed":false,"footnotes":""},"categories":[2959,2731],"tags":[4172,4169],"class_list":["post-25212","post","type-post","status-publish","format-standard","has-post-thumbnail","hentry","category-kitchen-of-diversity","category-news","tag-belgrade-en","tag-rijeka-2020-en-3-en"],"acf":[],"yoast_head":"<!-- This site is optimized with the Yoast SEO plugin v26.8 - https:\/\/yoast.com\/product\/yoast-seo-wordpress\/ -->\n<title>Rijeka 2020 \u2013 European Capital of Culture presents the art programme at three different locations in Belgrade &#8226; Rijeka 2020<\/title>\n<meta name=\"robots\" content=\"index, follow, max-snippet:-1, max-image-preview:large, max-video-preview:-1\" \/>\n<link rel=\"canonical\" href=\"https:\/\/ri2020.eu\/en\/rijeka-2020-european-capital-of-culture-presents-the-art-programme-at-three-different-locations-in-belgrade\/\" \/>\n<meta property=\"og:locale\" content=\"en_US\" \/>\n<meta property=\"og:type\" content=\"article\" \/>\n<meta property=\"og:title\" content=\"Rijeka 2020 \u2013 European Capital of Culture presents the art programme at three different locations in Belgrade &#8226; Rijeka 2020\" \/>\n<meta property=\"og:description\" content=\"The Rijeka 2020 \u2013 European Capital of Culture project will be showcased in Belgrade from 14 to 22 March 2019.\" \/>\n<meta property=\"og:url\" content=\"https:\/\/ri2020.eu\/en\/rijeka-2020-european-capital-of-culture-presents-the-art-programme-at-three-different-locations-in-belgrade\/\" \/>\n<meta property=\"og:site_name\" content=\"Rijeka 2020\" \/>\n<meta property=\"article:publisher\" content=\"https:\/\/www.facebook.com\/rijeka2020\" \/>\n<meta property=\"article:published_time\" content=\"2019-02-18T13:27:12+00:00\" \/>\n<meta property=\"article:modified_time\" content=\"2019-02-26T16:11:41+00:00\" \/>\n<meta property=\"og:image\" content=\"https:\/\/ri2020.eu\/wp-content\/uploads\/2019\/02\/Predstavljanje-u-Beogradu-Petar-Trinajsti\u0107-1024x682-1.jpg\" \/>\n\t<meta property=\"og:image:width\" content=\"1024\" \/>\n\t<meta property=\"og:image:height\" content=\"682\" \/>\n\t<meta property=\"og:image:type\" content=\"image\/jpeg\" \/>\n<meta name=\"author\" content=\"Rijeka 2020\" \/>\n<meta name=\"twitter:card\" content=\"summary_large_image\" \/>\n<meta name=\"twitter:creator\" content=\"@Rijeka2020\" \/>\n<meta name=\"twitter:site\" content=\"@Rijeka2020\" \/>\n<meta name=\"twitter:label1\" content=\"Written by\" \/>\n\t<meta name=\"twitter:data1\" content=\"Rijeka 2020\" \/>\n\t<meta name=\"twitter:label2\" content=\"Est. reading time\" \/>\n\t<meta name=\"twitter:data2\" content=\"9 minutes\" \/>\n<script type=\"application\/ld+json\" class=\"yoast-schema-graph\">{\"@context\":\"https:\/\/schema.org\",\"@graph\":[{\"@type\":\"Article\",\"@id\":\"https:\/\/ri2020.eu\/en\/rijeka-2020-european-capital-of-culture-presents-the-art-programme-at-three-different-locations-in-belgrade\/#article\",\"isPartOf\":{\"@id\":\"https:\/\/ri2020.eu\/en\/rijeka-2020-european-capital-of-culture-presents-the-art-programme-at-three-different-locations-in-belgrade\/\"},\"author\":{\"name\":\"Rijeka 2020\",\"@id\":\"https:\/\/ri2020.eu\/en\/#\/schema\/person\/9c12d91df8c45bc534f625d9c81f403d\"},\"headline\":\"Rijeka 2020 \u2013 European Capital of Culture presents the art programme at three different locations in Belgrade\",\"datePublished\":\"2019-02-18T13:27:12+00:00\",\"dateModified\":\"2019-02-26T16:11:41+00:00\",\"mainEntityOfPage\":{\"@id\":\"https:\/\/ri2020.eu\/en\/rijeka-2020-european-capital-of-culture-presents-the-art-programme-at-three-different-locations-in-belgrade\/\"},\"wordCount\":1846,\"publisher\":{\"@id\":\"https:\/\/ri2020.eu\/en\/#organization\"},\"image\":{\"@id\":\"https:\/\/ri2020.eu\/en\/rijeka-2020-european-capital-of-culture-presents-the-art-programme-at-three-different-locations-in-belgrade\/#primaryimage\"},\"thumbnailUrl\":\"https:\/\/ri2020.eu\/wp-content\/uploads\/2019\/02\/Predstavljanje-u-Beogradu-Petar-Trinajsti\u0107-1024x682-1.jpg\",\"keywords\":[\"Belgrade\",\"Rijeka 2020\"],\"articleSection\":[\"Kitchen of Diversity\",\"News\"],\"inLanguage\":\"en-US\"},{\"@type\":\"WebPage\",\"@id\":\"https:\/\/ri2020.eu\/en\/rijeka-2020-european-capital-of-culture-presents-the-art-programme-at-three-different-locations-in-belgrade\/\",\"url\":\"https:\/\/ri2020.eu\/en\/rijeka-2020-european-capital-of-culture-presents-the-art-programme-at-three-different-locations-in-belgrade\/\",\"name\":\"Rijeka 2020 \u2013 European Capital of Culture presents the art programme at three different locations in Belgrade &#8226; Rijeka 2020\",\"isPartOf\":{\"@id\":\"https:\/\/ri2020.eu\/en\/#website\"},\"primaryImageOfPage\":{\"@id\":\"https:\/\/ri2020.eu\/en\/rijeka-2020-european-capital-of-culture-presents-the-art-programme-at-three-different-locations-in-belgrade\/#primaryimage\"},\"image\":{\"@id\":\"https:\/\/ri2020.eu\/en\/rijeka-2020-european-capital-of-culture-presents-the-art-programme-at-three-different-locations-in-belgrade\/#primaryimage\"},\"thumbnailUrl\":\"https:\/\/ri2020.eu\/wp-content\/uploads\/2019\/02\/Predstavljanje-u-Beogradu-Petar-Trinajsti\u0107-1024x682-1.jpg\",\"datePublished\":\"2019-02-18T13:27:12+00:00\",\"dateModified\":\"2019-02-26T16:11:41+00:00\",\"breadcrumb\":{\"@id\":\"https:\/\/ri2020.eu\/en\/rijeka-2020-european-capital-of-culture-presents-the-art-programme-at-three-different-locations-in-belgrade\/#breadcrumb\"},\"inLanguage\":\"en-US\",\"potentialAction\":[{\"@type\":\"ReadAction\",\"target\":[\"https:\/\/ri2020.eu\/en\/rijeka-2020-european-capital-of-culture-presents-the-art-programme-at-three-different-locations-in-belgrade\/\"]}]},{\"@type\":\"ImageObject\",\"inLanguage\":\"en-US\",\"@id\":\"https:\/\/ri2020.eu\/en\/rijeka-2020-european-capital-of-culture-presents-the-art-programme-at-three-different-locations-in-belgrade\/#primaryimage\",\"url\":\"https:\/\/ri2020.eu\/wp-content\/uploads\/2019\/02\/Predstavljanje-u-Beogradu-Petar-Trinajsti\u0107-1024x682-1.jpg\",\"contentUrl\":\"https:\/\/ri2020.eu\/wp-content\/uploads\/2019\/02\/Predstavljanje-u-Beogradu-Petar-Trinajsti\u0107-1024x682-1.jpg\",\"width\":1024,\"height\":682},{\"@type\":\"BreadcrumbList\",\"@id\":\"https:\/\/ri2020.eu\/en\/rijeka-2020-european-capital-of-culture-presents-the-art-programme-at-three-different-locations-in-belgrade\/#breadcrumb\",\"itemListElement\":[{\"@type\":\"ListItem\",\"position\":1,\"name\":\"Home\",\"item\":\"https:\/\/ri2020.eu\/en\/\"},{\"@type\":\"ListItem\",\"position\":2,\"name\":\"Rijeka 2020 \u2013 European Capital of Culture presents the art programme at three different locations in Belgrade\"}]},{\"@type\":\"WebSite\",\"@id\":\"https:\/\/ri2020.eu\/en\/#website\",\"url\":\"https:\/\/ri2020.eu\/en\/\",\"name\":\"Rijeka 2020\",\"description\":\"Europska prijestolnica kulture\",\"publisher\":{\"@id\":\"https:\/\/ri2020.eu\/en\/#organization\"},\"potentialAction\":[{\"@type\":\"SearchAction\",\"target\":{\"@type\":\"EntryPoint\",\"urlTemplate\":\"https:\/\/ri2020.eu\/en\/?s={search_term_string}\"},\"query-input\":{\"@type\":\"PropertyValueSpecification\",\"valueRequired\":true,\"valueName\":\"search_term_string\"}}],\"inLanguage\":\"en-US\"},{\"@type\":\"Organization\",\"@id\":\"https:\/\/ri2020.eu\/en\/#organization\",\"name\":\"Rijeka 2020 d.o.o.\",\"url\":\"https:\/\/ri2020.eu\/en\/\",\"logo\":{\"@type\":\"ImageObject\",\"inLanguage\":\"en-US\",\"@id\":\"https:\/\/ri2020.eu\/en\/#\/schema\/logo\/image\/\",\"url\":\"https:\/\/rijeka2020.eu\/wp-content\/uploads\/2018\/07\/Ri2020-logo.png\",\"contentUrl\":\"https:\/\/rijeka2020.eu\/wp-content\/uploads\/2018\/07\/Ri2020-logo.png\",\"width\":407,\"height\":175,\"caption\":\"Rijeka 2020 d.o.o.\"},\"image\":{\"@id\":\"https:\/\/ri2020.eu\/en\/#\/schema\/logo\/image\/\"},\"sameAs\":[\"https:\/\/www.facebook.com\/rijeka2020\",\"https:\/\/x.com\/Rijeka2020\",\"https:\/\/www.instagram.com\/rijeka2020\/\",\"https:\/\/www.youtube.com\/user\/riepk2020\"]},{\"@type\":\"Person\",\"@id\":\"https:\/\/ri2020.eu\/en\/#\/schema\/person\/9c12d91df8c45bc534f625d9c81f403d\",\"name\":\"Rijeka 2020\",\"url\":\"https:\/\/ri2020.eu\/en\/author\/lsm\/\"}]}<\/script>\n<!-- \/ Yoast SEO plugin. -->","yoast_head_json":{"title":"Rijeka 2020 \u2013 European Capital of Culture presents the art programme at three different locations in Belgrade &#8226; Rijeka 2020","robots":{"index":"index","follow":"follow","max-snippet":"max-snippet:-1","max-image-preview":"max-image-preview:large","max-video-preview":"max-video-preview:-1"},"canonical":"https:\/\/ri2020.eu\/en\/rijeka-2020-european-capital-of-culture-presents-the-art-programme-at-three-different-locations-in-belgrade\/","og_locale":"en_US","og_type":"article","og_title":"Rijeka 2020 \u2013 European Capital of Culture presents the art programme at three different locations in Belgrade &#8226; Rijeka 2020","og_description":"The Rijeka 2020 \u2013 European Capital of Culture project will be showcased in Belgrade from 14 to 22 March 2019.","og_url":"https:\/\/ri2020.eu\/en\/rijeka-2020-european-capital-of-culture-presents-the-art-programme-at-three-different-locations-in-belgrade\/","og_site_name":"Rijeka 2020","article_publisher":"https:\/\/www.facebook.com\/rijeka2020","article_published_time":"2019-02-18T13:27:12+00:00","article_modified_time":"2019-02-26T16:11:41+00:00","og_image":[{"width":1024,"height":682,"url":"https:\/\/ri2020.eu\/wp-content\/uploads\/2019\/02\/Predstavljanje-u-Beogradu-Petar-Trinajsti\u0107-1024x682-1.jpg","type":"image\/jpeg"}],"author":"Rijeka 2020","twitter_card":"summary_large_image","twitter_creator":"@Rijeka2020","twitter_site":"@Rijeka2020","twitter_misc":{"Written by":"Rijeka 2020","Est. reading time":"9 minutes"},"schema":{"@context":"https:\/\/schema.org","@graph":[{"@type":"Article","@id":"https:\/\/ri2020.eu\/en\/rijeka-2020-european-capital-of-culture-presents-the-art-programme-at-three-different-locations-in-belgrade\/#article","isPartOf":{"@id":"https:\/\/ri2020.eu\/en\/rijeka-2020-european-capital-of-culture-presents-the-art-programme-at-three-different-locations-in-belgrade\/"},"author":{"name":"Rijeka 2020","@id":"https:\/\/ri2020.eu\/en\/#\/schema\/person\/9c12d91df8c45bc534f625d9c81f403d"},"headline":"Rijeka 2020 \u2013 European Capital of Culture presents the art programme at three different locations in Belgrade","datePublished":"2019-02-18T13:27:12+00:00","dateModified":"2019-02-26T16:11:41+00:00","mainEntityOfPage":{"@id":"https:\/\/ri2020.eu\/en\/rijeka-2020-european-capital-of-culture-presents-the-art-programme-at-three-different-locations-in-belgrade\/"},"wordCount":1846,"publisher":{"@id":"https:\/\/ri2020.eu\/en\/#organization"},"image":{"@id":"https:\/\/ri2020.eu\/en\/rijeka-2020-european-capital-of-culture-presents-the-art-programme-at-three-different-locations-in-belgrade\/#primaryimage"},"thumbnailUrl":"https:\/\/ri2020.eu\/wp-content\/uploads\/2019\/02\/Predstavljanje-u-Beogradu-Petar-Trinajsti\u0107-1024x682-1.jpg","keywords":["Belgrade","Rijeka 2020"],"articleSection":["Kitchen of Diversity","News"],"inLanguage":"en-US"},{"@type":"WebPage","@id":"https:\/\/ri2020.eu\/en\/rijeka-2020-european-capital-of-culture-presents-the-art-programme-at-three-different-locations-in-belgrade\/","url":"https:\/\/ri2020.eu\/en\/rijeka-2020-european-capital-of-culture-presents-the-art-programme-at-three-different-locations-in-belgrade\/","name":"Rijeka 2020 \u2013 European Capital of Culture presents the art programme at three different locations in Belgrade &#8226; Rijeka 2020","isPartOf":{"@id":"https:\/\/ri2020.eu\/en\/#website"},"primaryImageOfPage":{"@id":"https:\/\/ri2020.eu\/en\/rijeka-2020-european-capital-of-culture-presents-the-art-programme-at-three-different-locations-in-belgrade\/#primaryimage"},"image":{"@id":"https:\/\/ri2020.eu\/en\/rijeka-2020-european-capital-of-culture-presents-the-art-programme-at-three-different-locations-in-belgrade\/#primaryimage"},"thumbnailUrl":"https:\/\/ri2020.eu\/wp-content\/uploads\/2019\/02\/Predstavljanje-u-Beogradu-Petar-Trinajsti\u0107-1024x682-1.jpg","datePublished":"2019-02-18T13:27:12+00:00","dateModified":"2019-02-26T16:11:41+00:00","breadcrumb":{"@id":"https:\/\/ri2020.eu\/en\/rijeka-2020-european-capital-of-culture-presents-the-art-programme-at-three-different-locations-in-belgrade\/#breadcrumb"},"inLanguage":"en-US","potentialAction":[{"@type":"ReadAction","target":["https:\/\/ri2020.eu\/en\/rijeka-2020-european-capital-of-culture-presents-the-art-programme-at-three-different-locations-in-belgrade\/"]}]},{"@type":"ImageObject","inLanguage":"en-US","@id":"https:\/\/ri2020.eu\/en\/rijeka-2020-european-capital-of-culture-presents-the-art-programme-at-three-different-locations-in-belgrade\/#primaryimage","url":"https:\/\/ri2020.eu\/wp-content\/uploads\/2019\/02\/Predstavljanje-u-Beogradu-Petar-Trinajsti\u0107-1024x682-1.jpg","contentUrl":"https:\/\/ri2020.eu\/wp-content\/uploads\/2019\/02\/Predstavljanje-u-Beogradu-Petar-Trinajsti\u0107-1024x682-1.jpg","width":1024,"height":682},{"@type":"BreadcrumbList","@id":"https:\/\/ri2020.eu\/en\/rijeka-2020-european-capital-of-culture-presents-the-art-programme-at-three-different-locations-in-belgrade\/#breadcrumb","itemListElement":[{"@type":"ListItem","position":1,"name":"Home","item":"https:\/\/ri2020.eu\/en\/"},{"@type":"ListItem","position":2,"name":"Rijeka 2020 \u2013 European Capital of Culture presents the art programme at three different locations in Belgrade"}]},{"@type":"WebSite","@id":"https:\/\/ri2020.eu\/en\/#website","url":"https:\/\/ri2020.eu\/en\/","name":"Rijeka 2020","description":"Europska prijestolnica kulture","publisher":{"@id":"https:\/\/ri2020.eu\/en\/#organization"},"potentialAction":[{"@type":"SearchAction","target":{"@type":"EntryPoint","urlTemplate":"https:\/\/ri2020.eu\/en\/?s={search_term_string}"},"query-input":{"@type":"PropertyValueSpecification","valueRequired":true,"valueName":"search_term_string"}}],"inLanguage":"en-US"},{"@type":"Organization","@id":"https:\/\/ri2020.eu\/en\/#organization","name":"Rijeka 2020 d.o.o.","url":"https:\/\/ri2020.eu\/en\/","logo":{"@type":"ImageObject","inLanguage":"en-US","@id":"https:\/\/ri2020.eu\/en\/#\/schema\/logo\/image\/","url":"https:\/\/rijeka2020.eu\/wp-content\/uploads\/2018\/07\/Ri2020-logo.png","contentUrl":"https:\/\/rijeka2020.eu\/wp-content\/uploads\/2018\/07\/Ri2020-logo.png","width":407,"height":175,"caption":"Rijeka 2020 d.o.o."},"image":{"@id":"https:\/\/ri2020.eu\/en\/#\/schema\/logo\/image\/"},"sameAs":["https:\/\/www.facebook.com\/rijeka2020","https:\/\/x.com\/Rijeka2020","https:\/\/www.instagram.com\/rijeka2020\/","https:\/\/www.youtube.com\/user\/riepk2020"]},{"@type":"Person","@id":"https:\/\/ri2020.eu\/en\/#\/schema\/person\/9c12d91df8c45bc534f625d9c81f403d","name":"Rijeka 2020","url":"https:\/\/ri2020.eu\/en\/author\/lsm\/"}]}},"_links":{"self":[{"href":"https:\/\/ri2020.eu\/en\/wp-json\/wp\/v2\/posts\/25212","targetHints":{"allow":["GET"]}}],"collection":[{"href":"https:\/\/ri2020.eu\/en\/wp-json\/wp\/v2\/posts"}],"about":[{"href":"https:\/\/ri2020.eu\/en\/wp-json\/wp\/v2\/types\/post"}],"author":[{"embeddable":true,"href":"https:\/\/ri2020.eu\/en\/wp-json\/wp\/v2\/users\/72"}],"replies":[{"embeddable":true,"href":"https:\/\/ri2020.eu\/en\/wp-json\/wp\/v2\/comments?post=25212"}],"version-history":[{"count":0,"href":"https:\/\/ri2020.eu\/en\/wp-json\/wp\/v2\/posts\/25212\/revisions"}],"wp:featuredmedia":[{"embeddable":true,"href":"https:\/\/ri2020.eu\/en\/wp-json\/wp\/v2\/media\/25216"}],"wp:attachment":[{"href":"https:\/\/ri2020.eu\/en\/wp-json\/wp\/v2\/media?parent=25212"}],"wp:term":[{"taxonomy":"category","embeddable":true,"href":"https:\/\/ri2020.eu\/en\/wp-json\/wp\/v2\/categories?post=25212"},{"taxonomy":"post_tag","embeddable":true,"href":"https:\/\/ri2020.eu\/en\/wp-json\/wp\/v2\/tags?post=25212"}],"curies":[{"name":"wp","href":"https:\/\/api.w.org\/{rel}","templated":true}]}}