{"id":25119,"date":"2019-02-01T15:11:59","date_gmt":"2019-02-01T14:11:59","guid":{"rendered":"https:\/\/rijeka2020.eu\/?p=25119"},"modified":"2019-03-05T16:44:00","modified_gmt":"2019-03-05T15:44:00","slug":"counting-down-365-days-to-the-moment-when-rijeka-will-receive-the-title-of-european-capital-of-culture-2020","status":"publish","type":"post","link":"https:\/\/ri2020.eu\/en\/counting-down-365-days-to-the-moment-when-rijeka-will-receive-the-title-of-european-capital-of-culture-2020\/","title":{"rendered":"Counting down 365 days to the moment when Rijeka will receive the title of European Capital of Culture 2020"},"content":{"rendered":"<p>Employees of the 3 May shipyard participated in the construction of the 5\u00a0m tall sculpture that plays the <em>Ode to Joy<\/em>. Also present at the unveiling was Vedran Kasap of Clinica Studio, who was pleased that the sculpture was skillfully crafted and has seamlessly blended with the surroundings. The Director of Rijeka 2020 Emina Vi\u0161ni\u0107 and the Mayor of Rijeka Vojko Obersnel addressed the crowd with the latter pointing out the significance of the sculpture&#8217;s symbolism, conveying the message that every piece of the European Capital of Culture puzzle is equally important. At noon sharp, the pupils of the Nikola Tesla Primary School released balloons into the air and pulled the lever on the counter that started counting down a year until the opening ceremony of the biggest cultural programme in Croatia.<\/p>\n<p>After publicly gathering at the interactive sculpture,\u00a0a meeting of strategic partners was held at RiHub, including Head of the Rijeka Department of Culture Ivan \u0160arar, Chairman of the County Assembly Erik Fabijani\u0107, Vice-Chancellor of the University of Rijeka Dr Alen Ru\u017ei\u0107, representatives of the Rijeka Tourist Board, members of the <em>PartnerRi<\/em> <em>business club<\/em> and other project partners. The Director of Rijeka 2020\u00a0Emina Vi\u0161ni\u0107 thanked all the partners and team members engaged in preparing the programme: \u2013 <em>We at Rijeka 2020, along with our partners, are very excited and can hardly wait for the opening ceremony, which will surprise you all. I would like to send my regards to everyone who has been working hard with us, day in and day out, and often even night in and night out, on preparing the programme and everything that awaits us in 2020.<\/em><\/p>\n","protected":false},"excerpt":{"rendered":"<p>The unveiling of the interactive sculpture-counter at Jadranski Square in Rijeka and a brief special programme held today at noon marked the beginning of counting down 365 days until the moment Rijeka receives the coveted title of European Capital of Culture.<\/p>\n","protected":false},"author":72,"featured_media":24672,"comment_status":"closed","ping_status":"closed","sticky":false,"template":"","format":"standard","meta":{"_acf_changed":false,"footnotes":""},"categories":[2731],"tags":[4168,3382,4169],"class_list":["post-25119","post","type-post","status-publish","format-standard","has-post-thumbnail","hentry","category-news","tag-countdown-en","tag-european-capital-of-culture-en-3","tag-rijeka-2020-en-3-en"],"acf":[],"yoast_head":"<!-- This site is optimized with the Yoast SEO plugin v26.8 - https:\/\/yoast.com\/product\/yoast-seo-wordpress\/ -->\n<title>Counting down 365 days to the moment when Rijeka will receive the title of European Capital of Culture 2020 &#8226; Rijeka 2020<\/title>\n<meta name=\"robots\" content=\"index, follow, max-snippet:-1, max-image-preview:large, max-video-preview:-1\" \/>\n<link rel=\"canonical\" href=\"https:\/\/ri2020.eu\/en\/counting-down-365-days-to-the-moment-when-rijeka-will-receive-the-title-of-european-capital-of-culture-2020\/\" \/>\n<meta property=\"og:locale\" content=\"en_US\" \/>\n<meta property=\"og:type\" content=\"article\" \/>\n<meta property=\"og:title\" content=\"Counting down 365 days to the moment when Rijeka will receive the title of European Capital of Culture 2020 &#8226; Rijeka 2020\" \/>\n<meta property=\"og:description\" content=\"The unveiling of the interactive sculpture-counter at Jadranski Square in Rijeka and a brief special programme held today at noon marked the beginning of counting down 365 days until the moment Rijeka receives the coveted title of European Capital of Culture.\" \/>\n<meta property=\"og:url\" content=\"https:\/\/ri2020.eu\/en\/counting-down-365-days-to-the-moment-when-rijeka-will-receive-the-title-of-european-capital-of-culture-2020\/\" \/>\n<meta property=\"og:site_name\" content=\"Rijeka 2020\" \/>\n<meta property=\"article:publisher\" content=\"https:\/\/www.facebook.com\/rijeka2020\" \/>\n<meta property=\"article:published_time\" content=\"2019-02-01T14:11:59+00:00\" \/>\n<meta property=\"article:modified_time\" content=\"2019-03-05T15:44:00+00:00\" \/>\n<meta property=\"og:image\" content=\"https:\/\/ri2020.eu\/wp-content\/uploads\/2019\/02\/odbrojavanje-1.jpg\" \/>\n\t<meta property=\"og:image:width\" content=\"960\" \/>\n\t<meta property=\"og:image:height\" content=\"540\" \/>\n\t<meta property=\"og:image:type\" content=\"image\/jpeg\" \/>\n<meta name=\"author\" content=\"Rijeka 2020\" \/>\n<meta name=\"twitter:card\" content=\"summary_large_image\" \/>\n<meta name=\"twitter:creator\" content=\"@Rijeka2020\" \/>\n<meta name=\"twitter:site\" content=\"@Rijeka2020\" \/>\n<meta name=\"twitter:label1\" content=\"Written by\" \/>\n\t<meta name=\"twitter:data1\" content=\"Rijeka 2020\" \/>\n\t<meta name=\"twitter:label2\" content=\"Est. reading time\" \/>\n\t<meta name=\"twitter:data2\" content=\"1 minute\" \/>\n<script type=\"application\/ld+json\" class=\"yoast-schema-graph\">{\"@context\":\"https:\/\/schema.org\",\"@graph\":[{\"@type\":\"Article\",\"@id\":\"https:\/\/ri2020.eu\/en\/counting-down-365-days-to-the-moment-when-rijeka-will-receive-the-title-of-european-capital-of-culture-2020\/#article\",\"isPartOf\":{\"@id\":\"https:\/\/ri2020.eu\/en\/counting-down-365-days-to-the-moment-when-rijeka-will-receive-the-title-of-european-capital-of-culture-2020\/\"},\"author\":{\"name\":\"Rijeka 2020\",\"@id\":\"https:\/\/ri2020.eu\/en\/#\/schema\/person\/9c12d91df8c45bc534f625d9c81f403d\"},\"headline\":\"Counting down 365 days to the moment when Rijeka will receive the title of European Capital of Culture 2020\",\"datePublished\":\"2019-02-01T14:11:59+00:00\",\"dateModified\":\"2019-03-05T15:44:00+00:00\",\"mainEntityOfPage\":{\"@id\":\"https:\/\/ri2020.eu\/en\/counting-down-365-days-to-the-moment-when-rijeka-will-receive-the-title-of-european-capital-of-culture-2020\/\"},\"wordCount\":289,\"publisher\":{\"@id\":\"https:\/\/ri2020.eu\/en\/#organization\"},\"image\":{\"@id\":\"https:\/\/ri2020.eu\/en\/counting-down-365-days-to-the-moment-when-rijeka-will-receive-the-title-of-european-capital-of-culture-2020\/#primaryimage\"},\"thumbnailUrl\":\"https:\/\/ri2020.eu\/wp-content\/uploads\/2019\/02\/odbrojavanje-1.jpg\",\"keywords\":[\"countdown\",\"European Capital of Culture\",\"Rijeka 2020\"],\"articleSection\":[\"News\"],\"inLanguage\":\"en-US\"},{\"@type\":\"WebPage\",\"@id\":\"https:\/\/ri2020.eu\/en\/counting-down-365-days-to-the-moment-when-rijeka-will-receive-the-title-of-european-capital-of-culture-2020\/\",\"url\":\"https:\/\/ri2020.eu\/en\/counting-down-365-days-to-the-moment-when-rijeka-will-receive-the-title-of-european-capital-of-culture-2020\/\",\"name\":\"Counting down 365 days to the moment when Rijeka will receive the title of European Capital of Culture 2020 &#8226; Rijeka 2020\",\"isPartOf\":{\"@id\":\"https:\/\/ri2020.eu\/en\/#website\"},\"primaryImageOfPage\":{\"@id\":\"https:\/\/ri2020.eu\/en\/counting-down-365-days-to-the-moment-when-rijeka-will-receive-the-title-of-european-capital-of-culture-2020\/#primaryimage\"},\"image\":{\"@id\":\"https:\/\/ri2020.eu\/en\/counting-down-365-days-to-the-moment-when-rijeka-will-receive-the-title-of-european-capital-of-culture-2020\/#primaryimage\"},\"thumbnailUrl\":\"https:\/\/ri2020.eu\/wp-content\/uploads\/2019\/02\/odbrojavanje-1.jpg\",\"datePublished\":\"2019-02-01T14:11:59+00:00\",\"dateModified\":\"2019-03-05T15:44:00+00:00\",\"breadcrumb\":{\"@id\":\"https:\/\/ri2020.eu\/en\/counting-down-365-days-to-the-moment-when-rijeka-will-receive-the-title-of-european-capital-of-culture-2020\/#breadcrumb\"},\"inLanguage\":\"en-US\",\"potentialAction\":[{\"@type\":\"ReadAction\",\"target\":[\"https:\/\/ri2020.eu\/en\/counting-down-365-days-to-the-moment-when-rijeka-will-receive-the-title-of-european-capital-of-culture-2020\/\"]}]},{\"@type\":\"ImageObject\",\"inLanguage\":\"en-US\",\"@id\":\"https:\/\/ri2020.eu\/en\/counting-down-365-days-to-the-moment-when-rijeka-will-receive-the-title-of-european-capital-of-culture-2020\/#primaryimage\",\"url\":\"https:\/\/ri2020.eu\/wp-content\/uploads\/2019\/02\/odbrojavanje-1.jpg\",\"contentUrl\":\"https:\/\/ri2020.eu\/wp-content\/uploads\/2019\/02\/odbrojavanje-1.jpg\",\"width\":960,\"height\":540},{\"@type\":\"BreadcrumbList\",\"@id\":\"https:\/\/ri2020.eu\/en\/counting-down-365-days-to-the-moment-when-rijeka-will-receive-the-title-of-european-capital-of-culture-2020\/#breadcrumb\",\"itemListElement\":[{\"@type\":\"ListItem\",\"position\":1,\"name\":\"Home\",\"item\":\"https:\/\/ri2020.eu\/en\/\"},{\"@type\":\"ListItem\",\"position\":2,\"name\":\"Counting down 365 days to the moment when Rijeka will receive the title of European Capital of Culture 2020\"}]},{\"@type\":\"WebSite\",\"@id\":\"https:\/\/ri2020.eu\/en\/#website\",\"url\":\"https:\/\/ri2020.eu\/en\/\",\"name\":\"Rijeka 2020\",\"description\":\"Europska prijestolnica kulture\",\"publisher\":{\"@id\":\"https:\/\/ri2020.eu\/en\/#organization\"},\"potentialAction\":[{\"@type\":\"SearchAction\",\"target\":{\"@type\":\"EntryPoint\",\"urlTemplate\":\"https:\/\/ri2020.eu\/en\/?s={search_term_string}\"},\"query-input\":{\"@type\":\"PropertyValueSpecification\",\"valueRequired\":true,\"valueName\":\"search_term_string\"}}],\"inLanguage\":\"en-US\"},{\"@type\":\"Organization\",\"@id\":\"https:\/\/ri2020.eu\/en\/#organization\",\"name\":\"Rijeka 2020 d.o.o.\",\"url\":\"https:\/\/ri2020.eu\/en\/\",\"logo\":{\"@type\":\"ImageObject\",\"inLanguage\":\"en-US\",\"@id\":\"https:\/\/ri2020.eu\/en\/#\/schema\/logo\/image\/\",\"url\":\"https:\/\/rijeka2020.eu\/wp-content\/uploads\/2018\/07\/Ri2020-logo.png\",\"contentUrl\":\"https:\/\/rijeka2020.eu\/wp-content\/uploads\/2018\/07\/Ri2020-logo.png\",\"width\":407,\"height\":175,\"caption\":\"Rijeka 2020 d.o.o.\"},\"image\":{\"@id\":\"https:\/\/ri2020.eu\/en\/#\/schema\/logo\/image\/\"},\"sameAs\":[\"https:\/\/www.facebook.com\/rijeka2020\",\"https:\/\/x.com\/Rijeka2020\",\"https:\/\/www.instagram.com\/rijeka2020\/\",\"https:\/\/www.youtube.com\/user\/riepk2020\"]},{\"@type\":\"Person\",\"@id\":\"https:\/\/ri2020.eu\/en\/#\/schema\/person\/9c12d91df8c45bc534f625d9c81f403d\",\"name\":\"Rijeka 2020\",\"url\":\"https:\/\/ri2020.eu\/en\/author\/lsm\/\"}]}<\/script>\n<!-- \/ Yoast SEO plugin. -->","yoast_head_json":{"title":"Counting down 365 days to the moment when Rijeka will receive the title of European Capital of Culture 2020 &#8226; Rijeka 2020","robots":{"index":"index","follow":"follow","max-snippet":"max-snippet:-1","max-image-preview":"max-image-preview:large","max-video-preview":"max-video-preview:-1"},"canonical":"https:\/\/ri2020.eu\/en\/counting-down-365-days-to-the-moment-when-rijeka-will-receive-the-title-of-european-capital-of-culture-2020\/","og_locale":"en_US","og_type":"article","og_title":"Counting down 365 days to the moment when Rijeka will receive the title of European Capital of Culture 2020 &#8226; Rijeka 2020","og_description":"The unveiling of the interactive sculpture-counter at Jadranski Square in Rijeka and a brief special programme held today at noon marked the beginning of counting down 365 days until the moment Rijeka receives the coveted title of European Capital of Culture.","og_url":"https:\/\/ri2020.eu\/en\/counting-down-365-days-to-the-moment-when-rijeka-will-receive-the-title-of-european-capital-of-culture-2020\/","og_site_name":"Rijeka 2020","article_publisher":"https:\/\/www.facebook.com\/rijeka2020","article_published_time":"2019-02-01T14:11:59+00:00","article_modified_time":"2019-03-05T15:44:00+00:00","og_image":[{"width":960,"height":540,"url":"https:\/\/ri2020.eu\/wp-content\/uploads\/2019\/02\/odbrojavanje-1.jpg","type":"image\/jpeg"}],"author":"Rijeka 2020","twitter_card":"summary_large_image","twitter_creator":"@Rijeka2020","twitter_site":"@Rijeka2020","twitter_misc":{"Written by":"Rijeka 2020","Est. reading time":"1 minute"},"schema":{"@context":"https:\/\/schema.org","@graph":[{"@type":"Article","@id":"https:\/\/ri2020.eu\/en\/counting-down-365-days-to-the-moment-when-rijeka-will-receive-the-title-of-european-capital-of-culture-2020\/#article","isPartOf":{"@id":"https:\/\/ri2020.eu\/en\/counting-down-365-days-to-the-moment-when-rijeka-will-receive-the-title-of-european-capital-of-culture-2020\/"},"author":{"name":"Rijeka 2020","@id":"https:\/\/ri2020.eu\/en\/#\/schema\/person\/9c12d91df8c45bc534f625d9c81f403d"},"headline":"Counting down 365 days to the moment when Rijeka will receive the title of European Capital of Culture 2020","datePublished":"2019-02-01T14:11:59+00:00","dateModified":"2019-03-05T15:44:00+00:00","mainEntityOfPage":{"@id":"https:\/\/ri2020.eu\/en\/counting-down-365-days-to-the-moment-when-rijeka-will-receive-the-title-of-european-capital-of-culture-2020\/"},"wordCount":289,"publisher":{"@id":"https:\/\/ri2020.eu\/en\/#organization"},"image":{"@id":"https:\/\/ri2020.eu\/en\/counting-down-365-days-to-the-moment-when-rijeka-will-receive-the-title-of-european-capital-of-culture-2020\/#primaryimage"},"thumbnailUrl":"https:\/\/ri2020.eu\/wp-content\/uploads\/2019\/02\/odbrojavanje-1.jpg","keywords":["countdown","European Capital of Culture","Rijeka 2020"],"articleSection":["News"],"inLanguage":"en-US"},{"@type":"WebPage","@id":"https:\/\/ri2020.eu\/en\/counting-down-365-days-to-the-moment-when-rijeka-will-receive-the-title-of-european-capital-of-culture-2020\/","url":"https:\/\/ri2020.eu\/en\/counting-down-365-days-to-the-moment-when-rijeka-will-receive-the-title-of-european-capital-of-culture-2020\/","name":"Counting down 365 days to the moment when Rijeka will receive the title of European Capital of Culture 2020 &#8226; Rijeka 2020","isPartOf":{"@id":"https:\/\/ri2020.eu\/en\/#website"},"primaryImageOfPage":{"@id":"https:\/\/ri2020.eu\/en\/counting-down-365-days-to-the-moment-when-rijeka-will-receive-the-title-of-european-capital-of-culture-2020\/#primaryimage"},"image":{"@id":"https:\/\/ri2020.eu\/en\/counting-down-365-days-to-the-moment-when-rijeka-will-receive-the-title-of-european-capital-of-culture-2020\/#primaryimage"},"thumbnailUrl":"https:\/\/ri2020.eu\/wp-content\/uploads\/2019\/02\/odbrojavanje-1.jpg","datePublished":"2019-02-01T14:11:59+00:00","dateModified":"2019-03-05T15:44:00+00:00","breadcrumb":{"@id":"https:\/\/ri2020.eu\/en\/counting-down-365-days-to-the-moment-when-rijeka-will-receive-the-title-of-european-capital-of-culture-2020\/#breadcrumb"},"inLanguage":"en-US","potentialAction":[{"@type":"ReadAction","target":["https:\/\/ri2020.eu\/en\/counting-down-365-days-to-the-moment-when-rijeka-will-receive-the-title-of-european-capital-of-culture-2020\/"]}]},{"@type":"ImageObject","inLanguage":"en-US","@id":"https:\/\/ri2020.eu\/en\/counting-down-365-days-to-the-moment-when-rijeka-will-receive-the-title-of-european-capital-of-culture-2020\/#primaryimage","url":"https:\/\/ri2020.eu\/wp-content\/uploads\/2019\/02\/odbrojavanje-1.jpg","contentUrl":"https:\/\/ri2020.eu\/wp-content\/uploads\/2019\/02\/odbrojavanje-1.jpg","width":960,"height":540},{"@type":"BreadcrumbList","@id":"https:\/\/ri2020.eu\/en\/counting-down-365-days-to-the-moment-when-rijeka-will-receive-the-title-of-european-capital-of-culture-2020\/#breadcrumb","itemListElement":[{"@type":"ListItem","position":1,"name":"Home","item":"https:\/\/ri2020.eu\/en\/"},{"@type":"ListItem","position":2,"name":"Counting down 365 days to the moment when Rijeka will receive the title of European Capital of Culture 2020"}]},{"@type":"WebSite","@id":"https:\/\/ri2020.eu\/en\/#website","url":"https:\/\/ri2020.eu\/en\/","name":"Rijeka 2020","description":"Europska prijestolnica kulture","publisher":{"@id":"https:\/\/ri2020.eu\/en\/#organization"},"potentialAction":[{"@type":"SearchAction","target":{"@type":"EntryPoint","urlTemplate":"https:\/\/ri2020.eu\/en\/?s={search_term_string}"},"query-input":{"@type":"PropertyValueSpecification","valueRequired":true,"valueName":"search_term_string"}}],"inLanguage":"en-US"},{"@type":"Organization","@id":"https:\/\/ri2020.eu\/en\/#organization","name":"Rijeka 2020 d.o.o.","url":"https:\/\/ri2020.eu\/en\/","logo":{"@type":"ImageObject","inLanguage":"en-US","@id":"https:\/\/ri2020.eu\/en\/#\/schema\/logo\/image\/","url":"https:\/\/rijeka2020.eu\/wp-content\/uploads\/2018\/07\/Ri2020-logo.png","contentUrl":"https:\/\/rijeka2020.eu\/wp-content\/uploads\/2018\/07\/Ri2020-logo.png","width":407,"height":175,"caption":"Rijeka 2020 d.o.o."},"image":{"@id":"https:\/\/ri2020.eu\/en\/#\/schema\/logo\/image\/"},"sameAs":["https:\/\/www.facebook.com\/rijeka2020","https:\/\/x.com\/Rijeka2020","https:\/\/www.instagram.com\/rijeka2020\/","https:\/\/www.youtube.com\/user\/riepk2020"]},{"@type":"Person","@id":"https:\/\/ri2020.eu\/en\/#\/schema\/person\/9c12d91df8c45bc534f625d9c81f403d","name":"Rijeka 2020","url":"https:\/\/ri2020.eu\/en\/author\/lsm\/"}]}},"_links":{"self":[{"href":"https:\/\/ri2020.eu\/en\/wp-json\/wp\/v2\/posts\/25119","targetHints":{"allow":["GET"]}}],"collection":[{"href":"https:\/\/ri2020.eu\/en\/wp-json\/wp\/v2\/posts"}],"about":[{"href":"https:\/\/ri2020.eu\/en\/wp-json\/wp\/v2\/types\/post"}],"author":[{"embeddable":true,"href":"https:\/\/ri2020.eu\/en\/wp-json\/wp\/v2\/users\/72"}],"replies":[{"embeddable":true,"href":"https:\/\/ri2020.eu\/en\/wp-json\/wp\/v2\/comments?post=25119"}],"version-history":[{"count":0,"href":"https:\/\/ri2020.eu\/en\/wp-json\/wp\/v2\/posts\/25119\/revisions"}],"wp:featuredmedia":[{"embeddable":true,"href":"https:\/\/ri2020.eu\/en\/wp-json\/wp\/v2\/media\/24672"}],"wp:attachment":[{"href":"https:\/\/ri2020.eu\/en\/wp-json\/wp\/v2\/media?parent=25119"}],"wp:term":[{"taxonomy":"category","embeddable":true,"href":"https:\/\/ri2020.eu\/en\/wp-json\/wp\/v2\/categories?post=25119"},{"taxonomy":"post_tag","embeddable":true,"href":"https:\/\/ri2020.eu\/en\/wp-json\/wp\/v2\/tags?post=25119"}],"curies":[{"name":"wp","href":"https:\/\/api.w.org\/{rel}","templated":true}]}}