{"id":2347,"date":"2014-12-22T14:30:32","date_gmt":"2014-12-22T14:30:32","guid":{"rendered":"http:\/\/www.rijekaepk.eu\/?p=2347"},"modified":"2020-02-20T12:39:49","modified_gmt":"2020-02-20T11:39:49","slug":"culture-in-the-old-town","status":"publish","type":"post","link":"https:\/\/ri2020.eu\/en\/culture-in-the-old-town\/","title":{"rendered":"Culture in the Old Town"},"content":{"rendered":"<p style=\"text-align: justify;\">On Saturday, panels with the works of young artists from Rijeka were placed on Matija Vla\u010di\u0107 Flacius Square, all of them on topics related to the concept of Rijeka&#8217;s candidacy for European Capital of Culture: Port, Water, Work and Diversity. <!--more-->Pekmezmed, Ninja Tiger, Tifani Rubi, \u0160umski, Nika Rukavina ane Ana Gla\u017ear exhibited their works on large wooden panels that were installed on the site of Matija Vla\u010di\u0107 Flacius Square.<\/p>\n<p style=\"text-align: justify;\">The duo \u02ddKUD Svi Turci\u02dd made sure that the opening complied to European standards by entertaining all who found themselves there with their music, while volunteers gave out mulled wine to passers-by in the true spirit of Christmas.<\/p>\n<p style=\"text-align: justify;\">It was truly an urban street action typical of large European cities (which is something Rijeka also deserves to become) and, since one picture is worth more than a thousand words, we would like to present several photos from the event and invite you to take a look at the works when you\u2019re in town.<\/p>\n<p>[foogallery id=&#8221;1346&#8243;]<\/p>\n","protected":false},"excerpt":{"rendered":"<p>On Saturday, panels with the works of young artists from Rijeka were placed on Matija Vla\u010di\u0107 Flacius Square, all of them on topics related to the concept of Rijeka&#8217;s candidacy for European Capital of Culture: Port, Water, Work and Diversity.<\/p>\n","protected":false},"author":72,"featured_media":1352,"comment_status":"closed","ping_status":"open","sticky":false,"template":"","format":"standard","meta":{"_acf_changed":false,"footnotes":""},"categories":[2731],"tags":[],"class_list":["post-2347","post","type-post","status-publish","format-standard","has-post-thumbnail","hentry","category-news"],"acf":[],"yoast_head":"<!-- This site is optimized with the Yoast SEO plugin v26.8 - https:\/\/yoast.com\/product\/yoast-seo-wordpress\/ -->\n<title>Culture in the Old Town &#8226; Rijeka 2020<\/title>\n<meta name=\"robots\" content=\"index, follow, max-snippet:-1, max-image-preview:large, max-video-preview:-1\" \/>\n<link rel=\"canonical\" href=\"https:\/\/ri2020.eu\/en\/culture-in-the-old-town\/\" \/>\n<meta property=\"og:locale\" content=\"en_US\" \/>\n<meta property=\"og:type\" content=\"article\" \/>\n<meta property=\"og:title\" content=\"Culture in the Old Town &#8226; Rijeka 2020\" \/>\n<meta property=\"og:description\" content=\"On Saturday, panels with the works of young artists from Rijeka were placed on Matija Vla\u010di\u0107 Flacius Square, all of them on topics related to the concept of Rijeka&#8217;s candidacy for European Capital of Culture: Port, Water, Work and Diversity.\" \/>\n<meta property=\"og:url\" content=\"https:\/\/ri2020.eu\/en\/culture-in-the-old-town\/\" \/>\n<meta property=\"og:site_name\" content=\"Rijeka 2020\" \/>\n<meta property=\"article:publisher\" content=\"https:\/\/www.facebook.com\/rijeka2020\" \/>\n<meta property=\"article:published_time\" content=\"2014-12-22T14:30:32+00:00\" \/>\n<meta property=\"article:modified_time\" content=\"2020-02-20T11:39:49+00:00\" \/>\n<meta property=\"og:image\" content=\"https:\/\/rijeka2020.eu\/wp-content\/uploads\/2014\/12\/IMG_8482.jpg\" \/>\n\t<meta property=\"og:image:width\" content=\"1620\" \/>\n\t<meta property=\"og:image:height\" content=\"1080\" \/>\n\t<meta property=\"og:image:type\" content=\"image\/jpeg\" \/>\n<meta name=\"author\" content=\"Rijeka 2020\" \/>\n<meta name=\"twitter:card\" content=\"summary_large_image\" \/>\n<meta name=\"twitter:creator\" content=\"@Rijeka2020\" \/>\n<meta name=\"twitter:site\" content=\"@Rijeka2020\" \/>\n<meta name=\"twitter:label1\" content=\"Written by\" \/>\n\t<meta name=\"twitter:data1\" content=\"Rijeka 2020\" \/>\n\t<meta name=\"twitter:label2\" content=\"Est. reading time\" \/>\n\t<meta name=\"twitter:data2\" content=\"1 minute\" \/>\n<script type=\"application\/ld+json\" class=\"yoast-schema-graph\">{\"@context\":\"https:\/\/schema.org\",\"@graph\":[{\"@type\":\"Article\",\"@id\":\"https:\/\/ri2020.eu\/en\/culture-in-the-old-town\/#article\",\"isPartOf\":{\"@id\":\"https:\/\/ri2020.eu\/en\/culture-in-the-old-town\/\"},\"author\":{\"name\":\"Rijeka 2020\",\"@id\":\"https:\/\/rijeka2020.eu\/en\/#\/schema\/person\/9c12d91df8c45bc534f625d9c81f403d\"},\"headline\":\"Culture in the Old Town\",\"datePublished\":\"2014-12-22T14:30:32+00:00\",\"dateModified\":\"2020-02-20T11:39:49+00:00\",\"mainEntityOfPage\":{\"@id\":\"https:\/\/ri2020.eu\/en\/culture-in-the-old-town\/\"},\"wordCount\":174,\"publisher\":{\"@id\":\"https:\/\/rijeka2020.eu\/en\/#organization\"},\"image\":{\"@id\":\"https:\/\/ri2020.eu\/en\/culture-in-the-old-town\/#primaryimage\"},\"thumbnailUrl\":\"https:\/\/ri2020.eu\/wp-content\/uploads\/2014\/12\/IMG_8482.jpg\",\"articleSection\":[\"News\"],\"inLanguage\":\"en-US\"},{\"@type\":\"WebPage\",\"@id\":\"https:\/\/ri2020.eu\/en\/culture-in-the-old-town\/\",\"url\":\"https:\/\/ri2020.eu\/en\/culture-in-the-old-town\/\",\"name\":\"Culture in the Old Town &#8226; Rijeka 2020\",\"isPartOf\":{\"@id\":\"https:\/\/rijeka2020.eu\/en\/#website\"},\"primaryImageOfPage\":{\"@id\":\"https:\/\/ri2020.eu\/en\/culture-in-the-old-town\/#primaryimage\"},\"image\":{\"@id\":\"https:\/\/ri2020.eu\/en\/culture-in-the-old-town\/#primaryimage\"},\"thumbnailUrl\":\"https:\/\/ri2020.eu\/wp-content\/uploads\/2014\/12\/IMG_8482.jpg\",\"datePublished\":\"2014-12-22T14:30:32+00:00\",\"dateModified\":\"2020-02-20T11:39:49+00:00\",\"breadcrumb\":{\"@id\":\"https:\/\/ri2020.eu\/en\/culture-in-the-old-town\/#breadcrumb\"},\"inLanguage\":\"en-US\",\"potentialAction\":[{\"@type\":\"ReadAction\",\"target\":[\"https:\/\/ri2020.eu\/en\/culture-in-the-old-town\/\"]}]},{\"@type\":\"ImageObject\",\"inLanguage\":\"en-US\",\"@id\":\"https:\/\/ri2020.eu\/en\/culture-in-the-old-town\/#primaryimage\",\"url\":\"https:\/\/ri2020.eu\/wp-content\/uploads\/2014\/12\/IMG_8482.jpg\",\"contentUrl\":\"https:\/\/ri2020.eu\/wp-content\/uploads\/2014\/12\/IMG_8482.jpg\",\"width\":1620,\"height\":1080},{\"@type\":\"BreadcrumbList\",\"@id\":\"https:\/\/ri2020.eu\/en\/culture-in-the-old-town\/#breadcrumb\",\"itemListElement\":[{\"@type\":\"ListItem\",\"position\":1,\"name\":\"Home\",\"item\":\"https:\/\/rijeka2020.eu\/en\/\"},{\"@type\":\"ListItem\",\"position\":2,\"name\":\"Culture in the Old Town\"}]},{\"@type\":\"WebSite\",\"@id\":\"https:\/\/rijeka2020.eu\/en\/#website\",\"url\":\"https:\/\/rijeka2020.eu\/en\/\",\"name\":\"Rijeka 2020\",\"description\":\"Europska prijestolnica kulture\",\"publisher\":{\"@id\":\"https:\/\/rijeka2020.eu\/en\/#organization\"},\"potentialAction\":[{\"@type\":\"SearchAction\",\"target\":{\"@type\":\"EntryPoint\",\"urlTemplate\":\"https:\/\/rijeka2020.eu\/en\/?s={search_term_string}\"},\"query-input\":{\"@type\":\"PropertyValueSpecification\",\"valueRequired\":true,\"valueName\":\"search_term_string\"}}],\"inLanguage\":\"en-US\"},{\"@type\":\"Organization\",\"@id\":\"https:\/\/rijeka2020.eu\/en\/#organization\",\"name\":\"Rijeka 2020 d.o.o.\",\"url\":\"https:\/\/rijeka2020.eu\/en\/\",\"logo\":{\"@type\":\"ImageObject\",\"inLanguage\":\"en-US\",\"@id\":\"https:\/\/rijeka2020.eu\/en\/#\/schema\/logo\/image\/\",\"url\":\"https:\/\/rijeka2020.eu\/wp-content\/uploads\/2018\/07\/Ri2020-logo.png\",\"contentUrl\":\"https:\/\/rijeka2020.eu\/wp-content\/uploads\/2018\/07\/Ri2020-logo.png\",\"width\":407,\"height\":175,\"caption\":\"Rijeka 2020 d.o.o.\"},\"image\":{\"@id\":\"https:\/\/rijeka2020.eu\/en\/#\/schema\/logo\/image\/\"},\"sameAs\":[\"https:\/\/www.facebook.com\/rijeka2020\",\"https:\/\/x.com\/Rijeka2020\",\"https:\/\/www.instagram.com\/rijeka2020\/\",\"https:\/\/www.youtube.com\/user\/riepk2020\"]},{\"@type\":\"Person\",\"@id\":\"https:\/\/rijeka2020.eu\/en\/#\/schema\/person\/9c12d91df8c45bc534f625d9c81f403d\",\"name\":\"Rijeka 2020\",\"url\":\"https:\/\/ri2020.eu\/en\/author\/lsm\/\"}]}<\/script>\n<!-- \/ Yoast SEO plugin. -->","yoast_head_json":{"title":"Culture in the Old Town &#8226; Rijeka 2020","robots":{"index":"index","follow":"follow","max-snippet":"max-snippet:-1","max-image-preview":"max-image-preview:large","max-video-preview":"max-video-preview:-1"},"canonical":"https:\/\/ri2020.eu\/en\/culture-in-the-old-town\/","og_locale":"en_US","og_type":"article","og_title":"Culture in the Old Town &#8226; Rijeka 2020","og_description":"On Saturday, panels with the works of young artists from Rijeka were placed on Matija Vla\u010di\u0107 Flacius Square, all of them on topics related to the concept of Rijeka&#8217;s candidacy for European Capital of Culture: Port, Water, Work and Diversity.","og_url":"https:\/\/ri2020.eu\/en\/culture-in-the-old-town\/","og_site_name":"Rijeka 2020","article_publisher":"https:\/\/www.facebook.com\/rijeka2020","article_published_time":"2014-12-22T14:30:32+00:00","article_modified_time":"2020-02-20T11:39:49+00:00","og_image":[{"width":1620,"height":1080,"url":"https:\/\/rijeka2020.eu\/wp-content\/uploads\/2014\/12\/IMG_8482.jpg","type":"image\/jpeg"}],"author":"Rijeka 2020","twitter_card":"summary_large_image","twitter_creator":"@Rijeka2020","twitter_site":"@Rijeka2020","twitter_misc":{"Written by":"Rijeka 2020","Est. reading time":"1 minute"},"schema":{"@context":"https:\/\/schema.org","@graph":[{"@type":"Article","@id":"https:\/\/ri2020.eu\/en\/culture-in-the-old-town\/#article","isPartOf":{"@id":"https:\/\/ri2020.eu\/en\/culture-in-the-old-town\/"},"author":{"name":"Rijeka 2020","@id":"https:\/\/rijeka2020.eu\/en\/#\/schema\/person\/9c12d91df8c45bc534f625d9c81f403d"},"headline":"Culture in the Old Town","datePublished":"2014-12-22T14:30:32+00:00","dateModified":"2020-02-20T11:39:49+00:00","mainEntityOfPage":{"@id":"https:\/\/ri2020.eu\/en\/culture-in-the-old-town\/"},"wordCount":174,"publisher":{"@id":"https:\/\/rijeka2020.eu\/en\/#organization"},"image":{"@id":"https:\/\/ri2020.eu\/en\/culture-in-the-old-town\/#primaryimage"},"thumbnailUrl":"https:\/\/ri2020.eu\/wp-content\/uploads\/2014\/12\/IMG_8482.jpg","articleSection":["News"],"inLanguage":"en-US"},{"@type":"WebPage","@id":"https:\/\/ri2020.eu\/en\/culture-in-the-old-town\/","url":"https:\/\/ri2020.eu\/en\/culture-in-the-old-town\/","name":"Culture in the Old Town &#8226; Rijeka 2020","isPartOf":{"@id":"https:\/\/rijeka2020.eu\/en\/#website"},"primaryImageOfPage":{"@id":"https:\/\/ri2020.eu\/en\/culture-in-the-old-town\/#primaryimage"},"image":{"@id":"https:\/\/ri2020.eu\/en\/culture-in-the-old-town\/#primaryimage"},"thumbnailUrl":"https:\/\/ri2020.eu\/wp-content\/uploads\/2014\/12\/IMG_8482.jpg","datePublished":"2014-12-22T14:30:32+00:00","dateModified":"2020-02-20T11:39:49+00:00","breadcrumb":{"@id":"https:\/\/ri2020.eu\/en\/culture-in-the-old-town\/#breadcrumb"},"inLanguage":"en-US","potentialAction":[{"@type":"ReadAction","target":["https:\/\/ri2020.eu\/en\/culture-in-the-old-town\/"]}]},{"@type":"ImageObject","inLanguage":"en-US","@id":"https:\/\/ri2020.eu\/en\/culture-in-the-old-town\/#primaryimage","url":"https:\/\/ri2020.eu\/wp-content\/uploads\/2014\/12\/IMG_8482.jpg","contentUrl":"https:\/\/ri2020.eu\/wp-content\/uploads\/2014\/12\/IMG_8482.jpg","width":1620,"height":1080},{"@type":"BreadcrumbList","@id":"https:\/\/ri2020.eu\/en\/culture-in-the-old-town\/#breadcrumb","itemListElement":[{"@type":"ListItem","position":1,"name":"Home","item":"https:\/\/rijeka2020.eu\/en\/"},{"@type":"ListItem","position":2,"name":"Culture in the Old Town"}]},{"@type":"WebSite","@id":"https:\/\/rijeka2020.eu\/en\/#website","url":"https:\/\/rijeka2020.eu\/en\/","name":"Rijeka 2020","description":"Europska prijestolnica kulture","publisher":{"@id":"https:\/\/rijeka2020.eu\/en\/#organization"},"potentialAction":[{"@type":"SearchAction","target":{"@type":"EntryPoint","urlTemplate":"https:\/\/rijeka2020.eu\/en\/?s={search_term_string}"},"query-input":{"@type":"PropertyValueSpecification","valueRequired":true,"valueName":"search_term_string"}}],"inLanguage":"en-US"},{"@type":"Organization","@id":"https:\/\/rijeka2020.eu\/en\/#organization","name":"Rijeka 2020 d.o.o.","url":"https:\/\/rijeka2020.eu\/en\/","logo":{"@type":"ImageObject","inLanguage":"en-US","@id":"https:\/\/rijeka2020.eu\/en\/#\/schema\/logo\/image\/","url":"https:\/\/rijeka2020.eu\/wp-content\/uploads\/2018\/07\/Ri2020-logo.png","contentUrl":"https:\/\/rijeka2020.eu\/wp-content\/uploads\/2018\/07\/Ri2020-logo.png","width":407,"height":175,"caption":"Rijeka 2020 d.o.o."},"image":{"@id":"https:\/\/rijeka2020.eu\/en\/#\/schema\/logo\/image\/"},"sameAs":["https:\/\/www.facebook.com\/rijeka2020","https:\/\/x.com\/Rijeka2020","https:\/\/www.instagram.com\/rijeka2020\/","https:\/\/www.youtube.com\/user\/riepk2020"]},{"@type":"Person","@id":"https:\/\/rijeka2020.eu\/en\/#\/schema\/person\/9c12d91df8c45bc534f625d9c81f403d","name":"Rijeka 2020","url":"https:\/\/ri2020.eu\/en\/author\/lsm\/"}]}},"_links":{"self":[{"href":"https:\/\/ri2020.eu\/en\/wp-json\/wp\/v2\/posts\/2347","targetHints":{"allow":["GET"]}}],"collection":[{"href":"https:\/\/ri2020.eu\/en\/wp-json\/wp\/v2\/posts"}],"about":[{"href":"https:\/\/ri2020.eu\/en\/wp-json\/wp\/v2\/types\/post"}],"author":[{"embeddable":true,"href":"https:\/\/ri2020.eu\/en\/wp-json\/wp\/v2\/users\/72"}],"replies":[{"embeddable":true,"href":"https:\/\/ri2020.eu\/en\/wp-json\/wp\/v2\/comments?post=2347"}],"version-history":[{"count":1,"href":"https:\/\/ri2020.eu\/en\/wp-json\/wp\/v2\/posts\/2347\/revisions"}],"predecessor-version":[{"id":50320,"href":"https:\/\/ri2020.eu\/en\/wp-json\/wp\/v2\/posts\/2347\/revisions\/50320"}],"wp:featuredmedia":[{"embeddable":true,"href":"https:\/\/ri2020.eu\/en\/wp-json\/wp\/v2\/media\/1352"}],"wp:attachment":[{"href":"https:\/\/ri2020.eu\/en\/wp-json\/wp\/v2\/media?parent=2347"}],"wp:term":[{"taxonomy":"category","embeddable":true,"href":"https:\/\/ri2020.eu\/en\/wp-json\/wp\/v2\/categories?post=2347"},{"taxonomy":"post_tag","embeddable":true,"href":"https:\/\/ri2020.eu\/en\/wp-json\/wp\/v2\/tags?post=2347"}],"curies":[{"name":"wp","href":"https:\/\/api.w.org\/{rel}","templated":true}]}}