{"id":2250,"date":"2015-03-19T16:09:02","date_gmt":"2015-03-19T16:09:02","guid":{"rendered":"http:\/\/www.rijekaepk.eu\/?p=2250"},"modified":"2017-07-26T22:25:14","modified_gmt":"2017-07-26T20:25:14","slug":"presentation-of-the-visual-identity-of-rijeka-as-the-european-capital-of-culture-for-2020","status":"publish","type":"post","link":"https:\/\/ri2020.eu\/en\/presentation-of-the-visual-identity-of-rijeka-as-the-european-capital-of-culture-for-2020\/","title":{"rendered":"Presentation of the visual identity of Rijeka as the European Capital of Culture for 2020"},"content":{"rendered":"<blockquote>\n<p style=\"text-align: justify;\">Language is the foundation of every kind of identity, while the visual identity of Rijeka is a language in and of itself.<\/p>\n<\/blockquote>\n<p style=\"text-align: justify;\"><!--more-->On Friday 20 March, the visual identity of Rijeka 2020 \u2013 European Capital of Culture was presented in the \u02ddMali salon\u02dd gallery in Rijeka. Instead of a fixed visual form, Rijeka\u2019s candidacy for European Capital of Culture will be represented by an identity-based system of visual elements that are mutable and adaptable to every situation, i.e. collaborative project. The work of the authors Oleg \u0160uran and Jelena Peri\u0161i\u0107 reflects the dynamic nature and openness of Rijeka\u2019s cultural scene in an unobtrusive, yet effective manner, representing its many participants \u2013 from independent associations and institutions to universities and individuals \u2013 with a circle, triangle and square and through the primary colours of blue, yellow and red.<\/p>\n<p style=\"text-align: justify;\">Ivan \u0160arar, the head of the Department of Culture of the City of Rijeka has stated that this is \u02ddquite a bold choice on the part of the authors and the evaluation committee. The solution that has been selected will probably meet with a lot of opposition\u02dd, said \u0160arar and added that Rijeka, when it comes to its visual identity, cannot be reduced to simple visual solutions, and that thus the solution selected, though it does not represent a typical symbol nor a typical identity, still brilliantly depicts Rijeka\u2019s pluralism. \u02ddThis solution has the potential to develop and be applied throughout a longer period of time. Regardless of the result of the candidacy, as we have also stated in our application, this visual code will represent culture in Rijeka during the following period\u02dd, said \u0160arar.<\/p>\n<p style=\"text-align: justify;\">Oleg \u0160uran stated how this work represents an open system that presupposes the engagement of all participants of the community \u2013 both of Rijeka and the entire community \u2013 with the possibility of its adaptation to the wide array of activities and participants involved in the ECoC 2020 project. By offering an identity-based system instead of a fixed visual form, this solution offers the concept of a generative identity that will dynamically grow together with the project without losing its primary visual and communication value. The visual elements depict systems &#8211; thus the circle represents cultural institutions, associations and individuals, the triangle represents industry and business subjects, while the full wavy line represents flow, primarily in a financial sense, and the dotted line represents cooperation.<\/p>\n<p style=\"text-align: justify;\">The visual identity of the City of Rijeka as the European Capital of Culture for 2020 will play an important and active role in communication during the preparation for ECoC and, if Rijeka is to become the capital of culture, also in the international promotion of Rijeka as the ECoC.<\/p>\n<p style=\"text-align: justify;\">In total, 24 works were submitted in response to the open Competition for the Design of the Visual Identity of Rijeka as European Capital of Culture for 2020. At a meeting held on 29 January 2015, the evaluation panel of the Competition comprising Damir Gamulin, Jelena Fi\u0161ku\u0161, Fe\u0111a Vuki\u0107, Plamena \u0160arlija and Idis Turato (Panel president) selected 3 works to enter the final round, and the authors of the selected works were requested to elaborate on their solutions.<\/p>\n<p style=\"text-align: justify;\">At the second meeting held on 17 February 2015, the Panel members reviewed the elaborated solutions and unanimously voted on the awards:<\/p>\n<p style=\"text-align: justify;\">The <strong>1st prize<\/strong> was awarded to the work under code 024<\/p>\n<p style=\"text-align: justify;\">Authors: <strong>Oleg \u0160uran<\/strong> and <strong>Jelena Peri\u0161i\u0107<\/strong><\/p>\n<p style=\"text-align: justify;\">Concept name: 26.1.<\/p>\n<p>[foogallery id=&#8221;1819&#8243;]<\/p>\n<p style=\"text-align: justify;\">\nThe <strong>2nd prize<\/strong> was awarded to the work under code 023<\/p>\n<p style=\"text-align: justify;\">Authors: <strong>Niko Crn\u010devi\u0107<\/strong>, <strong>Antonio Kara\u010da<\/strong>, <strong>Nenad Mali\u0107<\/strong> and <strong>Eva Pavi\u0107<\/strong><\/p>\n<p style=\"text-align: justify;\">Concept name: Space of Transformation<\/p>\n<p>[foogallery id=&#8221;1840&#8243;]<\/p>\n<p style=\"text-align: justify;\">The <strong>3rd prize<\/strong> was awarded to the work under code 017<\/p>\n<p style=\"text-align: justify;\">Authors: <strong>Ma\u0161a Milovac<\/strong>, <strong>Jan Pavlovi\u0107<\/strong><\/p>\n<p style=\"text-align: justify;\">Concept name: Cultural Terminal<\/p>\n<p>[foogallery id=&#8221;1848&#8243;]<\/p>\n","protected":false},"excerpt":{"rendered":"<p>Language is the foundation of every kind of identity, while the visual identity of Rijeka is a language in and of itself.<\/p>\n","protected":false},"author":72,"featured_media":1861,"comment_status":"closed","ping_status":"open","sticky":false,"template":"","format":"standard","meta":{"_acf_changed":false,"footnotes":""},"categories":[2731],"tags":[],"class_list":["post-2250","post","type-post","status-publish","format-standard","has-post-thumbnail","hentry","category-news"],"acf":[],"yoast_head":"<!-- This site is optimized with the Yoast SEO plugin v26.8 - https:\/\/yoast.com\/product\/yoast-seo-wordpress\/ -->\n<title>Presentation of the visual identity of Rijeka as the European Capital of Culture for 2020 &#8226; Rijeka 2020<\/title>\n<meta name=\"robots\" content=\"index, follow, max-snippet:-1, max-image-preview:large, max-video-preview:-1\" \/>\n<link rel=\"canonical\" href=\"https:\/\/ri2020.eu\/en\/presentation-of-the-visual-identity-of-rijeka-as-the-european-capital-of-culture-for-2020\/\" \/>\n<meta property=\"og:locale\" content=\"en_US\" \/>\n<meta property=\"og:type\" content=\"article\" \/>\n<meta property=\"og:title\" content=\"Presentation of the visual identity of Rijeka as the European Capital of Culture for 2020 &#8226; Rijeka 2020\" \/>\n<meta property=\"og:description\" content=\"Language is the foundation of every kind of identity, while the visual identity of Rijeka is a language in and of itself.\" \/>\n<meta property=\"og:url\" content=\"https:\/\/ri2020.eu\/en\/presentation-of-the-visual-identity-of-rijeka-as-the-european-capital-of-culture-for-2020\/\" \/>\n<meta property=\"og:site_name\" content=\"Rijeka 2020\" \/>\n<meta property=\"article:publisher\" content=\"https:\/\/www.facebook.com\/rijeka2020\" \/>\n<meta property=\"article:published_time\" content=\"2015-03-19T16:09:02+00:00\" \/>\n<meta property=\"article:modified_time\" content=\"2017-07-26T20:25:14+00:00\" \/>\n<meta property=\"og:image\" content=\"https:\/\/rijeka2020.eu\/wp-content\/uploads\/2015\/03\/PRESS_20_3_2015_RI2020_viz_id_JP_OS7.jpg\" \/>\n\t<meta property=\"og:image:width\" content=\"1920\" \/>\n\t<meta property=\"og:image:height\" content=\"1080\" \/>\n\t<meta property=\"og:image:type\" content=\"image\/jpeg\" \/>\n<meta name=\"author\" content=\"Rijeka 2020\" \/>\n<meta name=\"twitter:card\" content=\"summary_large_image\" \/>\n<meta name=\"twitter:creator\" content=\"@Rijeka2020\" \/>\n<meta name=\"twitter:site\" content=\"@Rijeka2020\" \/>\n<meta name=\"twitter:label1\" content=\"Written by\" \/>\n\t<meta name=\"twitter:data1\" content=\"Rijeka 2020\" \/>\n\t<meta name=\"twitter:label2\" content=\"Est. reading time\" \/>\n\t<meta name=\"twitter:data2\" content=\"3 minutes\" \/>\n<script type=\"application\/ld+json\" class=\"yoast-schema-graph\">{\"@context\":\"https:\/\/schema.org\",\"@graph\":[{\"@type\":\"Article\",\"@id\":\"https:\/\/ri2020.eu\/en\/presentation-of-the-visual-identity-of-rijeka-as-the-european-capital-of-culture-for-2020\/#article\",\"isPartOf\":{\"@id\":\"https:\/\/ri2020.eu\/en\/presentation-of-the-visual-identity-of-rijeka-as-the-european-capital-of-culture-for-2020\/\"},\"author\":{\"name\":\"Rijeka 2020\",\"@id\":\"https:\/\/rijeka2020.eu\/en\/#\/schema\/person\/9c12d91df8c45bc534f625d9c81f403d\"},\"headline\":\"Presentation of the visual identity of Rijeka as the European Capital of Culture for 2020\",\"datePublished\":\"2015-03-19T16:09:02+00:00\",\"dateModified\":\"2017-07-26T20:25:14+00:00\",\"mainEntityOfPage\":{\"@id\":\"https:\/\/ri2020.eu\/en\/presentation-of-the-visual-identity-of-rijeka-as-the-european-capital-of-culture-for-2020\/\"},\"wordCount\":624,\"publisher\":{\"@id\":\"https:\/\/rijeka2020.eu\/en\/#organization\"},\"image\":{\"@id\":\"https:\/\/ri2020.eu\/en\/presentation-of-the-visual-identity-of-rijeka-as-the-european-capital-of-culture-for-2020\/#primaryimage\"},\"thumbnailUrl\":\"https:\/\/ri2020.eu\/wp-content\/uploads\/2015\/03\/PRESS_20_3_2015_RI2020_viz_id_JP_OS7.jpg\",\"articleSection\":[\"News\"],\"inLanguage\":\"en-US\"},{\"@type\":\"WebPage\",\"@id\":\"https:\/\/ri2020.eu\/en\/presentation-of-the-visual-identity-of-rijeka-as-the-european-capital-of-culture-for-2020\/\",\"url\":\"https:\/\/ri2020.eu\/en\/presentation-of-the-visual-identity-of-rijeka-as-the-european-capital-of-culture-for-2020\/\",\"name\":\"Presentation of the visual identity of Rijeka as the European Capital of Culture for 2020 &#8226; Rijeka 2020\",\"isPartOf\":{\"@id\":\"https:\/\/rijeka2020.eu\/en\/#website\"},\"primaryImageOfPage\":{\"@id\":\"https:\/\/ri2020.eu\/en\/presentation-of-the-visual-identity-of-rijeka-as-the-european-capital-of-culture-for-2020\/#primaryimage\"},\"image\":{\"@id\":\"https:\/\/ri2020.eu\/en\/presentation-of-the-visual-identity-of-rijeka-as-the-european-capital-of-culture-for-2020\/#primaryimage\"},\"thumbnailUrl\":\"https:\/\/ri2020.eu\/wp-content\/uploads\/2015\/03\/PRESS_20_3_2015_RI2020_viz_id_JP_OS7.jpg\",\"datePublished\":\"2015-03-19T16:09:02+00:00\",\"dateModified\":\"2017-07-26T20:25:14+00:00\",\"breadcrumb\":{\"@id\":\"https:\/\/ri2020.eu\/en\/presentation-of-the-visual-identity-of-rijeka-as-the-european-capital-of-culture-for-2020\/#breadcrumb\"},\"inLanguage\":\"en-US\",\"potentialAction\":[{\"@type\":\"ReadAction\",\"target\":[\"https:\/\/ri2020.eu\/en\/presentation-of-the-visual-identity-of-rijeka-as-the-european-capital-of-culture-for-2020\/\"]}]},{\"@type\":\"ImageObject\",\"inLanguage\":\"en-US\",\"@id\":\"https:\/\/ri2020.eu\/en\/presentation-of-the-visual-identity-of-rijeka-as-the-european-capital-of-culture-for-2020\/#primaryimage\",\"url\":\"https:\/\/ri2020.eu\/wp-content\/uploads\/2015\/03\/PRESS_20_3_2015_RI2020_viz_id_JP_OS7.jpg\",\"contentUrl\":\"https:\/\/ri2020.eu\/wp-content\/uploads\/2015\/03\/PRESS_20_3_2015_RI2020_viz_id_JP_OS7.jpg\",\"width\":1920,\"height\":1080},{\"@type\":\"BreadcrumbList\",\"@id\":\"https:\/\/ri2020.eu\/en\/presentation-of-the-visual-identity-of-rijeka-as-the-european-capital-of-culture-for-2020\/#breadcrumb\",\"itemListElement\":[{\"@type\":\"ListItem\",\"position\":1,\"name\":\"Home\",\"item\":\"https:\/\/rijeka2020.eu\/en\/\"},{\"@type\":\"ListItem\",\"position\":2,\"name\":\"Presentation of the visual identity of Rijeka as the European Capital of Culture for 2020\"}]},{\"@type\":\"WebSite\",\"@id\":\"https:\/\/rijeka2020.eu\/en\/#website\",\"url\":\"https:\/\/rijeka2020.eu\/en\/\",\"name\":\"Rijeka 2020\",\"description\":\"Europska prijestolnica kulture\",\"publisher\":{\"@id\":\"https:\/\/rijeka2020.eu\/en\/#organization\"},\"potentialAction\":[{\"@type\":\"SearchAction\",\"target\":{\"@type\":\"EntryPoint\",\"urlTemplate\":\"https:\/\/rijeka2020.eu\/en\/?s={search_term_string}\"},\"query-input\":{\"@type\":\"PropertyValueSpecification\",\"valueRequired\":true,\"valueName\":\"search_term_string\"}}],\"inLanguage\":\"en-US\"},{\"@type\":\"Organization\",\"@id\":\"https:\/\/rijeka2020.eu\/en\/#organization\",\"name\":\"Rijeka 2020 d.o.o.\",\"url\":\"https:\/\/rijeka2020.eu\/en\/\",\"logo\":{\"@type\":\"ImageObject\",\"inLanguage\":\"en-US\",\"@id\":\"https:\/\/rijeka2020.eu\/en\/#\/schema\/logo\/image\/\",\"url\":\"https:\/\/rijeka2020.eu\/wp-content\/uploads\/2018\/07\/Ri2020-logo.png\",\"contentUrl\":\"https:\/\/rijeka2020.eu\/wp-content\/uploads\/2018\/07\/Ri2020-logo.png\",\"width\":407,\"height\":175,\"caption\":\"Rijeka 2020 d.o.o.\"},\"image\":{\"@id\":\"https:\/\/rijeka2020.eu\/en\/#\/schema\/logo\/image\/\"},\"sameAs\":[\"https:\/\/www.facebook.com\/rijeka2020\",\"https:\/\/x.com\/Rijeka2020\",\"https:\/\/www.instagram.com\/rijeka2020\/\",\"https:\/\/www.youtube.com\/user\/riepk2020\"]},{\"@type\":\"Person\",\"@id\":\"https:\/\/rijeka2020.eu\/en\/#\/schema\/person\/9c12d91df8c45bc534f625d9c81f403d\",\"name\":\"Rijeka 2020\",\"url\":\"https:\/\/ri2020.eu\/en\/author\/lsm\/\"}]}<\/script>\n<!-- \/ Yoast SEO plugin. -->","yoast_head_json":{"title":"Presentation of the visual identity of Rijeka as the European Capital of Culture for 2020 &#8226; Rijeka 2020","robots":{"index":"index","follow":"follow","max-snippet":"max-snippet:-1","max-image-preview":"max-image-preview:large","max-video-preview":"max-video-preview:-1"},"canonical":"https:\/\/ri2020.eu\/en\/presentation-of-the-visual-identity-of-rijeka-as-the-european-capital-of-culture-for-2020\/","og_locale":"en_US","og_type":"article","og_title":"Presentation of the visual identity of Rijeka as the European Capital of Culture for 2020 &#8226; Rijeka 2020","og_description":"Language is the foundation of every kind of identity, while the visual identity of Rijeka is a language in and of itself.","og_url":"https:\/\/ri2020.eu\/en\/presentation-of-the-visual-identity-of-rijeka-as-the-european-capital-of-culture-for-2020\/","og_site_name":"Rijeka 2020","article_publisher":"https:\/\/www.facebook.com\/rijeka2020","article_published_time":"2015-03-19T16:09:02+00:00","article_modified_time":"2017-07-26T20:25:14+00:00","og_image":[{"width":1920,"height":1080,"url":"https:\/\/rijeka2020.eu\/wp-content\/uploads\/2015\/03\/PRESS_20_3_2015_RI2020_viz_id_JP_OS7.jpg","type":"image\/jpeg"}],"author":"Rijeka 2020","twitter_card":"summary_large_image","twitter_creator":"@Rijeka2020","twitter_site":"@Rijeka2020","twitter_misc":{"Written by":"Rijeka 2020","Est. reading time":"3 minutes"},"schema":{"@context":"https:\/\/schema.org","@graph":[{"@type":"Article","@id":"https:\/\/ri2020.eu\/en\/presentation-of-the-visual-identity-of-rijeka-as-the-european-capital-of-culture-for-2020\/#article","isPartOf":{"@id":"https:\/\/ri2020.eu\/en\/presentation-of-the-visual-identity-of-rijeka-as-the-european-capital-of-culture-for-2020\/"},"author":{"name":"Rijeka 2020","@id":"https:\/\/rijeka2020.eu\/en\/#\/schema\/person\/9c12d91df8c45bc534f625d9c81f403d"},"headline":"Presentation of the visual identity of Rijeka as the European Capital of Culture for 2020","datePublished":"2015-03-19T16:09:02+00:00","dateModified":"2017-07-26T20:25:14+00:00","mainEntityOfPage":{"@id":"https:\/\/ri2020.eu\/en\/presentation-of-the-visual-identity-of-rijeka-as-the-european-capital-of-culture-for-2020\/"},"wordCount":624,"publisher":{"@id":"https:\/\/rijeka2020.eu\/en\/#organization"},"image":{"@id":"https:\/\/ri2020.eu\/en\/presentation-of-the-visual-identity-of-rijeka-as-the-european-capital-of-culture-for-2020\/#primaryimage"},"thumbnailUrl":"https:\/\/ri2020.eu\/wp-content\/uploads\/2015\/03\/PRESS_20_3_2015_RI2020_viz_id_JP_OS7.jpg","articleSection":["News"],"inLanguage":"en-US"},{"@type":"WebPage","@id":"https:\/\/ri2020.eu\/en\/presentation-of-the-visual-identity-of-rijeka-as-the-european-capital-of-culture-for-2020\/","url":"https:\/\/ri2020.eu\/en\/presentation-of-the-visual-identity-of-rijeka-as-the-european-capital-of-culture-for-2020\/","name":"Presentation of the visual identity of Rijeka as the European Capital of Culture for 2020 &#8226; Rijeka 2020","isPartOf":{"@id":"https:\/\/rijeka2020.eu\/en\/#website"},"primaryImageOfPage":{"@id":"https:\/\/ri2020.eu\/en\/presentation-of-the-visual-identity-of-rijeka-as-the-european-capital-of-culture-for-2020\/#primaryimage"},"image":{"@id":"https:\/\/ri2020.eu\/en\/presentation-of-the-visual-identity-of-rijeka-as-the-european-capital-of-culture-for-2020\/#primaryimage"},"thumbnailUrl":"https:\/\/ri2020.eu\/wp-content\/uploads\/2015\/03\/PRESS_20_3_2015_RI2020_viz_id_JP_OS7.jpg","datePublished":"2015-03-19T16:09:02+00:00","dateModified":"2017-07-26T20:25:14+00:00","breadcrumb":{"@id":"https:\/\/ri2020.eu\/en\/presentation-of-the-visual-identity-of-rijeka-as-the-european-capital-of-culture-for-2020\/#breadcrumb"},"inLanguage":"en-US","potentialAction":[{"@type":"ReadAction","target":["https:\/\/ri2020.eu\/en\/presentation-of-the-visual-identity-of-rijeka-as-the-european-capital-of-culture-for-2020\/"]}]},{"@type":"ImageObject","inLanguage":"en-US","@id":"https:\/\/ri2020.eu\/en\/presentation-of-the-visual-identity-of-rijeka-as-the-european-capital-of-culture-for-2020\/#primaryimage","url":"https:\/\/ri2020.eu\/wp-content\/uploads\/2015\/03\/PRESS_20_3_2015_RI2020_viz_id_JP_OS7.jpg","contentUrl":"https:\/\/ri2020.eu\/wp-content\/uploads\/2015\/03\/PRESS_20_3_2015_RI2020_viz_id_JP_OS7.jpg","width":1920,"height":1080},{"@type":"BreadcrumbList","@id":"https:\/\/ri2020.eu\/en\/presentation-of-the-visual-identity-of-rijeka-as-the-european-capital-of-culture-for-2020\/#breadcrumb","itemListElement":[{"@type":"ListItem","position":1,"name":"Home","item":"https:\/\/rijeka2020.eu\/en\/"},{"@type":"ListItem","position":2,"name":"Presentation of the visual identity of Rijeka as the European Capital of Culture for 2020"}]},{"@type":"WebSite","@id":"https:\/\/rijeka2020.eu\/en\/#website","url":"https:\/\/rijeka2020.eu\/en\/","name":"Rijeka 2020","description":"Europska prijestolnica kulture","publisher":{"@id":"https:\/\/rijeka2020.eu\/en\/#organization"},"potentialAction":[{"@type":"SearchAction","target":{"@type":"EntryPoint","urlTemplate":"https:\/\/rijeka2020.eu\/en\/?s={search_term_string}"},"query-input":{"@type":"PropertyValueSpecification","valueRequired":true,"valueName":"search_term_string"}}],"inLanguage":"en-US"},{"@type":"Organization","@id":"https:\/\/rijeka2020.eu\/en\/#organization","name":"Rijeka 2020 d.o.o.","url":"https:\/\/rijeka2020.eu\/en\/","logo":{"@type":"ImageObject","inLanguage":"en-US","@id":"https:\/\/rijeka2020.eu\/en\/#\/schema\/logo\/image\/","url":"https:\/\/rijeka2020.eu\/wp-content\/uploads\/2018\/07\/Ri2020-logo.png","contentUrl":"https:\/\/rijeka2020.eu\/wp-content\/uploads\/2018\/07\/Ri2020-logo.png","width":407,"height":175,"caption":"Rijeka 2020 d.o.o."},"image":{"@id":"https:\/\/rijeka2020.eu\/en\/#\/schema\/logo\/image\/"},"sameAs":["https:\/\/www.facebook.com\/rijeka2020","https:\/\/x.com\/Rijeka2020","https:\/\/www.instagram.com\/rijeka2020\/","https:\/\/www.youtube.com\/user\/riepk2020"]},{"@type":"Person","@id":"https:\/\/rijeka2020.eu\/en\/#\/schema\/person\/9c12d91df8c45bc534f625d9c81f403d","name":"Rijeka 2020","url":"https:\/\/ri2020.eu\/en\/author\/lsm\/"}]}},"_links":{"self":[{"href":"https:\/\/ri2020.eu\/en\/wp-json\/wp\/v2\/posts\/2250","targetHints":{"allow":["GET"]}}],"collection":[{"href":"https:\/\/ri2020.eu\/en\/wp-json\/wp\/v2\/posts"}],"about":[{"href":"https:\/\/ri2020.eu\/en\/wp-json\/wp\/v2\/types\/post"}],"author":[{"embeddable":true,"href":"https:\/\/ri2020.eu\/en\/wp-json\/wp\/v2\/users\/72"}],"replies":[{"embeddable":true,"href":"https:\/\/ri2020.eu\/en\/wp-json\/wp\/v2\/comments?post=2250"}],"version-history":[{"count":0,"href":"https:\/\/ri2020.eu\/en\/wp-json\/wp\/v2\/posts\/2250\/revisions"}],"wp:featuredmedia":[{"embeddable":true,"href":"https:\/\/ri2020.eu\/en\/wp-json\/wp\/v2\/media\/1861"}],"wp:attachment":[{"href":"https:\/\/ri2020.eu\/en\/wp-json\/wp\/v2\/media?parent=2250"}],"wp:term":[{"taxonomy":"category","embeddable":true,"href":"https:\/\/ri2020.eu\/en\/wp-json\/wp\/v2\/categories?post=2250"},{"taxonomy":"post_tag","embeddable":true,"href":"https:\/\/ri2020.eu\/en\/wp-json\/wp\/v2\/tags?post=2250"}],"curies":[{"name":"wp","href":"https:\/\/api.w.org\/{rel}","templated":true}]}}