{"id":17108,"date":"2019-09-10T00:00:38","date_gmt":"2019-09-09T22:00:38","guid":{"rendered":"http:\/\/rijeka2020.eu\/?p=17108\/"},"modified":"2019-09-30T15:53:25","modified_gmt":"2019-09-30T13:53:25","slug":"enver-krivac-in-the-ford-zebar","status":"publish","type":"post","link":"https:\/\/ri2020.eu\/en\/enver-krivac-in-the-ford-zebar\/","title":{"rendered":"Enver Krivac: &#8220;U Fordu&#8221; (Zebar)"},"content":{"rendered":"<h1>Zebar<\/h1>\n<p>Zebar lies on the hill overlooking the lake of Tribalj, ripe with fascinating flora and fauna and also the area with the most significant Liburnija karst deposits of the Primorje-Gorski Kotar county.<br \/>\nExtreme environmental changes on these stretches of karst cliffs towering over Vinodol are a prerequisite for great biodiversity, but also biogeographical phenomena, since it is the meeting place of both Mediterranean and alpine plants and animals.<br \/>\nAccording to the Habitats Directive of the Council of Europe (NATURA 2000), this is the habitat for a great number of endangered plants.<\/p>\n<p><iframe loading=\"lazy\" title=\"Autorske bure: Enver Krivac \/ Zebar session - Wanderlust\" width=\"640\" height=\"360\" src=\"https:\/\/www.youtube-nocookie.com\/embed\/XC2rCbSVeu8?feature=oembed\" frameborder=\"0\" allow=\"accelerometer; autoplay; clipboard-write; encrypted-media; gyroscope; picture-in-picture; web-share\" referrerpolicy=\"strict-origin-when-cross-origin\" allowfullscreen><\/iframe><\/p>\n<p>&nbsp;<\/p>\n<h1>Enver Krivac<\/h1>\n<p>Enver Krivac is a multimedia artist, born in Ravna Gora of Gorski Kotar in 1976. He has been living and working in Rijeka since 1994. He graduated in Croatian language and literature at the Faculty of Humanities and Social Sciences in Rijeka in 1999.<br \/>\nSo far, he published \u201cPiknik\u201d (\u201cThe Picnic\u201d), a fragmented novel co-authored with Alen Kapid\u017ei\u0107 in 1999; \u201cSme\u0107e\u201d (\u201cGarbage\u201d), novel co-authored with Alen Kapid\u017ei\u0107 and Mi\u0161o Novkovi\u0107 in 2005; \u201cPri\u010de iz \u017d+K!\u201d (\u201cStories from \u017d+K!\u201d), a comic book, in 2007; \u201cUlica Helen Keller\u201d (\u201cHelen Keller Street\u201d), a novel, in 2010; \u201cNi\u0161ta za pisati ku\u0107i o\u201d (\u201cNothing To Write Home About\u201d), a collection of stories in 2012; and \u201cLet iznad orlovog gnijezda\u201d (\u201cFlight Over the Eagle\u2019s Nest\u201d) a comic book, in 2017. He won the national \u201cProzak\u201d award in 2011 for the short story collection \u201cNi\u0161ta za pisati ku\u0107i o\u201d. The book was also shortlisted for the European Prize for Literature (2015). He also won the local \u201cArtefact\u201d award for speculative fiction (2012) for the novel \u201cUlica Helen Keller\u201d. He published his works in numerous journals and literary web portals.<br \/>\nHe is one of the founders of the educational association Katapult in Rijeka. He has appeared multiple times at the Festival of the European Short Story and LitLink. He is a member of the informal literary group Ri-Lit. He has been collaborating with the Centre for Creative Writing since 2016 as the director of creative writing workshops in Rijeka. As a composer and performer, he collaborates with artistic organisations of Rijeka: Krila, PoMoDoRi and the Contemporary Dance Cabinet. He works as a producer and co-author in the long-lasting musical collective Japanski Premijeri. He is the author of many music videos for Japanski Premijeri and other artists, working under the pseudonym JPTV.<\/p>\n<p>More on the author and his work:<br \/>\n<a href=\"https:\/\/www.goodreads.com\/author\/show\/5135224.Enver_Krivac\" target=\"_blank\" rel=\"noopener noreferrer\">www.goodreads.com\/author<br \/>\n<\/a><a href=\"https:\/\/japanskipremijeri.bandcamp.com\/\" target=\"_blank\" rel=\"noopener noreferrer\">japanskipremijeri.bandcamp.com<br \/>\n<\/a><a href=\"https:\/\/www.youtube.com\/user\/japanskipremijeri\" target=\"_blank\" rel=\"noopener noreferrer\">www.youtube.com\/user\/japanskipremijeri<br \/>\n<\/a><a href=\"https:\/\/www.discogs.com\/artist\/2338515-Japanski-Premijeri\" target=\"_blank\" rel=\"noopener noreferrer\">www.discogs.com\/artist\/2338515-Japanski-Premijeri<\/a><\/p>\n<p>Program je realiziran u suradnji s Bo\u0161tjanom Surinom, kustosom <a href=\"http:\/\/www.prirodoslovni.com\/hr\/homepage.html\" target=\"_blank\" rel=\"noopener noreferrer\">Prirodoslovnog muzeja Rijeka<\/a>.<\/p>\n<p>&nbsp;<\/p>\n<p><img loading=\"lazy\" decoding=\"async\" class=\"alignleft size-full wp-image-17553\" src=\"https:\/\/rijeka2020.eu\/wp-content\/uploads\/2018\/12\/zebar.jpg\" alt=\"\" width=\"785\" height=\"271\" srcset=\"https:\/\/ri2020.eu\/wp-content\/uploads\/2018\/12\/zebar.jpg 785w, https:\/\/ri2020.eu\/wp-content\/uploads\/2018\/12\/zebar-255x88.jpg 255w, https:\/\/ri2020.eu\/wp-content\/uploads\/2018\/12\/zebar-768x265.jpg 768w, https:\/\/ri2020.eu\/wp-content\/uploads\/2018\/12\/zebar-250x86.jpg 250w, https:\/\/ri2020.eu\/wp-content\/uploads\/2018\/12\/zebar-420x145.jpg 420w\" sizes=\"auto, (max-width: 785px) 100vw, 785px\" \/><\/p>\n<h5><\/h5>\n<p>&nbsp;<\/p>\n<p>&nbsp;<\/p>\n","protected":false},"excerpt":{"rendered":"<p>Zebar Zebar lies on the hill overlooking the lake of Tribalj, ripe with fascinating flora and fauna and also the area with the most significant Liburnija karst deposits of the Primorje-Gorski Kotar county. Extreme environmental changes on these stretches of karst cliffs towering over Vinodol are a prerequisite for great biodiversity, but also biogeographical phenomena,<\/p>\n","protected":false},"author":72,"featured_media":17047,"comment_status":"closed","ping_status":"closed","sticky":false,"template":"","format":"standard","meta":{"_acf_changed":false,"footnotes":""},"categories":[2731],"tags":[],"class_list":["post-17108","post","type-post","status-publish","format-standard","has-post-thumbnail","hentry","category-news"],"acf":[],"yoast_head":"<!-- This site is optimized with the Yoast SEO plugin v26.8 - https:\/\/yoast.com\/product\/yoast-seo-wordpress\/ -->\n<title>Enver Krivac: &quot;U Fordu&quot; (Zebar) &#8226; Rijeka 2020<\/title>\n<meta name=\"robots\" content=\"index, follow, max-snippet:-1, max-image-preview:large, max-video-preview:-1\" \/>\n<link rel=\"canonical\" href=\"https:\/\/ri2020.eu\/en\/enver-krivac-in-the-ford-zebar\/\" \/>\n<meta property=\"og:locale\" content=\"en_US\" \/>\n<meta property=\"og:type\" content=\"article\" \/>\n<meta property=\"og:title\" content=\"Enver Krivac: &quot;U Fordu&quot; (Zebar) &#8226; Rijeka 2020\" \/>\n<meta property=\"og:description\" content=\"Zebar Zebar lies on the hill overlooking the lake of Tribalj, ripe with fascinating flora and fauna and also the area with the most significant Liburnija karst deposits of the Primorje-Gorski Kotar county. Extreme environmental changes on these stretches of karst cliffs towering over Vinodol are a prerequisite for great biodiversity, but also biogeographical phenomena,\" \/>\n<meta property=\"og:url\" content=\"https:\/\/ri2020.eu\/en\/enver-krivac-in-the-ford-zebar\/\" \/>\n<meta property=\"og:site_name\" content=\"Rijeka 2020\" \/>\n<meta property=\"article:publisher\" content=\"https:\/\/www.facebook.com\/rijeka2020\" \/>\n<meta property=\"article:published_time\" content=\"2019-09-09T22:00:38+00:00\" \/>\n<meta property=\"article:modified_time\" content=\"2019-09-30T13:53:25+00:00\" \/>\n<meta property=\"og:image\" content=\"https:\/\/ri2020.eu\/wp-content\/uploads\/2018\/12\/4.-IMG_7375-e1544195183196.jpg\" \/>\n\t<meta property=\"og:image:width\" content=\"1989\" \/>\n\t<meta property=\"og:image:height\" content=\"547\" \/>\n\t<meta property=\"og:image:type\" content=\"image\/jpeg\" \/>\n<meta name=\"author\" content=\"Rijeka 2020\" \/>\n<meta name=\"twitter:card\" content=\"summary_large_image\" \/>\n<meta name=\"twitter:creator\" content=\"@Rijeka2020\" \/>\n<meta name=\"twitter:site\" content=\"@Rijeka2020\" \/>\n<meta name=\"twitter:label1\" content=\"Written by\" \/>\n\t<meta name=\"twitter:data1\" content=\"Rijeka 2020\" \/>\n\t<meta name=\"twitter:label2\" content=\"Est. reading time\" \/>\n\t<meta name=\"twitter:data2\" content=\"2 minutes\" \/>\n<script type=\"application\/ld+json\" class=\"yoast-schema-graph\">{\"@context\":\"https:\/\/schema.org\",\"@graph\":[{\"@type\":\"Article\",\"@id\":\"https:\/\/ri2020.eu\/en\/enver-krivac-in-the-ford-zebar\/#article\",\"isPartOf\":{\"@id\":\"https:\/\/ri2020.eu\/en\/enver-krivac-in-the-ford-zebar\/\"},\"author\":{\"name\":\"Rijeka 2020\",\"@id\":\"https:\/\/ri2020.eu\/en\/#\/schema\/person\/9c12d91df8c45bc534f625d9c81f403d\"},\"headline\":\"Enver Krivac: &#8220;U Fordu&#8221; (Zebar)\",\"datePublished\":\"2019-09-09T22:00:38+00:00\",\"dateModified\":\"2019-09-30T13:53:25+00:00\",\"mainEntityOfPage\":{\"@id\":\"https:\/\/ri2020.eu\/en\/enver-krivac-in-the-ford-zebar\/\"},\"wordCount\":437,\"publisher\":{\"@id\":\"https:\/\/ri2020.eu\/en\/#organization\"},\"image\":{\"@id\":\"https:\/\/ri2020.eu\/en\/enver-krivac-in-the-ford-zebar\/#primaryimage\"},\"thumbnailUrl\":\"https:\/\/ri2020.eu\/wp-content\/uploads\/2018\/12\/4.-IMG_7375-e1544195183196.jpg\",\"articleSection\":[\"News\"],\"inLanguage\":\"en-US\"},{\"@type\":\"WebPage\",\"@id\":\"https:\/\/ri2020.eu\/en\/enver-krivac-in-the-ford-zebar\/\",\"url\":\"https:\/\/ri2020.eu\/en\/enver-krivac-in-the-ford-zebar\/\",\"name\":\"Enver Krivac: \\\"U Fordu\\\" (Zebar) &#8226; Rijeka 2020\",\"isPartOf\":{\"@id\":\"https:\/\/ri2020.eu\/en\/#website\"},\"primaryImageOfPage\":{\"@id\":\"https:\/\/ri2020.eu\/en\/enver-krivac-in-the-ford-zebar\/#primaryimage\"},\"image\":{\"@id\":\"https:\/\/ri2020.eu\/en\/enver-krivac-in-the-ford-zebar\/#primaryimage\"},\"thumbnailUrl\":\"https:\/\/ri2020.eu\/wp-content\/uploads\/2018\/12\/4.-IMG_7375-e1544195183196.jpg\",\"datePublished\":\"2019-09-09T22:00:38+00:00\",\"dateModified\":\"2019-09-30T13:53:25+00:00\",\"breadcrumb\":{\"@id\":\"https:\/\/ri2020.eu\/en\/enver-krivac-in-the-ford-zebar\/#breadcrumb\"},\"inLanguage\":\"en-US\",\"potentialAction\":[{\"@type\":\"ReadAction\",\"target\":[\"https:\/\/ri2020.eu\/en\/enver-krivac-in-the-ford-zebar\/\"]}]},{\"@type\":\"ImageObject\",\"inLanguage\":\"en-US\",\"@id\":\"https:\/\/ri2020.eu\/en\/enver-krivac-in-the-ford-zebar\/#primaryimage\",\"url\":\"https:\/\/ri2020.eu\/wp-content\/uploads\/2018\/12\/4.-IMG_7375-e1544195183196.jpg\",\"contentUrl\":\"https:\/\/ri2020.eu\/wp-content\/uploads\/2018\/12\/4.-IMG_7375-e1544195183196.jpg\",\"width\":1989,\"height\":547},{\"@type\":\"BreadcrumbList\",\"@id\":\"https:\/\/ri2020.eu\/en\/enver-krivac-in-the-ford-zebar\/#breadcrumb\",\"itemListElement\":[{\"@type\":\"ListItem\",\"position\":1,\"name\":\"Home\",\"item\":\"https:\/\/ri2020.eu\/en\/\"},{\"@type\":\"ListItem\",\"position\":2,\"name\":\"Enver Krivac: &#8220;U Fordu&#8221; (Zebar)\"}]},{\"@type\":\"WebSite\",\"@id\":\"https:\/\/ri2020.eu\/en\/#website\",\"url\":\"https:\/\/ri2020.eu\/en\/\",\"name\":\"Rijeka 2020\",\"description\":\"Europska prijestolnica kulture\",\"publisher\":{\"@id\":\"https:\/\/ri2020.eu\/en\/#organization\"},\"potentialAction\":[{\"@type\":\"SearchAction\",\"target\":{\"@type\":\"EntryPoint\",\"urlTemplate\":\"https:\/\/ri2020.eu\/en\/?s={search_term_string}\"},\"query-input\":{\"@type\":\"PropertyValueSpecification\",\"valueRequired\":true,\"valueName\":\"search_term_string\"}}],\"inLanguage\":\"en-US\"},{\"@type\":\"Organization\",\"@id\":\"https:\/\/ri2020.eu\/en\/#organization\",\"name\":\"Rijeka 2020 d.o.o.\",\"url\":\"https:\/\/ri2020.eu\/en\/\",\"logo\":{\"@type\":\"ImageObject\",\"inLanguage\":\"en-US\",\"@id\":\"https:\/\/ri2020.eu\/en\/#\/schema\/logo\/image\/\",\"url\":\"https:\/\/rijeka2020.eu\/wp-content\/uploads\/2018\/07\/Ri2020-logo.png\",\"contentUrl\":\"https:\/\/rijeka2020.eu\/wp-content\/uploads\/2018\/07\/Ri2020-logo.png\",\"width\":407,\"height\":175,\"caption\":\"Rijeka 2020 d.o.o.\"},\"image\":{\"@id\":\"https:\/\/ri2020.eu\/en\/#\/schema\/logo\/image\/\"},\"sameAs\":[\"https:\/\/www.facebook.com\/rijeka2020\",\"https:\/\/x.com\/Rijeka2020\",\"https:\/\/www.instagram.com\/rijeka2020\/\",\"https:\/\/www.youtube.com\/user\/riepk2020\"]},{\"@type\":\"Person\",\"@id\":\"https:\/\/ri2020.eu\/en\/#\/schema\/person\/9c12d91df8c45bc534f625d9c81f403d\",\"name\":\"Rijeka 2020\",\"url\":\"https:\/\/ri2020.eu\/en\/author\/lsm\/\"}]}<\/script>\n<!-- \/ Yoast SEO plugin. -->","yoast_head_json":{"title":"Enver Krivac: \"U Fordu\" (Zebar) &#8226; Rijeka 2020","robots":{"index":"index","follow":"follow","max-snippet":"max-snippet:-1","max-image-preview":"max-image-preview:large","max-video-preview":"max-video-preview:-1"},"canonical":"https:\/\/ri2020.eu\/en\/enver-krivac-in-the-ford-zebar\/","og_locale":"en_US","og_type":"article","og_title":"Enver Krivac: \"U Fordu\" (Zebar) &#8226; Rijeka 2020","og_description":"Zebar Zebar lies on the hill overlooking the lake of Tribalj, ripe with fascinating flora and fauna and also the area with the most significant Liburnija karst deposits of the Primorje-Gorski Kotar county. Extreme environmental changes on these stretches of karst cliffs towering over Vinodol are a prerequisite for great biodiversity, but also biogeographical phenomena,","og_url":"https:\/\/ri2020.eu\/en\/enver-krivac-in-the-ford-zebar\/","og_site_name":"Rijeka 2020","article_publisher":"https:\/\/www.facebook.com\/rijeka2020","article_published_time":"2019-09-09T22:00:38+00:00","article_modified_time":"2019-09-30T13:53:25+00:00","og_image":[{"width":1989,"height":547,"url":"https:\/\/ri2020.eu\/wp-content\/uploads\/2018\/12\/4.-IMG_7375-e1544195183196.jpg","type":"image\/jpeg"}],"author":"Rijeka 2020","twitter_card":"summary_large_image","twitter_creator":"@Rijeka2020","twitter_site":"@Rijeka2020","twitter_misc":{"Written by":"Rijeka 2020","Est. reading time":"2 minutes"},"schema":{"@context":"https:\/\/schema.org","@graph":[{"@type":"Article","@id":"https:\/\/ri2020.eu\/en\/enver-krivac-in-the-ford-zebar\/#article","isPartOf":{"@id":"https:\/\/ri2020.eu\/en\/enver-krivac-in-the-ford-zebar\/"},"author":{"name":"Rijeka 2020","@id":"https:\/\/ri2020.eu\/en\/#\/schema\/person\/9c12d91df8c45bc534f625d9c81f403d"},"headline":"Enver Krivac: &#8220;U Fordu&#8221; (Zebar)","datePublished":"2019-09-09T22:00:38+00:00","dateModified":"2019-09-30T13:53:25+00:00","mainEntityOfPage":{"@id":"https:\/\/ri2020.eu\/en\/enver-krivac-in-the-ford-zebar\/"},"wordCount":437,"publisher":{"@id":"https:\/\/ri2020.eu\/en\/#organization"},"image":{"@id":"https:\/\/ri2020.eu\/en\/enver-krivac-in-the-ford-zebar\/#primaryimage"},"thumbnailUrl":"https:\/\/ri2020.eu\/wp-content\/uploads\/2018\/12\/4.-IMG_7375-e1544195183196.jpg","articleSection":["News"],"inLanguage":"en-US"},{"@type":"WebPage","@id":"https:\/\/ri2020.eu\/en\/enver-krivac-in-the-ford-zebar\/","url":"https:\/\/ri2020.eu\/en\/enver-krivac-in-the-ford-zebar\/","name":"Enver Krivac: \"U Fordu\" (Zebar) &#8226; Rijeka 2020","isPartOf":{"@id":"https:\/\/ri2020.eu\/en\/#website"},"primaryImageOfPage":{"@id":"https:\/\/ri2020.eu\/en\/enver-krivac-in-the-ford-zebar\/#primaryimage"},"image":{"@id":"https:\/\/ri2020.eu\/en\/enver-krivac-in-the-ford-zebar\/#primaryimage"},"thumbnailUrl":"https:\/\/ri2020.eu\/wp-content\/uploads\/2018\/12\/4.-IMG_7375-e1544195183196.jpg","datePublished":"2019-09-09T22:00:38+00:00","dateModified":"2019-09-30T13:53:25+00:00","breadcrumb":{"@id":"https:\/\/ri2020.eu\/en\/enver-krivac-in-the-ford-zebar\/#breadcrumb"},"inLanguage":"en-US","potentialAction":[{"@type":"ReadAction","target":["https:\/\/ri2020.eu\/en\/enver-krivac-in-the-ford-zebar\/"]}]},{"@type":"ImageObject","inLanguage":"en-US","@id":"https:\/\/ri2020.eu\/en\/enver-krivac-in-the-ford-zebar\/#primaryimage","url":"https:\/\/ri2020.eu\/wp-content\/uploads\/2018\/12\/4.-IMG_7375-e1544195183196.jpg","contentUrl":"https:\/\/ri2020.eu\/wp-content\/uploads\/2018\/12\/4.-IMG_7375-e1544195183196.jpg","width":1989,"height":547},{"@type":"BreadcrumbList","@id":"https:\/\/ri2020.eu\/en\/enver-krivac-in-the-ford-zebar\/#breadcrumb","itemListElement":[{"@type":"ListItem","position":1,"name":"Home","item":"https:\/\/ri2020.eu\/en\/"},{"@type":"ListItem","position":2,"name":"Enver Krivac: &#8220;U Fordu&#8221; (Zebar)"}]},{"@type":"WebSite","@id":"https:\/\/ri2020.eu\/en\/#website","url":"https:\/\/ri2020.eu\/en\/","name":"Rijeka 2020","description":"Europska prijestolnica kulture","publisher":{"@id":"https:\/\/ri2020.eu\/en\/#organization"},"potentialAction":[{"@type":"SearchAction","target":{"@type":"EntryPoint","urlTemplate":"https:\/\/ri2020.eu\/en\/?s={search_term_string}"},"query-input":{"@type":"PropertyValueSpecification","valueRequired":true,"valueName":"search_term_string"}}],"inLanguage":"en-US"},{"@type":"Organization","@id":"https:\/\/ri2020.eu\/en\/#organization","name":"Rijeka 2020 d.o.o.","url":"https:\/\/ri2020.eu\/en\/","logo":{"@type":"ImageObject","inLanguage":"en-US","@id":"https:\/\/ri2020.eu\/en\/#\/schema\/logo\/image\/","url":"https:\/\/rijeka2020.eu\/wp-content\/uploads\/2018\/07\/Ri2020-logo.png","contentUrl":"https:\/\/rijeka2020.eu\/wp-content\/uploads\/2018\/07\/Ri2020-logo.png","width":407,"height":175,"caption":"Rijeka 2020 d.o.o."},"image":{"@id":"https:\/\/ri2020.eu\/en\/#\/schema\/logo\/image\/"},"sameAs":["https:\/\/www.facebook.com\/rijeka2020","https:\/\/x.com\/Rijeka2020","https:\/\/www.instagram.com\/rijeka2020\/","https:\/\/www.youtube.com\/user\/riepk2020"]},{"@type":"Person","@id":"https:\/\/ri2020.eu\/en\/#\/schema\/person\/9c12d91df8c45bc534f625d9c81f403d","name":"Rijeka 2020","url":"https:\/\/ri2020.eu\/en\/author\/lsm\/"}]}},"_links":{"self":[{"href":"https:\/\/ri2020.eu\/en\/wp-json\/wp\/v2\/posts\/17108","targetHints":{"allow":["GET"]}}],"collection":[{"href":"https:\/\/ri2020.eu\/en\/wp-json\/wp\/v2\/posts"}],"about":[{"href":"https:\/\/ri2020.eu\/en\/wp-json\/wp\/v2\/types\/post"}],"author":[{"embeddable":true,"href":"https:\/\/ri2020.eu\/en\/wp-json\/wp\/v2\/users\/72"}],"replies":[{"embeddable":true,"href":"https:\/\/ri2020.eu\/en\/wp-json\/wp\/v2\/comments?post=17108"}],"version-history":[{"count":0,"href":"https:\/\/ri2020.eu\/en\/wp-json\/wp\/v2\/posts\/17108\/revisions"}],"wp:featuredmedia":[{"embeddable":true,"href":"https:\/\/ri2020.eu\/en\/wp-json\/wp\/v2\/media\/17047"}],"wp:attachment":[{"href":"https:\/\/ri2020.eu\/en\/wp-json\/wp\/v2\/media?parent=17108"}],"wp:term":[{"taxonomy":"category","embeddable":true,"href":"https:\/\/ri2020.eu\/en\/wp-json\/wp\/v2\/categories?post=17108"},{"taxonomy":"post_tag","embeddable":true,"href":"https:\/\/ri2020.eu\/en\/wp-json\/wp\/v2\/tags?post=17108"}],"curies":[{"name":"wp","href":"https:\/\/api.w.org\/{rel}","templated":true}]}}