{"id":17100,"date":"2019-09-10T00:00:11","date_gmt":"2019-09-09T22:00:11","guid":{"rendered":"http:\/\/rijeka2020.eu\/?p=17100\/"},"modified":"2019-09-30T15:17:37","modified_gmt":"2019-09-30T13:17:37","slug":"bekim-sejranovic-miss-misery-on-susak-susak","status":"publish","type":"post","link":"https:\/\/ri2020.eu\/en\/bekim-sejranovic-miss-misery-on-susak-susak\/","title":{"rendered":"Bekim Sejranovi\u0107: &#8220;Miss Misery na otoku Susku&#8221; (Susak)"},"content":{"rendered":"<h1>Susak<\/h1>\n<p>The small island of Susak lies near Lo\u0161inj. It\u2019s known for shallow sandy bays and a unique yellowish sand. Its particular feature is that it\u2019s car-free, and the locals speak a special Susak variety of the Chakavian (litoral) dialect and extremely brightly coloured traditional clothes. The women of Susak are the only one in Europe with traditional skirts cut above the knee. The entire area of the island is protected cultural heritage.<br \/>\nSince the inhabitants of Susak were mostly employed in viticulture and fishing, the development of those economic activities often depended on the states managing this area. During Yugoslavia, the introduction of the tax on wine, the main product of Susak, initiated mass emigration. During the period from 1945 to 1989, 1,518 people left the island. Nowadays, most emigrants live in Hoboken, New Jersey, US.<br \/>\nAccording to the latest census of 2011, 151 people live on the island of Susak.<\/p>\n<p>&nbsp;<\/p>\n<h1>Bekim Sejranovi\u0107<\/h1>\n<p>Bekim Sejranovi\u0107 is a Bosnian-Herzegovian and Croatian author, born in Br\u010dko in 1972. He moved to Rijeka in 1985 and there attended naval school and studied Croatian language and literature. He has been living in Oslo, Norway since 1993, where he obtained a Master\u2019s degree in South Slavic literature at the Faculty of History and Humanities.<br \/>\nHe translated works by Ingvar Ambj\u00f8rnsen and Frode Grytten from Norwegian, and also edited and translated the anthology of Norwegian short story \u201cThe Great Barren Landscape\u201d. He is the author of the study \u201cModernizam u romanu Isu\u0161ena kalju\u017ea Janka Poli\u0107a Kamova\u201d (\u201cModernism in the novel \u2018The Dried Up Mire\u2019) by Janko Poli\u0107 Kamov\u201d), book of short stories \u201cFasung\u201d and the novels \u201cNigdje, niotkuda\u201d (\u201cNowhere, No Place\u201d) and \u201cLjep\u0161i kraj\u201d (\u201cA Prettier End\u201d).<br \/>\nBekim won the \u201cMe\u0161a Selimovi\u0107\u201d award in 2009 for the novel \u201cNigdje, niotkuda\u201d, awarded for best novel published in the region of Bosnia and Herzegovina, Croatia, Serbia and Montenegro. As screenwriter, together with the Japanese director Moku Teraoka he created the documentary \u201cOd Tokija do Morave\u201d (\u201cFrom Tokio To Morava\u201d) in 2011. So far, apart from the above-mentioned works, he has also published the following works: \u201cSandale\u201d (\u201cSandals\u201d), \u201cTvoj sin Huckleberry Finn\u201d (\u201cYour Son Huckleberry Finn\u201d) and \u201cDnevnik jednog nomada\u201d (\u201cDiary of a Nomad\u201d).<\/p>\n<p><a href=\"https:\/\/www.facebook.com\/bekim.sejranovic\" target=\"_blank\" rel=\"noopener noreferrer\">More on the author and his work<\/a><\/p>\n<p>The programme is implemented in cooperation with the <a href=\"http:\/\/www.mali-losinj.hr\/\" target=\"_blank\" rel=\"noopener noreferrer\">Municipality of Mali Lo\u0161inj<\/a> and the <a href=\"http:\/\/www.muzejapoksiomena.hr\/hr\/\" target=\"_blank\" rel=\"noopener noreferrer\">Museum of Apoxyomenos<\/a>.<\/p>\n<p><img loading=\"lazy\" decoding=\"async\" class=\"alignleft size-full wp-image-17549\" src=\"https:\/\/rijeka2020.eu\/wp-content\/uploads\/2018\/12\/m-losinj-susak.jpg\" alt=\"\" width=\"785\" height=\"271\" srcset=\"https:\/\/ri2020.eu\/wp-content\/uploads\/2018\/12\/m-losinj-susak.jpg 785w, https:\/\/ri2020.eu\/wp-content\/uploads\/2018\/12\/m-losinj-susak-255x88.jpg 255w, https:\/\/ri2020.eu\/wp-content\/uploads\/2018\/12\/m-losinj-susak-768x265.jpg 768w, https:\/\/ri2020.eu\/wp-content\/uploads\/2018\/12\/m-losinj-susak-250x86.jpg 250w, https:\/\/ri2020.eu\/wp-content\/uploads\/2018\/12\/m-losinj-susak-420x145.jpg 420w\" sizes=\"auto, (max-width: 785px) 100vw, 785px\" \/><\/p>\n<h5><\/h5>\n<p>&nbsp;<\/p>\n","protected":false},"excerpt":{"rendered":"<p>Susak The small island of Susak lies near Lo\u0161inj. It\u2019s known for shallow sandy bays and a unique yellowish sand. Its particular feature is that it\u2019s car-free, and the locals speak a special Susak variety of the Chakavian (litoral) dialect and extremely brightly coloured traditional clothes. The women of Susak are the only one in<\/p>\n","protected":false},"author":72,"featured_media":17098,"comment_status":"closed","ping_status":"closed","sticky":false,"template":"","format":"standard","meta":{"_acf_changed":false,"footnotes":""},"categories":[2731],"tags":[],"class_list":["post-17100","post","type-post","status-publish","format-standard","has-post-thumbnail","hentry","category-news"],"acf":[],"yoast_head":"<!-- This site is optimized with the Yoast SEO plugin v26.8 - https:\/\/yoast.com\/product\/yoast-seo-wordpress\/ -->\n<title>Bekim Sejranovi\u0107: &quot;Miss Misery na otoku Susku&quot; (Susak) &#8226; Rijeka 2020<\/title>\n<meta name=\"robots\" content=\"index, follow, max-snippet:-1, max-image-preview:large, max-video-preview:-1\" \/>\n<link rel=\"canonical\" href=\"https:\/\/ri2020.eu\/en\/bekim-sejranovic-miss-misery-on-susak-susak\/\" \/>\n<meta property=\"og:locale\" content=\"en_US\" \/>\n<meta property=\"og:type\" content=\"article\" \/>\n<meta property=\"og:title\" content=\"Bekim Sejranovi\u0107: &quot;Miss Misery na otoku Susku&quot; (Susak) &#8226; Rijeka 2020\" \/>\n<meta property=\"og:description\" content=\"Susak The small island of Susak lies near Lo\u0161inj. It\u2019s known for shallow sandy bays and a unique yellowish sand. Its particular feature is that it\u2019s car-free, and the locals speak a special Susak variety of the Chakavian (litoral) dialect and extremely brightly coloured traditional clothes. The women of Susak are the only one in\" \/>\n<meta property=\"og:url\" content=\"https:\/\/ri2020.eu\/en\/bekim-sejranovic-miss-misery-on-susak-susak\/\" \/>\n<meta property=\"og:site_name\" content=\"Rijeka 2020\" \/>\n<meta property=\"article:publisher\" content=\"https:\/\/www.facebook.com\/rijeka2020\" \/>\n<meta property=\"article:published_time\" content=\"2019-09-09T22:00:11+00:00\" \/>\n<meta property=\"article:modified_time\" content=\"2019-09-30T13:17:37+00:00\" \/>\n<meta property=\"og:image\" content=\"https:\/\/ri2020.eu\/wp-content\/uploads\/2018\/12\/kropani-Bekim.jpg\" \/>\n\t<meta property=\"og:image:width\" content=\"1309\" \/>\n\t<meta property=\"og:image:height\" content=\"544\" \/>\n\t<meta property=\"og:image:type\" content=\"image\/jpeg\" \/>\n<meta name=\"author\" content=\"Rijeka 2020\" \/>\n<meta name=\"twitter:card\" content=\"summary_large_image\" \/>\n<meta name=\"twitter:creator\" content=\"@Rijeka2020\" \/>\n<meta name=\"twitter:site\" content=\"@Rijeka2020\" \/>\n<meta name=\"twitter:label1\" content=\"Written by\" \/>\n\t<meta name=\"twitter:data1\" content=\"Rijeka 2020\" \/>\n\t<meta name=\"twitter:label2\" content=\"Est. reading time\" \/>\n\t<meta name=\"twitter:data2\" content=\"2 minutes\" \/>\n<script type=\"application\/ld+json\" class=\"yoast-schema-graph\">{\"@context\":\"https:\/\/schema.org\",\"@graph\":[{\"@type\":\"Article\",\"@id\":\"https:\/\/ri2020.eu\/en\/bekim-sejranovic-miss-misery-on-susak-susak\/#article\",\"isPartOf\":{\"@id\":\"https:\/\/ri2020.eu\/en\/bekim-sejranovic-miss-misery-on-susak-susak\/\"},\"author\":{\"name\":\"Rijeka 2020\",\"@id\":\"https:\/\/ri2020.eu\/en\/#\/schema\/person\/9c12d91df8c45bc534f625d9c81f403d\"},\"headline\":\"Bekim Sejranovi\u0107: &#8220;Miss Misery na otoku Susku&#8221; (Susak)\",\"datePublished\":\"2019-09-09T22:00:11+00:00\",\"dateModified\":\"2019-09-30T13:17:37+00:00\",\"mainEntityOfPage\":{\"@id\":\"https:\/\/ri2020.eu\/en\/bekim-sejranovic-miss-misery-on-susak-susak\/\"},\"wordCount\":402,\"publisher\":{\"@id\":\"https:\/\/ri2020.eu\/en\/#organization\"},\"image\":{\"@id\":\"https:\/\/ri2020.eu\/en\/bekim-sejranovic-miss-misery-on-susak-susak\/#primaryimage\"},\"thumbnailUrl\":\"https:\/\/ri2020.eu\/wp-content\/uploads\/2018\/12\/kropani-Bekim.jpg\",\"articleSection\":[\"News\"],\"inLanguage\":\"en-US\"},{\"@type\":\"WebPage\",\"@id\":\"https:\/\/ri2020.eu\/en\/bekim-sejranovic-miss-misery-on-susak-susak\/\",\"url\":\"https:\/\/ri2020.eu\/en\/bekim-sejranovic-miss-misery-on-susak-susak\/\",\"name\":\"Bekim Sejranovi\u0107: \\\"Miss Misery na otoku Susku\\\" (Susak) &#8226; Rijeka 2020\",\"isPartOf\":{\"@id\":\"https:\/\/ri2020.eu\/en\/#website\"},\"primaryImageOfPage\":{\"@id\":\"https:\/\/ri2020.eu\/en\/bekim-sejranovic-miss-misery-on-susak-susak\/#primaryimage\"},\"image\":{\"@id\":\"https:\/\/ri2020.eu\/en\/bekim-sejranovic-miss-misery-on-susak-susak\/#primaryimage\"},\"thumbnailUrl\":\"https:\/\/ri2020.eu\/wp-content\/uploads\/2018\/12\/kropani-Bekim.jpg\",\"datePublished\":\"2019-09-09T22:00:11+00:00\",\"dateModified\":\"2019-09-30T13:17:37+00:00\",\"breadcrumb\":{\"@id\":\"https:\/\/ri2020.eu\/en\/bekim-sejranovic-miss-misery-on-susak-susak\/#breadcrumb\"},\"inLanguage\":\"en-US\",\"potentialAction\":[{\"@type\":\"ReadAction\",\"target\":[\"https:\/\/ri2020.eu\/en\/bekim-sejranovic-miss-misery-on-susak-susak\/\"]}]},{\"@type\":\"ImageObject\",\"inLanguage\":\"en-US\",\"@id\":\"https:\/\/ri2020.eu\/en\/bekim-sejranovic-miss-misery-on-susak-susak\/#primaryimage\",\"url\":\"https:\/\/ri2020.eu\/wp-content\/uploads\/2018\/12\/kropani-Bekim.jpg\",\"contentUrl\":\"https:\/\/ri2020.eu\/wp-content\/uploads\/2018\/12\/kropani-Bekim.jpg\",\"width\":1309,\"height\":544},{\"@type\":\"BreadcrumbList\",\"@id\":\"https:\/\/ri2020.eu\/en\/bekim-sejranovic-miss-misery-on-susak-susak\/#breadcrumb\",\"itemListElement\":[{\"@type\":\"ListItem\",\"position\":1,\"name\":\"Home\",\"item\":\"https:\/\/ri2020.eu\/en\/\"},{\"@type\":\"ListItem\",\"position\":2,\"name\":\"Bekim Sejranovi\u0107: &#8220;Miss Misery na otoku Susku&#8221; (Susak)\"}]},{\"@type\":\"WebSite\",\"@id\":\"https:\/\/ri2020.eu\/en\/#website\",\"url\":\"https:\/\/ri2020.eu\/en\/\",\"name\":\"Rijeka 2020\",\"description\":\"Europska prijestolnica kulture\",\"publisher\":{\"@id\":\"https:\/\/ri2020.eu\/en\/#organization\"},\"potentialAction\":[{\"@type\":\"SearchAction\",\"target\":{\"@type\":\"EntryPoint\",\"urlTemplate\":\"https:\/\/ri2020.eu\/en\/?s={search_term_string}\"},\"query-input\":{\"@type\":\"PropertyValueSpecification\",\"valueRequired\":true,\"valueName\":\"search_term_string\"}}],\"inLanguage\":\"en-US\"},{\"@type\":\"Organization\",\"@id\":\"https:\/\/ri2020.eu\/en\/#organization\",\"name\":\"Rijeka 2020 d.o.o.\",\"url\":\"https:\/\/ri2020.eu\/en\/\",\"logo\":{\"@type\":\"ImageObject\",\"inLanguage\":\"en-US\",\"@id\":\"https:\/\/ri2020.eu\/en\/#\/schema\/logo\/image\/\",\"url\":\"https:\/\/rijeka2020.eu\/wp-content\/uploads\/2018\/07\/Ri2020-logo.png\",\"contentUrl\":\"https:\/\/rijeka2020.eu\/wp-content\/uploads\/2018\/07\/Ri2020-logo.png\",\"width\":407,\"height\":175,\"caption\":\"Rijeka 2020 d.o.o.\"},\"image\":{\"@id\":\"https:\/\/ri2020.eu\/en\/#\/schema\/logo\/image\/\"},\"sameAs\":[\"https:\/\/www.facebook.com\/rijeka2020\",\"https:\/\/x.com\/Rijeka2020\",\"https:\/\/www.instagram.com\/rijeka2020\/\",\"https:\/\/www.youtube.com\/user\/riepk2020\"]},{\"@type\":\"Person\",\"@id\":\"https:\/\/ri2020.eu\/en\/#\/schema\/person\/9c12d91df8c45bc534f625d9c81f403d\",\"name\":\"Rijeka 2020\",\"url\":\"https:\/\/ri2020.eu\/en\/author\/lsm\/\"}]}<\/script>\n<!-- \/ Yoast SEO plugin. -->","yoast_head_json":{"title":"Bekim Sejranovi\u0107: \"Miss Misery na otoku Susku\" (Susak) &#8226; Rijeka 2020","robots":{"index":"index","follow":"follow","max-snippet":"max-snippet:-1","max-image-preview":"max-image-preview:large","max-video-preview":"max-video-preview:-1"},"canonical":"https:\/\/ri2020.eu\/en\/bekim-sejranovic-miss-misery-on-susak-susak\/","og_locale":"en_US","og_type":"article","og_title":"Bekim Sejranovi\u0107: \"Miss Misery na otoku Susku\" (Susak) &#8226; Rijeka 2020","og_description":"Susak The small island of Susak lies near Lo\u0161inj. It\u2019s known for shallow sandy bays and a unique yellowish sand. Its particular feature is that it\u2019s car-free, and the locals speak a special Susak variety of the Chakavian (litoral) dialect and extremely brightly coloured traditional clothes. The women of Susak are the only one in","og_url":"https:\/\/ri2020.eu\/en\/bekim-sejranovic-miss-misery-on-susak-susak\/","og_site_name":"Rijeka 2020","article_publisher":"https:\/\/www.facebook.com\/rijeka2020","article_published_time":"2019-09-09T22:00:11+00:00","article_modified_time":"2019-09-30T13:17:37+00:00","og_image":[{"width":1309,"height":544,"url":"https:\/\/ri2020.eu\/wp-content\/uploads\/2018\/12\/kropani-Bekim.jpg","type":"image\/jpeg"}],"author":"Rijeka 2020","twitter_card":"summary_large_image","twitter_creator":"@Rijeka2020","twitter_site":"@Rijeka2020","twitter_misc":{"Written by":"Rijeka 2020","Est. reading time":"2 minutes"},"schema":{"@context":"https:\/\/schema.org","@graph":[{"@type":"Article","@id":"https:\/\/ri2020.eu\/en\/bekim-sejranovic-miss-misery-on-susak-susak\/#article","isPartOf":{"@id":"https:\/\/ri2020.eu\/en\/bekim-sejranovic-miss-misery-on-susak-susak\/"},"author":{"name":"Rijeka 2020","@id":"https:\/\/ri2020.eu\/en\/#\/schema\/person\/9c12d91df8c45bc534f625d9c81f403d"},"headline":"Bekim Sejranovi\u0107: &#8220;Miss Misery na otoku Susku&#8221; (Susak)","datePublished":"2019-09-09T22:00:11+00:00","dateModified":"2019-09-30T13:17:37+00:00","mainEntityOfPage":{"@id":"https:\/\/ri2020.eu\/en\/bekim-sejranovic-miss-misery-on-susak-susak\/"},"wordCount":402,"publisher":{"@id":"https:\/\/ri2020.eu\/en\/#organization"},"image":{"@id":"https:\/\/ri2020.eu\/en\/bekim-sejranovic-miss-misery-on-susak-susak\/#primaryimage"},"thumbnailUrl":"https:\/\/ri2020.eu\/wp-content\/uploads\/2018\/12\/kropani-Bekim.jpg","articleSection":["News"],"inLanguage":"en-US"},{"@type":"WebPage","@id":"https:\/\/ri2020.eu\/en\/bekim-sejranovic-miss-misery-on-susak-susak\/","url":"https:\/\/ri2020.eu\/en\/bekim-sejranovic-miss-misery-on-susak-susak\/","name":"Bekim Sejranovi\u0107: \"Miss Misery na otoku Susku\" (Susak) &#8226; Rijeka 2020","isPartOf":{"@id":"https:\/\/ri2020.eu\/en\/#website"},"primaryImageOfPage":{"@id":"https:\/\/ri2020.eu\/en\/bekim-sejranovic-miss-misery-on-susak-susak\/#primaryimage"},"image":{"@id":"https:\/\/ri2020.eu\/en\/bekim-sejranovic-miss-misery-on-susak-susak\/#primaryimage"},"thumbnailUrl":"https:\/\/ri2020.eu\/wp-content\/uploads\/2018\/12\/kropani-Bekim.jpg","datePublished":"2019-09-09T22:00:11+00:00","dateModified":"2019-09-30T13:17:37+00:00","breadcrumb":{"@id":"https:\/\/ri2020.eu\/en\/bekim-sejranovic-miss-misery-on-susak-susak\/#breadcrumb"},"inLanguage":"en-US","potentialAction":[{"@type":"ReadAction","target":["https:\/\/ri2020.eu\/en\/bekim-sejranovic-miss-misery-on-susak-susak\/"]}]},{"@type":"ImageObject","inLanguage":"en-US","@id":"https:\/\/ri2020.eu\/en\/bekim-sejranovic-miss-misery-on-susak-susak\/#primaryimage","url":"https:\/\/ri2020.eu\/wp-content\/uploads\/2018\/12\/kropani-Bekim.jpg","contentUrl":"https:\/\/ri2020.eu\/wp-content\/uploads\/2018\/12\/kropani-Bekim.jpg","width":1309,"height":544},{"@type":"BreadcrumbList","@id":"https:\/\/ri2020.eu\/en\/bekim-sejranovic-miss-misery-on-susak-susak\/#breadcrumb","itemListElement":[{"@type":"ListItem","position":1,"name":"Home","item":"https:\/\/ri2020.eu\/en\/"},{"@type":"ListItem","position":2,"name":"Bekim Sejranovi\u0107: &#8220;Miss Misery na otoku Susku&#8221; (Susak)"}]},{"@type":"WebSite","@id":"https:\/\/ri2020.eu\/en\/#website","url":"https:\/\/ri2020.eu\/en\/","name":"Rijeka 2020","description":"Europska prijestolnica kulture","publisher":{"@id":"https:\/\/ri2020.eu\/en\/#organization"},"potentialAction":[{"@type":"SearchAction","target":{"@type":"EntryPoint","urlTemplate":"https:\/\/ri2020.eu\/en\/?s={search_term_string}"},"query-input":{"@type":"PropertyValueSpecification","valueRequired":true,"valueName":"search_term_string"}}],"inLanguage":"en-US"},{"@type":"Organization","@id":"https:\/\/ri2020.eu\/en\/#organization","name":"Rijeka 2020 d.o.o.","url":"https:\/\/ri2020.eu\/en\/","logo":{"@type":"ImageObject","inLanguage":"en-US","@id":"https:\/\/ri2020.eu\/en\/#\/schema\/logo\/image\/","url":"https:\/\/rijeka2020.eu\/wp-content\/uploads\/2018\/07\/Ri2020-logo.png","contentUrl":"https:\/\/rijeka2020.eu\/wp-content\/uploads\/2018\/07\/Ri2020-logo.png","width":407,"height":175,"caption":"Rijeka 2020 d.o.o."},"image":{"@id":"https:\/\/ri2020.eu\/en\/#\/schema\/logo\/image\/"},"sameAs":["https:\/\/www.facebook.com\/rijeka2020","https:\/\/x.com\/Rijeka2020","https:\/\/www.instagram.com\/rijeka2020\/","https:\/\/www.youtube.com\/user\/riepk2020"]},{"@type":"Person","@id":"https:\/\/ri2020.eu\/en\/#\/schema\/person\/9c12d91df8c45bc534f625d9c81f403d","name":"Rijeka 2020","url":"https:\/\/ri2020.eu\/en\/author\/lsm\/"}]}},"_links":{"self":[{"href":"https:\/\/ri2020.eu\/en\/wp-json\/wp\/v2\/posts\/17100","targetHints":{"allow":["GET"]}}],"collection":[{"href":"https:\/\/ri2020.eu\/en\/wp-json\/wp\/v2\/posts"}],"about":[{"href":"https:\/\/ri2020.eu\/en\/wp-json\/wp\/v2\/types\/post"}],"author":[{"embeddable":true,"href":"https:\/\/ri2020.eu\/en\/wp-json\/wp\/v2\/users\/72"}],"replies":[{"embeddable":true,"href":"https:\/\/ri2020.eu\/en\/wp-json\/wp\/v2\/comments?post=17100"}],"version-history":[{"count":0,"href":"https:\/\/ri2020.eu\/en\/wp-json\/wp\/v2\/posts\/17100\/revisions"}],"wp:featuredmedia":[{"embeddable":true,"href":"https:\/\/ri2020.eu\/en\/wp-json\/wp\/v2\/media\/17098"}],"wp:attachment":[{"href":"https:\/\/ri2020.eu\/en\/wp-json\/wp\/v2\/media?parent=17100"}],"wp:term":[{"taxonomy":"category","embeddable":true,"href":"https:\/\/ri2020.eu\/en\/wp-json\/wp\/v2\/categories?post=17100"},{"taxonomy":"post_tag","embeddable":true,"href":"https:\/\/ri2020.eu\/en\/wp-json\/wp\/v2\/tags?post=17100"}],"curies":[{"name":"wp","href":"https:\/\/api.w.org\/{rel}","templated":true}]}}