{"id":17093,"date":"2019-09-10T00:00:15","date_gmt":"2019-09-09T22:00:15","guid":{"rendered":"http:\/\/rijeka2020.eu\/?p=17093\/"},"modified":"2019-09-30T15:36:02","modified_gmt":"2019-09-30T13:36:02","slug":"olja-savicevic-ivancevic-tramuntana-northern-cres","status":"publish","type":"post","link":"https:\/\/ri2020.eu\/en\/olja-savicevic-ivancevic-tramuntana-northern-cres\/","title":{"rendered":"Olja Savi\u010devi\u0107 Ivan\u010devi\u0107: &#8220;Tramuntana&#8221; (Northern Cres)"},"content":{"rendered":"<h1>Northern Cres<\/h1>\n<p>On the green hill of the northern side of the island of Cres, there is a thick forest, known as Tramuntana, with a vegetation so diverse it represents an extremely important example of natural heritage. The wind is an ubiquitous weather element, which is also reflected in the way of life.<br \/>\nThe north of Cres is also known for the highly protected griffon vultures which make their nests here on the steep cliffs overlooking the sea. This is the northernmost European colony of griffon vultures.<br \/>\nAccording to the most recent census of 2011, the settlements of northern Cres are inhabited by 129 people.<\/p>\n<p>&nbsp;<\/p>\n<h1>Olja Savi\u010devi\u0107 Ivan\u010devi\u0107<\/h1>\n<p>Olja Savi\u010devi\u0107 Ivan\u010devi\u0107 is a poet and prosaic and dramatic author, born in Split in 1974. She graduated in Croatian language and literature at the Faculty of Humanities and Social Sciences in Zadar, where she also undertook a post-graduate course.<br \/>\nShe won the \u201cProzak\u201d award for her manuscript \u201cNasmijati psa\u201d (\u201cTo Make a Dog Laugh\u201d), as well as first prize at the \u201dRanko Marinkovi\u0107\u201d short story competition of Ve\u010dernji list, and the \u201cKiklop\u201d award for best poetry collection \u201cKu\u0107na pravila\u201d (\u201cHouse Rules\u201d). The novel \u201cAdio kauboju\u201d (\u201cFarewell, Cowboy\u201d) won the T-portal award for best novel and the \u201cJure Ka\u0161telan\u201d award for art, presented by Slobodna Dalmacija. The novel \u201cAdio kauboju\u201d was staged as a play under the same name. The novel \u201cPjeva\u010d u no\u0107i\u201d (\u201cSinger in the Night\u201d) won the award \u201cLibar za vajk\u201d (\u201ca book for life\u201d) at the Pula Book Fair. Olja Savi\u010devi\u0107 Ivani\u010devi\u0107 won the regional award of the \u201cDruga prikazna\u201d (\u201cother story\u201d) festival in Skopje for her literary work so far. Some of Olja\u2019s stories were the basis for scripts and short feature films, and several plays for children and youth were staged based on her dramatic texts. She is the author of numerous theatre play songs. A graphic novella-comic by the team \u017de\u017eelj-Paljan was created on the basis of her story \u201cPederi\u201d (\u201cFags\u201d). Her works were translated into a dozen foreign languages and published in over ten European countries and the US. She lives and works in Split as a freelance writer.<br \/>\nBooks and poetry collections published so far: \u201cBit \u0107e stra\u0161no kada ja porastem\u201d (\u201cWhen I\u2019m Older, It\u2019s Going To Be Hell\u201d) of 1988, \u201cVje\u010dna djeca\u201d (Eternal Children\u201d) of 1993, \u201c\u017densko pismo\u201d (\u201cWomen\u2019s Writing\u201d) of 1999, \u201cPuzzlerojc\u201d of 2005, \u201cKu\u0107na pravila\u201d of 2007, \u201cMamasafari\u201d of 2012, collection of stories: \u201cNasmijati psa\u201d of 2006, novels: \u201cAdio kauboju\u201d of 2010 and \u201cPjeva\u010d u no\u0107i\u201d of 2016, picture storybook \u201c\u0160porki \u0160piro i Neposlu\u0161na Tonka\u201d (\u201cSloppy Spiro and Cheeky Tonka\u201d) of 2017 in cooperation with the illustrator Svjetlan Junakovi\u0107.<\/p>\n<p><a href=\"https:\/\/www.facebook.com\/oljasavicevicivancevic\/\" target=\"_blank\" rel=\"noopener noreferrer\">More on the author and her work<\/a><\/p>\n<p>&nbsp;<\/p>\n<p>The programme is implemented with the support of\u00a0Hotel Kimen and Camp Kova\u010dine, in cooperation with the <a href=\"http:\/\/www.cres.hr\/\" target=\"_blank\" rel=\"noopener noreferrer\">Municipality of Cres<\/a>, the <a href=\"http:\/\/www.knjiznica.hr\/knjiznice\/info\/247\" target=\"_blank\" rel=\"noopener noreferrer\">Municipal Library \u201cFrane Petri\u0107\u201d<\/a> of Cres and the <a href=\"https:\/\/www.facebook.com\/PlavicaCres\/\" target=\"_blank\" rel=\"noopener noreferrer\">Plavica bar Cres<\/a>.<\/p>\n<p><img loading=\"lazy\" decoding=\"async\" class=\"alignleft size-full wp-image-17543\" src=\"https:\/\/rijeka2020.eu\/wp-content\/uploads\/2018\/12\/cres.jpg\" alt=\"\" width=\"785\" height=\"271\" srcset=\"https:\/\/ri2020.eu\/wp-content\/uploads\/2018\/12\/cres.jpg 785w, https:\/\/ri2020.eu\/wp-content\/uploads\/2018\/12\/cres-255x88.jpg 255w, https:\/\/ri2020.eu\/wp-content\/uploads\/2018\/12\/cres-768x265.jpg 768w, https:\/\/ri2020.eu\/wp-content\/uploads\/2018\/12\/cres-250x86.jpg 250w, https:\/\/ri2020.eu\/wp-content\/uploads\/2018\/12\/cres-420x145.jpg 420w\" sizes=\"auto, (max-width: 785px) 100vw, 785px\" \/><\/p>\n<h5><\/h5>\n<p>&nbsp;<\/p>\n<p>&nbsp;<\/p>\n","protected":false},"excerpt":{"rendered":"<p>Northern Cres On the green hill of the northern side of the island of Cres, there is a thick forest, known as Tramuntana, with a vegetation so diverse it represents an extremely important example of natural heritage. The wind is an ubiquitous weather element, which is also reflected in the way of life. The north<\/p>\n","protected":false},"author":72,"featured_media":17000,"comment_status":"closed","ping_status":"closed","sticky":false,"template":"","format":"standard","meta":{"_acf_changed":false,"footnotes":""},"categories":[2731],"tags":[],"class_list":["post-17093","post","type-post","status-publish","format-standard","has-post-thumbnail","hentry","category-news"],"acf":[],"yoast_head":"<!-- This site is optimized with the Yoast SEO plugin v26.8 - https:\/\/yoast.com\/product\/yoast-seo-wordpress\/ -->\n<title>Olja Savi\u010devi\u0107 Ivan\u010devi\u0107: &quot;Tramuntana&quot; (Northern Cres) &#8226; Rijeka 2020<\/title>\n<meta name=\"robots\" content=\"index, follow, max-snippet:-1, max-image-preview:large, max-video-preview:-1\" \/>\n<link rel=\"canonical\" href=\"https:\/\/ri2020.eu\/en\/olja-savicevic-ivancevic-tramuntana-northern-cres\/\" \/>\n<meta property=\"og:locale\" content=\"en_US\" \/>\n<meta property=\"og:type\" content=\"article\" \/>\n<meta property=\"og:title\" content=\"Olja Savi\u010devi\u0107 Ivan\u010devi\u0107: &quot;Tramuntana&quot; (Northern Cres) &#8226; Rijeka 2020\" \/>\n<meta property=\"og:description\" content=\"Northern Cres On the green hill of the northern side of the island of Cres, there is a thick forest, known as Tramuntana, with a vegetation so diverse it represents an extremely important example of natural heritage. The wind is an ubiquitous weather element, which is also reflected in the way of life. The north\" \/>\n<meta property=\"og:url\" content=\"https:\/\/ri2020.eu\/en\/olja-savicevic-ivancevic-tramuntana-northern-cres\/\" \/>\n<meta property=\"og:site_name\" content=\"Rijeka 2020\" \/>\n<meta property=\"article:publisher\" content=\"https:\/\/www.facebook.com\/rijeka2020\" \/>\n<meta property=\"article:published_time\" content=\"2019-09-09T22:00:15+00:00\" \/>\n<meta property=\"article:modified_time\" content=\"2019-09-30T13:36:02+00:00\" \/>\n<meta property=\"og:image\" content=\"https:\/\/ri2020.eu\/wp-content\/uploads\/2018\/12\/filozici_autorske-bure-1.jpg\" \/>\n\t<meta property=\"og:image:width\" content=\"1995\" \/>\n\t<meta property=\"og:image:height\" content=\"822\" \/>\n\t<meta property=\"og:image:type\" content=\"image\/jpeg\" \/>\n<meta name=\"author\" content=\"Rijeka 2020\" \/>\n<meta name=\"twitter:card\" content=\"summary_large_image\" \/>\n<meta name=\"twitter:creator\" content=\"@Rijeka2020\" \/>\n<meta name=\"twitter:site\" content=\"@Rijeka2020\" \/>\n<meta name=\"twitter:label1\" content=\"Written by\" \/>\n\t<meta name=\"twitter:data1\" content=\"Rijeka 2020\" \/>\n\t<meta name=\"twitter:label2\" content=\"Est. reading time\" \/>\n\t<meta name=\"twitter:data2\" content=\"2 minutes\" \/>\n<script type=\"application\/ld+json\" class=\"yoast-schema-graph\">{\"@context\":\"https:\/\/schema.org\",\"@graph\":[{\"@type\":\"Article\",\"@id\":\"https:\/\/ri2020.eu\/en\/olja-savicevic-ivancevic-tramuntana-northern-cres\/#article\",\"isPartOf\":{\"@id\":\"https:\/\/ri2020.eu\/en\/olja-savicevic-ivancevic-tramuntana-northern-cres\/\"},\"author\":{\"name\":\"Rijeka 2020\",\"@id\":\"https:\/\/ri2020.eu\/en\/#\/schema\/person\/9c12d91df8c45bc534f625d9c81f403d\"},\"headline\":\"Olja Savi\u010devi\u0107 Ivan\u010devi\u0107: &#8220;Tramuntana&#8221; (Northern Cres)\",\"datePublished\":\"2019-09-09T22:00:15+00:00\",\"dateModified\":\"2019-09-30T13:36:02+00:00\",\"mainEntityOfPage\":{\"@id\":\"https:\/\/ri2020.eu\/en\/olja-savicevic-ivancevic-tramuntana-northern-cres\/\"},\"wordCount\":498,\"publisher\":{\"@id\":\"https:\/\/ri2020.eu\/en\/#organization\"},\"image\":{\"@id\":\"https:\/\/ri2020.eu\/en\/olja-savicevic-ivancevic-tramuntana-northern-cres\/#primaryimage\"},\"thumbnailUrl\":\"https:\/\/ri2020.eu\/wp-content\/uploads\/2018\/12\/filozici_autorske-bure-1.jpg\",\"articleSection\":[\"News\"],\"inLanguage\":\"en-US\"},{\"@type\":\"WebPage\",\"@id\":\"https:\/\/ri2020.eu\/en\/olja-savicevic-ivancevic-tramuntana-northern-cres\/\",\"url\":\"https:\/\/ri2020.eu\/en\/olja-savicevic-ivancevic-tramuntana-northern-cres\/\",\"name\":\"Olja Savi\u010devi\u0107 Ivan\u010devi\u0107: \\\"Tramuntana\\\" (Northern Cres) &#8226; Rijeka 2020\",\"isPartOf\":{\"@id\":\"https:\/\/ri2020.eu\/en\/#website\"},\"primaryImageOfPage\":{\"@id\":\"https:\/\/ri2020.eu\/en\/olja-savicevic-ivancevic-tramuntana-northern-cres\/#primaryimage\"},\"image\":{\"@id\":\"https:\/\/ri2020.eu\/en\/olja-savicevic-ivancevic-tramuntana-northern-cres\/#primaryimage\"},\"thumbnailUrl\":\"https:\/\/ri2020.eu\/wp-content\/uploads\/2018\/12\/filozici_autorske-bure-1.jpg\",\"datePublished\":\"2019-09-09T22:00:15+00:00\",\"dateModified\":\"2019-09-30T13:36:02+00:00\",\"breadcrumb\":{\"@id\":\"https:\/\/ri2020.eu\/en\/olja-savicevic-ivancevic-tramuntana-northern-cres\/#breadcrumb\"},\"inLanguage\":\"en-US\",\"potentialAction\":[{\"@type\":\"ReadAction\",\"target\":[\"https:\/\/ri2020.eu\/en\/olja-savicevic-ivancevic-tramuntana-northern-cres\/\"]}]},{\"@type\":\"ImageObject\",\"inLanguage\":\"en-US\",\"@id\":\"https:\/\/ri2020.eu\/en\/olja-savicevic-ivancevic-tramuntana-northern-cres\/#primaryimage\",\"url\":\"https:\/\/ri2020.eu\/wp-content\/uploads\/2018\/12\/filozici_autorske-bure-1.jpg\",\"contentUrl\":\"https:\/\/ri2020.eu\/wp-content\/uploads\/2018\/12\/filozici_autorske-bure-1.jpg\",\"width\":1995,\"height\":822,\"caption\":\"? Stefany Stefan\"},{\"@type\":\"BreadcrumbList\",\"@id\":\"https:\/\/ri2020.eu\/en\/olja-savicevic-ivancevic-tramuntana-northern-cres\/#breadcrumb\",\"itemListElement\":[{\"@type\":\"ListItem\",\"position\":1,\"name\":\"Home\",\"item\":\"https:\/\/ri2020.eu\/en\/\"},{\"@type\":\"ListItem\",\"position\":2,\"name\":\"Olja Savi\u010devi\u0107 Ivan\u010devi\u0107: &#8220;Tramuntana&#8221; (Northern Cres)\"}]},{\"@type\":\"WebSite\",\"@id\":\"https:\/\/ri2020.eu\/en\/#website\",\"url\":\"https:\/\/ri2020.eu\/en\/\",\"name\":\"Rijeka 2020\",\"description\":\"Europska prijestolnica kulture\",\"publisher\":{\"@id\":\"https:\/\/ri2020.eu\/en\/#organization\"},\"potentialAction\":[{\"@type\":\"SearchAction\",\"target\":{\"@type\":\"EntryPoint\",\"urlTemplate\":\"https:\/\/ri2020.eu\/en\/?s={search_term_string}\"},\"query-input\":{\"@type\":\"PropertyValueSpecification\",\"valueRequired\":true,\"valueName\":\"search_term_string\"}}],\"inLanguage\":\"en-US\"},{\"@type\":\"Organization\",\"@id\":\"https:\/\/ri2020.eu\/en\/#organization\",\"name\":\"Rijeka 2020 d.o.o.\",\"url\":\"https:\/\/ri2020.eu\/en\/\",\"logo\":{\"@type\":\"ImageObject\",\"inLanguage\":\"en-US\",\"@id\":\"https:\/\/ri2020.eu\/en\/#\/schema\/logo\/image\/\",\"url\":\"https:\/\/rijeka2020.eu\/wp-content\/uploads\/2018\/07\/Ri2020-logo.png\",\"contentUrl\":\"https:\/\/rijeka2020.eu\/wp-content\/uploads\/2018\/07\/Ri2020-logo.png\",\"width\":407,\"height\":175,\"caption\":\"Rijeka 2020 d.o.o.\"},\"image\":{\"@id\":\"https:\/\/ri2020.eu\/en\/#\/schema\/logo\/image\/\"},\"sameAs\":[\"https:\/\/www.facebook.com\/rijeka2020\",\"https:\/\/x.com\/Rijeka2020\",\"https:\/\/www.instagram.com\/rijeka2020\/\",\"https:\/\/www.youtube.com\/user\/riepk2020\"]},{\"@type\":\"Person\",\"@id\":\"https:\/\/ri2020.eu\/en\/#\/schema\/person\/9c12d91df8c45bc534f625d9c81f403d\",\"name\":\"Rijeka 2020\",\"url\":\"https:\/\/ri2020.eu\/en\/author\/lsm\/\"}]}<\/script>\n<!-- \/ Yoast SEO plugin. -->","yoast_head_json":{"title":"Olja Savi\u010devi\u0107 Ivan\u010devi\u0107: \"Tramuntana\" (Northern Cres) &#8226; Rijeka 2020","robots":{"index":"index","follow":"follow","max-snippet":"max-snippet:-1","max-image-preview":"max-image-preview:large","max-video-preview":"max-video-preview:-1"},"canonical":"https:\/\/ri2020.eu\/en\/olja-savicevic-ivancevic-tramuntana-northern-cres\/","og_locale":"en_US","og_type":"article","og_title":"Olja Savi\u010devi\u0107 Ivan\u010devi\u0107: \"Tramuntana\" (Northern Cres) &#8226; Rijeka 2020","og_description":"Northern Cres On the green hill of the northern side of the island of Cres, there is a thick forest, known as Tramuntana, with a vegetation so diverse it represents an extremely important example of natural heritage. The wind is an ubiquitous weather element, which is also reflected in the way of life. The north","og_url":"https:\/\/ri2020.eu\/en\/olja-savicevic-ivancevic-tramuntana-northern-cres\/","og_site_name":"Rijeka 2020","article_publisher":"https:\/\/www.facebook.com\/rijeka2020","article_published_time":"2019-09-09T22:00:15+00:00","article_modified_time":"2019-09-30T13:36:02+00:00","og_image":[{"width":1995,"height":822,"url":"https:\/\/ri2020.eu\/wp-content\/uploads\/2018\/12\/filozici_autorske-bure-1.jpg","type":"image\/jpeg"}],"author":"Rijeka 2020","twitter_card":"summary_large_image","twitter_creator":"@Rijeka2020","twitter_site":"@Rijeka2020","twitter_misc":{"Written by":"Rijeka 2020","Est. reading time":"2 minutes"},"schema":{"@context":"https:\/\/schema.org","@graph":[{"@type":"Article","@id":"https:\/\/ri2020.eu\/en\/olja-savicevic-ivancevic-tramuntana-northern-cres\/#article","isPartOf":{"@id":"https:\/\/ri2020.eu\/en\/olja-savicevic-ivancevic-tramuntana-northern-cres\/"},"author":{"name":"Rijeka 2020","@id":"https:\/\/ri2020.eu\/en\/#\/schema\/person\/9c12d91df8c45bc534f625d9c81f403d"},"headline":"Olja Savi\u010devi\u0107 Ivan\u010devi\u0107: &#8220;Tramuntana&#8221; (Northern Cres)","datePublished":"2019-09-09T22:00:15+00:00","dateModified":"2019-09-30T13:36:02+00:00","mainEntityOfPage":{"@id":"https:\/\/ri2020.eu\/en\/olja-savicevic-ivancevic-tramuntana-northern-cres\/"},"wordCount":498,"publisher":{"@id":"https:\/\/ri2020.eu\/en\/#organization"},"image":{"@id":"https:\/\/ri2020.eu\/en\/olja-savicevic-ivancevic-tramuntana-northern-cres\/#primaryimage"},"thumbnailUrl":"https:\/\/ri2020.eu\/wp-content\/uploads\/2018\/12\/filozici_autorske-bure-1.jpg","articleSection":["News"],"inLanguage":"en-US"},{"@type":"WebPage","@id":"https:\/\/ri2020.eu\/en\/olja-savicevic-ivancevic-tramuntana-northern-cres\/","url":"https:\/\/ri2020.eu\/en\/olja-savicevic-ivancevic-tramuntana-northern-cres\/","name":"Olja Savi\u010devi\u0107 Ivan\u010devi\u0107: \"Tramuntana\" (Northern Cres) &#8226; Rijeka 2020","isPartOf":{"@id":"https:\/\/ri2020.eu\/en\/#website"},"primaryImageOfPage":{"@id":"https:\/\/ri2020.eu\/en\/olja-savicevic-ivancevic-tramuntana-northern-cres\/#primaryimage"},"image":{"@id":"https:\/\/ri2020.eu\/en\/olja-savicevic-ivancevic-tramuntana-northern-cres\/#primaryimage"},"thumbnailUrl":"https:\/\/ri2020.eu\/wp-content\/uploads\/2018\/12\/filozici_autorske-bure-1.jpg","datePublished":"2019-09-09T22:00:15+00:00","dateModified":"2019-09-30T13:36:02+00:00","breadcrumb":{"@id":"https:\/\/ri2020.eu\/en\/olja-savicevic-ivancevic-tramuntana-northern-cres\/#breadcrumb"},"inLanguage":"en-US","potentialAction":[{"@type":"ReadAction","target":["https:\/\/ri2020.eu\/en\/olja-savicevic-ivancevic-tramuntana-northern-cres\/"]}]},{"@type":"ImageObject","inLanguage":"en-US","@id":"https:\/\/ri2020.eu\/en\/olja-savicevic-ivancevic-tramuntana-northern-cres\/#primaryimage","url":"https:\/\/ri2020.eu\/wp-content\/uploads\/2018\/12\/filozici_autorske-bure-1.jpg","contentUrl":"https:\/\/ri2020.eu\/wp-content\/uploads\/2018\/12\/filozici_autorske-bure-1.jpg","width":1995,"height":822,"caption":"? Stefany Stefan"},{"@type":"BreadcrumbList","@id":"https:\/\/ri2020.eu\/en\/olja-savicevic-ivancevic-tramuntana-northern-cres\/#breadcrumb","itemListElement":[{"@type":"ListItem","position":1,"name":"Home","item":"https:\/\/ri2020.eu\/en\/"},{"@type":"ListItem","position":2,"name":"Olja Savi\u010devi\u0107 Ivan\u010devi\u0107: &#8220;Tramuntana&#8221; (Northern Cres)"}]},{"@type":"WebSite","@id":"https:\/\/ri2020.eu\/en\/#website","url":"https:\/\/ri2020.eu\/en\/","name":"Rijeka 2020","description":"Europska prijestolnica kulture","publisher":{"@id":"https:\/\/ri2020.eu\/en\/#organization"},"potentialAction":[{"@type":"SearchAction","target":{"@type":"EntryPoint","urlTemplate":"https:\/\/ri2020.eu\/en\/?s={search_term_string}"},"query-input":{"@type":"PropertyValueSpecification","valueRequired":true,"valueName":"search_term_string"}}],"inLanguage":"en-US"},{"@type":"Organization","@id":"https:\/\/ri2020.eu\/en\/#organization","name":"Rijeka 2020 d.o.o.","url":"https:\/\/ri2020.eu\/en\/","logo":{"@type":"ImageObject","inLanguage":"en-US","@id":"https:\/\/ri2020.eu\/en\/#\/schema\/logo\/image\/","url":"https:\/\/rijeka2020.eu\/wp-content\/uploads\/2018\/07\/Ri2020-logo.png","contentUrl":"https:\/\/rijeka2020.eu\/wp-content\/uploads\/2018\/07\/Ri2020-logo.png","width":407,"height":175,"caption":"Rijeka 2020 d.o.o."},"image":{"@id":"https:\/\/ri2020.eu\/en\/#\/schema\/logo\/image\/"},"sameAs":["https:\/\/www.facebook.com\/rijeka2020","https:\/\/x.com\/Rijeka2020","https:\/\/www.instagram.com\/rijeka2020\/","https:\/\/www.youtube.com\/user\/riepk2020"]},{"@type":"Person","@id":"https:\/\/ri2020.eu\/en\/#\/schema\/person\/9c12d91df8c45bc534f625d9c81f403d","name":"Rijeka 2020","url":"https:\/\/ri2020.eu\/en\/author\/lsm\/"}]}},"_links":{"self":[{"href":"https:\/\/ri2020.eu\/en\/wp-json\/wp\/v2\/posts\/17093","targetHints":{"allow":["GET"]}}],"collection":[{"href":"https:\/\/ri2020.eu\/en\/wp-json\/wp\/v2\/posts"}],"about":[{"href":"https:\/\/ri2020.eu\/en\/wp-json\/wp\/v2\/types\/post"}],"author":[{"embeddable":true,"href":"https:\/\/ri2020.eu\/en\/wp-json\/wp\/v2\/users\/72"}],"replies":[{"embeddable":true,"href":"https:\/\/ri2020.eu\/en\/wp-json\/wp\/v2\/comments?post=17093"}],"version-history":[{"count":0,"href":"https:\/\/ri2020.eu\/en\/wp-json\/wp\/v2\/posts\/17093\/revisions"}],"wp:featuredmedia":[{"embeddable":true,"href":"https:\/\/ri2020.eu\/en\/wp-json\/wp\/v2\/media\/17000"}],"wp:attachment":[{"href":"https:\/\/ri2020.eu\/en\/wp-json\/wp\/v2\/media?parent=17093"}],"wp:term":[{"taxonomy":"category","embeddable":true,"href":"https:\/\/ri2020.eu\/en\/wp-json\/wp\/v2\/categories?post=17093"},{"taxonomy":"post_tag","embeddable":true,"href":"https:\/\/ri2020.eu\/en\/wp-json\/wp\/v2\/tags?post=17093"}],"curies":[{"name":"wp","href":"https:\/\/api.w.org\/{rel}","templated":true}]}}