{"id":17088,"date":"2019-09-10T00:00:44","date_gmt":"2019-09-09T22:00:44","guid":{"rendered":"http:\/\/rijeka2020.eu\/?p=17088\/"},"modified":"2019-09-30T14:34:17","modified_gmt":"2019-09-30T12:34:17","slug":"faruk-sehic-the-fishscale-cathedral-rijeka-fish-market","status":"publish","type":"post","link":"https:\/\/ri2020.eu\/en\/faruk-sehic-the-fishscale-cathedral-rijeka-fish-market\/","title":{"rendered":"Faruk \u0160ehi\u0107: &#8220;Katedrala od riblje krlju\u0161ti&#8221; (Rijeka fish market)"},"content":{"rendered":"<h1><\/h1>\n<h1>Rijeka fish market<\/h1>\n<p>Not far from the dock where, historically, the local fishermen would unload their catch, stands the main city market of Rijeka and the fish market within, dedicated in 1915.<br \/>\nThe architect of the triple-nave basilica-style building with a loft gallery is one of Rijeka\u2019s own Carlo Pergoli, and the Venetian sculptor Urbano Bottasso constructed the stone decoration with maritime flora and fauna themes, giving it an Art Nouveau appearance.<br \/>\nThe sale of fish was organised in three places: the main floor hall, the gallery as an additional sale space in cases of excessive quantities of catch, and the lateral outer porches for outdoor sale.<br \/>\nApart from the fish market, the two city market pavilions represented advanced urban and communal structures which were the result of a plan conceptualised for the purpose of a more economically viable provision of goods to the citizens, and simultaneously as a meeting point, a forum of sorts for a coastal city.<br \/>\nIn the times of increasingly present globalisation, the city markets are a type of outdoor museums, museums of identity and sites showcasing local traditions. The way of life changed significantly over the last few decades, and the fish market is trying to adapt to those changes by following suit.<br \/>\nAt the Rijeka fish market, when the catch is good, it\u2019s still \u201ca land of plenty\u201d in terms of a quality and diverse offer, when different kinds of fish and customers with pockets of varying depth can be found.<br \/>\nIt is a mirror to the city, but also a keeper of local knowledge and entrepreneurial spirit. It is a place of communication, exchange of impressions and sentiments and a mixing of cultures.<\/p>\n<h5>Bibliography:<br \/>\nGlavo\u010di\u0107, Daina et. al: Arhitektura secesije u Rijeci<br \/>\nMatej\u010di\u0107, Radmila: Kako \u010ditati grad: Rijeka ju\u010der, danas<br \/>\nMusi\u0107, Ivo (Ed.): Gradska tr\u017enica Rijeka : 1881. \u2013 1891.<br \/>\n\u0160ari\u0107 \u017dic, Ivana i Kockovi\u0107 Zaborski, Tanja: Tr\u017enica &#8211; trbuh grada<\/h5>\n<p>&nbsp;<\/p>\n<h1>Faruk \u0160ehi\u0107<\/h1>\n<p>Faruk \u0160ehi\u0107 was born in Biha\u0107 in 1970. Until the war in Bosnia and Herzegovina broke out, he was a student of veterinary medicine in Zagreb. He was in the Bosnian Army and once gravely wounded.<br \/>\nHe published the following works: \u201cPjesme u nastajanju\u201c (\u201cEmerging Poems\u201d) of 2000, \u201cHit depo\u201c of 2003, \u201cPod pritiskom\u201c (\u201cUnder Pressure\u201d) of 2004, \u201cTranssarajevo\u201c of 2006, \u201cHit depo, Pod pritiskom, Transsarajevo, Apokalipsa iz Recycle bina\u201c (\u201cHit Depo, Under Pressure, Transsarajevo, Apocalypse of Recycle Bin\u201d) of 2007, \u201cKnjiga o Uni\u201c (\u201cThe Book About Una\u201d) of 2011, \u201cMoje rijeke\u201c (\u201cMy Rivers\u201d) of 2014, and \u201cPri\u010de sa satnim mehanizmom\u201c (\u201cStories With A Clock Mechanism\u201d) of 2018. Literary critics often refer to him as the voice of the \u201crun-over generation\u201d of writers born in 70s\u2019 Yugoslavia, marked in biography and in their works by the wars and the disintegration of a common state.<br \/>\nHe won the \u201cMe\u0161a Selimovi\u0107\u201d award in 2011 for best novel of the region of Bosnia and Herzegovina, Serbia, Croatia and Montenegro for the novel \u201cKnjiga o Uni\u201d, and the European Union Prize for Literature \u2013 \u201cEUPL 2013.\u201d. His works have been translated into ten languages.<br \/>\nHe works as a journalist and columnist in the reputable Sarajevo journal BH Dani. He lives in Sarajevo and Poznan.<\/p>\n<p><a href=\"https:\/\/www.facebook.com\/faruksehic70\/\" target=\"_blank\" rel=\"noopener noreferrer\">More on the author and his work<\/a><\/p>\n<p>The programme was implemented with the support of the \u201cKamov\u201d residence.<\/p>\n<p><img loading=\"lazy\" decoding=\"async\" class=\"alignleft size-full wp-image-17552\" src=\"https:\/\/rijeka2020.eu\/wp-content\/uploads\/2018\/12\/ribarnica.jpg\" alt=\"\" width=\"785\" height=\"271\" srcset=\"https:\/\/ri2020.eu\/wp-content\/uploads\/2018\/12\/ribarnica.jpg 785w, https:\/\/ri2020.eu\/wp-content\/uploads\/2018\/12\/ribarnica-255x88.jpg 255w, https:\/\/ri2020.eu\/wp-content\/uploads\/2018\/12\/ribarnica-768x265.jpg 768w, https:\/\/ri2020.eu\/wp-content\/uploads\/2018\/12\/ribarnica-250x86.jpg 250w, https:\/\/ri2020.eu\/wp-content\/uploads\/2018\/12\/ribarnica-420x145.jpg 420w\" sizes=\"auto, (max-width: 785px) 100vw, 785px\" \/><\/p>\n<p>&nbsp;<\/p>\n<p>&nbsp;<\/p>\n","protected":false},"excerpt":{"rendered":"<p>Rijeka fish market Not far from the dock where, historically, the local fishermen would unload their catch, stands the main city market of Rijeka and the fish market within, dedicated in 1915. The architect of the triple-nave basilica-style building with a loft gallery is one of Rijeka\u2019s own Carlo Pergoli, and the Venetian sculptor Urbano<\/p>\n","protected":false},"author":72,"featured_media":16983,"comment_status":"closed","ping_status":"closed","sticky":false,"template":"","format":"standard","meta":{"_acf_changed":false,"footnotes":""},"categories":[2731],"tags":[],"class_list":["post-17088","post","type-post","status-publish","format-standard","has-post-thumbnail","hentry","category-news"],"acf":[],"yoast_head":"<!-- This site is optimized with the Yoast SEO plugin v26.8 - https:\/\/yoast.com\/product\/yoast-seo-wordpress\/ -->\n<title>Faruk \u0160ehi\u0107: &quot;Katedrala od riblje krlju\u0161ti&quot; (Rijeka fish market) &#8226; Rijeka 2020<\/title>\n<meta name=\"robots\" content=\"index, follow, max-snippet:-1, max-image-preview:large, max-video-preview:-1\" \/>\n<link rel=\"canonical\" href=\"https:\/\/ri2020.eu\/en\/faruk-sehic-the-fishscale-cathedral-rijeka-fish-market\/\" \/>\n<meta property=\"og:locale\" content=\"en_US\" \/>\n<meta property=\"og:type\" content=\"article\" \/>\n<meta property=\"og:title\" content=\"Faruk \u0160ehi\u0107: &quot;Katedrala od riblje krlju\u0161ti&quot; (Rijeka fish market) &#8226; Rijeka 2020\" \/>\n<meta property=\"og:description\" content=\"Rijeka fish market Not far from the dock where, historically, the local fishermen would unload their catch, stands the main city market of Rijeka and the fish market within, dedicated in 1915. The architect of the triple-nave basilica-style building with a loft gallery is one of Rijeka\u2019s own Carlo Pergoli, and the Venetian sculptor Urbano\" \/>\n<meta property=\"og:url\" content=\"https:\/\/ri2020.eu\/en\/faruk-sehic-the-fishscale-cathedral-rijeka-fish-market\/\" \/>\n<meta property=\"og:site_name\" content=\"Rijeka 2020\" \/>\n<meta property=\"article:publisher\" content=\"https:\/\/www.facebook.com\/rijeka2020\" \/>\n<meta property=\"article:published_time\" content=\"2019-09-09T22:00:44+00:00\" \/>\n<meta property=\"article:modified_time\" content=\"2019-09-30T12:34:17+00:00\" \/>\n<meta property=\"og:image\" content=\"https:\/\/ri2020.eu\/wp-content\/uploads\/2018\/12\/1224-e1544192100592.jpg\" \/>\n\t<meta property=\"og:image:width\" content=\"1995\" \/>\n\t<meta property=\"og:image:height\" content=\"635\" \/>\n\t<meta property=\"og:image:type\" content=\"image\/jpeg\" \/>\n<meta name=\"author\" content=\"Rijeka 2020\" \/>\n<meta name=\"twitter:card\" content=\"summary_large_image\" \/>\n<meta name=\"twitter:creator\" content=\"@Rijeka2020\" \/>\n<meta name=\"twitter:site\" content=\"@Rijeka2020\" \/>\n<meta name=\"twitter:label1\" content=\"Written by\" \/>\n\t<meta name=\"twitter:data1\" content=\"Rijeka 2020\" \/>\n\t<meta name=\"twitter:label2\" content=\"Est. reading time\" \/>\n\t<meta name=\"twitter:data2\" content=\"3 minutes\" \/>\n<script type=\"application\/ld+json\" class=\"yoast-schema-graph\">{\"@context\":\"https:\/\/schema.org\",\"@graph\":[{\"@type\":\"Article\",\"@id\":\"https:\/\/ri2020.eu\/en\/faruk-sehic-the-fishscale-cathedral-rijeka-fish-market\/#article\",\"isPartOf\":{\"@id\":\"https:\/\/ri2020.eu\/en\/faruk-sehic-the-fishscale-cathedral-rijeka-fish-market\/\"},\"author\":{\"name\":\"Rijeka 2020\",\"@id\":\"https:\/\/ri2020.eu\/en\/#\/schema\/person\/9c12d91df8c45bc534f625d9c81f403d\"},\"headline\":\"Faruk \u0160ehi\u0107: &#8220;Katedrala od riblje krlju\u0161ti&#8221; (Rijeka fish market)\",\"datePublished\":\"2019-09-09T22:00:44+00:00\",\"dateModified\":\"2019-09-30T12:34:17+00:00\",\"mainEntityOfPage\":{\"@id\":\"https:\/\/ri2020.eu\/en\/faruk-sehic-the-fishscale-cathedral-rijeka-fish-market\/\"},\"wordCount\":553,\"publisher\":{\"@id\":\"https:\/\/ri2020.eu\/en\/#organization\"},\"image\":{\"@id\":\"https:\/\/ri2020.eu\/en\/faruk-sehic-the-fishscale-cathedral-rijeka-fish-market\/#primaryimage\"},\"thumbnailUrl\":\"https:\/\/ri2020.eu\/wp-content\/uploads\/2018\/12\/1224-e1544192100592.jpg\",\"articleSection\":[\"News\"],\"inLanguage\":\"en-US\"},{\"@type\":\"WebPage\",\"@id\":\"https:\/\/ri2020.eu\/en\/faruk-sehic-the-fishscale-cathedral-rijeka-fish-market\/\",\"url\":\"https:\/\/ri2020.eu\/en\/faruk-sehic-the-fishscale-cathedral-rijeka-fish-market\/\",\"name\":\"Faruk \u0160ehi\u0107: \\\"Katedrala od riblje krlju\u0161ti\\\" (Rijeka fish market) &#8226; Rijeka 2020\",\"isPartOf\":{\"@id\":\"https:\/\/ri2020.eu\/en\/#website\"},\"primaryImageOfPage\":{\"@id\":\"https:\/\/ri2020.eu\/en\/faruk-sehic-the-fishscale-cathedral-rijeka-fish-market\/#primaryimage\"},\"image\":{\"@id\":\"https:\/\/ri2020.eu\/en\/faruk-sehic-the-fishscale-cathedral-rijeka-fish-market\/#primaryimage\"},\"thumbnailUrl\":\"https:\/\/ri2020.eu\/wp-content\/uploads\/2018\/12\/1224-e1544192100592.jpg\",\"datePublished\":\"2019-09-09T22:00:44+00:00\",\"dateModified\":\"2019-09-30T12:34:17+00:00\",\"breadcrumb\":{\"@id\":\"https:\/\/ri2020.eu\/en\/faruk-sehic-the-fishscale-cathedral-rijeka-fish-market\/#breadcrumb\"},\"inLanguage\":\"en-US\",\"potentialAction\":[{\"@type\":\"ReadAction\",\"target\":[\"https:\/\/ri2020.eu\/en\/faruk-sehic-the-fishscale-cathedral-rijeka-fish-market\/\"]}]},{\"@type\":\"ImageObject\",\"inLanguage\":\"en-US\",\"@id\":\"https:\/\/ri2020.eu\/en\/faruk-sehic-the-fishscale-cathedral-rijeka-fish-market\/#primaryimage\",\"url\":\"https:\/\/ri2020.eu\/wp-content\/uploads\/2018\/12\/1224-e1544192100592.jpg\",\"contentUrl\":\"https:\/\/ri2020.eu\/wp-content\/uploads\/2018\/12\/1224-e1544192100592.jpg\",\"width\":1995,\"height\":635,\"caption\":\"Faruk \u0160ehi\u0107\"},{\"@type\":\"BreadcrumbList\",\"@id\":\"https:\/\/ri2020.eu\/en\/faruk-sehic-the-fishscale-cathedral-rijeka-fish-market\/#breadcrumb\",\"itemListElement\":[{\"@type\":\"ListItem\",\"position\":1,\"name\":\"Home\",\"item\":\"https:\/\/ri2020.eu\/en\/\"},{\"@type\":\"ListItem\",\"position\":2,\"name\":\"Faruk \u0160ehi\u0107: &#8220;Katedrala od riblje krlju\u0161ti&#8221; (Rijeka fish market)\"}]},{\"@type\":\"WebSite\",\"@id\":\"https:\/\/ri2020.eu\/en\/#website\",\"url\":\"https:\/\/ri2020.eu\/en\/\",\"name\":\"Rijeka 2020\",\"description\":\"Europska prijestolnica kulture\",\"publisher\":{\"@id\":\"https:\/\/ri2020.eu\/en\/#organization\"},\"potentialAction\":[{\"@type\":\"SearchAction\",\"target\":{\"@type\":\"EntryPoint\",\"urlTemplate\":\"https:\/\/ri2020.eu\/en\/?s={search_term_string}\"},\"query-input\":{\"@type\":\"PropertyValueSpecification\",\"valueRequired\":true,\"valueName\":\"search_term_string\"}}],\"inLanguage\":\"en-US\"},{\"@type\":\"Organization\",\"@id\":\"https:\/\/ri2020.eu\/en\/#organization\",\"name\":\"Rijeka 2020 d.o.o.\",\"url\":\"https:\/\/ri2020.eu\/en\/\",\"logo\":{\"@type\":\"ImageObject\",\"inLanguage\":\"en-US\",\"@id\":\"https:\/\/ri2020.eu\/en\/#\/schema\/logo\/image\/\",\"url\":\"https:\/\/rijeka2020.eu\/wp-content\/uploads\/2018\/07\/Ri2020-logo.png\",\"contentUrl\":\"https:\/\/rijeka2020.eu\/wp-content\/uploads\/2018\/07\/Ri2020-logo.png\",\"width\":407,\"height\":175,\"caption\":\"Rijeka 2020 d.o.o.\"},\"image\":{\"@id\":\"https:\/\/ri2020.eu\/en\/#\/schema\/logo\/image\/\"},\"sameAs\":[\"https:\/\/www.facebook.com\/rijeka2020\",\"https:\/\/x.com\/Rijeka2020\",\"https:\/\/www.instagram.com\/rijeka2020\/\",\"https:\/\/www.youtube.com\/user\/riepk2020\"]},{\"@type\":\"Person\",\"@id\":\"https:\/\/ri2020.eu\/en\/#\/schema\/person\/9c12d91df8c45bc534f625d9c81f403d\",\"name\":\"Rijeka 2020\",\"url\":\"https:\/\/ri2020.eu\/en\/author\/lsm\/\"}]}<\/script>\n<!-- \/ Yoast SEO plugin. -->","yoast_head_json":{"title":"Faruk \u0160ehi\u0107: \"Katedrala od riblje krlju\u0161ti\" (Rijeka fish market) &#8226; Rijeka 2020","robots":{"index":"index","follow":"follow","max-snippet":"max-snippet:-1","max-image-preview":"max-image-preview:large","max-video-preview":"max-video-preview:-1"},"canonical":"https:\/\/ri2020.eu\/en\/faruk-sehic-the-fishscale-cathedral-rijeka-fish-market\/","og_locale":"en_US","og_type":"article","og_title":"Faruk \u0160ehi\u0107: \"Katedrala od riblje krlju\u0161ti\" (Rijeka fish market) &#8226; Rijeka 2020","og_description":"Rijeka fish market Not far from the dock where, historically, the local fishermen would unload their catch, stands the main city market of Rijeka and the fish market within, dedicated in 1915. The architect of the triple-nave basilica-style building with a loft gallery is one of Rijeka\u2019s own Carlo Pergoli, and the Venetian sculptor Urbano","og_url":"https:\/\/ri2020.eu\/en\/faruk-sehic-the-fishscale-cathedral-rijeka-fish-market\/","og_site_name":"Rijeka 2020","article_publisher":"https:\/\/www.facebook.com\/rijeka2020","article_published_time":"2019-09-09T22:00:44+00:00","article_modified_time":"2019-09-30T12:34:17+00:00","og_image":[{"width":1995,"height":635,"url":"https:\/\/ri2020.eu\/wp-content\/uploads\/2018\/12\/1224-e1544192100592.jpg","type":"image\/jpeg"}],"author":"Rijeka 2020","twitter_card":"summary_large_image","twitter_creator":"@Rijeka2020","twitter_site":"@Rijeka2020","twitter_misc":{"Written by":"Rijeka 2020","Est. reading time":"3 minutes"},"schema":{"@context":"https:\/\/schema.org","@graph":[{"@type":"Article","@id":"https:\/\/ri2020.eu\/en\/faruk-sehic-the-fishscale-cathedral-rijeka-fish-market\/#article","isPartOf":{"@id":"https:\/\/ri2020.eu\/en\/faruk-sehic-the-fishscale-cathedral-rijeka-fish-market\/"},"author":{"name":"Rijeka 2020","@id":"https:\/\/ri2020.eu\/en\/#\/schema\/person\/9c12d91df8c45bc534f625d9c81f403d"},"headline":"Faruk \u0160ehi\u0107: &#8220;Katedrala od riblje krlju\u0161ti&#8221; (Rijeka fish market)","datePublished":"2019-09-09T22:00:44+00:00","dateModified":"2019-09-30T12:34:17+00:00","mainEntityOfPage":{"@id":"https:\/\/ri2020.eu\/en\/faruk-sehic-the-fishscale-cathedral-rijeka-fish-market\/"},"wordCount":553,"publisher":{"@id":"https:\/\/ri2020.eu\/en\/#organization"},"image":{"@id":"https:\/\/ri2020.eu\/en\/faruk-sehic-the-fishscale-cathedral-rijeka-fish-market\/#primaryimage"},"thumbnailUrl":"https:\/\/ri2020.eu\/wp-content\/uploads\/2018\/12\/1224-e1544192100592.jpg","articleSection":["News"],"inLanguage":"en-US"},{"@type":"WebPage","@id":"https:\/\/ri2020.eu\/en\/faruk-sehic-the-fishscale-cathedral-rijeka-fish-market\/","url":"https:\/\/ri2020.eu\/en\/faruk-sehic-the-fishscale-cathedral-rijeka-fish-market\/","name":"Faruk \u0160ehi\u0107: \"Katedrala od riblje krlju\u0161ti\" (Rijeka fish market) &#8226; Rijeka 2020","isPartOf":{"@id":"https:\/\/ri2020.eu\/en\/#website"},"primaryImageOfPage":{"@id":"https:\/\/ri2020.eu\/en\/faruk-sehic-the-fishscale-cathedral-rijeka-fish-market\/#primaryimage"},"image":{"@id":"https:\/\/ri2020.eu\/en\/faruk-sehic-the-fishscale-cathedral-rijeka-fish-market\/#primaryimage"},"thumbnailUrl":"https:\/\/ri2020.eu\/wp-content\/uploads\/2018\/12\/1224-e1544192100592.jpg","datePublished":"2019-09-09T22:00:44+00:00","dateModified":"2019-09-30T12:34:17+00:00","breadcrumb":{"@id":"https:\/\/ri2020.eu\/en\/faruk-sehic-the-fishscale-cathedral-rijeka-fish-market\/#breadcrumb"},"inLanguage":"en-US","potentialAction":[{"@type":"ReadAction","target":["https:\/\/ri2020.eu\/en\/faruk-sehic-the-fishscale-cathedral-rijeka-fish-market\/"]}]},{"@type":"ImageObject","inLanguage":"en-US","@id":"https:\/\/ri2020.eu\/en\/faruk-sehic-the-fishscale-cathedral-rijeka-fish-market\/#primaryimage","url":"https:\/\/ri2020.eu\/wp-content\/uploads\/2018\/12\/1224-e1544192100592.jpg","contentUrl":"https:\/\/ri2020.eu\/wp-content\/uploads\/2018\/12\/1224-e1544192100592.jpg","width":1995,"height":635,"caption":"Faruk \u0160ehi\u0107"},{"@type":"BreadcrumbList","@id":"https:\/\/ri2020.eu\/en\/faruk-sehic-the-fishscale-cathedral-rijeka-fish-market\/#breadcrumb","itemListElement":[{"@type":"ListItem","position":1,"name":"Home","item":"https:\/\/ri2020.eu\/en\/"},{"@type":"ListItem","position":2,"name":"Faruk \u0160ehi\u0107: &#8220;Katedrala od riblje krlju\u0161ti&#8221; (Rijeka fish market)"}]},{"@type":"WebSite","@id":"https:\/\/ri2020.eu\/en\/#website","url":"https:\/\/ri2020.eu\/en\/","name":"Rijeka 2020","description":"Europska prijestolnica kulture","publisher":{"@id":"https:\/\/ri2020.eu\/en\/#organization"},"potentialAction":[{"@type":"SearchAction","target":{"@type":"EntryPoint","urlTemplate":"https:\/\/ri2020.eu\/en\/?s={search_term_string}"},"query-input":{"@type":"PropertyValueSpecification","valueRequired":true,"valueName":"search_term_string"}}],"inLanguage":"en-US"},{"@type":"Organization","@id":"https:\/\/ri2020.eu\/en\/#organization","name":"Rijeka 2020 d.o.o.","url":"https:\/\/ri2020.eu\/en\/","logo":{"@type":"ImageObject","inLanguage":"en-US","@id":"https:\/\/ri2020.eu\/en\/#\/schema\/logo\/image\/","url":"https:\/\/rijeka2020.eu\/wp-content\/uploads\/2018\/07\/Ri2020-logo.png","contentUrl":"https:\/\/rijeka2020.eu\/wp-content\/uploads\/2018\/07\/Ri2020-logo.png","width":407,"height":175,"caption":"Rijeka 2020 d.o.o."},"image":{"@id":"https:\/\/ri2020.eu\/en\/#\/schema\/logo\/image\/"},"sameAs":["https:\/\/www.facebook.com\/rijeka2020","https:\/\/x.com\/Rijeka2020","https:\/\/www.instagram.com\/rijeka2020\/","https:\/\/www.youtube.com\/user\/riepk2020"]},{"@type":"Person","@id":"https:\/\/ri2020.eu\/en\/#\/schema\/person\/9c12d91df8c45bc534f625d9c81f403d","name":"Rijeka 2020","url":"https:\/\/ri2020.eu\/en\/author\/lsm\/"}]}},"_links":{"self":[{"href":"https:\/\/ri2020.eu\/en\/wp-json\/wp\/v2\/posts\/17088","targetHints":{"allow":["GET"]}}],"collection":[{"href":"https:\/\/ri2020.eu\/en\/wp-json\/wp\/v2\/posts"}],"about":[{"href":"https:\/\/ri2020.eu\/en\/wp-json\/wp\/v2\/types\/post"}],"author":[{"embeddable":true,"href":"https:\/\/ri2020.eu\/en\/wp-json\/wp\/v2\/users\/72"}],"replies":[{"embeddable":true,"href":"https:\/\/ri2020.eu\/en\/wp-json\/wp\/v2\/comments?post=17088"}],"version-history":[{"count":0,"href":"https:\/\/ri2020.eu\/en\/wp-json\/wp\/v2\/posts\/17088\/revisions"}],"wp:featuredmedia":[{"embeddable":true,"href":"https:\/\/ri2020.eu\/en\/wp-json\/wp\/v2\/media\/16983"}],"wp:attachment":[{"href":"https:\/\/ri2020.eu\/en\/wp-json\/wp\/v2\/media?parent=17088"}],"wp:term":[{"taxonomy":"category","embeddable":true,"href":"https:\/\/ri2020.eu\/en\/wp-json\/wp\/v2\/categories?post=17088"},{"taxonomy":"post_tag","embeddable":true,"href":"https:\/\/ri2020.eu\/en\/wp-json\/wp\/v2\/tags?post=17088"}],"curies":[{"name":"wp","href":"https:\/\/api.w.org\/{rel}","templated":true}]}}