{"id":17072,"date":"2019-09-10T00:00:51","date_gmt":"2019-09-09T22:00:51","guid":{"rendered":"http:\/\/rijeka2020.eu\/?p=17072\/"},"modified":"2019-09-30T15:23:03","modified_gmt":"2019-09-30T13:23:03","slug":"tea-tulic-the-lady-of-cikat-mali-losinj","status":"publish","type":"post","link":"https:\/\/ri2020.eu\/en\/tea-tulic-the-lady-of-cikat-mali-losinj\/","title":{"rendered":"Tea Tuli\u0107: &#8220;Dama iz \u010cikata&#8221; (Mali Lo\u0161inj)"},"content":{"rendered":"<h1>Mali Lo\u0161inj<\/h1>\n<p><a href=\"https:\/\/hr.wikipedia.org\/wiki\/Mali_Lo%C5%A1inj\" target=\"_blank\" rel=\"noopener noreferrer\">Mali Lo\u0161inj<\/a>\u00a0is the largest town of the island of Lo\u0161inj (the title that once belonged to the nearby Veli Lo\u0161inj) and its administrative centre (and that of the smaller adjacent islands).<br \/>\nThroughout history, it was marked by maritime exploits and shipbuilding (the shipyard has been functional since 1850), whereas nowadays it\u2019s marked by tourism. In the summer, the town is ripe with tourists, and life on the island settles into a slower pace during winter.<br \/>\nHere on the waterfront, in the Museum of Apoxyomenos, stands the antique bronze statue of Apoxyomenos, 192 cm in height, discovered in 1996 on the seabed of Vele Orjule, a small island near Lo\u0161inj, and, nearby, at the Fritzi Palace of the museum of Lo\u0161inj, the ceramic Etruscan figurine \u201cDama iz \u010cikata\u201d (\u201cThe Lady of \u010cikat\u201d), all of 10.4 cm in height, discovered in 1975 at the town bay of \u010cikat.<br \/>\nMali Lo\u0161inj is the largest Adriatic island settlement, counting over 6,000 inhabitants.<\/p>\n<p>&nbsp;<\/p>\n<h1>Tea Tuli\u0107<\/h1>\n<p>Tea Tuli\u0107 is a Croatian author, born in Rijeka in 1978. She published prose works in various domestic and international literary journals, including McSweeney\u2019s of San Francisco. She won the \u201cProzak\u201d award in 2011 for best manuscript by an author up to 35 years of age \u2013 for the book of prose \u201cKosa Posvuda\u201d (\u201cHair Everywhere\u201d), which was awarded by the Croatian Ministry of Culture as one of the best novels of 2011. The book was also published in Serbia, Italy, Macedonia and Great Britain. The English translation of the book was shortlisted for the European Bank for Reconstruction and Development literature prize of 2018.<br \/>\nShe is the member of the jury of the international literary competition Lapis Histriae, as well as the informal literary group RiLit of Rijeka. In cooperation with Enver Krivac and the musical collective Japanski Premijeri, she published a spoken word album \u201cAlbum\u010de\u201d (\u201cLittle Album\u201d) in 2004. In 2017, she published a book of poetic prose titled \u201cMaksimum jata\u201d (\u201cThe Maximum of Flock\u201d).<\/p>\n<p><a href=\"https:\/\/www.facebook.com\/tea.tulic\" target=\"_blank\" rel=\"noopener noreferrer\">More on the author and her work<\/a><\/p>\n<p>The programme was implemented in cooperation with the <a href=\"http:\/\/www.mali-losinj.hr\/\" target=\"_blank\" rel=\"noopener noreferrer\">Municipality of Mali Lo\u0161inj<\/a> and the <a href=\"http:\/\/www.muzejapoksiomena.hr\/hr\/\" target=\"_blank\" rel=\"noopener noreferrer\">Museum of Apoxyomenos<\/a>.<\/p>\n<p><img loading=\"lazy\" decoding=\"async\" class=\"alignleft size-full wp-image-17549\" src=\"https:\/\/rijeka2020.eu\/wp-content\/uploads\/2018\/12\/m-losinj-susak.jpg\" alt=\"\" width=\"785\" height=\"271\" srcset=\"https:\/\/ri2020.eu\/wp-content\/uploads\/2018\/12\/m-losinj-susak.jpg 785w, https:\/\/ri2020.eu\/wp-content\/uploads\/2018\/12\/m-losinj-susak-255x88.jpg 255w, https:\/\/ri2020.eu\/wp-content\/uploads\/2018\/12\/m-losinj-susak-768x265.jpg 768w, https:\/\/ri2020.eu\/wp-content\/uploads\/2018\/12\/m-losinj-susak-250x86.jpg 250w, https:\/\/ri2020.eu\/wp-content\/uploads\/2018\/12\/m-losinj-susak-420x145.jpg 420w\" sizes=\"auto, (max-width: 785px) 100vw, 785px\" \/><\/p>\n<h5><\/h5>\n<p>&nbsp;<\/p>\n<p>&nbsp;<\/p>\n","protected":false},"excerpt":{"rendered":"<p>Mali Lo\u0161inj Mali Lo\u0161inj\u00a0is the largest town of the island of Lo\u0161inj (the title that once belonged to the nearby Veli Lo\u0161inj) and its administrative centre (and that of the smaller adjacent islands). Throughout history, it was marked by maritime exploits and shipbuilding (the shipyard has been functional since 1850), whereas nowadays it\u2019s marked by<\/p>\n","protected":false},"author":72,"featured_media":16920,"comment_status":"closed","ping_status":"closed","sticky":false,"template":"","format":"standard","meta":{"_acf_changed":false,"footnotes":""},"categories":[2731],"tags":[],"class_list":["post-17072","post","type-post","status-publish","format-standard","has-post-thumbnail","hentry","category-news"],"acf":[],"yoast_head":"<!-- This site is optimized with the Yoast SEO plugin v26.8 - https:\/\/yoast.com\/product\/yoast-seo-wordpress\/ -->\n<title>Tea Tuli\u0107: &quot;Dama iz \u010cikata&quot; (Mali Lo\u0161inj) &#8226; Rijeka 2020<\/title>\n<meta name=\"robots\" content=\"index, follow, max-snippet:-1, max-image-preview:large, max-video-preview:-1\" \/>\n<link rel=\"canonical\" href=\"https:\/\/ri2020.eu\/en\/tea-tulic-the-lady-of-cikat-mali-losinj\/\" \/>\n<meta property=\"og:locale\" content=\"en_US\" \/>\n<meta property=\"og:type\" content=\"article\" \/>\n<meta property=\"og:title\" content=\"Tea Tuli\u0107: &quot;Dama iz \u010cikata&quot; (Mali Lo\u0161inj) &#8226; Rijeka 2020\" \/>\n<meta property=\"og:description\" content=\"Mali Lo\u0161inj Mali Lo\u0161inj\u00a0is the largest town of the island of Lo\u0161inj (the title that once belonged to the nearby Veli Lo\u0161inj) and its administrative centre (and that of the smaller adjacent islands). Throughout history, it was marked by maritime exploits and shipbuilding (the shipyard has been functional since 1850), whereas nowadays it\u2019s marked by\" \/>\n<meta property=\"og:url\" content=\"https:\/\/ri2020.eu\/en\/tea-tulic-the-lady-of-cikat-mali-losinj\/\" \/>\n<meta property=\"og:site_name\" content=\"Rijeka 2020\" \/>\n<meta property=\"article:publisher\" content=\"https:\/\/www.facebook.com\/rijeka2020\" \/>\n<meta property=\"article:published_time\" content=\"2019-09-09T22:00:51+00:00\" \/>\n<meta property=\"article:modified_time\" content=\"2019-09-30T13:23:03+00:00\" \/>\n<meta property=\"og:image\" content=\"https:\/\/rijeka2020.eu\/wp-content\/uploads\/2018\/12\/008A5931-e1544189902115.jpg\" \/>\n\t<meta property=\"og:image:width\" content=\"2000\" \/>\n\t<meta property=\"og:image:height\" content=\"945\" \/>\n\t<meta property=\"og:image:type\" content=\"image\/jpeg\" \/>\n<meta name=\"author\" content=\"Rijeka 2020\" \/>\n<meta name=\"twitter:card\" content=\"summary_large_image\" \/>\n<meta name=\"twitter:creator\" content=\"@Rijeka2020\" \/>\n<meta name=\"twitter:site\" content=\"@Rijeka2020\" \/>\n<meta name=\"twitter:label1\" content=\"Written by\" \/>\n\t<meta name=\"twitter:data1\" content=\"Rijeka 2020\" \/>\n\t<meta name=\"twitter:label2\" content=\"Est. reading time\" \/>\n\t<meta name=\"twitter:data2\" content=\"2 minutes\" \/>\n<script type=\"application\/ld+json\" class=\"yoast-schema-graph\">{\"@context\":\"https:\/\/schema.org\",\"@graph\":[{\"@type\":\"Article\",\"@id\":\"https:\/\/ri2020.eu\/en\/tea-tulic-the-lady-of-cikat-mali-losinj\/#article\",\"isPartOf\":{\"@id\":\"https:\/\/ri2020.eu\/en\/tea-tulic-the-lady-of-cikat-mali-losinj\/\"},\"author\":{\"name\":\"Rijeka 2020\",\"@id\":\"https:\/\/rijeka2020.eu\/en\/#\/schema\/person\/9c12d91df8c45bc534f625d9c81f403d\"},\"headline\":\"Tea Tuli\u0107: &#8220;Dama iz \u010cikata&#8221; (Mali Lo\u0161inj)\",\"datePublished\":\"2019-09-09T22:00:51+00:00\",\"dateModified\":\"2019-09-30T13:23:03+00:00\",\"mainEntityOfPage\":{\"@id\":\"https:\/\/ri2020.eu\/en\/tea-tulic-the-lady-of-cikat-mali-losinj\/\"},\"wordCount\":362,\"publisher\":{\"@id\":\"https:\/\/rijeka2020.eu\/en\/#organization\"},\"image\":{\"@id\":\"https:\/\/ri2020.eu\/en\/tea-tulic-the-lady-of-cikat-mali-losinj\/#primaryimage\"},\"thumbnailUrl\":\"https:\/\/ri2020.eu\/wp-content\/uploads\/2018\/12\/008A5931-e1544189902115.jpg\",\"articleSection\":[\"News\"],\"inLanguage\":\"en-US\"},{\"@type\":\"WebPage\",\"@id\":\"https:\/\/ri2020.eu\/en\/tea-tulic-the-lady-of-cikat-mali-losinj\/\",\"url\":\"https:\/\/ri2020.eu\/en\/tea-tulic-the-lady-of-cikat-mali-losinj\/\",\"name\":\"Tea Tuli\u0107: \\\"Dama iz \u010cikata\\\" (Mali Lo\u0161inj) &#8226; Rijeka 2020\",\"isPartOf\":{\"@id\":\"https:\/\/rijeka2020.eu\/en\/#website\"},\"primaryImageOfPage\":{\"@id\":\"https:\/\/ri2020.eu\/en\/tea-tulic-the-lady-of-cikat-mali-losinj\/#primaryimage\"},\"image\":{\"@id\":\"https:\/\/ri2020.eu\/en\/tea-tulic-the-lady-of-cikat-mali-losinj\/#primaryimage\"},\"thumbnailUrl\":\"https:\/\/ri2020.eu\/wp-content\/uploads\/2018\/12\/008A5931-e1544189902115.jpg\",\"datePublished\":\"2019-09-09T22:00:51+00:00\",\"dateModified\":\"2019-09-30T13:23:03+00:00\",\"breadcrumb\":{\"@id\":\"https:\/\/ri2020.eu\/en\/tea-tulic-the-lady-of-cikat-mali-losinj\/#breadcrumb\"},\"inLanguage\":\"en-US\",\"potentialAction\":[{\"@type\":\"ReadAction\",\"target\":[\"https:\/\/ri2020.eu\/en\/tea-tulic-the-lady-of-cikat-mali-losinj\/\"]}]},{\"@type\":\"ImageObject\",\"inLanguage\":\"en-US\",\"@id\":\"https:\/\/ri2020.eu\/en\/tea-tulic-the-lady-of-cikat-mali-losinj\/#primaryimage\",\"url\":\"https:\/\/ri2020.eu\/wp-content\/uploads\/2018\/12\/008A5931-e1544189902115.jpg\",\"contentUrl\":\"https:\/\/ri2020.eu\/wp-content\/uploads\/2018\/12\/008A5931-e1544189902115.jpg\",\"width\":2000,\"height\":945},{\"@type\":\"BreadcrumbList\",\"@id\":\"https:\/\/ri2020.eu\/en\/tea-tulic-the-lady-of-cikat-mali-losinj\/#breadcrumb\",\"itemListElement\":[{\"@type\":\"ListItem\",\"position\":1,\"name\":\"Home\",\"item\":\"https:\/\/rijeka2020.eu\/en\/\"},{\"@type\":\"ListItem\",\"position\":2,\"name\":\"Tea Tuli\u0107: &#8220;Dama iz \u010cikata&#8221; (Mali Lo\u0161inj)\"}]},{\"@type\":\"WebSite\",\"@id\":\"https:\/\/rijeka2020.eu\/en\/#website\",\"url\":\"https:\/\/rijeka2020.eu\/en\/\",\"name\":\"Rijeka 2020\",\"description\":\"Europska prijestolnica kulture\",\"publisher\":{\"@id\":\"https:\/\/rijeka2020.eu\/en\/#organization\"},\"potentialAction\":[{\"@type\":\"SearchAction\",\"target\":{\"@type\":\"EntryPoint\",\"urlTemplate\":\"https:\/\/rijeka2020.eu\/en\/?s={search_term_string}\"},\"query-input\":{\"@type\":\"PropertyValueSpecification\",\"valueRequired\":true,\"valueName\":\"search_term_string\"}}],\"inLanguage\":\"en-US\"},{\"@type\":\"Organization\",\"@id\":\"https:\/\/rijeka2020.eu\/en\/#organization\",\"name\":\"Rijeka 2020 d.o.o.\",\"url\":\"https:\/\/rijeka2020.eu\/en\/\",\"logo\":{\"@type\":\"ImageObject\",\"inLanguage\":\"en-US\",\"@id\":\"https:\/\/rijeka2020.eu\/en\/#\/schema\/logo\/image\/\",\"url\":\"https:\/\/rijeka2020.eu\/wp-content\/uploads\/2018\/07\/Ri2020-logo.png\",\"contentUrl\":\"https:\/\/rijeka2020.eu\/wp-content\/uploads\/2018\/07\/Ri2020-logo.png\",\"width\":407,\"height\":175,\"caption\":\"Rijeka 2020 d.o.o.\"},\"image\":{\"@id\":\"https:\/\/rijeka2020.eu\/en\/#\/schema\/logo\/image\/\"},\"sameAs\":[\"https:\/\/www.facebook.com\/rijeka2020\",\"https:\/\/x.com\/Rijeka2020\",\"https:\/\/www.instagram.com\/rijeka2020\/\",\"https:\/\/www.youtube.com\/user\/riepk2020\"]},{\"@type\":\"Person\",\"@id\":\"https:\/\/rijeka2020.eu\/en\/#\/schema\/person\/9c12d91df8c45bc534f625d9c81f403d\",\"name\":\"Rijeka 2020\",\"url\":\"https:\/\/ri2020.eu\/en\/author\/lsm\/\"}]}<\/script>\n<!-- \/ Yoast SEO plugin. -->","yoast_head_json":{"title":"Tea Tuli\u0107: \"Dama iz \u010cikata\" (Mali Lo\u0161inj) &#8226; Rijeka 2020","robots":{"index":"index","follow":"follow","max-snippet":"max-snippet:-1","max-image-preview":"max-image-preview:large","max-video-preview":"max-video-preview:-1"},"canonical":"https:\/\/ri2020.eu\/en\/tea-tulic-the-lady-of-cikat-mali-losinj\/","og_locale":"en_US","og_type":"article","og_title":"Tea Tuli\u0107: \"Dama iz \u010cikata\" (Mali Lo\u0161inj) &#8226; Rijeka 2020","og_description":"Mali Lo\u0161inj Mali Lo\u0161inj\u00a0is the largest town of the island of Lo\u0161inj (the title that once belonged to the nearby Veli Lo\u0161inj) and its administrative centre (and that of the smaller adjacent islands). Throughout history, it was marked by maritime exploits and shipbuilding (the shipyard has been functional since 1850), whereas nowadays it\u2019s marked by","og_url":"https:\/\/ri2020.eu\/en\/tea-tulic-the-lady-of-cikat-mali-losinj\/","og_site_name":"Rijeka 2020","article_publisher":"https:\/\/www.facebook.com\/rijeka2020","article_published_time":"2019-09-09T22:00:51+00:00","article_modified_time":"2019-09-30T13:23:03+00:00","og_image":[{"width":2000,"height":945,"url":"https:\/\/rijeka2020.eu\/wp-content\/uploads\/2018\/12\/008A5931-e1544189902115.jpg","type":"image\/jpeg"}],"author":"Rijeka 2020","twitter_card":"summary_large_image","twitter_creator":"@Rijeka2020","twitter_site":"@Rijeka2020","twitter_misc":{"Written by":"Rijeka 2020","Est. reading time":"2 minutes"},"schema":{"@context":"https:\/\/schema.org","@graph":[{"@type":"Article","@id":"https:\/\/ri2020.eu\/en\/tea-tulic-the-lady-of-cikat-mali-losinj\/#article","isPartOf":{"@id":"https:\/\/ri2020.eu\/en\/tea-tulic-the-lady-of-cikat-mali-losinj\/"},"author":{"name":"Rijeka 2020","@id":"https:\/\/rijeka2020.eu\/en\/#\/schema\/person\/9c12d91df8c45bc534f625d9c81f403d"},"headline":"Tea Tuli\u0107: &#8220;Dama iz \u010cikata&#8221; (Mali Lo\u0161inj)","datePublished":"2019-09-09T22:00:51+00:00","dateModified":"2019-09-30T13:23:03+00:00","mainEntityOfPage":{"@id":"https:\/\/ri2020.eu\/en\/tea-tulic-the-lady-of-cikat-mali-losinj\/"},"wordCount":362,"publisher":{"@id":"https:\/\/rijeka2020.eu\/en\/#organization"},"image":{"@id":"https:\/\/ri2020.eu\/en\/tea-tulic-the-lady-of-cikat-mali-losinj\/#primaryimage"},"thumbnailUrl":"https:\/\/ri2020.eu\/wp-content\/uploads\/2018\/12\/008A5931-e1544189902115.jpg","articleSection":["News"],"inLanguage":"en-US"},{"@type":"WebPage","@id":"https:\/\/ri2020.eu\/en\/tea-tulic-the-lady-of-cikat-mali-losinj\/","url":"https:\/\/ri2020.eu\/en\/tea-tulic-the-lady-of-cikat-mali-losinj\/","name":"Tea Tuli\u0107: \"Dama iz \u010cikata\" (Mali Lo\u0161inj) &#8226; Rijeka 2020","isPartOf":{"@id":"https:\/\/rijeka2020.eu\/en\/#website"},"primaryImageOfPage":{"@id":"https:\/\/ri2020.eu\/en\/tea-tulic-the-lady-of-cikat-mali-losinj\/#primaryimage"},"image":{"@id":"https:\/\/ri2020.eu\/en\/tea-tulic-the-lady-of-cikat-mali-losinj\/#primaryimage"},"thumbnailUrl":"https:\/\/ri2020.eu\/wp-content\/uploads\/2018\/12\/008A5931-e1544189902115.jpg","datePublished":"2019-09-09T22:00:51+00:00","dateModified":"2019-09-30T13:23:03+00:00","breadcrumb":{"@id":"https:\/\/ri2020.eu\/en\/tea-tulic-the-lady-of-cikat-mali-losinj\/#breadcrumb"},"inLanguage":"en-US","potentialAction":[{"@type":"ReadAction","target":["https:\/\/ri2020.eu\/en\/tea-tulic-the-lady-of-cikat-mali-losinj\/"]}]},{"@type":"ImageObject","inLanguage":"en-US","@id":"https:\/\/ri2020.eu\/en\/tea-tulic-the-lady-of-cikat-mali-losinj\/#primaryimage","url":"https:\/\/ri2020.eu\/wp-content\/uploads\/2018\/12\/008A5931-e1544189902115.jpg","contentUrl":"https:\/\/ri2020.eu\/wp-content\/uploads\/2018\/12\/008A5931-e1544189902115.jpg","width":2000,"height":945},{"@type":"BreadcrumbList","@id":"https:\/\/ri2020.eu\/en\/tea-tulic-the-lady-of-cikat-mali-losinj\/#breadcrumb","itemListElement":[{"@type":"ListItem","position":1,"name":"Home","item":"https:\/\/rijeka2020.eu\/en\/"},{"@type":"ListItem","position":2,"name":"Tea Tuli\u0107: &#8220;Dama iz \u010cikata&#8221; (Mali Lo\u0161inj)"}]},{"@type":"WebSite","@id":"https:\/\/rijeka2020.eu\/en\/#website","url":"https:\/\/rijeka2020.eu\/en\/","name":"Rijeka 2020","description":"Europska prijestolnica kulture","publisher":{"@id":"https:\/\/rijeka2020.eu\/en\/#organization"},"potentialAction":[{"@type":"SearchAction","target":{"@type":"EntryPoint","urlTemplate":"https:\/\/rijeka2020.eu\/en\/?s={search_term_string}"},"query-input":{"@type":"PropertyValueSpecification","valueRequired":true,"valueName":"search_term_string"}}],"inLanguage":"en-US"},{"@type":"Organization","@id":"https:\/\/rijeka2020.eu\/en\/#organization","name":"Rijeka 2020 d.o.o.","url":"https:\/\/rijeka2020.eu\/en\/","logo":{"@type":"ImageObject","inLanguage":"en-US","@id":"https:\/\/rijeka2020.eu\/en\/#\/schema\/logo\/image\/","url":"https:\/\/rijeka2020.eu\/wp-content\/uploads\/2018\/07\/Ri2020-logo.png","contentUrl":"https:\/\/rijeka2020.eu\/wp-content\/uploads\/2018\/07\/Ri2020-logo.png","width":407,"height":175,"caption":"Rijeka 2020 d.o.o."},"image":{"@id":"https:\/\/rijeka2020.eu\/en\/#\/schema\/logo\/image\/"},"sameAs":["https:\/\/www.facebook.com\/rijeka2020","https:\/\/x.com\/Rijeka2020","https:\/\/www.instagram.com\/rijeka2020\/","https:\/\/www.youtube.com\/user\/riepk2020"]},{"@type":"Person","@id":"https:\/\/rijeka2020.eu\/en\/#\/schema\/person\/9c12d91df8c45bc534f625d9c81f403d","name":"Rijeka 2020","url":"https:\/\/ri2020.eu\/en\/author\/lsm\/"}]}},"_links":{"self":[{"href":"https:\/\/ri2020.eu\/en\/wp-json\/wp\/v2\/posts\/17072","targetHints":{"allow":["GET"]}}],"collection":[{"href":"https:\/\/ri2020.eu\/en\/wp-json\/wp\/v2\/posts"}],"about":[{"href":"https:\/\/ri2020.eu\/en\/wp-json\/wp\/v2\/types\/post"}],"author":[{"embeddable":true,"href":"https:\/\/ri2020.eu\/en\/wp-json\/wp\/v2\/users\/72"}],"replies":[{"embeddable":true,"href":"https:\/\/ri2020.eu\/en\/wp-json\/wp\/v2\/comments?post=17072"}],"version-history":[{"count":0,"href":"https:\/\/ri2020.eu\/en\/wp-json\/wp\/v2\/posts\/17072\/revisions"}],"wp:featuredmedia":[{"embeddable":true,"href":"https:\/\/ri2020.eu\/en\/wp-json\/wp\/v2\/media\/16920"}],"wp:attachment":[{"href":"https:\/\/ri2020.eu\/en\/wp-json\/wp\/v2\/media?parent=17072"}],"wp:term":[{"taxonomy":"category","embeddable":true,"href":"https:\/\/ri2020.eu\/en\/wp-json\/wp\/v2\/categories?post=17072"},{"taxonomy":"post_tag","embeddable":true,"href":"https:\/\/ri2020.eu\/en\/wp-json\/wp\/v2\/tags?post=17072"}],"curies":[{"name":"wp","href":"https:\/\/api.w.org\/{rel}","templated":true}]}}