{"id":16743,"date":"2018-12-03T11:49:37","date_gmt":"2018-12-03T10:49:37","guid":{"rendered":"http:\/\/rijeka2020.eu\/?p=16743\/"},"modified":"2018-12-03T12:15:08","modified_gmt":"2018-12-03T11:15:08","slug":"ticket-sale-starts-for-the-che-sudaka-and-gustafi-concert-at-pogon-kulture","status":"publish","type":"post","link":"https:\/\/ri2020.eu\/en\/ticket-sale-starts-for-the-che-sudaka-and-gustafi-concert-at-pogon-kulture\/","title":{"rendered":"Ticket sale starts for the Che Sudaka and Gustafi concert at Pogon kulture"},"content":{"rendered":"<p>Ticket presale starts on Monday, 5 November through the <a href=\"https:\/\/www.entrio.hr\/en\/event\/che-sudaka-i-gustafi-koncert-za-svjetski-dan-migranata-5606\" target=\"_blank\" rel=\"noopener noreferrer\"><strong><u>Entrio<\/u><\/strong><\/a> system with a 48-hour presale of an unlimited number of <em>early-bird <\/em>tickets for the price of HRK 50.00:<\/p>\n<p><strong>5.-7.11. \u201350,00 kn <\/strong><br \/>\n<strong>8.11.-1.12. \u201360,00 kn <\/strong><br \/>\n<strong>1.-20.12. \u201370,00 kn <\/strong><br \/>\n<strong>21.12. \u2013 90,00 kn<\/strong><\/p>\n<p><a href=\"https:\/\/www.entrio.hr\/en\/event\/che-sudaka-i-gustafi-koncert-za-svjetski-dan-migranata-5606\" target=\"_blank\" rel=\"noopener noreferrer\"><img loading=\"lazy\" decoding=\"async\" class=\"alignnone size-full wp-image-16747\" src=\"https:\/\/rijeka2020.eu\/wp-content\/uploads\/2018\/12\/Botun-Tickets.png\" alt=\"\" width=\"165\" height=\"59\" \/><\/a><\/p>\n<p><a href=\"https:\/\/www.facebook.com\/chesudaka\/\" target=\"_blank\" rel=\"noopener noreferrer\"><strong><u>Che Sudaka<\/u><\/strong><\/a> is an Argentinian-Spanish reggae-ska band formed in the early 2000s in Barcelona by street musicians \u2013 illegal immigrants from Argentina and Colombia. During one of their performances, they were approached by the ex-singer of Mano Negra who helped them record their first studio album and launch their career. The band members explained the band name themselves <em>\u2013 In Argentina we were proud Argentinians, but when we came to Europe we felt mostly like Sudaka (Southerners): Argentinians, Chileans, Ecuadorians, Peruvians&#8230; We felt we all came from the same world. <\/em>The world \u201cche\u201d means \u201cfriend\u201d, and is used when you want to tell someone to get a move on, to collect and focus his energy. When talking about their music, the band members cite different influences and role models: Los Fabulosos Cadillacs, Todos tus Muertos, Mano Negra, Rub\u00e9n Blades, Bob Marley, Peter Tosh, Sumo, Cafe Tauba, Manu Chao, Macaco, Ojos de Brujo, Dusminguet\u2026 \u201cSin Papeles\u201d (Undocumented) is their signature song and the band\u2019s motto. The songs theme is: if you\u2019re not in \u201cthe system\u201d, you simply don\u2019t exist in Europe in the sense of universal human rights. The band\u2019s other songs are also socially engaged. The band members are Kachafaz, Sergio Morales, Leo, Anthrax, Jota and Cordobes.<\/p>\n<p><img loading=\"lazy\" decoding=\"async\" class=\"alignnone wp-image-16237 size-full\" src=\"https:\/\/rijeka2020.eu\/wp-content\/uploads\/2018\/11\/che-sudaka.png\" alt=\"\" width=\"598\" height=\"398\" srcset=\"https:\/\/ri2020.eu\/wp-content\/uploads\/2018\/11\/che-sudaka.png 598w, https:\/\/ri2020.eu\/wp-content\/uploads\/2018\/11\/che-sudaka-248x165.png 248w, https:\/\/ri2020.eu\/wp-content\/uploads\/2018\/11\/che-sudaka-250x166.png 250w, https:\/\/ri2020.eu\/wp-content\/uploads\/2018\/11\/che-sudaka-420x280.png 420w\" sizes=\"auto, (max-width: 598px) 100vw, 598px\" \/><\/p>\n<p><a href=\"https:\/\/www.facebook.com\/Gustafi-41753700562\/\" target=\"_blank\" rel=\"noopener noreferrer\"><strong><u>Gustafi<\/u><\/strong><\/a> were formed in 1980 in Vodnjan by Edi and Vlado Maru\u017ein, \u010cedomir Mo\u0161nja, Igor Arih and Livio Morosin under the name Gustaph and his good ghosts. The number of band members is not permanent \u2013 the band\u2019s core was often supplemented by musicians from Istria and Rijeka. They held their first concert on 27 December 1980. At first they played a combination of new wave and avantgarde music and even performed at the Zagreb Musical Biennale in 1983. Their first album, titled \u201cV\u201d, was recorded in 1985 in independent production, and between 1985 and 1991 the band played commercial music at local festivals. By blending rock, Istrian folk music and rebel poetry in the \u010cakavian dialect with a tex-mex sound, they created a unique musical style. Songs like \u201cBrkica\u201d and \u201cKega si sanjala\u201c paved their road to popularity. Their album \u201cTutofato\u201d (1994) promoted them into leading figures of the \u201c\u010da\u201d wave. Their intense concert activity, numerous hits, as well as scenic and visual identities marked by informality and spontaneity led them to the top of the Croatian music scene. Their performances are always a blast and loads of fun. Currently the band consists of the following members: Edi Maru\u017ein (vocals, guitar), \u010cedomir Mo\u0161nja (drums), Jimi Grgi\u0107 (guitar), Gianluca Antonini (bass guitar), Alen Peru\u0161ko (accordion), Bernarda Ravni\u0107 (vocals), Boris Mohori\u0107 (trumpet), Luka Horvat (trumpet), Antun Feren\u010di\u0107 (trombone), Aldo Fo\u0161ko (clarinet, keyboards) and Petar Mato\u0161evi\u0107 (saxophone).<\/p>\n<p><img loading=\"lazy\" decoding=\"async\" class=\"alignnone wp-image-16238 size-large\" src=\"https:\/\/rijeka2020.eu\/wp-content\/uploads\/2018\/11\/gustafi-1024x754.jpg\" alt=\"\" width=\"640\" height=\"471\" srcset=\"https:\/\/ri2020.eu\/wp-content\/uploads\/2018\/11\/gustafi-1024x754.jpg 1024w, https:\/\/ri2020.eu\/wp-content\/uploads\/2018\/11\/gustafi-224x165.jpg 224w, https:\/\/ri2020.eu\/wp-content\/uploads\/2018\/11\/gustafi-768x566.jpg 768w, https:\/\/ri2020.eu\/wp-content\/uploads\/2018\/11\/gustafi-250x184.jpg 250w, https:\/\/ri2020.eu\/wp-content\/uploads\/2018\/11\/gustafi-420x309.jpg 420w, https:\/\/ri2020.eu\/wp-content\/uploads\/2018\/11\/gustafi.jpg 1890w\" sizes=\"auto, (max-width: 640px) 100vw, 640px\" \/><\/p>\n","protected":false},"excerpt":{"rendered":"<p>As part of its flagship programme The Kitchen and on the occasion of International Migrants Day, Rijeka 2020 \u2013 European Capital of Culture organises special programmes \u2013 one of them is the Che Sudaka and Gustafi concert at the Pogon kulture on Friday, 21 December at 8.30 PM.<\/p>\n","protected":false},"author":72,"featured_media":16744,"comment_status":"open","ping_status":"open","sticky":false,"template":"","format":"standard","meta":{"_acf_changed":false,"footnotes":""},"categories":[2959,2731],"tags":[4242,4165,4250,4241],"class_list":["post-16743","post","type-post","status-publish","format-standard","has-post-thumbnail","hentry","category-kitchen-of-diversity","category-news","tag-european-capital-of-culture-en-4-en","tag-international-migrants-day-en","tag-kitchen-en-3-en","tag-rijeka-2020-en-4-en"],"acf":[],"yoast_head":"<!-- This site is optimized with the Yoast SEO plugin v26.8 - https:\/\/yoast.com\/product\/yoast-seo-wordpress\/ -->\n<title>Ticket sale starts for the Che Sudaka and Gustafi concert at Pogon kulture &#8226; Rijeka 2020<\/title>\n<meta name=\"robots\" content=\"index, follow, max-snippet:-1, max-image-preview:large, max-video-preview:-1\" \/>\n<link rel=\"canonical\" href=\"https:\/\/ri2020.eu\/en\/ticket-sale-starts-for-the-che-sudaka-and-gustafi-concert-at-pogon-kulture\/\" \/>\n<meta property=\"og:locale\" content=\"en_US\" \/>\n<meta property=\"og:type\" content=\"article\" \/>\n<meta property=\"og:title\" content=\"Ticket sale starts for the Che Sudaka and Gustafi concert at Pogon kulture &#8226; Rijeka 2020\" \/>\n<meta property=\"og:description\" content=\"As part of its flagship programme The Kitchen and on the occasion of International Migrants Day, Rijeka 2020 \u2013 European Capital of Culture organises special programmes \u2013 one of them is the Che Sudaka and Gustafi concert at the Pogon kulture on Friday, 21 December at 8.30 PM.\" \/>\n<meta property=\"og:url\" content=\"https:\/\/ri2020.eu\/en\/ticket-sale-starts-for-the-che-sudaka-and-gustafi-concert-at-pogon-kulture\/\" \/>\n<meta property=\"og:site_name\" content=\"Rijeka 2020\" \/>\n<meta property=\"article:publisher\" content=\"https:\/\/www.facebook.com\/rijeka2020\" \/>\n<meta property=\"article:published_time\" content=\"2018-12-03T10:49:37+00:00\" \/>\n<meta property=\"article:modified_time\" content=\"2018-12-03T11:15:08+00:00\" \/>\n<meta property=\"og:image\" content=\"https:\/\/ri2020.eu\/wp-content\/uploads\/2018\/12\/svjetski-dan-migranata.jpg\" \/>\n\t<meta property=\"og:image:width\" content=\"2481\" \/>\n\t<meta property=\"og:image:height\" content=\"2481\" \/>\n\t<meta property=\"og:image:type\" content=\"image\/jpeg\" \/>\n<meta name=\"author\" content=\"Rijeka 2020\" \/>\n<meta name=\"twitter:card\" content=\"summary_large_image\" \/>\n<meta name=\"twitter:creator\" content=\"@Rijeka2020\" \/>\n<meta name=\"twitter:site\" content=\"@Rijeka2020\" \/>\n<meta name=\"twitter:label1\" content=\"Written by\" \/>\n\t<meta name=\"twitter:data1\" content=\"Rijeka 2020\" \/>\n\t<meta name=\"twitter:label2\" content=\"Est. reading time\" \/>\n\t<meta name=\"twitter:data2\" content=\"2 minutes\" \/>\n<script type=\"application\/ld+json\" class=\"yoast-schema-graph\">{\"@context\":\"https:\/\/schema.org\",\"@graph\":[{\"@type\":\"Article\",\"@id\":\"https:\/\/ri2020.eu\/en\/ticket-sale-starts-for-the-che-sudaka-and-gustafi-concert-at-pogon-kulture\/#article\",\"isPartOf\":{\"@id\":\"https:\/\/ri2020.eu\/en\/ticket-sale-starts-for-the-che-sudaka-and-gustafi-concert-at-pogon-kulture\/\"},\"author\":{\"name\":\"Rijeka 2020\",\"@id\":\"https:\/\/ri2020.eu\/en\/#\/schema\/person\/9c12d91df8c45bc534f625d9c81f403d\"},\"headline\":\"Ticket sale starts for the Che Sudaka and Gustafi concert at Pogon kulture\",\"datePublished\":\"2018-12-03T10:49:37+00:00\",\"dateModified\":\"2018-12-03T11:15:08+00:00\",\"mainEntityOfPage\":{\"@id\":\"https:\/\/ri2020.eu\/en\/ticket-sale-starts-for-the-che-sudaka-and-gustafi-concert-at-pogon-kulture\/\"},\"wordCount\":491,\"commentCount\":0,\"publisher\":{\"@id\":\"https:\/\/ri2020.eu\/en\/#organization\"},\"image\":{\"@id\":\"https:\/\/ri2020.eu\/en\/ticket-sale-starts-for-the-che-sudaka-and-gustafi-concert-at-pogon-kulture\/#primaryimage\"},\"thumbnailUrl\":\"https:\/\/ri2020.eu\/wp-content\/uploads\/2018\/12\/svjetski-dan-migranata.jpg\",\"keywords\":[\"European Capital of Culture\",\"International Migrants Day\",\"Kitchen\",\"Rijeka 2020\"],\"articleSection\":[\"Kitchen of Diversity\",\"News\"],\"inLanguage\":\"en-US\",\"potentialAction\":[{\"@type\":\"CommentAction\",\"name\":\"Comment\",\"target\":[\"https:\/\/ri2020.eu\/en\/ticket-sale-starts-for-the-che-sudaka-and-gustafi-concert-at-pogon-kulture\/#respond\"]}]},{\"@type\":\"WebPage\",\"@id\":\"https:\/\/ri2020.eu\/en\/ticket-sale-starts-for-the-che-sudaka-and-gustafi-concert-at-pogon-kulture\/\",\"url\":\"https:\/\/ri2020.eu\/en\/ticket-sale-starts-for-the-che-sudaka-and-gustafi-concert-at-pogon-kulture\/\",\"name\":\"Ticket sale starts for the Che Sudaka and Gustafi concert at Pogon kulture &#8226; Rijeka 2020\",\"isPartOf\":{\"@id\":\"https:\/\/ri2020.eu\/en\/#website\"},\"primaryImageOfPage\":{\"@id\":\"https:\/\/ri2020.eu\/en\/ticket-sale-starts-for-the-che-sudaka-and-gustafi-concert-at-pogon-kulture\/#primaryimage\"},\"image\":{\"@id\":\"https:\/\/ri2020.eu\/en\/ticket-sale-starts-for-the-che-sudaka-and-gustafi-concert-at-pogon-kulture\/#primaryimage\"},\"thumbnailUrl\":\"https:\/\/ri2020.eu\/wp-content\/uploads\/2018\/12\/svjetski-dan-migranata.jpg\",\"datePublished\":\"2018-12-03T10:49:37+00:00\",\"dateModified\":\"2018-12-03T11:15:08+00:00\",\"breadcrumb\":{\"@id\":\"https:\/\/ri2020.eu\/en\/ticket-sale-starts-for-the-che-sudaka-and-gustafi-concert-at-pogon-kulture\/#breadcrumb\"},\"inLanguage\":\"en-US\",\"potentialAction\":[{\"@type\":\"ReadAction\",\"target\":[\"https:\/\/ri2020.eu\/en\/ticket-sale-starts-for-the-che-sudaka-and-gustafi-concert-at-pogon-kulture\/\"]}]},{\"@type\":\"ImageObject\",\"inLanguage\":\"en-US\",\"@id\":\"https:\/\/ri2020.eu\/en\/ticket-sale-starts-for-the-che-sudaka-and-gustafi-concert-at-pogon-kulture\/#primaryimage\",\"url\":\"https:\/\/ri2020.eu\/wp-content\/uploads\/2018\/12\/svjetski-dan-migranata.jpg\",\"contentUrl\":\"https:\/\/ri2020.eu\/wp-content\/uploads\/2018\/12\/svjetski-dan-migranata.jpg\",\"width\":2481,\"height\":2481},{\"@type\":\"BreadcrumbList\",\"@id\":\"https:\/\/ri2020.eu\/en\/ticket-sale-starts-for-the-che-sudaka-and-gustafi-concert-at-pogon-kulture\/#breadcrumb\",\"itemListElement\":[{\"@type\":\"ListItem\",\"position\":1,\"name\":\"Home\",\"item\":\"https:\/\/ri2020.eu\/en\/\"},{\"@type\":\"ListItem\",\"position\":2,\"name\":\"Ticket sale starts for the Che Sudaka and Gustafi concert at Pogon kulture\"}]},{\"@type\":\"WebSite\",\"@id\":\"https:\/\/ri2020.eu\/en\/#website\",\"url\":\"https:\/\/ri2020.eu\/en\/\",\"name\":\"Rijeka 2020\",\"description\":\"Europska prijestolnica kulture\",\"publisher\":{\"@id\":\"https:\/\/ri2020.eu\/en\/#organization\"},\"potentialAction\":[{\"@type\":\"SearchAction\",\"target\":{\"@type\":\"EntryPoint\",\"urlTemplate\":\"https:\/\/ri2020.eu\/en\/?s={search_term_string}\"},\"query-input\":{\"@type\":\"PropertyValueSpecification\",\"valueRequired\":true,\"valueName\":\"search_term_string\"}}],\"inLanguage\":\"en-US\"},{\"@type\":\"Organization\",\"@id\":\"https:\/\/ri2020.eu\/en\/#organization\",\"name\":\"Rijeka 2020 d.o.o.\",\"url\":\"https:\/\/ri2020.eu\/en\/\",\"logo\":{\"@type\":\"ImageObject\",\"inLanguage\":\"en-US\",\"@id\":\"https:\/\/ri2020.eu\/en\/#\/schema\/logo\/image\/\",\"url\":\"https:\/\/rijeka2020.eu\/wp-content\/uploads\/2018\/07\/Ri2020-logo.png\",\"contentUrl\":\"https:\/\/rijeka2020.eu\/wp-content\/uploads\/2018\/07\/Ri2020-logo.png\",\"width\":407,\"height\":175,\"caption\":\"Rijeka 2020 d.o.o.\"},\"image\":{\"@id\":\"https:\/\/ri2020.eu\/en\/#\/schema\/logo\/image\/\"},\"sameAs\":[\"https:\/\/www.facebook.com\/rijeka2020\",\"https:\/\/x.com\/Rijeka2020\",\"https:\/\/www.instagram.com\/rijeka2020\/\",\"https:\/\/www.youtube.com\/user\/riepk2020\"]},{\"@type\":\"Person\",\"@id\":\"https:\/\/ri2020.eu\/en\/#\/schema\/person\/9c12d91df8c45bc534f625d9c81f403d\",\"name\":\"Rijeka 2020\",\"url\":\"https:\/\/ri2020.eu\/en\/author\/lsm\/\"}]}<\/script>\n<!-- \/ Yoast SEO plugin. -->","yoast_head_json":{"title":"Ticket sale starts for the Che Sudaka and Gustafi concert at Pogon kulture &#8226; Rijeka 2020","robots":{"index":"index","follow":"follow","max-snippet":"max-snippet:-1","max-image-preview":"max-image-preview:large","max-video-preview":"max-video-preview:-1"},"canonical":"https:\/\/ri2020.eu\/en\/ticket-sale-starts-for-the-che-sudaka-and-gustafi-concert-at-pogon-kulture\/","og_locale":"en_US","og_type":"article","og_title":"Ticket sale starts for the Che Sudaka and Gustafi concert at Pogon kulture &#8226; Rijeka 2020","og_description":"As part of its flagship programme The Kitchen and on the occasion of International Migrants Day, Rijeka 2020 \u2013 European Capital of Culture organises special programmes \u2013 one of them is the Che Sudaka and Gustafi concert at the Pogon kulture on Friday, 21 December at 8.30 PM.","og_url":"https:\/\/ri2020.eu\/en\/ticket-sale-starts-for-the-che-sudaka-and-gustafi-concert-at-pogon-kulture\/","og_site_name":"Rijeka 2020","article_publisher":"https:\/\/www.facebook.com\/rijeka2020","article_published_time":"2018-12-03T10:49:37+00:00","article_modified_time":"2018-12-03T11:15:08+00:00","og_image":[{"width":2481,"height":2481,"url":"https:\/\/ri2020.eu\/wp-content\/uploads\/2018\/12\/svjetski-dan-migranata.jpg","type":"image\/jpeg"}],"author":"Rijeka 2020","twitter_card":"summary_large_image","twitter_creator":"@Rijeka2020","twitter_site":"@Rijeka2020","twitter_misc":{"Written by":"Rijeka 2020","Est. reading time":"2 minutes"},"schema":{"@context":"https:\/\/schema.org","@graph":[{"@type":"Article","@id":"https:\/\/ri2020.eu\/en\/ticket-sale-starts-for-the-che-sudaka-and-gustafi-concert-at-pogon-kulture\/#article","isPartOf":{"@id":"https:\/\/ri2020.eu\/en\/ticket-sale-starts-for-the-che-sudaka-and-gustafi-concert-at-pogon-kulture\/"},"author":{"name":"Rijeka 2020","@id":"https:\/\/ri2020.eu\/en\/#\/schema\/person\/9c12d91df8c45bc534f625d9c81f403d"},"headline":"Ticket sale starts for the Che Sudaka and Gustafi concert at Pogon kulture","datePublished":"2018-12-03T10:49:37+00:00","dateModified":"2018-12-03T11:15:08+00:00","mainEntityOfPage":{"@id":"https:\/\/ri2020.eu\/en\/ticket-sale-starts-for-the-che-sudaka-and-gustafi-concert-at-pogon-kulture\/"},"wordCount":491,"commentCount":0,"publisher":{"@id":"https:\/\/ri2020.eu\/en\/#organization"},"image":{"@id":"https:\/\/ri2020.eu\/en\/ticket-sale-starts-for-the-che-sudaka-and-gustafi-concert-at-pogon-kulture\/#primaryimage"},"thumbnailUrl":"https:\/\/ri2020.eu\/wp-content\/uploads\/2018\/12\/svjetski-dan-migranata.jpg","keywords":["European Capital of Culture","International Migrants Day","Kitchen","Rijeka 2020"],"articleSection":["Kitchen of Diversity","News"],"inLanguage":"en-US","potentialAction":[{"@type":"CommentAction","name":"Comment","target":["https:\/\/ri2020.eu\/en\/ticket-sale-starts-for-the-che-sudaka-and-gustafi-concert-at-pogon-kulture\/#respond"]}]},{"@type":"WebPage","@id":"https:\/\/ri2020.eu\/en\/ticket-sale-starts-for-the-che-sudaka-and-gustafi-concert-at-pogon-kulture\/","url":"https:\/\/ri2020.eu\/en\/ticket-sale-starts-for-the-che-sudaka-and-gustafi-concert-at-pogon-kulture\/","name":"Ticket sale starts for the Che Sudaka and Gustafi concert at Pogon kulture &#8226; Rijeka 2020","isPartOf":{"@id":"https:\/\/ri2020.eu\/en\/#website"},"primaryImageOfPage":{"@id":"https:\/\/ri2020.eu\/en\/ticket-sale-starts-for-the-che-sudaka-and-gustafi-concert-at-pogon-kulture\/#primaryimage"},"image":{"@id":"https:\/\/ri2020.eu\/en\/ticket-sale-starts-for-the-che-sudaka-and-gustafi-concert-at-pogon-kulture\/#primaryimage"},"thumbnailUrl":"https:\/\/ri2020.eu\/wp-content\/uploads\/2018\/12\/svjetski-dan-migranata.jpg","datePublished":"2018-12-03T10:49:37+00:00","dateModified":"2018-12-03T11:15:08+00:00","breadcrumb":{"@id":"https:\/\/ri2020.eu\/en\/ticket-sale-starts-for-the-che-sudaka-and-gustafi-concert-at-pogon-kulture\/#breadcrumb"},"inLanguage":"en-US","potentialAction":[{"@type":"ReadAction","target":["https:\/\/ri2020.eu\/en\/ticket-sale-starts-for-the-che-sudaka-and-gustafi-concert-at-pogon-kulture\/"]}]},{"@type":"ImageObject","inLanguage":"en-US","@id":"https:\/\/ri2020.eu\/en\/ticket-sale-starts-for-the-che-sudaka-and-gustafi-concert-at-pogon-kulture\/#primaryimage","url":"https:\/\/ri2020.eu\/wp-content\/uploads\/2018\/12\/svjetski-dan-migranata.jpg","contentUrl":"https:\/\/ri2020.eu\/wp-content\/uploads\/2018\/12\/svjetski-dan-migranata.jpg","width":2481,"height":2481},{"@type":"BreadcrumbList","@id":"https:\/\/ri2020.eu\/en\/ticket-sale-starts-for-the-che-sudaka-and-gustafi-concert-at-pogon-kulture\/#breadcrumb","itemListElement":[{"@type":"ListItem","position":1,"name":"Home","item":"https:\/\/ri2020.eu\/en\/"},{"@type":"ListItem","position":2,"name":"Ticket sale starts for the Che Sudaka and Gustafi concert at Pogon kulture"}]},{"@type":"WebSite","@id":"https:\/\/ri2020.eu\/en\/#website","url":"https:\/\/ri2020.eu\/en\/","name":"Rijeka 2020","description":"Europska prijestolnica kulture","publisher":{"@id":"https:\/\/ri2020.eu\/en\/#organization"},"potentialAction":[{"@type":"SearchAction","target":{"@type":"EntryPoint","urlTemplate":"https:\/\/ri2020.eu\/en\/?s={search_term_string}"},"query-input":{"@type":"PropertyValueSpecification","valueRequired":true,"valueName":"search_term_string"}}],"inLanguage":"en-US"},{"@type":"Organization","@id":"https:\/\/ri2020.eu\/en\/#organization","name":"Rijeka 2020 d.o.o.","url":"https:\/\/ri2020.eu\/en\/","logo":{"@type":"ImageObject","inLanguage":"en-US","@id":"https:\/\/ri2020.eu\/en\/#\/schema\/logo\/image\/","url":"https:\/\/rijeka2020.eu\/wp-content\/uploads\/2018\/07\/Ri2020-logo.png","contentUrl":"https:\/\/rijeka2020.eu\/wp-content\/uploads\/2018\/07\/Ri2020-logo.png","width":407,"height":175,"caption":"Rijeka 2020 d.o.o."},"image":{"@id":"https:\/\/ri2020.eu\/en\/#\/schema\/logo\/image\/"},"sameAs":["https:\/\/www.facebook.com\/rijeka2020","https:\/\/x.com\/Rijeka2020","https:\/\/www.instagram.com\/rijeka2020\/","https:\/\/www.youtube.com\/user\/riepk2020"]},{"@type":"Person","@id":"https:\/\/ri2020.eu\/en\/#\/schema\/person\/9c12d91df8c45bc534f625d9c81f403d","name":"Rijeka 2020","url":"https:\/\/ri2020.eu\/en\/author\/lsm\/"}]}},"_links":{"self":[{"href":"https:\/\/ri2020.eu\/en\/wp-json\/wp\/v2\/posts\/16743","targetHints":{"allow":["GET"]}}],"collection":[{"href":"https:\/\/ri2020.eu\/en\/wp-json\/wp\/v2\/posts"}],"about":[{"href":"https:\/\/ri2020.eu\/en\/wp-json\/wp\/v2\/types\/post"}],"author":[{"embeddable":true,"href":"https:\/\/ri2020.eu\/en\/wp-json\/wp\/v2\/users\/72"}],"replies":[{"embeddable":true,"href":"https:\/\/ri2020.eu\/en\/wp-json\/wp\/v2\/comments?post=16743"}],"version-history":[{"count":0,"href":"https:\/\/ri2020.eu\/en\/wp-json\/wp\/v2\/posts\/16743\/revisions"}],"wp:featuredmedia":[{"embeddable":true,"href":"https:\/\/ri2020.eu\/en\/wp-json\/wp\/v2\/media\/16744"}],"wp:attachment":[{"href":"https:\/\/ri2020.eu\/en\/wp-json\/wp\/v2\/media?parent=16743"}],"wp:term":[{"taxonomy":"category","embeddable":true,"href":"https:\/\/ri2020.eu\/en\/wp-json\/wp\/v2\/categories?post=16743"},{"taxonomy":"post_tag","embeddable":true,"href":"https:\/\/ri2020.eu\/en\/wp-json\/wp\/v2\/tags?post=16743"}],"curies":[{"name":"wp","href":"https:\/\/api.w.org\/{rel}","templated":true}]}}