{"id":14249,"date":"2018-07-12T09:57:54","date_gmt":"2018-07-12T07:57:54","guid":{"rendered":"http:\/\/rijeka2020.eu\/?p=14249\/"},"modified":"2018-07-12T09:57:54","modified_gmt":"2018-07-12T07:57:54","slug":"open-call-for-artworks-for-escape-exhibition","status":"publish","type":"post","link":"https:\/\/ri2020.eu\/en\/open-call-for-artworks-for-escape-exhibition\/","title":{"rendered":"Open call for artworks for \u201cEscape\u201d exhibition"},"content":{"rendered":"<p>Escape covers the topic of migrations as a collective phenomenon in the arena of everyday life. Exploring causes, background and consequences of migrations, the exhibition lays an emphasis on escape as a model of searching for solutions, where slippages, elusion and detours are the usual paths of survival.<\/p>\n<p>The notion of <em>escape<\/em> has numerous connotations: the escape of capital, the escape of thought, the escape of brains, the escape from reality, all of which involves crossing the regular boundaries and breaking the regulations.<\/p>\n<p>While the need for escape often has a negative sign, this exhibition takes interest in it as a proactive and self-sustaining act that manifests at least in two ways \u2013 as an effect of the lack of tolerance for an ongoing situation but also as a perk of being able to make an escape in the first place. At the same time, the exhibition calls attention to the questionable sovereignty \u2013 if the control of escape is the postulate of every organized society, isn\u2019t it true that freedom is limited, always and everywhere? Accordingly, isn\u2019t it true that an act of escape in the systems of intensified control becomes more and more visible?<\/p>\n<p>The exhibition explores migration field as the place of life-saving, risky and exhausting escapes, focusing on positive outcomes, but also on impossible endeavors. It evokes the works of art that take different approaches, from personalized and poetic all the way to documentary and critique-oriented, highlighting the potential of escape as an effect of coercion, but also as an effect of free choice. In this exhibition, we wonder how contemporary art correlates with the situations of escape and how, avoiding literal depiction, it communicates the perilous trajectories of various escapes.<\/p>\n<p>The artworks will be selected by the jury of five members \u2013 the MMSU curators Ksenija Orelj, Sabina Salamon, Nata\u0161a \u0160ukovi\u0107, Marina Tkal\u010di\u0107 and Sabrina \u017digo (City Museum of Rijeka). The selected works will be shown in an exhibition that will be held from 16 November 2018 to 15 January 2019 at the MMSU.<\/p>\n<p>The application must contain:<br \/>\n&#8211; name, surname, address, telephone number, e-mail address<br \/>\n&#8211; CV<br \/>\n&#8211; description of the work and work documentation (sketch, photo, video etc)<br \/>\n&#8211; technical information about the way the work is displayed<\/p>\n<p>Guidance notes for applicants:<br \/>\n&#8211; the open call is intended for individuals and groups from Croatia, the EU and Third Countries (a Third Country is a country that does not participate in Creative Europe program. The expenses for Third Countries are all expenses allocated for Third Countries citizens, for activities that will be held in Third Countries, or for the European partners who travel to Third Countries. To find out more, please visit this <a href=\"https:\/\/eacea.ec.europa.eu\/sites\/eacea-site\/files\/22032018-eligible-countries_en.pdf\" target=\"_blank\" rel=\"noopener noreferrer\">link<\/a>.<br \/>\n&#8211; each author can send only one proposal<br \/>\n&#8211; the authors can propose a new work or an existing work<br \/>\n&#8211; the applications are sent to <a href=\"mailto:escape.mmsu@gmail.com\" target=\"_blank\" rel=\"noopener noreferrer\">escape.mmsu@gmail.com<\/a>, with a note \u201cescape\u201d<br \/>\n&#8211; the author\u2019s net fee is HRK 3.750,00 (500 \u20ac) regardless of whether the applicant is an art collective or an individual author); the fee covers the expenses of artwork transport and travel and accommodation expenses.<\/p>\n<p><strong>The open call closes on 10 September 2018, while the decision about the selected proposals will be published by 20 September 2018.<\/strong><\/p>\n<p>The program is supported by the <strong>EU program Creative Europe<\/strong>, the <strong>Croatian Ministry of Culture<\/strong> and the <strong>City of Rijeka<\/strong>.<\/p>\n<p>The exhibition is part of the programme line <strong>Kitchen \u2013 Center for Creative Migrations<\/strong>, within the <strong>Rijeka 2020 \u2013 ECOC \u2013 Port of Diversity<\/strong>.<\/p>\n<p>The contents of this open call do not express the opinion of the EU program Creative Europe, the Croatian Ministry of Culture and the City of Rijeka, but only the opinions and stands of the Museum of Modern and Contemporary Art.<\/p>\n","protected":false},"excerpt":{"rendered":"<p>The Museum of Modern and Contemporary Art Rijeka announces an Open Call for artworks for \u201cEscape\u201d exhibition, which is to be held as the third episode of the EU project \u201cRisk Change\u201d.<\/p>\n","protected":false},"author":72,"featured_media":14243,"comment_status":"open","ping_status":"open","sticky":false,"template":"","format":"standard","meta":{"_acf_changed":false,"footnotes":""},"categories":[2959,2731],"tags":[4162,4161,3845],"class_list":["post-14249","post","type-post","status-publish","format-standard","has-post-thumbnail","hentry","category-kitchen-of-diversity","category-news","tag-museum-of-modern-and-contemporary-art-en","tag-rijeka-2020-ecoc-en","tag-risk-change-en-2"],"acf":[],"yoast_head":"<!-- This site is optimized with the Yoast SEO plugin v26.8 - https:\/\/yoast.com\/product\/yoast-seo-wordpress\/ -->\n<title>Open call for artworks for \u201cEscape\u201d exhibition &#8226; Rijeka 2020<\/title>\n<meta name=\"robots\" content=\"index, follow, max-snippet:-1, max-image-preview:large, max-video-preview:-1\" \/>\n<link rel=\"canonical\" href=\"https:\/\/ri2020.eu\/en\/open-call-for-artworks-for-escape-exhibition\/\" \/>\n<meta property=\"og:locale\" content=\"en_US\" \/>\n<meta property=\"og:type\" content=\"article\" \/>\n<meta property=\"og:title\" content=\"Open call for artworks for \u201cEscape\u201d exhibition &#8226; Rijeka 2020\" \/>\n<meta property=\"og:description\" content=\"The Museum of Modern and Contemporary Art Rijeka announces an Open Call for artworks for \u201cEscape\u201d exhibition, which is to be held as the third episode of the EU project \u201cRisk Change\u201d.\" \/>\n<meta property=\"og:url\" content=\"https:\/\/ri2020.eu\/en\/open-call-for-artworks-for-escape-exhibition\/\" \/>\n<meta property=\"og:site_name\" content=\"Rijeka 2020\" \/>\n<meta property=\"article:publisher\" content=\"https:\/\/www.facebook.com\/rijeka2020\" \/>\n<meta property=\"article:published_time\" content=\"2018-07-12T07:57:54+00:00\" \/>\n<meta property=\"og:image\" content=\"https:\/\/ri2020.eu\/wp-content\/uploads\/2018\/07\/bijeg.jpg\" \/>\n\t<meta property=\"og:image:width\" content=\"1241\" \/>\n\t<meta property=\"og:image:height\" content=\"600\" \/>\n\t<meta property=\"og:image:type\" content=\"image\/jpeg\" \/>\n<meta name=\"author\" content=\"Rijeka 2020\" \/>\n<meta name=\"twitter:card\" content=\"summary_large_image\" \/>\n<meta name=\"twitter:creator\" content=\"@Rijeka2020\" \/>\n<meta name=\"twitter:site\" content=\"@Rijeka2020\" \/>\n<meta name=\"twitter:label1\" content=\"Written by\" \/>\n\t<meta name=\"twitter:data1\" content=\"Rijeka 2020\" \/>\n\t<meta name=\"twitter:label2\" content=\"Est. reading time\" \/>\n\t<meta name=\"twitter:data2\" content=\"3 minutes\" \/>\n<script type=\"application\/ld+json\" class=\"yoast-schema-graph\">{\"@context\":\"https:\/\/schema.org\",\"@graph\":[{\"@type\":\"Article\",\"@id\":\"https:\/\/ri2020.eu\/en\/open-call-for-artworks-for-escape-exhibition\/#article\",\"isPartOf\":{\"@id\":\"https:\/\/ri2020.eu\/en\/open-call-for-artworks-for-escape-exhibition\/\"},\"author\":{\"name\":\"Rijeka 2020\",\"@id\":\"https:\/\/ri2020.eu\/en\/#\/schema\/person\/9c12d91df8c45bc534f625d9c81f403d\"},\"headline\":\"Open call for artworks for \u201cEscape\u201d exhibition\",\"datePublished\":\"2018-07-12T07:57:54+00:00\",\"mainEntityOfPage\":{\"@id\":\"https:\/\/ri2020.eu\/en\/open-call-for-artworks-for-escape-exhibition\/\"},\"wordCount\":621,\"commentCount\":0,\"publisher\":{\"@id\":\"https:\/\/ri2020.eu\/en\/#organization\"},\"image\":{\"@id\":\"https:\/\/ri2020.eu\/en\/open-call-for-artworks-for-escape-exhibition\/#primaryimage\"},\"thumbnailUrl\":\"https:\/\/ri2020.eu\/wp-content\/uploads\/2018\/07\/bijeg.jpg\",\"keywords\":[\"Museum of Modern and Contemporary Art\",\"Rijeka 2020 &#8211; ECOC\",\"Risk change\"],\"articleSection\":[\"Kitchen of Diversity\",\"News\"],\"inLanguage\":\"en-US\",\"potentialAction\":[{\"@type\":\"CommentAction\",\"name\":\"Comment\",\"target\":[\"https:\/\/ri2020.eu\/en\/open-call-for-artworks-for-escape-exhibition\/#respond\"]}]},{\"@type\":\"WebPage\",\"@id\":\"https:\/\/ri2020.eu\/en\/open-call-for-artworks-for-escape-exhibition\/\",\"url\":\"https:\/\/ri2020.eu\/en\/open-call-for-artworks-for-escape-exhibition\/\",\"name\":\"Open call for artworks for \u201cEscape\u201d exhibition &#8226; Rijeka 2020\",\"isPartOf\":{\"@id\":\"https:\/\/ri2020.eu\/en\/#website\"},\"primaryImageOfPage\":{\"@id\":\"https:\/\/ri2020.eu\/en\/open-call-for-artworks-for-escape-exhibition\/#primaryimage\"},\"image\":{\"@id\":\"https:\/\/ri2020.eu\/en\/open-call-for-artworks-for-escape-exhibition\/#primaryimage\"},\"thumbnailUrl\":\"https:\/\/ri2020.eu\/wp-content\/uploads\/2018\/07\/bijeg.jpg\",\"datePublished\":\"2018-07-12T07:57:54+00:00\",\"breadcrumb\":{\"@id\":\"https:\/\/ri2020.eu\/en\/open-call-for-artworks-for-escape-exhibition\/#breadcrumb\"},\"inLanguage\":\"en-US\",\"potentialAction\":[{\"@type\":\"ReadAction\",\"target\":[\"https:\/\/ri2020.eu\/en\/open-call-for-artworks-for-escape-exhibition\/\"]}]},{\"@type\":\"ImageObject\",\"inLanguage\":\"en-US\",\"@id\":\"https:\/\/ri2020.eu\/en\/open-call-for-artworks-for-escape-exhibition\/#primaryimage\",\"url\":\"https:\/\/ri2020.eu\/wp-content\/uploads\/2018\/07\/bijeg.jpg\",\"contentUrl\":\"https:\/\/ri2020.eu\/wp-content\/uploads\/2018\/07\/bijeg.jpg\",\"width\":1241,\"height\":600},{\"@type\":\"BreadcrumbList\",\"@id\":\"https:\/\/ri2020.eu\/en\/open-call-for-artworks-for-escape-exhibition\/#breadcrumb\",\"itemListElement\":[{\"@type\":\"ListItem\",\"position\":1,\"name\":\"Home\",\"item\":\"https:\/\/ri2020.eu\/en\/\"},{\"@type\":\"ListItem\",\"position\":2,\"name\":\"Open call for artworks for \u201cEscape\u201d exhibition\"}]},{\"@type\":\"WebSite\",\"@id\":\"https:\/\/ri2020.eu\/en\/#website\",\"url\":\"https:\/\/ri2020.eu\/en\/\",\"name\":\"Rijeka 2020\",\"description\":\"Europska prijestolnica kulture\",\"publisher\":{\"@id\":\"https:\/\/ri2020.eu\/en\/#organization\"},\"potentialAction\":[{\"@type\":\"SearchAction\",\"target\":{\"@type\":\"EntryPoint\",\"urlTemplate\":\"https:\/\/ri2020.eu\/en\/?s={search_term_string}\"},\"query-input\":{\"@type\":\"PropertyValueSpecification\",\"valueRequired\":true,\"valueName\":\"search_term_string\"}}],\"inLanguage\":\"en-US\"},{\"@type\":\"Organization\",\"@id\":\"https:\/\/ri2020.eu\/en\/#organization\",\"name\":\"Rijeka 2020 d.o.o.\",\"url\":\"https:\/\/ri2020.eu\/en\/\",\"logo\":{\"@type\":\"ImageObject\",\"inLanguage\":\"en-US\",\"@id\":\"https:\/\/ri2020.eu\/en\/#\/schema\/logo\/image\/\",\"url\":\"https:\/\/rijeka2020.eu\/wp-content\/uploads\/2018\/07\/Ri2020-logo.png\",\"contentUrl\":\"https:\/\/rijeka2020.eu\/wp-content\/uploads\/2018\/07\/Ri2020-logo.png\",\"width\":407,\"height\":175,\"caption\":\"Rijeka 2020 d.o.o.\"},\"image\":{\"@id\":\"https:\/\/ri2020.eu\/en\/#\/schema\/logo\/image\/\"},\"sameAs\":[\"https:\/\/www.facebook.com\/rijeka2020\",\"https:\/\/x.com\/Rijeka2020\",\"https:\/\/www.instagram.com\/rijeka2020\/\",\"https:\/\/www.youtube.com\/user\/riepk2020\"]},{\"@type\":\"Person\",\"@id\":\"https:\/\/ri2020.eu\/en\/#\/schema\/person\/9c12d91df8c45bc534f625d9c81f403d\",\"name\":\"Rijeka 2020\",\"url\":\"https:\/\/ri2020.eu\/en\/author\/lsm\/\"}]}<\/script>\n<!-- \/ Yoast SEO plugin. -->","yoast_head_json":{"title":"Open call for artworks for \u201cEscape\u201d exhibition &#8226; Rijeka 2020","robots":{"index":"index","follow":"follow","max-snippet":"max-snippet:-1","max-image-preview":"max-image-preview:large","max-video-preview":"max-video-preview:-1"},"canonical":"https:\/\/ri2020.eu\/en\/open-call-for-artworks-for-escape-exhibition\/","og_locale":"en_US","og_type":"article","og_title":"Open call for artworks for \u201cEscape\u201d exhibition &#8226; Rijeka 2020","og_description":"The Museum of Modern and Contemporary Art Rijeka announces an Open Call for artworks for \u201cEscape\u201d exhibition, which is to be held as the third episode of the EU project \u201cRisk Change\u201d.","og_url":"https:\/\/ri2020.eu\/en\/open-call-for-artworks-for-escape-exhibition\/","og_site_name":"Rijeka 2020","article_publisher":"https:\/\/www.facebook.com\/rijeka2020","article_published_time":"2018-07-12T07:57:54+00:00","og_image":[{"width":1241,"height":600,"url":"https:\/\/ri2020.eu\/wp-content\/uploads\/2018\/07\/bijeg.jpg","type":"image\/jpeg"}],"author":"Rijeka 2020","twitter_card":"summary_large_image","twitter_creator":"@Rijeka2020","twitter_site":"@Rijeka2020","twitter_misc":{"Written by":"Rijeka 2020","Est. reading time":"3 minutes"},"schema":{"@context":"https:\/\/schema.org","@graph":[{"@type":"Article","@id":"https:\/\/ri2020.eu\/en\/open-call-for-artworks-for-escape-exhibition\/#article","isPartOf":{"@id":"https:\/\/ri2020.eu\/en\/open-call-for-artworks-for-escape-exhibition\/"},"author":{"name":"Rijeka 2020","@id":"https:\/\/ri2020.eu\/en\/#\/schema\/person\/9c12d91df8c45bc534f625d9c81f403d"},"headline":"Open call for artworks for \u201cEscape\u201d exhibition","datePublished":"2018-07-12T07:57:54+00:00","mainEntityOfPage":{"@id":"https:\/\/ri2020.eu\/en\/open-call-for-artworks-for-escape-exhibition\/"},"wordCount":621,"commentCount":0,"publisher":{"@id":"https:\/\/ri2020.eu\/en\/#organization"},"image":{"@id":"https:\/\/ri2020.eu\/en\/open-call-for-artworks-for-escape-exhibition\/#primaryimage"},"thumbnailUrl":"https:\/\/ri2020.eu\/wp-content\/uploads\/2018\/07\/bijeg.jpg","keywords":["Museum of Modern and Contemporary Art","Rijeka 2020 &#8211; ECOC","Risk change"],"articleSection":["Kitchen of Diversity","News"],"inLanguage":"en-US","potentialAction":[{"@type":"CommentAction","name":"Comment","target":["https:\/\/ri2020.eu\/en\/open-call-for-artworks-for-escape-exhibition\/#respond"]}]},{"@type":"WebPage","@id":"https:\/\/ri2020.eu\/en\/open-call-for-artworks-for-escape-exhibition\/","url":"https:\/\/ri2020.eu\/en\/open-call-for-artworks-for-escape-exhibition\/","name":"Open call for artworks for \u201cEscape\u201d exhibition &#8226; Rijeka 2020","isPartOf":{"@id":"https:\/\/ri2020.eu\/en\/#website"},"primaryImageOfPage":{"@id":"https:\/\/ri2020.eu\/en\/open-call-for-artworks-for-escape-exhibition\/#primaryimage"},"image":{"@id":"https:\/\/ri2020.eu\/en\/open-call-for-artworks-for-escape-exhibition\/#primaryimage"},"thumbnailUrl":"https:\/\/ri2020.eu\/wp-content\/uploads\/2018\/07\/bijeg.jpg","datePublished":"2018-07-12T07:57:54+00:00","breadcrumb":{"@id":"https:\/\/ri2020.eu\/en\/open-call-for-artworks-for-escape-exhibition\/#breadcrumb"},"inLanguage":"en-US","potentialAction":[{"@type":"ReadAction","target":["https:\/\/ri2020.eu\/en\/open-call-for-artworks-for-escape-exhibition\/"]}]},{"@type":"ImageObject","inLanguage":"en-US","@id":"https:\/\/ri2020.eu\/en\/open-call-for-artworks-for-escape-exhibition\/#primaryimage","url":"https:\/\/ri2020.eu\/wp-content\/uploads\/2018\/07\/bijeg.jpg","contentUrl":"https:\/\/ri2020.eu\/wp-content\/uploads\/2018\/07\/bijeg.jpg","width":1241,"height":600},{"@type":"BreadcrumbList","@id":"https:\/\/ri2020.eu\/en\/open-call-for-artworks-for-escape-exhibition\/#breadcrumb","itemListElement":[{"@type":"ListItem","position":1,"name":"Home","item":"https:\/\/ri2020.eu\/en\/"},{"@type":"ListItem","position":2,"name":"Open call for artworks for \u201cEscape\u201d exhibition"}]},{"@type":"WebSite","@id":"https:\/\/ri2020.eu\/en\/#website","url":"https:\/\/ri2020.eu\/en\/","name":"Rijeka 2020","description":"Europska prijestolnica kulture","publisher":{"@id":"https:\/\/ri2020.eu\/en\/#organization"},"potentialAction":[{"@type":"SearchAction","target":{"@type":"EntryPoint","urlTemplate":"https:\/\/ri2020.eu\/en\/?s={search_term_string}"},"query-input":{"@type":"PropertyValueSpecification","valueRequired":true,"valueName":"search_term_string"}}],"inLanguage":"en-US"},{"@type":"Organization","@id":"https:\/\/ri2020.eu\/en\/#organization","name":"Rijeka 2020 d.o.o.","url":"https:\/\/ri2020.eu\/en\/","logo":{"@type":"ImageObject","inLanguage":"en-US","@id":"https:\/\/ri2020.eu\/en\/#\/schema\/logo\/image\/","url":"https:\/\/rijeka2020.eu\/wp-content\/uploads\/2018\/07\/Ri2020-logo.png","contentUrl":"https:\/\/rijeka2020.eu\/wp-content\/uploads\/2018\/07\/Ri2020-logo.png","width":407,"height":175,"caption":"Rijeka 2020 d.o.o."},"image":{"@id":"https:\/\/ri2020.eu\/en\/#\/schema\/logo\/image\/"},"sameAs":["https:\/\/www.facebook.com\/rijeka2020","https:\/\/x.com\/Rijeka2020","https:\/\/www.instagram.com\/rijeka2020\/","https:\/\/www.youtube.com\/user\/riepk2020"]},{"@type":"Person","@id":"https:\/\/ri2020.eu\/en\/#\/schema\/person\/9c12d91df8c45bc534f625d9c81f403d","name":"Rijeka 2020","url":"https:\/\/ri2020.eu\/en\/author\/lsm\/"}]}},"_links":{"self":[{"href":"https:\/\/ri2020.eu\/en\/wp-json\/wp\/v2\/posts\/14249","targetHints":{"allow":["GET"]}}],"collection":[{"href":"https:\/\/ri2020.eu\/en\/wp-json\/wp\/v2\/posts"}],"about":[{"href":"https:\/\/ri2020.eu\/en\/wp-json\/wp\/v2\/types\/post"}],"author":[{"embeddable":true,"href":"https:\/\/ri2020.eu\/en\/wp-json\/wp\/v2\/users\/72"}],"replies":[{"embeddable":true,"href":"https:\/\/ri2020.eu\/en\/wp-json\/wp\/v2\/comments?post=14249"}],"version-history":[{"count":0,"href":"https:\/\/ri2020.eu\/en\/wp-json\/wp\/v2\/posts\/14249\/revisions"}],"wp:featuredmedia":[{"embeddable":true,"href":"https:\/\/ri2020.eu\/en\/wp-json\/wp\/v2\/media\/14243"}],"wp:attachment":[{"href":"https:\/\/ri2020.eu\/en\/wp-json\/wp\/v2\/media?parent=14249"}],"wp:term":[{"taxonomy":"category","embeddable":true,"href":"https:\/\/ri2020.eu\/en\/wp-json\/wp\/v2\/categories?post=14249"},{"taxonomy":"post_tag","embeddable":true,"href":"https:\/\/ri2020.eu\/en\/wp-json\/wp\/v2\/tags?post=14249"}],"curies":[{"name":"wp","href":"https:\/\/api.w.org\/{rel}","templated":true}]}}