{"id":13815,"date":"2018-05-18T13:58:21","date_gmt":"2018-05-18T11:58:21","guid":{"rendered":"http:\/\/rijeka2020.eu\/?p=13815\/"},"modified":"2018-06-26T14:00:04","modified_gmt":"2018-06-26T12:00:04","slug":"we-invite-you-to-the-programme-68-in-rijeka-and-the-world-a-reminder-of-the-revolutionary-year","status":"publish","type":"post","link":"https:\/\/ri2020.eu\/en\/we-invite-you-to-the-programme-68-in-rijeka-and-the-world-a-reminder-of-the-revolutionary-year\/","title":{"rendered":"We invite you to the programme \u201c\u201968 in Rijeka and the World\u201d, a reminder of the revolutionary year"},"content":{"rendered":"<p>The anniversary will be marked by the event \u201c\u201968 in Rijeka and the World\u201d, organised jointly by the Department for Cultural Studies of the Rijeka University\u2019s Faculty of Philosophy, the Drugo more association, the SKC Gallery and the IKS Students\u2019 Association, as part of the project \u201cLandscapes of Memory\u201d of the Rijeka 2020 \u2013 European Capital of Culture programme line The Age of Power.<\/p>\n<p>The event starts on Wednesday, 23 May at 7 pm with the opening of the exhibition \u201cRevolt: \u201868 in Rijeka and the World\u201d in the SKC Gallery that operates within the cult Palach Club. The exhibition combines the story of powerful political protests from May 1968 with recent student movements and art practices calling for a reflection on the present and its problems. It includes archival material (articles from the Novi list newspaper and records from student assemblies) that followed the events in Zagreb and Rijeka that year, short documentaries showing the current student resistance at universities around the world and a selection of student art works.<\/p>\n<p>On the same day at 8 pm in OKC Palach a panel discussion will be held under the title \u201c1968: What was happening in the world and what in Rijeka?\u201d, with director Rajko Grli\u0107, historian Hrvoje Klasi\u0107, journalist Neven \u0160anti\u0107 and researcher Bruno Vignjevi\u0107. The debate will be followed by the music programme \u201cThe Rhythm of Revolution by Radio Ro\u017ea\u201d.<\/p>\n<p>On Thursday, 24 May, at 6.30 pm in OKC Palach there will be a screening of the documentary film \u201cPlenumovie\u201d by Rijeka authors Marta Batini\u0107, Ana Jur\u010di\u0107 and Sanja Kapid\u017ei\u0107, produced by Filmaktiva. The documentary highlights the problem of educational policies in the broader sense, reflecting the blockade of teaching at the Faculty of Philosophy in Rijeka in 2009 and intertwining archive footage with reflections of the protagonists four years after the events.<\/p>\n<p>After the screening, at 8 pm, a large forum titled \u201cThe Rijeka Resistance: the Blockade of 2009\u201d will be held with the participation of Zorana Jan\u010di\u0107, Bruno Nedoklan, Ivana Kljaji\u0107 and Renato Stankovi\u0107, along with a number of other participants of the blockade and others guests. The forum will be followed by the music programme \u201c86 by Mile Hund\u201d.<\/p>\n<p>Finally, on Friday, 25 May, the Faculty of Philosophy (Hall F-006) will host the famous French sociologist and political thinker, Sylvain Lazarus, who will be holding a lecture titled \u201cThe Figure of the Worker and Politics in France: 1968-2018\u201d. In his Rijeka lecture, Lazarus will address the state of French workers and factories in 1968, the legacy of \u201868 and the extent to which it is possible to draw conclusions about political experiences in that revolutionary year. The lecture will be moderated by Prof. Ozren Pupovac.<\/p>\n<p>All programmes are available free of charge.<\/p>\n","protected":false},"excerpt":{"rendered":"<p>From 23 to 25 May, Rijeka will mark the 50th anniversary of the revolutionary year 1968, considered to be the social and theoretical turning point in recent world history.<\/p>\n","protected":false},"author":72,"featured_media":12748,"comment_status":"open","ping_status":"open","sticky":false,"template":"","format":"standard","meta":{"_acf_changed":false,"footnotes":""},"categories":[2731],"tags":[],"class_list":["post-13815","post","type-post","status-publish","format-standard","has-post-thumbnail","hentry","category-news"],"acf":[],"yoast_head":"<!-- This site is optimized with the Yoast SEO plugin v26.8 - https:\/\/yoast.com\/product\/yoast-seo-wordpress\/ -->\n<title>We invite you to the programme \u201c\u201968 in Rijeka and the World\u201d, a reminder of the revolutionary year &#8226; Rijeka 2020<\/title>\n<meta name=\"robots\" content=\"index, follow, max-snippet:-1, max-image-preview:large, max-video-preview:-1\" \/>\n<link rel=\"canonical\" href=\"https:\/\/ri2020.eu\/en\/we-invite-you-to-the-programme-68-in-rijeka-and-the-world-a-reminder-of-the-revolutionary-year\/\" \/>\n<meta property=\"og:locale\" content=\"en_US\" \/>\n<meta property=\"og:type\" content=\"article\" \/>\n<meta property=\"og:title\" content=\"We invite you to the programme \u201c\u201968 in Rijeka and the World\u201d, a reminder of the revolutionary year &#8226; Rijeka 2020\" \/>\n<meta property=\"og:description\" content=\"From 23 to 25 May, Rijeka will mark the 50th anniversary of the revolutionary year 1968, considered to be the social and theoretical turning point in recent world history.\" \/>\n<meta property=\"og:url\" content=\"https:\/\/ri2020.eu\/en\/we-invite-you-to-the-programme-68-in-rijeka-and-the-world-a-reminder-of-the-revolutionary-year\/\" \/>\n<meta property=\"og:site_name\" content=\"Rijeka 2020\" \/>\n<meta property=\"article:publisher\" content=\"https:\/\/www.facebook.com\/rijeka2020\" \/>\n<meta property=\"article:published_time\" content=\"2018-05-18T11:58:21+00:00\" \/>\n<meta property=\"article:modified_time\" content=\"2018-06-26T12:00:04+00:00\" \/>\n<meta property=\"og:image\" content=\"https:\/\/ri2020.eu\/wp-content\/uploads\/2018\/05\/68_cover-01.png\" \/>\n\t<meta property=\"og:image:width\" content=\"2500\" \/>\n\t<meta property=\"og:image:height\" content=\"1310\" \/>\n\t<meta property=\"og:image:type\" content=\"image\/png\" \/>\n<meta name=\"author\" content=\"Rijeka 2020\" \/>\n<meta name=\"twitter:card\" content=\"summary_large_image\" \/>\n<meta name=\"twitter:creator\" content=\"@Rijeka2020\" \/>\n<meta name=\"twitter:site\" content=\"@Rijeka2020\" \/>\n<meta name=\"twitter:label1\" content=\"Written by\" \/>\n\t<meta name=\"twitter:data1\" content=\"Rijeka 2020\" \/>\n\t<meta name=\"twitter:label2\" content=\"Est. reading time\" \/>\n\t<meta name=\"twitter:data2\" content=\"2 minutes\" \/>\n<script type=\"application\/ld+json\" class=\"yoast-schema-graph\">{\"@context\":\"https:\/\/schema.org\",\"@graph\":[{\"@type\":\"Article\",\"@id\":\"https:\/\/ri2020.eu\/en\/we-invite-you-to-the-programme-68-in-rijeka-and-the-world-a-reminder-of-the-revolutionary-year\/#article\",\"isPartOf\":{\"@id\":\"https:\/\/ri2020.eu\/en\/we-invite-you-to-the-programme-68-in-rijeka-and-the-world-a-reminder-of-the-revolutionary-year\/\"},\"author\":{\"name\":\"Rijeka 2020\",\"@id\":\"https:\/\/ri2020.eu\/en\/#\/schema\/person\/9c12d91df8c45bc534f625d9c81f403d\"},\"headline\":\"We invite you to the programme \u201c\u201968 in Rijeka and the World\u201d, a reminder of the revolutionary year\",\"datePublished\":\"2018-05-18T11:58:21+00:00\",\"dateModified\":\"2018-06-26T12:00:04+00:00\",\"mainEntityOfPage\":{\"@id\":\"https:\/\/ri2020.eu\/en\/we-invite-you-to-the-programme-68-in-rijeka-and-the-world-a-reminder-of-the-revolutionary-year\/\"},\"wordCount\":460,\"commentCount\":0,\"publisher\":{\"@id\":\"https:\/\/ri2020.eu\/en\/#organization\"},\"image\":{\"@id\":\"https:\/\/ri2020.eu\/en\/we-invite-you-to-the-programme-68-in-rijeka-and-the-world-a-reminder-of-the-revolutionary-year\/#primaryimage\"},\"thumbnailUrl\":\"https:\/\/ri2020.eu\/wp-content\/uploads\/2018\/05\/68_cover-01.png\",\"articleSection\":[\"News\"],\"inLanguage\":\"en-US\",\"potentialAction\":[{\"@type\":\"CommentAction\",\"name\":\"Comment\",\"target\":[\"https:\/\/ri2020.eu\/en\/we-invite-you-to-the-programme-68-in-rijeka-and-the-world-a-reminder-of-the-revolutionary-year\/#respond\"]}]},{\"@type\":\"WebPage\",\"@id\":\"https:\/\/ri2020.eu\/en\/we-invite-you-to-the-programme-68-in-rijeka-and-the-world-a-reminder-of-the-revolutionary-year\/\",\"url\":\"https:\/\/ri2020.eu\/en\/we-invite-you-to-the-programme-68-in-rijeka-and-the-world-a-reminder-of-the-revolutionary-year\/\",\"name\":\"We invite you to the programme \u201c\u201968 in Rijeka and the World\u201d, a reminder of the revolutionary year &#8226; Rijeka 2020\",\"isPartOf\":{\"@id\":\"https:\/\/ri2020.eu\/en\/#website\"},\"primaryImageOfPage\":{\"@id\":\"https:\/\/ri2020.eu\/en\/we-invite-you-to-the-programme-68-in-rijeka-and-the-world-a-reminder-of-the-revolutionary-year\/#primaryimage\"},\"image\":{\"@id\":\"https:\/\/ri2020.eu\/en\/we-invite-you-to-the-programme-68-in-rijeka-and-the-world-a-reminder-of-the-revolutionary-year\/#primaryimage\"},\"thumbnailUrl\":\"https:\/\/ri2020.eu\/wp-content\/uploads\/2018\/05\/68_cover-01.png\",\"datePublished\":\"2018-05-18T11:58:21+00:00\",\"dateModified\":\"2018-06-26T12:00:04+00:00\",\"breadcrumb\":{\"@id\":\"https:\/\/ri2020.eu\/en\/we-invite-you-to-the-programme-68-in-rijeka-and-the-world-a-reminder-of-the-revolutionary-year\/#breadcrumb\"},\"inLanguage\":\"en-US\",\"potentialAction\":[{\"@type\":\"ReadAction\",\"target\":[\"https:\/\/ri2020.eu\/en\/we-invite-you-to-the-programme-68-in-rijeka-and-the-world-a-reminder-of-the-revolutionary-year\/\"]}]},{\"@type\":\"ImageObject\",\"inLanguage\":\"en-US\",\"@id\":\"https:\/\/ri2020.eu\/en\/we-invite-you-to-the-programme-68-in-rijeka-and-the-world-a-reminder-of-the-revolutionary-year\/#primaryimage\",\"url\":\"https:\/\/ri2020.eu\/wp-content\/uploads\/2018\/05\/68_cover-01.png\",\"contentUrl\":\"https:\/\/ri2020.eu\/wp-content\/uploads\/2018\/05\/68_cover-01.png\",\"width\":2500,\"height\":1310},{\"@type\":\"BreadcrumbList\",\"@id\":\"https:\/\/ri2020.eu\/en\/we-invite-you-to-the-programme-68-in-rijeka-and-the-world-a-reminder-of-the-revolutionary-year\/#breadcrumb\",\"itemListElement\":[{\"@type\":\"ListItem\",\"position\":1,\"name\":\"Home\",\"item\":\"https:\/\/ri2020.eu\/en\/\"},{\"@type\":\"ListItem\",\"position\":2,\"name\":\"We invite you to the programme \u201c\u201968 in Rijeka and the World\u201d, a reminder of the revolutionary year\"}]},{\"@type\":\"WebSite\",\"@id\":\"https:\/\/ri2020.eu\/en\/#website\",\"url\":\"https:\/\/ri2020.eu\/en\/\",\"name\":\"Rijeka 2020\",\"description\":\"Europska prijestolnica kulture\",\"publisher\":{\"@id\":\"https:\/\/ri2020.eu\/en\/#organization\"},\"potentialAction\":[{\"@type\":\"SearchAction\",\"target\":{\"@type\":\"EntryPoint\",\"urlTemplate\":\"https:\/\/ri2020.eu\/en\/?s={search_term_string}\"},\"query-input\":{\"@type\":\"PropertyValueSpecification\",\"valueRequired\":true,\"valueName\":\"search_term_string\"}}],\"inLanguage\":\"en-US\"},{\"@type\":\"Organization\",\"@id\":\"https:\/\/ri2020.eu\/en\/#organization\",\"name\":\"Rijeka 2020 d.o.o.\",\"url\":\"https:\/\/ri2020.eu\/en\/\",\"logo\":{\"@type\":\"ImageObject\",\"inLanguage\":\"en-US\",\"@id\":\"https:\/\/ri2020.eu\/en\/#\/schema\/logo\/image\/\",\"url\":\"https:\/\/rijeka2020.eu\/wp-content\/uploads\/2018\/07\/Ri2020-logo.png\",\"contentUrl\":\"https:\/\/rijeka2020.eu\/wp-content\/uploads\/2018\/07\/Ri2020-logo.png\",\"width\":407,\"height\":175,\"caption\":\"Rijeka 2020 d.o.o.\"},\"image\":{\"@id\":\"https:\/\/ri2020.eu\/en\/#\/schema\/logo\/image\/\"},\"sameAs\":[\"https:\/\/www.facebook.com\/rijeka2020\",\"https:\/\/x.com\/Rijeka2020\",\"https:\/\/www.instagram.com\/rijeka2020\/\",\"https:\/\/www.youtube.com\/user\/riepk2020\"]},{\"@type\":\"Person\",\"@id\":\"https:\/\/ri2020.eu\/en\/#\/schema\/person\/9c12d91df8c45bc534f625d9c81f403d\",\"name\":\"Rijeka 2020\",\"url\":\"https:\/\/ri2020.eu\/en\/author\/lsm\/\"}]}<\/script>\n<!-- \/ Yoast SEO plugin. -->","yoast_head_json":{"title":"We invite you to the programme \u201c\u201968 in Rijeka and the World\u201d, a reminder of the revolutionary year &#8226; Rijeka 2020","robots":{"index":"index","follow":"follow","max-snippet":"max-snippet:-1","max-image-preview":"max-image-preview:large","max-video-preview":"max-video-preview:-1"},"canonical":"https:\/\/ri2020.eu\/en\/we-invite-you-to-the-programme-68-in-rijeka-and-the-world-a-reminder-of-the-revolutionary-year\/","og_locale":"en_US","og_type":"article","og_title":"We invite you to the programme \u201c\u201968 in Rijeka and the World\u201d, a reminder of the revolutionary year &#8226; Rijeka 2020","og_description":"From 23 to 25 May, Rijeka will mark the 50th anniversary of the revolutionary year 1968, considered to be the social and theoretical turning point in recent world history.","og_url":"https:\/\/ri2020.eu\/en\/we-invite-you-to-the-programme-68-in-rijeka-and-the-world-a-reminder-of-the-revolutionary-year\/","og_site_name":"Rijeka 2020","article_publisher":"https:\/\/www.facebook.com\/rijeka2020","article_published_time":"2018-05-18T11:58:21+00:00","article_modified_time":"2018-06-26T12:00:04+00:00","og_image":[{"width":2500,"height":1310,"url":"https:\/\/ri2020.eu\/wp-content\/uploads\/2018\/05\/68_cover-01.png","type":"image\/png"}],"author":"Rijeka 2020","twitter_card":"summary_large_image","twitter_creator":"@Rijeka2020","twitter_site":"@Rijeka2020","twitter_misc":{"Written by":"Rijeka 2020","Est. reading time":"2 minutes"},"schema":{"@context":"https:\/\/schema.org","@graph":[{"@type":"Article","@id":"https:\/\/ri2020.eu\/en\/we-invite-you-to-the-programme-68-in-rijeka-and-the-world-a-reminder-of-the-revolutionary-year\/#article","isPartOf":{"@id":"https:\/\/ri2020.eu\/en\/we-invite-you-to-the-programme-68-in-rijeka-and-the-world-a-reminder-of-the-revolutionary-year\/"},"author":{"name":"Rijeka 2020","@id":"https:\/\/ri2020.eu\/en\/#\/schema\/person\/9c12d91df8c45bc534f625d9c81f403d"},"headline":"We invite you to the programme \u201c\u201968 in Rijeka and the World\u201d, a reminder of the revolutionary year","datePublished":"2018-05-18T11:58:21+00:00","dateModified":"2018-06-26T12:00:04+00:00","mainEntityOfPage":{"@id":"https:\/\/ri2020.eu\/en\/we-invite-you-to-the-programme-68-in-rijeka-and-the-world-a-reminder-of-the-revolutionary-year\/"},"wordCount":460,"commentCount":0,"publisher":{"@id":"https:\/\/ri2020.eu\/en\/#organization"},"image":{"@id":"https:\/\/ri2020.eu\/en\/we-invite-you-to-the-programme-68-in-rijeka-and-the-world-a-reminder-of-the-revolutionary-year\/#primaryimage"},"thumbnailUrl":"https:\/\/ri2020.eu\/wp-content\/uploads\/2018\/05\/68_cover-01.png","articleSection":["News"],"inLanguage":"en-US","potentialAction":[{"@type":"CommentAction","name":"Comment","target":["https:\/\/ri2020.eu\/en\/we-invite-you-to-the-programme-68-in-rijeka-and-the-world-a-reminder-of-the-revolutionary-year\/#respond"]}]},{"@type":"WebPage","@id":"https:\/\/ri2020.eu\/en\/we-invite-you-to-the-programme-68-in-rijeka-and-the-world-a-reminder-of-the-revolutionary-year\/","url":"https:\/\/ri2020.eu\/en\/we-invite-you-to-the-programme-68-in-rijeka-and-the-world-a-reminder-of-the-revolutionary-year\/","name":"We invite you to the programme \u201c\u201968 in Rijeka and the World\u201d, a reminder of the revolutionary year &#8226; Rijeka 2020","isPartOf":{"@id":"https:\/\/ri2020.eu\/en\/#website"},"primaryImageOfPage":{"@id":"https:\/\/ri2020.eu\/en\/we-invite-you-to-the-programme-68-in-rijeka-and-the-world-a-reminder-of-the-revolutionary-year\/#primaryimage"},"image":{"@id":"https:\/\/ri2020.eu\/en\/we-invite-you-to-the-programme-68-in-rijeka-and-the-world-a-reminder-of-the-revolutionary-year\/#primaryimage"},"thumbnailUrl":"https:\/\/ri2020.eu\/wp-content\/uploads\/2018\/05\/68_cover-01.png","datePublished":"2018-05-18T11:58:21+00:00","dateModified":"2018-06-26T12:00:04+00:00","breadcrumb":{"@id":"https:\/\/ri2020.eu\/en\/we-invite-you-to-the-programme-68-in-rijeka-and-the-world-a-reminder-of-the-revolutionary-year\/#breadcrumb"},"inLanguage":"en-US","potentialAction":[{"@type":"ReadAction","target":["https:\/\/ri2020.eu\/en\/we-invite-you-to-the-programme-68-in-rijeka-and-the-world-a-reminder-of-the-revolutionary-year\/"]}]},{"@type":"ImageObject","inLanguage":"en-US","@id":"https:\/\/ri2020.eu\/en\/we-invite-you-to-the-programme-68-in-rijeka-and-the-world-a-reminder-of-the-revolutionary-year\/#primaryimage","url":"https:\/\/ri2020.eu\/wp-content\/uploads\/2018\/05\/68_cover-01.png","contentUrl":"https:\/\/ri2020.eu\/wp-content\/uploads\/2018\/05\/68_cover-01.png","width":2500,"height":1310},{"@type":"BreadcrumbList","@id":"https:\/\/ri2020.eu\/en\/we-invite-you-to-the-programme-68-in-rijeka-and-the-world-a-reminder-of-the-revolutionary-year\/#breadcrumb","itemListElement":[{"@type":"ListItem","position":1,"name":"Home","item":"https:\/\/ri2020.eu\/en\/"},{"@type":"ListItem","position":2,"name":"We invite you to the programme \u201c\u201968 in Rijeka and the World\u201d, a reminder of the revolutionary year"}]},{"@type":"WebSite","@id":"https:\/\/ri2020.eu\/en\/#website","url":"https:\/\/ri2020.eu\/en\/","name":"Rijeka 2020","description":"Europska prijestolnica kulture","publisher":{"@id":"https:\/\/ri2020.eu\/en\/#organization"},"potentialAction":[{"@type":"SearchAction","target":{"@type":"EntryPoint","urlTemplate":"https:\/\/ri2020.eu\/en\/?s={search_term_string}"},"query-input":{"@type":"PropertyValueSpecification","valueRequired":true,"valueName":"search_term_string"}}],"inLanguage":"en-US"},{"@type":"Organization","@id":"https:\/\/ri2020.eu\/en\/#organization","name":"Rijeka 2020 d.o.o.","url":"https:\/\/ri2020.eu\/en\/","logo":{"@type":"ImageObject","inLanguage":"en-US","@id":"https:\/\/ri2020.eu\/en\/#\/schema\/logo\/image\/","url":"https:\/\/rijeka2020.eu\/wp-content\/uploads\/2018\/07\/Ri2020-logo.png","contentUrl":"https:\/\/rijeka2020.eu\/wp-content\/uploads\/2018\/07\/Ri2020-logo.png","width":407,"height":175,"caption":"Rijeka 2020 d.o.o."},"image":{"@id":"https:\/\/ri2020.eu\/en\/#\/schema\/logo\/image\/"},"sameAs":["https:\/\/www.facebook.com\/rijeka2020","https:\/\/x.com\/Rijeka2020","https:\/\/www.instagram.com\/rijeka2020\/","https:\/\/www.youtube.com\/user\/riepk2020"]},{"@type":"Person","@id":"https:\/\/ri2020.eu\/en\/#\/schema\/person\/9c12d91df8c45bc534f625d9c81f403d","name":"Rijeka 2020","url":"https:\/\/ri2020.eu\/en\/author\/lsm\/"}]}},"_links":{"self":[{"href":"https:\/\/ri2020.eu\/en\/wp-json\/wp\/v2\/posts\/13815","targetHints":{"allow":["GET"]}}],"collection":[{"href":"https:\/\/ri2020.eu\/en\/wp-json\/wp\/v2\/posts"}],"about":[{"href":"https:\/\/ri2020.eu\/en\/wp-json\/wp\/v2\/types\/post"}],"author":[{"embeddable":true,"href":"https:\/\/ri2020.eu\/en\/wp-json\/wp\/v2\/users\/72"}],"replies":[{"embeddable":true,"href":"https:\/\/ri2020.eu\/en\/wp-json\/wp\/v2\/comments?post=13815"}],"version-history":[{"count":0,"href":"https:\/\/ri2020.eu\/en\/wp-json\/wp\/v2\/posts\/13815\/revisions"}],"wp:featuredmedia":[{"embeddable":true,"href":"https:\/\/ri2020.eu\/en\/wp-json\/wp\/v2\/media\/12748"}],"wp:attachment":[{"href":"https:\/\/ri2020.eu\/en\/wp-json\/wp\/v2\/media?parent=13815"}],"wp:term":[{"taxonomy":"category","embeddable":true,"href":"https:\/\/ri2020.eu\/en\/wp-json\/wp\/v2\/categories?post=13815"},{"taxonomy":"post_tag","embeddable":true,"href":"https:\/\/ri2020.eu\/en\/wp-json\/wp\/v2\/tags?post=13815"}],"curies":[{"name":"wp","href":"https:\/\/api.w.org\/{rel}","templated":true}]}}