{"id":13813,"date":"2018-05-27T13:56:28","date_gmt":"2018-05-27T11:56:28","guid":{"rendered":"http:\/\/rijeka2020.eu\/?p=13813\/"},"modified":"2018-06-26T13:57:45","modified_gmt":"2018-06-26T11:57:45","slug":"on-the-occasion-of-european-neighbours-day-27-neighbourhoods-send-postcards-to-europe","status":"publish","type":"post","link":"https:\/\/ri2020.eu\/en\/on-the-occasion-of-european-neighbours-day-27-neighbourhoods-send-postcards-to-europe\/","title":{"rendered":"On the occasion of European Neighbours\u2019 Day: 27 neighbourhoods send postcards to Europe"},"content":{"rendered":"<p>Through the action \u201cGreetings from&#8230;\u201d, on Friday, 25 May, neighbours will send more than 1000 picture postcards to different European addresses.<\/p>\n<p>This is the first such event in which all neighbourhoods participate together by sending greetings to Europe from Kampus, Turni\u0107-Mlaka, \u0160kurinje, Drenova, Pehlin, Lovran, Opatija, Kostrena, Crikvenica, Novi Vinodolski, Matulji, Kastav, Jelenje, \u010cavle, Praputnjak, Delnice, Fu\u017eine, Mrkopalj, Gomirje, Kuti, Brod na Kupi, Rab, Krk, Malinska, Vrbnik, Cres and Unije.<\/p>\n<p>The concept of \u201cGreetings from&#8230;\u201d refers to a now almost forgotten activity \u2013 the posting of picture postcards. A short thought, message or just a greeting with a photograph of the location is an expression of one\u2019s regard to the neighbourhood it was sent from, but its purpose is also to draw attention to a specific topic or a neighbourhood problem. Therefore, the photographs chosen don\u2019t just represent the usual beautiful tourist destinations, but also point to topics that for different reasons matter to the community in question.<\/p>\n<p>Postcards will be sent to the addresses of various institutions and individuals who are already in some way acquainted with and\/or involved in co-operation with the Rijeka 2020 \u2013 EPK project, such as the ECC cities of Matera, Leeuwarden or Wroclaw.<\/p>\n<p>By sending a postcard, the neighbours join a great celebration of solidarity and understanding of European neighbourhoods\u2019 different cultures, sending a message also from those neighbourhoods that have never had their postcards until now.<\/p>\n","protected":false},"excerpt":{"rendered":"<p>Twenty-seven communities gathered around the programme line 27 neighbourhoods, popularly known as \u201cneighbours\u201d, will this year take part in the celebration of European Neighbours\u2019 Day, marked on the last Friday in May.<\/p>\n","protected":false},"author":72,"featured_media":12854,"comment_status":"open","ping_status":"open","sticky":false,"template":"","format":"standard","meta":{"_acf_changed":false,"footnotes":""},"categories":[2978,2731],"tags":[],"class_list":["post-13813","post","type-post","status-publish","format-standard","has-post-thumbnail","hentry","category-27-neighbourhoods","category-news"],"acf":[],"yoast_head":"<!-- This site is optimized with the Yoast SEO plugin v26.8 - https:\/\/yoast.com\/product\/yoast-seo-wordpress\/ -->\n<title>On the occasion of European Neighbours\u2019 Day: 27 neighbourhoods send postcards to Europe &#8226; Rijeka 2020<\/title>\n<meta name=\"robots\" content=\"index, follow, max-snippet:-1, max-image-preview:large, max-video-preview:-1\" \/>\n<link rel=\"canonical\" href=\"https:\/\/ri2020.eu\/en\/on-the-occasion-of-european-neighbours-day-27-neighbourhoods-send-postcards-to-europe\/\" \/>\n<meta property=\"og:locale\" content=\"en_US\" \/>\n<meta property=\"og:type\" content=\"article\" \/>\n<meta property=\"og:title\" content=\"On the occasion of European Neighbours\u2019 Day: 27 neighbourhoods send postcards to Europe &#8226; Rijeka 2020\" \/>\n<meta property=\"og:description\" content=\"Twenty-seven communities gathered around the programme line 27 neighbourhoods, popularly known as \u201cneighbours\u201d, will this year take part in the celebration of European Neighbours\u2019 Day, marked on the last Friday in May.\" \/>\n<meta property=\"og:url\" content=\"https:\/\/ri2020.eu\/en\/on-the-occasion-of-european-neighbours-day-27-neighbourhoods-send-postcards-to-europe\/\" \/>\n<meta property=\"og:site_name\" content=\"Rijeka 2020\" \/>\n<meta property=\"article:publisher\" content=\"https:\/\/www.facebook.com\/rijeka2020\" \/>\n<meta property=\"article:published_time\" content=\"2018-05-27T11:56:28+00:00\" \/>\n<meta property=\"article:modified_time\" content=\"2018-06-26T11:57:45+00:00\" \/>\n<meta property=\"og:image\" content=\"https:\/\/ri2020.eu\/wp-content\/uploads\/2018\/05\/Mrkopalj.jpg\" \/>\n\t<meta property=\"og:image:width\" content=\"1772\" \/>\n\t<meta property=\"og:image:height\" content=\"1181\" \/>\n\t<meta property=\"og:image:type\" content=\"image\/jpeg\" \/>\n<meta name=\"author\" content=\"Rijeka 2020\" \/>\n<meta name=\"twitter:card\" content=\"summary_large_image\" \/>\n<meta name=\"twitter:creator\" content=\"@Rijeka2020\" \/>\n<meta name=\"twitter:site\" content=\"@Rijeka2020\" \/>\n<meta name=\"twitter:label1\" content=\"Written by\" \/>\n\t<meta name=\"twitter:data1\" content=\"Rijeka 2020\" \/>\n\t<meta name=\"twitter:label2\" content=\"Est. reading time\" \/>\n\t<meta name=\"twitter:data2\" content=\"1 minute\" \/>\n<script type=\"application\/ld+json\" class=\"yoast-schema-graph\">{\"@context\":\"https:\/\/schema.org\",\"@graph\":[{\"@type\":\"Article\",\"@id\":\"https:\/\/ri2020.eu\/en\/on-the-occasion-of-european-neighbours-day-27-neighbourhoods-send-postcards-to-europe\/#article\",\"isPartOf\":{\"@id\":\"https:\/\/ri2020.eu\/en\/on-the-occasion-of-european-neighbours-day-27-neighbourhoods-send-postcards-to-europe\/\"},\"author\":{\"name\":\"Rijeka 2020\",\"@id\":\"https:\/\/ri2020.eu\/en\/#\/schema\/person\/9c12d91df8c45bc534f625d9c81f403d\"},\"headline\":\"On the occasion of European Neighbours\u2019 Day: 27 neighbourhoods send postcards to Europe\",\"datePublished\":\"2018-05-27T11:56:28+00:00\",\"dateModified\":\"2018-06-26T11:57:45+00:00\",\"mainEntityOfPage\":{\"@id\":\"https:\/\/ri2020.eu\/en\/on-the-occasion-of-european-neighbours-day-27-neighbourhoods-send-postcards-to-europe\/\"},\"wordCount\":245,\"commentCount\":0,\"publisher\":{\"@id\":\"https:\/\/ri2020.eu\/en\/#organization\"},\"image\":{\"@id\":\"https:\/\/ri2020.eu\/en\/on-the-occasion-of-european-neighbours-day-27-neighbourhoods-send-postcards-to-europe\/#primaryimage\"},\"thumbnailUrl\":\"https:\/\/ri2020.eu\/wp-content\/uploads\/2018\/05\/Mrkopalj.jpg\",\"articleSection\":[\"27 Neighbourhoods\",\"News\"],\"inLanguage\":\"en-US\",\"potentialAction\":[{\"@type\":\"CommentAction\",\"name\":\"Comment\",\"target\":[\"https:\/\/ri2020.eu\/en\/on-the-occasion-of-european-neighbours-day-27-neighbourhoods-send-postcards-to-europe\/#respond\"]}]},{\"@type\":\"WebPage\",\"@id\":\"https:\/\/ri2020.eu\/en\/on-the-occasion-of-european-neighbours-day-27-neighbourhoods-send-postcards-to-europe\/\",\"url\":\"https:\/\/ri2020.eu\/en\/on-the-occasion-of-european-neighbours-day-27-neighbourhoods-send-postcards-to-europe\/\",\"name\":\"On the occasion of European Neighbours\u2019 Day: 27 neighbourhoods send postcards to Europe &#8226; Rijeka 2020\",\"isPartOf\":{\"@id\":\"https:\/\/ri2020.eu\/en\/#website\"},\"primaryImageOfPage\":{\"@id\":\"https:\/\/ri2020.eu\/en\/on-the-occasion-of-european-neighbours-day-27-neighbourhoods-send-postcards-to-europe\/#primaryimage\"},\"image\":{\"@id\":\"https:\/\/ri2020.eu\/en\/on-the-occasion-of-european-neighbours-day-27-neighbourhoods-send-postcards-to-europe\/#primaryimage\"},\"thumbnailUrl\":\"https:\/\/ri2020.eu\/wp-content\/uploads\/2018\/05\/Mrkopalj.jpg\",\"datePublished\":\"2018-05-27T11:56:28+00:00\",\"dateModified\":\"2018-06-26T11:57:45+00:00\",\"breadcrumb\":{\"@id\":\"https:\/\/ri2020.eu\/en\/on-the-occasion-of-european-neighbours-day-27-neighbourhoods-send-postcards-to-europe\/#breadcrumb\"},\"inLanguage\":\"en-US\",\"potentialAction\":[{\"@type\":\"ReadAction\",\"target\":[\"https:\/\/ri2020.eu\/en\/on-the-occasion-of-european-neighbours-day-27-neighbourhoods-send-postcards-to-europe\/\"]}]},{\"@type\":\"ImageObject\",\"inLanguage\":\"en-US\",\"@id\":\"https:\/\/ri2020.eu\/en\/on-the-occasion-of-european-neighbours-day-27-neighbourhoods-send-postcards-to-europe\/#primaryimage\",\"url\":\"https:\/\/ri2020.eu\/wp-content\/uploads\/2018\/05\/Mrkopalj.jpg\",\"contentUrl\":\"https:\/\/ri2020.eu\/wp-content\/uploads\/2018\/05\/Mrkopalj.jpg\",\"width\":1772,\"height\":1181},{\"@type\":\"BreadcrumbList\",\"@id\":\"https:\/\/ri2020.eu\/en\/on-the-occasion-of-european-neighbours-day-27-neighbourhoods-send-postcards-to-europe\/#breadcrumb\",\"itemListElement\":[{\"@type\":\"ListItem\",\"position\":1,\"name\":\"Home\",\"item\":\"https:\/\/ri2020.eu\/en\/\"},{\"@type\":\"ListItem\",\"position\":2,\"name\":\"On the occasion of European Neighbours\u2019 Day: 27 neighbourhoods send postcards to Europe\"}]},{\"@type\":\"WebSite\",\"@id\":\"https:\/\/ri2020.eu\/en\/#website\",\"url\":\"https:\/\/ri2020.eu\/en\/\",\"name\":\"Rijeka 2020\",\"description\":\"Europska prijestolnica kulture\",\"publisher\":{\"@id\":\"https:\/\/ri2020.eu\/en\/#organization\"},\"potentialAction\":[{\"@type\":\"SearchAction\",\"target\":{\"@type\":\"EntryPoint\",\"urlTemplate\":\"https:\/\/ri2020.eu\/en\/?s={search_term_string}\"},\"query-input\":{\"@type\":\"PropertyValueSpecification\",\"valueRequired\":true,\"valueName\":\"search_term_string\"}}],\"inLanguage\":\"en-US\"},{\"@type\":\"Organization\",\"@id\":\"https:\/\/ri2020.eu\/en\/#organization\",\"name\":\"Rijeka 2020 d.o.o.\",\"url\":\"https:\/\/ri2020.eu\/en\/\",\"logo\":{\"@type\":\"ImageObject\",\"inLanguage\":\"en-US\",\"@id\":\"https:\/\/ri2020.eu\/en\/#\/schema\/logo\/image\/\",\"url\":\"https:\/\/rijeka2020.eu\/wp-content\/uploads\/2018\/07\/Ri2020-logo.png\",\"contentUrl\":\"https:\/\/rijeka2020.eu\/wp-content\/uploads\/2018\/07\/Ri2020-logo.png\",\"width\":407,\"height\":175,\"caption\":\"Rijeka 2020 d.o.o.\"},\"image\":{\"@id\":\"https:\/\/ri2020.eu\/en\/#\/schema\/logo\/image\/\"},\"sameAs\":[\"https:\/\/www.facebook.com\/rijeka2020\",\"https:\/\/x.com\/Rijeka2020\",\"https:\/\/www.instagram.com\/rijeka2020\/\",\"https:\/\/www.youtube.com\/user\/riepk2020\"]},{\"@type\":\"Person\",\"@id\":\"https:\/\/ri2020.eu\/en\/#\/schema\/person\/9c12d91df8c45bc534f625d9c81f403d\",\"name\":\"Rijeka 2020\",\"url\":\"https:\/\/ri2020.eu\/en\/author\/lsm\/\"}]}<\/script>\n<!-- \/ Yoast SEO plugin. -->","yoast_head_json":{"title":"On the occasion of European Neighbours\u2019 Day: 27 neighbourhoods send postcards to Europe &#8226; Rijeka 2020","robots":{"index":"index","follow":"follow","max-snippet":"max-snippet:-1","max-image-preview":"max-image-preview:large","max-video-preview":"max-video-preview:-1"},"canonical":"https:\/\/ri2020.eu\/en\/on-the-occasion-of-european-neighbours-day-27-neighbourhoods-send-postcards-to-europe\/","og_locale":"en_US","og_type":"article","og_title":"On the occasion of European Neighbours\u2019 Day: 27 neighbourhoods send postcards to Europe &#8226; Rijeka 2020","og_description":"Twenty-seven communities gathered around the programme line 27 neighbourhoods, popularly known as \u201cneighbours\u201d, will this year take part in the celebration of European Neighbours\u2019 Day, marked on the last Friday in May.","og_url":"https:\/\/ri2020.eu\/en\/on-the-occasion-of-european-neighbours-day-27-neighbourhoods-send-postcards-to-europe\/","og_site_name":"Rijeka 2020","article_publisher":"https:\/\/www.facebook.com\/rijeka2020","article_published_time":"2018-05-27T11:56:28+00:00","article_modified_time":"2018-06-26T11:57:45+00:00","og_image":[{"width":1772,"height":1181,"url":"https:\/\/ri2020.eu\/wp-content\/uploads\/2018\/05\/Mrkopalj.jpg","type":"image\/jpeg"}],"author":"Rijeka 2020","twitter_card":"summary_large_image","twitter_creator":"@Rijeka2020","twitter_site":"@Rijeka2020","twitter_misc":{"Written by":"Rijeka 2020","Est. reading time":"1 minute"},"schema":{"@context":"https:\/\/schema.org","@graph":[{"@type":"Article","@id":"https:\/\/ri2020.eu\/en\/on-the-occasion-of-european-neighbours-day-27-neighbourhoods-send-postcards-to-europe\/#article","isPartOf":{"@id":"https:\/\/ri2020.eu\/en\/on-the-occasion-of-european-neighbours-day-27-neighbourhoods-send-postcards-to-europe\/"},"author":{"name":"Rijeka 2020","@id":"https:\/\/ri2020.eu\/en\/#\/schema\/person\/9c12d91df8c45bc534f625d9c81f403d"},"headline":"On the occasion of European Neighbours\u2019 Day: 27 neighbourhoods send postcards to Europe","datePublished":"2018-05-27T11:56:28+00:00","dateModified":"2018-06-26T11:57:45+00:00","mainEntityOfPage":{"@id":"https:\/\/ri2020.eu\/en\/on-the-occasion-of-european-neighbours-day-27-neighbourhoods-send-postcards-to-europe\/"},"wordCount":245,"commentCount":0,"publisher":{"@id":"https:\/\/ri2020.eu\/en\/#organization"},"image":{"@id":"https:\/\/ri2020.eu\/en\/on-the-occasion-of-european-neighbours-day-27-neighbourhoods-send-postcards-to-europe\/#primaryimage"},"thumbnailUrl":"https:\/\/ri2020.eu\/wp-content\/uploads\/2018\/05\/Mrkopalj.jpg","articleSection":["27 Neighbourhoods","News"],"inLanguage":"en-US","potentialAction":[{"@type":"CommentAction","name":"Comment","target":["https:\/\/ri2020.eu\/en\/on-the-occasion-of-european-neighbours-day-27-neighbourhoods-send-postcards-to-europe\/#respond"]}]},{"@type":"WebPage","@id":"https:\/\/ri2020.eu\/en\/on-the-occasion-of-european-neighbours-day-27-neighbourhoods-send-postcards-to-europe\/","url":"https:\/\/ri2020.eu\/en\/on-the-occasion-of-european-neighbours-day-27-neighbourhoods-send-postcards-to-europe\/","name":"On the occasion of European Neighbours\u2019 Day: 27 neighbourhoods send postcards to Europe &#8226; Rijeka 2020","isPartOf":{"@id":"https:\/\/ri2020.eu\/en\/#website"},"primaryImageOfPage":{"@id":"https:\/\/ri2020.eu\/en\/on-the-occasion-of-european-neighbours-day-27-neighbourhoods-send-postcards-to-europe\/#primaryimage"},"image":{"@id":"https:\/\/ri2020.eu\/en\/on-the-occasion-of-european-neighbours-day-27-neighbourhoods-send-postcards-to-europe\/#primaryimage"},"thumbnailUrl":"https:\/\/ri2020.eu\/wp-content\/uploads\/2018\/05\/Mrkopalj.jpg","datePublished":"2018-05-27T11:56:28+00:00","dateModified":"2018-06-26T11:57:45+00:00","breadcrumb":{"@id":"https:\/\/ri2020.eu\/en\/on-the-occasion-of-european-neighbours-day-27-neighbourhoods-send-postcards-to-europe\/#breadcrumb"},"inLanguage":"en-US","potentialAction":[{"@type":"ReadAction","target":["https:\/\/ri2020.eu\/en\/on-the-occasion-of-european-neighbours-day-27-neighbourhoods-send-postcards-to-europe\/"]}]},{"@type":"ImageObject","inLanguage":"en-US","@id":"https:\/\/ri2020.eu\/en\/on-the-occasion-of-european-neighbours-day-27-neighbourhoods-send-postcards-to-europe\/#primaryimage","url":"https:\/\/ri2020.eu\/wp-content\/uploads\/2018\/05\/Mrkopalj.jpg","contentUrl":"https:\/\/ri2020.eu\/wp-content\/uploads\/2018\/05\/Mrkopalj.jpg","width":1772,"height":1181},{"@type":"BreadcrumbList","@id":"https:\/\/ri2020.eu\/en\/on-the-occasion-of-european-neighbours-day-27-neighbourhoods-send-postcards-to-europe\/#breadcrumb","itemListElement":[{"@type":"ListItem","position":1,"name":"Home","item":"https:\/\/ri2020.eu\/en\/"},{"@type":"ListItem","position":2,"name":"On the occasion of European Neighbours\u2019 Day: 27 neighbourhoods send postcards to Europe"}]},{"@type":"WebSite","@id":"https:\/\/ri2020.eu\/en\/#website","url":"https:\/\/ri2020.eu\/en\/","name":"Rijeka 2020","description":"Europska prijestolnica kulture","publisher":{"@id":"https:\/\/ri2020.eu\/en\/#organization"},"potentialAction":[{"@type":"SearchAction","target":{"@type":"EntryPoint","urlTemplate":"https:\/\/ri2020.eu\/en\/?s={search_term_string}"},"query-input":{"@type":"PropertyValueSpecification","valueRequired":true,"valueName":"search_term_string"}}],"inLanguage":"en-US"},{"@type":"Organization","@id":"https:\/\/ri2020.eu\/en\/#organization","name":"Rijeka 2020 d.o.o.","url":"https:\/\/ri2020.eu\/en\/","logo":{"@type":"ImageObject","inLanguage":"en-US","@id":"https:\/\/ri2020.eu\/en\/#\/schema\/logo\/image\/","url":"https:\/\/rijeka2020.eu\/wp-content\/uploads\/2018\/07\/Ri2020-logo.png","contentUrl":"https:\/\/rijeka2020.eu\/wp-content\/uploads\/2018\/07\/Ri2020-logo.png","width":407,"height":175,"caption":"Rijeka 2020 d.o.o."},"image":{"@id":"https:\/\/ri2020.eu\/en\/#\/schema\/logo\/image\/"},"sameAs":["https:\/\/www.facebook.com\/rijeka2020","https:\/\/x.com\/Rijeka2020","https:\/\/www.instagram.com\/rijeka2020\/","https:\/\/www.youtube.com\/user\/riepk2020"]},{"@type":"Person","@id":"https:\/\/ri2020.eu\/en\/#\/schema\/person\/9c12d91df8c45bc534f625d9c81f403d","name":"Rijeka 2020","url":"https:\/\/ri2020.eu\/en\/author\/lsm\/"}]}},"_links":{"self":[{"href":"https:\/\/ri2020.eu\/en\/wp-json\/wp\/v2\/posts\/13813","targetHints":{"allow":["GET"]}}],"collection":[{"href":"https:\/\/ri2020.eu\/en\/wp-json\/wp\/v2\/posts"}],"about":[{"href":"https:\/\/ri2020.eu\/en\/wp-json\/wp\/v2\/types\/post"}],"author":[{"embeddable":true,"href":"https:\/\/ri2020.eu\/en\/wp-json\/wp\/v2\/users\/72"}],"replies":[{"embeddable":true,"href":"https:\/\/ri2020.eu\/en\/wp-json\/wp\/v2\/comments?post=13813"}],"version-history":[{"count":0,"href":"https:\/\/ri2020.eu\/en\/wp-json\/wp\/v2\/posts\/13813\/revisions"}],"wp:featuredmedia":[{"embeddable":true,"href":"https:\/\/ri2020.eu\/en\/wp-json\/wp\/v2\/media\/12854"}],"wp:attachment":[{"href":"https:\/\/ri2020.eu\/en\/wp-json\/wp\/v2\/media?parent=13813"}],"wp:term":[{"taxonomy":"category","embeddable":true,"href":"https:\/\/ri2020.eu\/en\/wp-json\/wp\/v2\/categories?post=13813"},{"taxonomy":"post_tag","embeddable":true,"href":"https:\/\/ri2020.eu\/en\/wp-json\/wp\/v2\/tags?post=13813"}],"curies":[{"name":"wp","href":"https:\/\/api.w.org\/{rel}","templated":true}]}}