{"id":13811,"date":"2018-05-28T13:51:37","date_gmt":"2018-05-28T11:51:37","guid":{"rendered":"http:\/\/rijeka2020.eu\/?p=13811\/"},"modified":"2018-06-26T13:55:19","modified_gmt":"2018-06-26T11:55:19","slug":"13811","status":"publish","type":"post","link":"https:\/\/ri2020.eu\/en\/13811\/","title":{"rendered":""},"content":{"rendered":"<p>At the same time these three events represent important milestones in the understanding of politics, society and culture, each in their own way. The views on these events are as divergent as these events are seminal: for example, the existence of the German philosopher Marx is not the same as the existence of Marx the \u201ccommunist\u201d. Equally, the \u201968 protests have many different lives in the collective memory.<\/p>\n<p>One of the attempts at dialogue with these versions of memory took place last week in Rijeka, where between 23 and 25 May an event took place under the lapidary title \u201c\u201968 in Rijeka and the World\u201d, dynamically organised by the Department of Cultural Studies of the Faculty of Philosophy in Rijeka, the Drugo more association, the SKC Gallery and the IKS Students&#8217; Association, as part of the project Landscapes of Memory under the auspices of the Rijeka 2020 \u2013 European Capital of Culture and its programme line the Age of Power.<\/p>\n<p>&nbsp;<\/p>\n<h3><strong>On class inequality: an exhibition and discussion \u201eRevolt: \u201968 in Rijeka and the World\u201c<\/strong><\/h3>\n<p>The programme, heterogeneous by genre, was designed on the basis of productive readings of social movements in Europe in 1968 and their transposition into contemporaneity. The opening of the entire programme took place at the SKC Gallery, which in Palach on 23 May hosted the <strong>exhibition \u201cRevolt: \u201868 in Rijeka and the World\u201d.<\/strong> The exhibition contrasts memories of events from that year, especially the processes of student resistance, disobedience, and consequently violence, and re-reads them from today&#8217;s position. The productivity of this gesture lies in the conjunction of two politically and socially separated periods, but which share similarities in the processes that they have been exposed to for decades: it is about problematising class inequality that has been the result of a neoliberal economic system in the last century coupled with parliamentary democracy, commoditisation (of knowledge, among other things) and the struggle for workers\u2019 rights.<\/p>\n<p>Eleven exhibitors thus shape a mosaic of experiences from a wider European context and locate it in the local and regional context. Historiographical research gave us the opportunity to read articles from Novi list and records from student assemblies, to watch short documentaries and texts that articulated support for protest in favour of increased workers&#8217; rights in particular, i.e. in general a more egalitarian society since 1968.<\/p>\n<p><img loading=\"lazy\" decoding=\"async\" class=\"alignnone wp-image-12897 size-large\" src=\"https:\/\/rijeka2020.eu\/wp-content\/uploads\/2018\/05\/EPK2020_68_240518_022-1024x683.jpg\" alt=\"\" width=\"640\" height=\"427\" srcset=\"https:\/\/ri2020.eu\/wp-content\/uploads\/2018\/05\/EPK2020_68_240518_022-1024x683.jpg 1024w, https:\/\/ri2020.eu\/wp-content\/uploads\/2018\/05\/EPK2020_68_240518_022-247x165.jpg 247w, https:\/\/ri2020.eu\/wp-content\/uploads\/2018\/05\/EPK2020_68_240518_022-768x512.jpg 768w, https:\/\/ri2020.eu\/wp-content\/uploads\/2018\/05\/EPK2020_68_240518_022-250x167.jpg 250w, https:\/\/ri2020.eu\/wp-content\/uploads\/2018\/05\/EPK2020_68_240518_022-420x280.jpg 420w\" sizes=\"auto, (max-width: 640px) 100vw, 640px\" \/><\/p>\n<p>A specific historical shift can be read on the very basic, linguistic levels. For example, the contour of the \u201cworker\u201d as a historical, economic and class category is seen as the terminological point zero in most of the activist-political writings. Today, however, the worker has been turned into a \u201estaff member\u201c, \u201eemployee\u201c or \u201ecolleague\u201c. This linguistic shift is largely an economically-political one, given that the disappearance of workers as a category undermines the hierarchy of labour in favour of a feigned horizontality in the workplace. The field of activism has been defined from the outset as a political (systemic question), economic (question of doctrine) and cultural (question of rights and language) category.<\/p>\n<p>Along with the opening of the exhibition, which shaped a specific activist aesthetics by displaying the signs and slogans in favour of publicly funded education, visitors could also attend a forum devoted to the same subject, featuring Croatian director Rajko Grli\u0107, historian Hrvoje Klasi\u0107, journalist Neven \u0160anti\u0107 and researcher Bruno Vignjevi\u0107. The need to historise history was articulated during the forum in the form of attempts to transpose protest activities of the 1968 French or Czechoslovakian model on the Yugoslavian, where the student blockade was most significant in the context of the Belgrade University and, to a lesser extent, the Zagreb University. It is a question of experiencing differences \u2013 whereas France remembered the protests as an outstanding political event in the context of expanding workers&#8217; rights and anti-systemic pressure, the Yugoslav experience \u2013 although the political establishment of the time was surprised \u2013 did not last and it was of limited scope. In a regional context, the student revolt did not affect other, overlapping classes of society, from the working to the middle classes, except sporadic support by professors.<\/p>\n<p><img loading=\"lazy\" decoding=\"async\" class=\"alignnone wp-image-12916 size-large\" src=\"https:\/\/rijeka2020.eu\/wp-content\/uploads\/2018\/05\/EPK2020_68_240518_094-1024x683.jpg\" alt=\"\" width=\"640\" height=\"427\" srcset=\"https:\/\/ri2020.eu\/wp-content\/uploads\/2018\/05\/EPK2020_68_240518_094-1024x683.jpg 1024w, https:\/\/ri2020.eu\/wp-content\/uploads\/2018\/05\/EPK2020_68_240518_094-247x165.jpg 247w, https:\/\/ri2020.eu\/wp-content\/uploads\/2018\/05\/EPK2020_68_240518_094-768x512.jpg 768w, https:\/\/ri2020.eu\/wp-content\/uploads\/2018\/05\/EPK2020_68_240518_094-250x167.jpg 250w, https:\/\/ri2020.eu\/wp-content\/uploads\/2018\/05\/EPK2020_68_240518_094-420x280.jpg 420w\" sizes=\"auto, (max-width: 640px) 100vw, 640px\" \/><\/p>\n<p>In comparison, this case was well described in the 2017 documentary by Mila Turajli\u0107 The Other Side of Everything (Druga strana svega) in which the director focuses on the activist, political and intimate path of her mother, Srbijanka Turajli\u0107, a political activist during the wars in Yugoslavia, a university professor but also Assistant Minister of Education in Serbia. Her position, bordering on three disparate but overlapping callings, made possible an interesting view on activism and politics and their separation in everyday life. Turajli\u0107 clearly states that the cooperation between &#8220;utopian&#8221; student activism and technocratic, everyday politics not only did not occur, but that such a civic intervention is a priori difficult to imagine. The intent of such politics is not to think of the future, but to rein in the present.<\/p>\n<h3>\nThe student blockade of 2008 \u2013 an event that paralysed political structures<\/h3>\n<p>Documentarism also remained relevant the following day, 24 May, when OKC Palach hosted the screening of Plenumovie, the film about the student blockade in the Croatian and Rijeka context, by directors Marta Batini\u0107, Ana Jur\u010di\u0107 and Sanja Kapid\u017ei\u0107. It is a documentary film made up of a collage of footage primarily from the Rijeka blockade of the Faculty of Philosophy, which mostly lasted from 22 April to 17 May 2009. Through a complete blockade of the teaching process it channeled students&#8217; dissatisfaction with the Bologna process and expensive, unavailable education.<\/p>\n<p>This film, one of the few covering this topic, takes on a crucial role in the significantly reduced and deficient space of activism and intellectual engagement in the field of social struggle for the disadvantaged. The militancy of the documentary is manifested \u2013 thus establishing a link with the protests of 1968 \u2013 in displaying student protests totally devoid of politicisation in the everyday sense. Student demands in 2009 \u2013 articulated across Croatia at more than 15 higher education institutions \u2013 were a prime example of politics, but not politics that could be communicated to bureaucrat politicians. The demand for constitutionally guaranteed public education available to everyone paralysed political structures. To a certain extent, the blockade remained the biggest student revolt since 1968, although its attempt at dialogue remained unanswered by official politics.<\/p>\n<p><img loading=\"lazy\" decoding=\"async\" class=\"alignnone wp-image-12991 size-large\" src=\"https:\/\/rijeka2020.eu\/wp-content\/uploads\/2018\/05\/Plenumovie-projekcija-i-razgovor-68-u-Rijeci-i-svijetu2-1024x683.jpg\" alt=\"\" width=\"640\" height=\"427\" srcset=\"https:\/\/ri2020.eu\/wp-content\/uploads\/2018\/05\/Plenumovie-projekcija-i-razgovor-68-u-Rijeci-i-svijetu2-1024x683.jpg 1024w, https:\/\/ri2020.eu\/wp-content\/uploads\/2018\/05\/Plenumovie-projekcija-i-razgovor-68-u-Rijeci-i-svijetu2-247x165.jpg 247w, https:\/\/ri2020.eu\/wp-content\/uploads\/2018\/05\/Plenumovie-projekcija-i-razgovor-68-u-Rijeci-i-svijetu2-768x512.jpg 768w, https:\/\/ri2020.eu\/wp-content\/uploads\/2018\/05\/Plenumovie-projekcija-i-razgovor-68-u-Rijeci-i-svijetu2-250x167.jpg 250w, https:\/\/ri2020.eu\/wp-content\/uploads\/2018\/05\/Plenumovie-projekcija-i-razgovor-68-u-Rijeci-i-svijetu2-420x280.jpg 420w\" sizes=\"auto, (max-width: 640px) 100vw, 640px\" \/><\/p>\n<p>Although student blockades in Zagreb, Rijeka, Split, Pula, Zadar and other major Croatian cities brought real political results (such as the abolition of school fees for first year students), their gesture \u2013 as is well documented by the film \u2013 was even more radical. Student self-organisation through so-called plenums challenged the university&#8217;s position as educational hegemon, while interviews with students showed the mirroring of what the French philosopher Jacques Ranci\u00e8re described in his book The Ignorant Schoolmaster, commenting on the story of a French teacher from the early 19th century, Joseph Jacotot, who conceived unconventional teaching methods without full knowledge of the pupils\u2019 language, developing the notion of \u201cintellectual emancipation\u201d.<\/p>\n<p>The teaching process, as Ranci\u00e8re claims, is traditionally established as a hierarchy, where one side is proclaimed \u201clearned\u201d and the other ignorant, i.e. the side that has yet to be taught. In the educational system the power of education lay in the hands of teachers who expressed their power by first naming knowledge, and then proclaiming themselves learned. Jacotot\u2019s goal was an education within which the teacher would not teach students how to achieve his learnedness, but rather explain the learning process itself. It is feedback that he very concisely explains by saying: \u201cTeaching without emancipating means dulling the mind\u201d.<\/p>\n<p>&nbsp;<\/p>\n<h3>Politics that is not trying to create new systems on the ashes of old ones<\/h3>\n<p>This fundamental counter-hegemonic request of political activism was the subject of a discussion held on 25 May at the Faculty of Philosophy in Rijeka with the participation of one of the most famous French thinkers of the twentieth century, Sylvain Lazarus, and moderated by doc. Dr. Sc. Ozren Pupovac from the Department of Cultural Studies. Lazarus shaped the dialectics of reflection on politics, activism, and labour rights into a highly influential 1996 study called Anthropology of the Name, as well as through his reflections on 1968 in France as a political event \u201cat a distance from the State\u201d. Thus, his visit connected but also explained the events that were discussed in the past few days. As I have already suggested, the problem in question is a kind of \u201cnervousness\u201d and the inability to recognise activism as politics of reflection (but also the reflection of politics) that Lazarus in this study presents as an important emancipatory moment. For example, on the one hand, student protests in 1968 at the regional level remained unrecognised as a question that leaves the confines of pure student revolt. On the other hand, the student blockade in 2009 felt the state&#8217;s lack of interest for the consideration of politics.<\/p>\n<p>Lazarus deals with the stated potential for the reflection of politics. As we\u2019ve heard, he believes that social sciences today have difficulty with reflecting on the future because they are focused on the analysis and description of the present. He argues that this crisis is caused by the expulsion of politics from the domain of thinking, as well as by the expulsion of politics from the domain of life.<\/p>\n<p>Specifically, Lazarus understands politics as practice: the question is not merely the extent of its criticism of something (criticism of a capitalist economy, for example), but the reach of thinking about something. And to him the protests of 1968, to the extent that they do represent something politically, were not the recognition of everyone in their own place in society (a peasant, a worker, a student&#8230;) but the destruction of their place of recognition in society.<\/p>\n<p>Lazarus\u2019s militancy is manifested as politics from the people\u2019s rather than the state\u2019s point of view, i.e. a view of politics as something that is set singularly. The connection of our blockades and the May protests in 1968 is precisely the existence of a revolution that does not suggest alternatives to the current state. In this Lazarus sees the greatest opportunity for a sovereign reflection of politics \u2013 one that does not try to create new systems on the ashes of old ones.<\/p>\n<p><img loading=\"lazy\" decoding=\"async\" class=\"alignnone wp-image-12992 size-large\" src=\"https:\/\/rijeka2020.eu\/wp-content\/uploads\/2018\/05\/Sylvain-Lazarus-predavanje5-1024x683.jpg\" alt=\"\" width=\"640\" height=\"427\" srcset=\"https:\/\/ri2020.eu\/wp-content\/uploads\/2018\/05\/Sylvain-Lazarus-predavanje5-1024x683.jpg 1024w, https:\/\/ri2020.eu\/wp-content\/uploads\/2018\/05\/Sylvain-Lazarus-predavanje5-247x165.jpg 247w, https:\/\/ri2020.eu\/wp-content\/uploads\/2018\/05\/Sylvain-Lazarus-predavanje5-768x512.jpg 768w, https:\/\/ri2020.eu\/wp-content\/uploads\/2018\/05\/Sylvain-Lazarus-predavanje5-250x167.jpg 250w, https:\/\/ri2020.eu\/wp-content\/uploads\/2018\/05\/Sylvain-Lazarus-predavanje5-420x280.jpg 420w\" sizes=\"auto, (max-width: 640px) 100vw, 640px\" \/><\/p>\n<p>For example, his advocating of politics as practice or politics as a system of specific rather than general problems is related to the Rijeka experience of blockade as seen in the Plenumovie documentary. Students\u2019 demands are formed singularly in anonymity of the masses, uniquely through the multitude: without authors and authority. The blockade was not a reflex of utopian impulses by young students \u2013 it was one of the few moments of contemporary political initiative in Croatia where culture became a field of battle: the struggle for appointment and meaning (what does publicly funded education mean); struggle for visibility (media blockade in reporting); struggle for dialogue (students and professors in the horizontal, Ranci\u00e8resque hierarchy and students with particular and different politics in relation to each other), and ultimately, the struggle for a reflection on the future.<\/p>\n<p>His well-attended lecture in Rijeka was the culmination of all open issues during these three days &#8211; first of all, the translation of politics into the domain of culture and activism. The panel that was held after the screening of Plenumovie, which was attended by participants of the Rijeka blockade, Bruno Nedoklan, Zoran Jan\u010di\u0107, Ivana Kljaji\u0107 and Renato Stankovi\u0107 opened up as a productive place for reading Lazarus\u2019s &#8220;politics of interiority&#8221;. The plenum in its demands mirrored a gesture that Herman Melville described in his short story Bartleby, the Scrivener, in which a clerk begins working at a lawyer\u2019s office, but refuses to perform his duties. He does it in a Mannerist fashion by meeting the demands of his superior with the words \u201cI would prefer not to\u201d. This is neither refusal, nor consent, but an active (\u201cprefer\u201d) negotiation with not doing (\u201cI would &#8230; not to\u201d).<\/p>\n<p>Lazarus similarly interprets politics that does not negotiate with the existing situation, neither by refusing nor by consenting, but by seeking and imagining a new framework for action that is not equivalent to the old one. The student blockade plenum was just as politicised in its demand that did not mirror the hierarchy of the past, but was trying to imagine new forms of reflection on things political.<\/p>\n<p>The blockade crisis to which the filmmakers dedicate most of the time is contained in a Bartleby-like gesture: \u201cWe would prefer not to talk to the state politics, i.e. the ministry\u201d. It is not a rejection of politics, but rather a fundamental gesture of reflection on the demand for publicly funded education.<\/p>\n<p>This simplicity of requirements belies the true depths of politics on which Lazarus reflected on Friday: the rejection of boiling down politics (knowledge as a public good) to demagoguery (let\u2019s negotiate with the state). And the lecture, as well as the events that preceded it, was attended by a large audience which gives hope that the reflection on politics beyond technocratic \u201cnegotiations\u201d will not be forgotten any time soon. Films, forums and lectures held from 23 to 25 May are one of the few tokens that still keeps alive the memory of these events \u2013 productive ruptures in the system \u2013 that still make it possible to imagine a completely different tomorrow. Because we would prefer not to live in this one.<\/p>\n","protected":false},"excerpt":{"rendered":"<p>In terms of socio-political events, the year 2018 is rich in specific symbolism: this year marks the 200th anniversary of the birth of the German philosopher Carl Marx, the 170th anniversary of the first edition of Marx\u2019 and Engels\u2019 Communist Manifesto, and 50 years since the anti-systemic protests in 1968, whose most famous version were probably the May protests in France.<\/p>\n","protected":false},"author":72,"featured_media":12990,"comment_status":"open","ping_status":"open","sticky":false,"template":"","format":"standard","meta":{"_acf_changed":false,"footnotes":""},"categories":[2731],"tags":[],"class_list":["post-13811","post","type-post","status-publish","format-standard","has-post-thumbnail","hentry","category-news"],"acf":[],"yoast_head":"<!-- This site is optimized with the Yoast SEO plugin v26.8 - https:\/\/yoast.com\/product\/yoast-seo-wordpress\/ -->\n<title>&#8226; Rijeka 2020<\/title>\n<meta name=\"robots\" content=\"index, follow, max-snippet:-1, max-image-preview:large, max-video-preview:-1\" \/>\n<link rel=\"canonical\" href=\"https:\/\/ri2020.eu\/en\/13811\/\" \/>\n<meta property=\"og:locale\" content=\"en_US\" \/>\n<meta property=\"og:type\" content=\"article\" \/>\n<meta property=\"og:title\" content=\"&#8226; Rijeka 2020\" \/>\n<meta property=\"og:description\" content=\"In terms of socio-political events, the year 2018 is rich in specific symbolism: this year marks the 200th anniversary of the birth of the German philosopher Carl Marx, the 170th anniversary of the first edition of Marx\u2019 and Engels\u2019 Communist Manifesto, and 50 years since the anti-systemic protests in 1968, whose most famous version were probably the May protests in France.\" \/>\n<meta property=\"og:url\" content=\"https:\/\/ri2020.eu\/en\/13811\/\" \/>\n<meta property=\"og:site_name\" content=\"Rijeka 2020\" \/>\n<meta property=\"article:publisher\" content=\"https:\/\/www.facebook.com\/rijeka2020\" \/>\n<meta property=\"article:published_time\" content=\"2018-05-28T11:51:37+00:00\" \/>\n<meta property=\"article:modified_time\" content=\"2018-06-26T11:55:19+00:00\" \/>\n<meta property=\"og:image\" content=\"https:\/\/ri2020.eu\/wp-content\/uploads\/2018\/05\/EPK2020_68_280518_029.jpg\" \/>\n\t<meta property=\"og:image:width\" content=\"2200\" \/>\n\t<meta property=\"og:image:height\" content=\"1467\" \/>\n\t<meta property=\"og:image:type\" content=\"image\/jpeg\" \/>\n<meta name=\"author\" content=\"Rijeka 2020\" \/>\n<meta name=\"twitter:card\" content=\"summary_large_image\" \/>\n<meta name=\"twitter:creator\" content=\"@Rijeka2020\" \/>\n<meta name=\"twitter:site\" content=\"@Rijeka2020\" \/>\n<meta name=\"twitter:label1\" content=\"Written by\" \/>\n\t<meta name=\"twitter:data1\" content=\"Rijeka 2020\" \/>\n\t<meta name=\"twitter:label2\" content=\"Est. reading time\" \/>\n\t<meta name=\"twitter:data2\" content=\"11 minutes\" \/>\n<script type=\"application\/ld+json\" class=\"yoast-schema-graph\">{\"@context\":\"https:\/\/schema.org\",\"@graph\":[{\"@type\":\"Article\",\"@id\":\"https:\/\/ri2020.eu\/en\/13811\/#article\",\"isPartOf\":{\"@id\":\"https:\/\/ri2020.eu\/en\/13811\/\"},\"author\":{\"name\":\"Rijeka 2020\",\"@id\":\"https:\/\/ri2020.eu\/en\/#\/schema\/person\/9c12d91df8c45bc534f625d9c81f403d\"},\"headline\":\"No title\",\"datePublished\":\"2018-05-28T11:51:37+00:00\",\"dateModified\":\"2018-06-26T11:55:19+00:00\",\"mainEntityOfPage\":{\"@id\":\"https:\/\/ri2020.eu\/en\/13811\/\"},\"wordCount\":2202,\"commentCount\":0,\"publisher\":{\"@id\":\"https:\/\/ri2020.eu\/en\/#organization\"},\"image\":{\"@id\":\"https:\/\/ri2020.eu\/en\/13811\/#primaryimage\"},\"thumbnailUrl\":\"https:\/\/ri2020.eu\/wp-content\/uploads\/2018\/05\/EPK2020_68_280518_029.jpg\",\"articleSection\":[\"News\"],\"inLanguage\":\"en-US\",\"potentialAction\":[{\"@type\":\"CommentAction\",\"name\":\"Comment\",\"target\":[\"https:\/\/ri2020.eu\/en\/13811\/#respond\"]}]},{\"@type\":\"WebPage\",\"@id\":\"https:\/\/ri2020.eu\/en\/13811\/\",\"url\":\"https:\/\/ri2020.eu\/en\/13811\/\",\"name\":\"&#8226; Rijeka 2020\",\"isPartOf\":{\"@id\":\"https:\/\/ri2020.eu\/en\/#website\"},\"primaryImageOfPage\":{\"@id\":\"https:\/\/ri2020.eu\/en\/13811\/#primaryimage\"},\"image\":{\"@id\":\"https:\/\/ri2020.eu\/en\/13811\/#primaryimage\"},\"thumbnailUrl\":\"https:\/\/ri2020.eu\/wp-content\/uploads\/2018\/05\/EPK2020_68_280518_029.jpg\",\"datePublished\":\"2018-05-28T11:51:37+00:00\",\"dateModified\":\"2018-06-26T11:55:19+00:00\",\"inLanguage\":\"en-US\",\"potentialAction\":[{\"@type\":\"ReadAction\",\"target\":[\"https:\/\/ri2020.eu\/en\/13811\/\"]}]},{\"@type\":\"ImageObject\",\"inLanguage\":\"en-US\",\"@id\":\"https:\/\/ri2020.eu\/en\/13811\/#primaryimage\",\"url\":\"https:\/\/ri2020.eu\/wp-content\/uploads\/2018\/05\/EPK2020_68_280518_029.jpg\",\"contentUrl\":\"https:\/\/ri2020.eu\/wp-content\/uploads\/2018\/05\/EPK2020_68_280518_029.jpg\",\"width\":2200,\"height\":1467},{\"@type\":\"WebSite\",\"@id\":\"https:\/\/ri2020.eu\/en\/#website\",\"url\":\"https:\/\/ri2020.eu\/en\/\",\"name\":\"Rijeka 2020\",\"description\":\"Europska prijestolnica kulture\",\"publisher\":{\"@id\":\"https:\/\/ri2020.eu\/en\/#organization\"},\"potentialAction\":[{\"@type\":\"SearchAction\",\"target\":{\"@type\":\"EntryPoint\",\"urlTemplate\":\"https:\/\/ri2020.eu\/en\/?s={search_term_string}\"},\"query-input\":{\"@type\":\"PropertyValueSpecification\",\"valueRequired\":true,\"valueName\":\"search_term_string\"}}],\"inLanguage\":\"en-US\"},{\"@type\":\"Organization\",\"@id\":\"https:\/\/ri2020.eu\/en\/#organization\",\"name\":\"Rijeka 2020 d.o.o.\",\"url\":\"https:\/\/ri2020.eu\/en\/\",\"logo\":{\"@type\":\"ImageObject\",\"inLanguage\":\"en-US\",\"@id\":\"https:\/\/ri2020.eu\/en\/#\/schema\/logo\/image\/\",\"url\":\"https:\/\/rijeka2020.eu\/wp-content\/uploads\/2018\/07\/Ri2020-logo.png\",\"contentUrl\":\"https:\/\/rijeka2020.eu\/wp-content\/uploads\/2018\/07\/Ri2020-logo.png\",\"width\":407,\"height\":175,\"caption\":\"Rijeka 2020 d.o.o.\"},\"image\":{\"@id\":\"https:\/\/ri2020.eu\/en\/#\/schema\/logo\/image\/\"},\"sameAs\":[\"https:\/\/www.facebook.com\/rijeka2020\",\"https:\/\/x.com\/Rijeka2020\",\"https:\/\/www.instagram.com\/rijeka2020\/\",\"https:\/\/www.youtube.com\/user\/riepk2020\"]},{\"@type\":\"Person\",\"@id\":\"https:\/\/ri2020.eu\/en\/#\/schema\/person\/9c12d91df8c45bc534f625d9c81f403d\",\"name\":\"Rijeka 2020\",\"url\":\"https:\/\/ri2020.eu\/en\/author\/lsm\/\"}]}<\/script>\n<!-- \/ Yoast SEO plugin. -->","yoast_head_json":{"title":"&#8226; Rijeka 2020","robots":{"index":"index","follow":"follow","max-snippet":"max-snippet:-1","max-image-preview":"max-image-preview:large","max-video-preview":"max-video-preview:-1"},"canonical":"https:\/\/ri2020.eu\/en\/13811\/","og_locale":"en_US","og_type":"article","og_title":"&#8226; Rijeka 2020","og_description":"In terms of socio-political events, the year 2018 is rich in specific symbolism: this year marks the 200th anniversary of the birth of the German philosopher Carl Marx, the 170th anniversary of the first edition of Marx\u2019 and Engels\u2019 Communist Manifesto, and 50 years since the anti-systemic protests in 1968, whose most famous version were probably the May protests in France.","og_url":"https:\/\/ri2020.eu\/en\/13811\/","og_site_name":"Rijeka 2020","article_publisher":"https:\/\/www.facebook.com\/rijeka2020","article_published_time":"2018-05-28T11:51:37+00:00","article_modified_time":"2018-06-26T11:55:19+00:00","og_image":[{"width":2200,"height":1467,"url":"https:\/\/ri2020.eu\/wp-content\/uploads\/2018\/05\/EPK2020_68_280518_029.jpg","type":"image\/jpeg"}],"author":"Rijeka 2020","twitter_card":"summary_large_image","twitter_creator":"@Rijeka2020","twitter_site":"@Rijeka2020","twitter_misc":{"Written by":"Rijeka 2020","Est. reading time":"11 minutes"},"schema":{"@context":"https:\/\/schema.org","@graph":[{"@type":"Article","@id":"https:\/\/ri2020.eu\/en\/13811\/#article","isPartOf":{"@id":"https:\/\/ri2020.eu\/en\/13811\/"},"author":{"name":"Rijeka 2020","@id":"https:\/\/ri2020.eu\/en\/#\/schema\/person\/9c12d91df8c45bc534f625d9c81f403d"},"headline":"No title","datePublished":"2018-05-28T11:51:37+00:00","dateModified":"2018-06-26T11:55:19+00:00","mainEntityOfPage":{"@id":"https:\/\/ri2020.eu\/en\/13811\/"},"wordCount":2202,"commentCount":0,"publisher":{"@id":"https:\/\/ri2020.eu\/en\/#organization"},"image":{"@id":"https:\/\/ri2020.eu\/en\/13811\/#primaryimage"},"thumbnailUrl":"https:\/\/ri2020.eu\/wp-content\/uploads\/2018\/05\/EPK2020_68_280518_029.jpg","articleSection":["News"],"inLanguage":"en-US","potentialAction":[{"@type":"CommentAction","name":"Comment","target":["https:\/\/ri2020.eu\/en\/13811\/#respond"]}]},{"@type":"WebPage","@id":"https:\/\/ri2020.eu\/en\/13811\/","url":"https:\/\/ri2020.eu\/en\/13811\/","name":"&#8226; Rijeka 2020","isPartOf":{"@id":"https:\/\/ri2020.eu\/en\/#website"},"primaryImageOfPage":{"@id":"https:\/\/ri2020.eu\/en\/13811\/#primaryimage"},"image":{"@id":"https:\/\/ri2020.eu\/en\/13811\/#primaryimage"},"thumbnailUrl":"https:\/\/ri2020.eu\/wp-content\/uploads\/2018\/05\/EPK2020_68_280518_029.jpg","datePublished":"2018-05-28T11:51:37+00:00","dateModified":"2018-06-26T11:55:19+00:00","inLanguage":"en-US","potentialAction":[{"@type":"ReadAction","target":["https:\/\/ri2020.eu\/en\/13811\/"]}]},{"@type":"ImageObject","inLanguage":"en-US","@id":"https:\/\/ri2020.eu\/en\/13811\/#primaryimage","url":"https:\/\/ri2020.eu\/wp-content\/uploads\/2018\/05\/EPK2020_68_280518_029.jpg","contentUrl":"https:\/\/ri2020.eu\/wp-content\/uploads\/2018\/05\/EPK2020_68_280518_029.jpg","width":2200,"height":1467},{"@type":"WebSite","@id":"https:\/\/ri2020.eu\/en\/#website","url":"https:\/\/ri2020.eu\/en\/","name":"Rijeka 2020","description":"Europska prijestolnica kulture","publisher":{"@id":"https:\/\/ri2020.eu\/en\/#organization"},"potentialAction":[{"@type":"SearchAction","target":{"@type":"EntryPoint","urlTemplate":"https:\/\/ri2020.eu\/en\/?s={search_term_string}"},"query-input":{"@type":"PropertyValueSpecification","valueRequired":true,"valueName":"search_term_string"}}],"inLanguage":"en-US"},{"@type":"Organization","@id":"https:\/\/ri2020.eu\/en\/#organization","name":"Rijeka 2020 d.o.o.","url":"https:\/\/ri2020.eu\/en\/","logo":{"@type":"ImageObject","inLanguage":"en-US","@id":"https:\/\/ri2020.eu\/en\/#\/schema\/logo\/image\/","url":"https:\/\/rijeka2020.eu\/wp-content\/uploads\/2018\/07\/Ri2020-logo.png","contentUrl":"https:\/\/rijeka2020.eu\/wp-content\/uploads\/2018\/07\/Ri2020-logo.png","width":407,"height":175,"caption":"Rijeka 2020 d.o.o."},"image":{"@id":"https:\/\/ri2020.eu\/en\/#\/schema\/logo\/image\/"},"sameAs":["https:\/\/www.facebook.com\/rijeka2020","https:\/\/x.com\/Rijeka2020","https:\/\/www.instagram.com\/rijeka2020\/","https:\/\/www.youtube.com\/user\/riepk2020"]},{"@type":"Person","@id":"https:\/\/ri2020.eu\/en\/#\/schema\/person\/9c12d91df8c45bc534f625d9c81f403d","name":"Rijeka 2020","url":"https:\/\/ri2020.eu\/en\/author\/lsm\/"}]}},"_links":{"self":[{"href":"https:\/\/ri2020.eu\/en\/wp-json\/wp\/v2\/posts\/13811","targetHints":{"allow":["GET"]}}],"collection":[{"href":"https:\/\/ri2020.eu\/en\/wp-json\/wp\/v2\/posts"}],"about":[{"href":"https:\/\/ri2020.eu\/en\/wp-json\/wp\/v2\/types\/post"}],"author":[{"embeddable":true,"href":"https:\/\/ri2020.eu\/en\/wp-json\/wp\/v2\/users\/72"}],"replies":[{"embeddable":true,"href":"https:\/\/ri2020.eu\/en\/wp-json\/wp\/v2\/comments?post=13811"}],"version-history":[{"count":0,"href":"https:\/\/ri2020.eu\/en\/wp-json\/wp\/v2\/posts\/13811\/revisions"}],"wp:featuredmedia":[{"embeddable":true,"href":"https:\/\/ri2020.eu\/en\/wp-json\/wp\/v2\/media\/12990"}],"wp:attachment":[{"href":"https:\/\/ri2020.eu\/en\/wp-json\/wp\/v2\/media?parent=13811"}],"wp:term":[{"taxonomy":"category","embeddable":true,"href":"https:\/\/ri2020.eu\/en\/wp-json\/wp\/v2\/categories?post=13811"},{"taxonomy":"post_tag","embeddable":true,"href":"https:\/\/ri2020.eu\/en\/wp-json\/wp\/v2\/tags?post=13811"}],"curies":[{"name":"wp","href":"https:\/\/api.w.org\/{rel}","templated":true}]}}