{"id":13795,"date":"2018-06-08T12:25:24","date_gmt":"2018-06-08T10:25:24","guid":{"rendered":"http:\/\/rijeka2020.eu\/?p=13795\/"},"modified":"2018-06-26T12:26:34","modified_gmt":"2018-06-26T10:26:34","slug":"the-roum-rijeka-art-colony-will-gather-craftsmen-artisans-artists-and-experts-to-create-home-decorations-out-of-waste","status":"publish","type":"post","link":"https:\/\/ri2020.eu\/en\/the-roum-rijeka-art-colony-will-gather-craftsmen-artisans-artists-and-experts-to-create-home-decorations-out-of-waste\/","title":{"rendered":"The RoUm Rijeka Art Colony will gather craftsmen, artisans, artists and experts to create home decorations \u2013 out of waste!"},"content":{"rendered":"<p>Local and foreign craftsmen, artisans, artists and experts will gather in Rijeka to create unique objects of applied art for home decoration out of waste. The participants will engage in inclusive design by creating objects in cooperation with citizens and the Roma community, interacting with the local environment through the use of existing and discarded things.<\/p>\n<p>The project is implemented by RoUm \u2013 a social entrepreneurship project that brings together artists and members of the Roma community to jointly create and help save discarded things whose stories they record and then sell for the purpose of supporting the company&#8217;s activity.<\/p>\n<p>The art colony starts with the &#8220;Ugly donation&#8221; campaign where citizens of Rijeka are invited to donate their ugliest things so they can be redesigned until 11 June 2018.<br \/>\nThe artist colony will include:<\/p>\n<p>\u25cf Wood and metal processing (11 &#8211; 16 June, from 9 am to 4 pm)<br \/>\n\u25cb Leader \u2013 Milan Mitrovi\u0107<br \/>\n\u25cb Artists Igor Lenart, Morana Stin\u010di\u0107, Denis Erdelji, Nina Rukavina and Meike Staats, the Museum of Modern and Contemporary Art<\/p>\n<p>\u25cf Textile processing (16 &#8211; 18 June, from 9 am to 4 pm)<br \/>\n\u25cb Leader \u2013 Jagoda Novak<br \/>\n\u25cb Designers: Taj\u010di \u010cikada, Iva \u0160amani\u0107<\/p>\n<p>\u25cf Presentation of RoUm (15 June at 6 pm, Furioza Cycle \/ Open Delta, Delta 5\/II)<\/p>\n<p>\u25cf Workshop: digital storytelling about objects (16 &#8211; 21 June, from 11 am to 4 pm), Fran Krsto Frankopan elementary school, Brod na Kupi)<br \/>\n\u25cb Leader \u2013 Sini\u0161a Musi\u0107<br \/>\n\u25cb Lecturer: Nadia Berg<br \/>\nThe Art Colony will finish with a high-profile round table discussion &#8220;Inclusive Design in Rijeka and from Rijeka&#8221; and an exhibition of products and stories on 21 June at the Museum of Modern and Contemporary Art starting at 11 am. As part of the event, a children\u2019s workshop will be held where a small puppet theatre will be created out of waste.<\/p>\n","protected":false},"excerpt":{"rendered":"<p>Within the Kitchen programme line, which deals with minorities and migration, an art colony \u2013 the RoUm Rijeka \u2013  will take place in Rijeka from 11 to 21 June.<\/p>\n","protected":false},"author":72,"featured_media":13300,"comment_status":"open","ping_status":"open","sticky":false,"template":"","format":"standard","meta":{"_acf_changed":false,"footnotes":""},"categories":[2959,2731],"tags":[],"class_list":["post-13795","post","type-post","status-publish","format-standard","has-post-thumbnail","hentry","category-kitchen-of-diversity","category-news"],"acf":[],"yoast_head":"<!-- This site is optimized with the Yoast SEO plugin v26.8 - https:\/\/yoast.com\/product\/yoast-seo-wordpress\/ -->\n<title>The RoUm Rijeka Art Colony will gather craftsmen, artisans, artists and experts to create home decorations \u2013 out of waste! &#8226; Rijeka 2020<\/title>\n<meta name=\"robots\" content=\"index, follow, max-snippet:-1, max-image-preview:large, max-video-preview:-1\" \/>\n<link rel=\"canonical\" href=\"https:\/\/ri2020.eu\/en\/the-roum-rijeka-art-colony-will-gather-craftsmen-artisans-artists-and-experts-to-create-home-decorations-out-of-waste\/\" \/>\n<meta property=\"og:locale\" content=\"en_US\" \/>\n<meta property=\"og:type\" content=\"article\" \/>\n<meta property=\"og:title\" content=\"The RoUm Rijeka Art Colony will gather craftsmen, artisans, artists and experts to create home decorations \u2013 out of waste! &#8226; Rijeka 2020\" \/>\n<meta property=\"og:description\" content=\"Within the Kitchen programme line, which deals with minorities and migration, an art colony \u2013 the RoUm Rijeka \u2013 will take place in Rijeka from 11 to 21 June.\" \/>\n<meta property=\"og:url\" content=\"https:\/\/ri2020.eu\/en\/the-roum-rijeka-art-colony-will-gather-craftsmen-artisans-artists-and-experts-to-create-home-decorations-out-of-waste\/\" \/>\n<meta property=\"og:site_name\" content=\"Rijeka 2020\" \/>\n<meta property=\"article:publisher\" content=\"https:\/\/www.facebook.com\/rijeka2020\" \/>\n<meta property=\"article:published_time\" content=\"2018-06-08T10:25:24+00:00\" \/>\n<meta property=\"article:modified_time\" content=\"2018-06-26T10:26:34+00:00\" \/>\n<meta property=\"og:image\" content=\"https:\/\/rijeka2020.eu\/wp-content\/uploads\/2018\/06\/ROUM.png\" \/>\n\t<meta property=\"og:image:width\" content=\"773\" \/>\n\t<meta property=\"og:image:height\" content=\"496\" \/>\n\t<meta property=\"og:image:type\" content=\"image\/png\" \/>\n<meta name=\"author\" content=\"Rijeka 2020\" \/>\n<meta name=\"twitter:card\" content=\"summary_large_image\" \/>\n<meta name=\"twitter:creator\" content=\"@Rijeka2020\" \/>\n<meta name=\"twitter:site\" content=\"@Rijeka2020\" \/>\n<meta name=\"twitter:label1\" content=\"Written by\" \/>\n\t<meta name=\"twitter:data1\" content=\"Rijeka 2020\" \/>\n\t<meta name=\"twitter:label2\" content=\"Est. reading time\" \/>\n\t<meta name=\"twitter:data2\" content=\"1 minute\" \/>\n<script type=\"application\/ld+json\" class=\"yoast-schema-graph\">{\"@context\":\"https:\/\/schema.org\",\"@graph\":[{\"@type\":\"Article\",\"@id\":\"https:\/\/ri2020.eu\/en\/the-roum-rijeka-art-colony-will-gather-craftsmen-artisans-artists-and-experts-to-create-home-decorations-out-of-waste\/#article\",\"isPartOf\":{\"@id\":\"https:\/\/ri2020.eu\/en\/the-roum-rijeka-art-colony-will-gather-craftsmen-artisans-artists-and-experts-to-create-home-decorations-out-of-waste\/\"},\"author\":{\"name\":\"Rijeka 2020\",\"@id\":\"https:\/\/rijeka2020.eu\/en\/#\/schema\/person\/9c12d91df8c45bc534f625d9c81f403d\"},\"headline\":\"The RoUm Rijeka Art Colony will gather craftsmen, artisans, artists and experts to create home decorations \u2013 out of waste!\",\"datePublished\":\"2018-06-08T10:25:24+00:00\",\"dateModified\":\"2018-06-26T10:26:34+00:00\",\"mainEntityOfPage\":{\"@id\":\"https:\/\/ri2020.eu\/en\/the-roum-rijeka-art-colony-will-gather-craftsmen-artisans-artists-and-experts-to-create-home-decorations-out-of-waste\/\"},\"wordCount\":300,\"commentCount\":0,\"publisher\":{\"@id\":\"https:\/\/rijeka2020.eu\/en\/#organization\"},\"image\":{\"@id\":\"https:\/\/ri2020.eu\/en\/the-roum-rijeka-art-colony-will-gather-craftsmen-artisans-artists-and-experts-to-create-home-decorations-out-of-waste\/#primaryimage\"},\"thumbnailUrl\":\"https:\/\/ri2020.eu\/wp-content\/uploads\/2018\/06\/ROUM.png\",\"articleSection\":[\"Kitchen of Diversity\",\"News\"],\"inLanguage\":\"en-US\",\"potentialAction\":[{\"@type\":\"CommentAction\",\"name\":\"Comment\",\"target\":[\"https:\/\/ri2020.eu\/en\/the-roum-rijeka-art-colony-will-gather-craftsmen-artisans-artists-and-experts-to-create-home-decorations-out-of-waste\/#respond\"]}]},{\"@type\":\"WebPage\",\"@id\":\"https:\/\/ri2020.eu\/en\/the-roum-rijeka-art-colony-will-gather-craftsmen-artisans-artists-and-experts-to-create-home-decorations-out-of-waste\/\",\"url\":\"https:\/\/ri2020.eu\/en\/the-roum-rijeka-art-colony-will-gather-craftsmen-artisans-artists-and-experts-to-create-home-decorations-out-of-waste\/\",\"name\":\"The RoUm Rijeka Art Colony will gather craftsmen, artisans, artists and experts to create home decorations \u2013 out of waste! &#8226; Rijeka 2020\",\"isPartOf\":{\"@id\":\"https:\/\/rijeka2020.eu\/en\/#website\"},\"primaryImageOfPage\":{\"@id\":\"https:\/\/ri2020.eu\/en\/the-roum-rijeka-art-colony-will-gather-craftsmen-artisans-artists-and-experts-to-create-home-decorations-out-of-waste\/#primaryimage\"},\"image\":{\"@id\":\"https:\/\/ri2020.eu\/en\/the-roum-rijeka-art-colony-will-gather-craftsmen-artisans-artists-and-experts-to-create-home-decorations-out-of-waste\/#primaryimage\"},\"thumbnailUrl\":\"https:\/\/ri2020.eu\/wp-content\/uploads\/2018\/06\/ROUM.png\",\"datePublished\":\"2018-06-08T10:25:24+00:00\",\"dateModified\":\"2018-06-26T10:26:34+00:00\",\"breadcrumb\":{\"@id\":\"https:\/\/ri2020.eu\/en\/the-roum-rijeka-art-colony-will-gather-craftsmen-artisans-artists-and-experts-to-create-home-decorations-out-of-waste\/#breadcrumb\"},\"inLanguage\":\"en-US\",\"potentialAction\":[{\"@type\":\"ReadAction\",\"target\":[\"https:\/\/ri2020.eu\/en\/the-roum-rijeka-art-colony-will-gather-craftsmen-artisans-artists-and-experts-to-create-home-decorations-out-of-waste\/\"]}]},{\"@type\":\"ImageObject\",\"inLanguage\":\"en-US\",\"@id\":\"https:\/\/ri2020.eu\/en\/the-roum-rijeka-art-colony-will-gather-craftsmen-artisans-artists-and-experts-to-create-home-decorations-out-of-waste\/#primaryimage\",\"url\":\"https:\/\/ri2020.eu\/wp-content\/uploads\/2018\/06\/ROUM.png\",\"contentUrl\":\"https:\/\/ri2020.eu\/wp-content\/uploads\/2018\/06\/ROUM.png\",\"width\":773,\"height\":496},{\"@type\":\"BreadcrumbList\",\"@id\":\"https:\/\/ri2020.eu\/en\/the-roum-rijeka-art-colony-will-gather-craftsmen-artisans-artists-and-experts-to-create-home-decorations-out-of-waste\/#breadcrumb\",\"itemListElement\":[{\"@type\":\"ListItem\",\"position\":1,\"name\":\"Home\",\"item\":\"https:\/\/rijeka2020.eu\/en\/\"},{\"@type\":\"ListItem\",\"position\":2,\"name\":\"The RoUm Rijeka Art Colony will gather craftsmen, artisans, artists and experts to create home decorations \u2013 out of waste!\"}]},{\"@type\":\"WebSite\",\"@id\":\"https:\/\/rijeka2020.eu\/en\/#website\",\"url\":\"https:\/\/rijeka2020.eu\/en\/\",\"name\":\"Rijeka 2020\",\"description\":\"Europska prijestolnica kulture\",\"publisher\":{\"@id\":\"https:\/\/rijeka2020.eu\/en\/#organization\"},\"potentialAction\":[{\"@type\":\"SearchAction\",\"target\":{\"@type\":\"EntryPoint\",\"urlTemplate\":\"https:\/\/rijeka2020.eu\/en\/?s={search_term_string}\"},\"query-input\":{\"@type\":\"PropertyValueSpecification\",\"valueRequired\":true,\"valueName\":\"search_term_string\"}}],\"inLanguage\":\"en-US\"},{\"@type\":\"Organization\",\"@id\":\"https:\/\/rijeka2020.eu\/en\/#organization\",\"name\":\"Rijeka 2020 d.o.o.\",\"url\":\"https:\/\/rijeka2020.eu\/en\/\",\"logo\":{\"@type\":\"ImageObject\",\"inLanguage\":\"en-US\",\"@id\":\"https:\/\/rijeka2020.eu\/en\/#\/schema\/logo\/image\/\",\"url\":\"https:\/\/rijeka2020.eu\/wp-content\/uploads\/2018\/07\/Ri2020-logo.png\",\"contentUrl\":\"https:\/\/rijeka2020.eu\/wp-content\/uploads\/2018\/07\/Ri2020-logo.png\",\"width\":407,\"height\":175,\"caption\":\"Rijeka 2020 d.o.o.\"},\"image\":{\"@id\":\"https:\/\/rijeka2020.eu\/en\/#\/schema\/logo\/image\/\"},\"sameAs\":[\"https:\/\/www.facebook.com\/rijeka2020\",\"https:\/\/x.com\/Rijeka2020\",\"https:\/\/www.instagram.com\/rijeka2020\/\",\"https:\/\/www.youtube.com\/user\/riepk2020\"]},{\"@type\":\"Person\",\"@id\":\"https:\/\/rijeka2020.eu\/en\/#\/schema\/person\/9c12d91df8c45bc534f625d9c81f403d\",\"name\":\"Rijeka 2020\",\"url\":\"https:\/\/ri2020.eu\/en\/author\/lsm\/\"}]}<\/script>\n<!-- \/ Yoast SEO plugin. -->","yoast_head_json":{"title":"The RoUm Rijeka Art Colony will gather craftsmen, artisans, artists and experts to create home decorations \u2013 out of waste! &#8226; Rijeka 2020","robots":{"index":"index","follow":"follow","max-snippet":"max-snippet:-1","max-image-preview":"max-image-preview:large","max-video-preview":"max-video-preview:-1"},"canonical":"https:\/\/ri2020.eu\/en\/the-roum-rijeka-art-colony-will-gather-craftsmen-artisans-artists-and-experts-to-create-home-decorations-out-of-waste\/","og_locale":"en_US","og_type":"article","og_title":"The RoUm Rijeka Art Colony will gather craftsmen, artisans, artists and experts to create home decorations \u2013 out of waste! &#8226; Rijeka 2020","og_description":"Within the Kitchen programme line, which deals with minorities and migration, an art colony \u2013 the RoUm Rijeka \u2013 will take place in Rijeka from 11 to 21 June.","og_url":"https:\/\/ri2020.eu\/en\/the-roum-rijeka-art-colony-will-gather-craftsmen-artisans-artists-and-experts-to-create-home-decorations-out-of-waste\/","og_site_name":"Rijeka 2020","article_publisher":"https:\/\/www.facebook.com\/rijeka2020","article_published_time":"2018-06-08T10:25:24+00:00","article_modified_time":"2018-06-26T10:26:34+00:00","og_image":[{"width":773,"height":496,"url":"https:\/\/rijeka2020.eu\/wp-content\/uploads\/2018\/06\/ROUM.png","type":"image\/png"}],"author":"Rijeka 2020","twitter_card":"summary_large_image","twitter_creator":"@Rijeka2020","twitter_site":"@Rijeka2020","twitter_misc":{"Written by":"Rijeka 2020","Est. reading time":"1 minute"},"schema":{"@context":"https:\/\/schema.org","@graph":[{"@type":"Article","@id":"https:\/\/ri2020.eu\/en\/the-roum-rijeka-art-colony-will-gather-craftsmen-artisans-artists-and-experts-to-create-home-decorations-out-of-waste\/#article","isPartOf":{"@id":"https:\/\/ri2020.eu\/en\/the-roum-rijeka-art-colony-will-gather-craftsmen-artisans-artists-and-experts-to-create-home-decorations-out-of-waste\/"},"author":{"name":"Rijeka 2020","@id":"https:\/\/rijeka2020.eu\/en\/#\/schema\/person\/9c12d91df8c45bc534f625d9c81f403d"},"headline":"The RoUm Rijeka Art Colony will gather craftsmen, artisans, artists and experts to create home decorations \u2013 out of waste!","datePublished":"2018-06-08T10:25:24+00:00","dateModified":"2018-06-26T10:26:34+00:00","mainEntityOfPage":{"@id":"https:\/\/ri2020.eu\/en\/the-roum-rijeka-art-colony-will-gather-craftsmen-artisans-artists-and-experts-to-create-home-decorations-out-of-waste\/"},"wordCount":300,"commentCount":0,"publisher":{"@id":"https:\/\/rijeka2020.eu\/en\/#organization"},"image":{"@id":"https:\/\/ri2020.eu\/en\/the-roum-rijeka-art-colony-will-gather-craftsmen-artisans-artists-and-experts-to-create-home-decorations-out-of-waste\/#primaryimage"},"thumbnailUrl":"https:\/\/ri2020.eu\/wp-content\/uploads\/2018\/06\/ROUM.png","articleSection":["Kitchen of Diversity","News"],"inLanguage":"en-US","potentialAction":[{"@type":"CommentAction","name":"Comment","target":["https:\/\/ri2020.eu\/en\/the-roum-rijeka-art-colony-will-gather-craftsmen-artisans-artists-and-experts-to-create-home-decorations-out-of-waste\/#respond"]}]},{"@type":"WebPage","@id":"https:\/\/ri2020.eu\/en\/the-roum-rijeka-art-colony-will-gather-craftsmen-artisans-artists-and-experts-to-create-home-decorations-out-of-waste\/","url":"https:\/\/ri2020.eu\/en\/the-roum-rijeka-art-colony-will-gather-craftsmen-artisans-artists-and-experts-to-create-home-decorations-out-of-waste\/","name":"The RoUm Rijeka Art Colony will gather craftsmen, artisans, artists and experts to create home decorations \u2013 out of waste! &#8226; Rijeka 2020","isPartOf":{"@id":"https:\/\/rijeka2020.eu\/en\/#website"},"primaryImageOfPage":{"@id":"https:\/\/ri2020.eu\/en\/the-roum-rijeka-art-colony-will-gather-craftsmen-artisans-artists-and-experts-to-create-home-decorations-out-of-waste\/#primaryimage"},"image":{"@id":"https:\/\/ri2020.eu\/en\/the-roum-rijeka-art-colony-will-gather-craftsmen-artisans-artists-and-experts-to-create-home-decorations-out-of-waste\/#primaryimage"},"thumbnailUrl":"https:\/\/ri2020.eu\/wp-content\/uploads\/2018\/06\/ROUM.png","datePublished":"2018-06-08T10:25:24+00:00","dateModified":"2018-06-26T10:26:34+00:00","breadcrumb":{"@id":"https:\/\/ri2020.eu\/en\/the-roum-rijeka-art-colony-will-gather-craftsmen-artisans-artists-and-experts-to-create-home-decorations-out-of-waste\/#breadcrumb"},"inLanguage":"en-US","potentialAction":[{"@type":"ReadAction","target":["https:\/\/ri2020.eu\/en\/the-roum-rijeka-art-colony-will-gather-craftsmen-artisans-artists-and-experts-to-create-home-decorations-out-of-waste\/"]}]},{"@type":"ImageObject","inLanguage":"en-US","@id":"https:\/\/ri2020.eu\/en\/the-roum-rijeka-art-colony-will-gather-craftsmen-artisans-artists-and-experts-to-create-home-decorations-out-of-waste\/#primaryimage","url":"https:\/\/ri2020.eu\/wp-content\/uploads\/2018\/06\/ROUM.png","contentUrl":"https:\/\/ri2020.eu\/wp-content\/uploads\/2018\/06\/ROUM.png","width":773,"height":496},{"@type":"BreadcrumbList","@id":"https:\/\/ri2020.eu\/en\/the-roum-rijeka-art-colony-will-gather-craftsmen-artisans-artists-and-experts-to-create-home-decorations-out-of-waste\/#breadcrumb","itemListElement":[{"@type":"ListItem","position":1,"name":"Home","item":"https:\/\/rijeka2020.eu\/en\/"},{"@type":"ListItem","position":2,"name":"The RoUm Rijeka Art Colony will gather craftsmen, artisans, artists and experts to create home decorations \u2013 out of waste!"}]},{"@type":"WebSite","@id":"https:\/\/rijeka2020.eu\/en\/#website","url":"https:\/\/rijeka2020.eu\/en\/","name":"Rijeka 2020","description":"Europska prijestolnica kulture","publisher":{"@id":"https:\/\/rijeka2020.eu\/en\/#organization"},"potentialAction":[{"@type":"SearchAction","target":{"@type":"EntryPoint","urlTemplate":"https:\/\/rijeka2020.eu\/en\/?s={search_term_string}"},"query-input":{"@type":"PropertyValueSpecification","valueRequired":true,"valueName":"search_term_string"}}],"inLanguage":"en-US"},{"@type":"Organization","@id":"https:\/\/rijeka2020.eu\/en\/#organization","name":"Rijeka 2020 d.o.o.","url":"https:\/\/rijeka2020.eu\/en\/","logo":{"@type":"ImageObject","inLanguage":"en-US","@id":"https:\/\/rijeka2020.eu\/en\/#\/schema\/logo\/image\/","url":"https:\/\/rijeka2020.eu\/wp-content\/uploads\/2018\/07\/Ri2020-logo.png","contentUrl":"https:\/\/rijeka2020.eu\/wp-content\/uploads\/2018\/07\/Ri2020-logo.png","width":407,"height":175,"caption":"Rijeka 2020 d.o.o."},"image":{"@id":"https:\/\/rijeka2020.eu\/en\/#\/schema\/logo\/image\/"},"sameAs":["https:\/\/www.facebook.com\/rijeka2020","https:\/\/x.com\/Rijeka2020","https:\/\/www.instagram.com\/rijeka2020\/","https:\/\/www.youtube.com\/user\/riepk2020"]},{"@type":"Person","@id":"https:\/\/rijeka2020.eu\/en\/#\/schema\/person\/9c12d91df8c45bc534f625d9c81f403d","name":"Rijeka 2020","url":"https:\/\/ri2020.eu\/en\/author\/lsm\/"}]}},"_links":{"self":[{"href":"https:\/\/ri2020.eu\/en\/wp-json\/wp\/v2\/posts\/13795","targetHints":{"allow":["GET"]}}],"collection":[{"href":"https:\/\/ri2020.eu\/en\/wp-json\/wp\/v2\/posts"}],"about":[{"href":"https:\/\/ri2020.eu\/en\/wp-json\/wp\/v2\/types\/post"}],"author":[{"embeddable":true,"href":"https:\/\/ri2020.eu\/en\/wp-json\/wp\/v2\/users\/72"}],"replies":[{"embeddable":true,"href":"https:\/\/ri2020.eu\/en\/wp-json\/wp\/v2\/comments?post=13795"}],"version-history":[{"count":0,"href":"https:\/\/ri2020.eu\/en\/wp-json\/wp\/v2\/posts\/13795\/revisions"}],"wp:featuredmedia":[{"embeddable":true,"href":"https:\/\/ri2020.eu\/en\/wp-json\/wp\/v2\/media\/13300"}],"wp:attachment":[{"href":"https:\/\/ri2020.eu\/en\/wp-json\/wp\/v2\/media?parent=13795"}],"wp:term":[{"taxonomy":"category","embeddable":true,"href":"https:\/\/ri2020.eu\/en\/wp-json\/wp\/v2\/categories?post=13795"},{"taxonomy":"post_tag","embeddable":true,"href":"https:\/\/ri2020.eu\/en\/wp-json\/wp\/v2\/tags?post=13795"}],"curies":[{"name":"wp","href":"https:\/\/api.w.org\/{rel}","templated":true}]}}