{"id":13793,"date":"2018-06-08T12:23:19","date_gmt":"2018-06-08T10:23:19","guid":{"rendered":"http:\/\/rijeka2020.eu\/?p=13793\/"},"modified":"2018-06-26T12:24:53","modified_gmt":"2018-06-26T10:24:53","slug":"opening-of-the-conference-fashion-week-spring-2018-food-policies-and-innovation","status":"publish","type":"post","link":"https:\/\/ri2020.eu\/en\/opening-of-the-conference-fashion-week-spring-2018-food-policies-and-innovation\/","title":{"rendered":"Opening of the conference \u201cFashion Week Spring 2018 \u2013 Food: policies and innovation\u201d"},"content":{"rendered":"<p>The conference is part of the Sweet and Salty programme line of Rijeka 2020 \u2013 the European Capital of Culture, and is organised by the Center for Advanced Studies of the University of Rijeka, in cooperation with the Centre for the Culture of Dialogue and the Food Network. Its intention is to address the problem of excessive disposal and insufficient donating of food, as well as offering innovative and necessary solutions for food growing in cities.<\/p>\n<p>The conference was opened by the Mayor of Rijeka Vojko Obersnel, who warned that our society is throwing away huge amounts of food, particularly shopping centres which throw away food whose expiry date has passed while social supermarkets remain empty. Obersnel commended the idea of urban gardens adding that he has a small garden himself.<\/p>\n<p>Assistant rector of the University of Rijeka Dr. Sc. Dora Smol\u010di\u0107 Jurdana pointed out the importance of sustainability in food production and distribution, while Idis Turato, programme manager of the Sweet and Salty programme line of Rijeka 2020 \u2013 European Capital of Culture noted that we are witnessing a time in which classical agriculture no longer exists because everything is digitised, including food production. Turato sees urban agriculture as a possible solution, i.e. turning to food production in cities.<\/p>\n<p>On behalf of the Deputy Prime Minister of the Croatian Government Tomislav Tolu\u0161i\u0107, the Deputy Minister of Agriculture Jelena \u0110ugum addressed the conference and expressed the support of the ministry to the organisers. The Ministry of Agriculture is currently working on legislative solutions that would increase the amount of food available for donation. Through its Food Agency the Ministry is currently conducting a study on the durability of foodstuffs, and will then publicise recommendations on the date of usability of foodstuffs with imprecise labels such as &#8220;best before&#8221;. The ministry is preparing a plan to reduce food waste by 2023 and it was also reported that in 2016 in Croatia only 9.5 million kunas\u2019 worth of food was donated.<\/p>\n<p>On the first panel titled &#8220;Food Policy: European Future&#8221; greatest interest was expectedly drawn by the appearance of MEP Biljana Borzan, the European Parliament food waste rapporteur. In her presentation, Borzan emphasised that we live in a Europe of contrasts where much of the food is thrown away, while a part of the population goes hungry. Despite all of the initiatives, only 0.6 percent of the food is saved from being thrown away, which means that food waste has become a bigger problem than packaging; households are in the lead with 53 percent of food discarded.<\/p>\n<p>Dra\u017een \u0160imle\u0161a of the Green Network of Activist Groups stated an interesting fact that when purchasing food directly from producers only 6 percent is wasted, while supermarket shoppers throw away 50 percent of the food they buy.<\/p>\n<p>The programme has been designed and organised in close co-operation with the Food and Community project, funded by the European Social Fund and the Croatian Government\u2019s Office for Associations.<\/p>\n<p>The conference continued in the afternoon with the panel &#8220;Donators\u2019 Perspectives&#8221;, attended by representatives of Konzum and Dukat, Winners of the \u201cNajdonator\u201d (\u201cBest donor\u201d) Award as the companies that donated the most food last year, and representatives of the Croatian Association of Family Farms &#8220;Life&#8221; and the Institute for Socially Responsible Business.<\/p>\n<p>Along with the obvious benefits of positive practices such as food donation, the panel also touched on the issues encountered when donating. Ivana D\u017eakula, Director of Konzum\u2019s Business Support Sector, noted that although tax incentives are often considered a company&#8217;s strongest motive when deciding to donate food, the benefits are multifaceted \u2013 from developing social responsibility, environmental benefits, improving a company\u2019s reputation, as well as the fact that it is economically more cost-effective to donate than to throw away food. An increasing number of companies are starting to recognise the benefits and it serves as an incentive for them to start acting more responsibly.<\/p>\n<p>Despite the fact that as of 2015, donated food in Croatia is exempt from VAT, the level of donations has not increased significantly. Problems are mostly logistic in nature \u2013 issues with transport of donated goods and connecting with recipients who are not adequately equipped. Kristina Klari\u0107 Rub\u010di\u0107, head of Dukat Corporate Communications, said that donating is administratively complicated, as it involves an enormous amount of paperwork, as well as the hiring of additional staff.<\/p>\n<p>Bureaucracy as one of the biggest obstacles to increasing food donations was also emphasised by Marina Tomi\u0107 from the Institute for Socially Responsible Business; the solution lies in following other countries\u2019 practices as well as education and accepting responsibility by all involved.<\/p>\n<p>Vladimir Margeta, the President of the Croatian Association of Family Farms &#8220;Life&#8221; concluded that developed awareness comes with a developed society and a stable economic situation in the country.<\/p>\n<p>The last topic of the first day of the conference, &#8220;How much food is thrown away&#8221;, included four presentations.<\/p>\n<p>Branka Ilakovac from the Food Waste Prevention Centre presented worrying data \u2013 the common thread of the conference \u2013 that a third of the produced food goes bad or is thrown away, creating 1.3 billion tons of food waste per year globally, while in Croatia about 380,000 tons end up in landfills.<\/p>\n<p>The same information was supplemented by Ana Marija Cuglin, a student from the Faculty of Economics and Business in Zagreb, who conducted research on food waste in restaurants. Problems are numerous: from determining the amount of food being thrown away daily and studying the food ordering habits of guests, to the lack of recycling practices in restaurants.<\/p>\n<p>The Slovenian experience was presented by Ur\u0161a Zgojznik, president of the Ecologists without Borders Society, through a survey about food waste, estimating that 153,951 tons of food were thrown away in Slovenia. She also presented the project \u201cTo everyone\u2019s benefit\u201d focused on education and networking through a platform linking NGOs, ministries, public utility companies and retailers as well as the science sector, which among other things resulted in the VAT exemption of food donations. Zgojznik also presented the project &#8220;Don\u2019t waste food&#8221;, which analysed the situation with food waste in hospitals and retirement homes.<\/p>\n<p>As a representative of the Ministry of Agriculture, Marija Batini\u0107 Sermek from the Food and Phytosanitary Directorate presented the results of research on food donations in Croatia as well as the Republic of Croatia\u2019s plans for waste prevention and reduction for the 2018-2022 period. The autumn of this year will see the launch of a pilot project, an IT platform that will act as a virtual central intermediary body for food donations; the project will be tested during the following year, and by the end of the year, a feasibility study for food banks is planned.<\/p>\n<p>During the discussion many positive practices were mentioned that have been in place for some time, e.g. in France, New Zealand and Scandinavian countries, proving that education, awareness-raising and a hands-on approach can bring tangible results.<\/p>\n","protected":false},"excerpt":{"rendered":"<p>In Croatia around 380,000 tons of food are discarded every year, while at the same time around 630,000 people live on the edge of poverty and sometimes go hungry. This shocking fact was presented at the conference \u201cFashion Week Spring 2018 \u2013 Food: policies and innovation\u201d which began on Friday, 8 June 2018 at 9 am, on the Rijeka Delta in the former IVEX building.<\/p>\n","protected":false},"author":72,"featured_media":13247,"comment_status":"open","ping_status":"open","sticky":false,"template":"","format":"standard","meta":{"_acf_changed":false,"footnotes":""},"categories":[2731,3033],"tags":[],"class_list":["post-13793","post","type-post","status-publish","format-standard","has-post-thumbnail","hentry","category-news","category-sweetsalt"],"acf":[],"yoast_head":"<!-- This site is optimized with the Yoast SEO plugin v26.8 - https:\/\/yoast.com\/product\/yoast-seo-wordpress\/ -->\n<title>Opening of the conference \u201cFashion Week Spring 2018 \u2013 Food: policies and innovation\u201d &#8226; Rijeka 2020<\/title>\n<meta name=\"robots\" content=\"index, follow, max-snippet:-1, max-image-preview:large, max-video-preview:-1\" \/>\n<link rel=\"canonical\" href=\"https:\/\/ri2020.eu\/en\/opening-of-the-conference-fashion-week-spring-2018-food-policies-and-innovation\/\" \/>\n<meta property=\"og:locale\" content=\"en_US\" \/>\n<meta property=\"og:type\" content=\"article\" \/>\n<meta property=\"og:title\" content=\"Opening of the conference \u201cFashion Week Spring 2018 \u2013 Food: policies and innovation\u201d &#8226; Rijeka 2020\" \/>\n<meta property=\"og:description\" content=\"In Croatia around 380,000 tons of food are discarded every year, while at the same time around 630,000 people live on the edge of poverty and sometimes go hungry. This shocking fact was presented at the conference \u201cFashion Week Spring 2018 \u2013 Food: policies and innovation\u201d which began on Friday, 8 June 2018 at 9 am, on the Rijeka Delta in the former IVEX building.\" \/>\n<meta property=\"og:url\" content=\"https:\/\/ri2020.eu\/en\/opening-of-the-conference-fashion-week-spring-2018-food-policies-and-innovation\/\" \/>\n<meta property=\"og:site_name\" content=\"Rijeka 2020\" \/>\n<meta property=\"article:publisher\" content=\"https:\/\/www.facebook.com\/rijeka2020\" \/>\n<meta property=\"article:published_time\" content=\"2018-06-08T10:23:19+00:00\" \/>\n<meta property=\"article:modified_time\" content=\"2018-06-26T10:24:53+00:00\" \/>\n<meta property=\"og:image\" content=\"https:\/\/ri2020.eu\/wp-content\/uploads\/2018\/06\/FW-hrana-borzan-\u0111ugum.jpg\" \/>\n\t<meta property=\"og:image:width\" content=\"4032\" \/>\n\t<meta property=\"og:image:height\" content=\"3024\" \/>\n\t<meta property=\"og:image:type\" content=\"image\/jpeg\" \/>\n<meta name=\"author\" content=\"Rijeka 2020\" \/>\n<meta name=\"twitter:card\" content=\"summary_large_image\" \/>\n<meta name=\"twitter:creator\" content=\"@Rijeka2020\" \/>\n<meta name=\"twitter:site\" content=\"@Rijeka2020\" \/>\n<meta name=\"twitter:label1\" content=\"Written by\" \/>\n\t<meta name=\"twitter:data1\" content=\"Rijeka 2020\" \/>\n\t<meta name=\"twitter:label2\" content=\"Est. reading time\" \/>\n\t<meta name=\"twitter:data2\" content=\"6 minutes\" \/>\n<script type=\"application\/ld+json\" class=\"yoast-schema-graph\">{\"@context\":\"https:\/\/schema.org\",\"@graph\":[{\"@type\":\"Article\",\"@id\":\"https:\/\/ri2020.eu\/en\/opening-of-the-conference-fashion-week-spring-2018-food-policies-and-innovation\/#article\",\"isPartOf\":{\"@id\":\"https:\/\/ri2020.eu\/en\/opening-of-the-conference-fashion-week-spring-2018-food-policies-and-innovation\/\"},\"author\":{\"name\":\"Rijeka 2020\",\"@id\":\"https:\/\/ri2020.eu\/en\/#\/schema\/person\/9c12d91df8c45bc534f625d9c81f403d\"},\"headline\":\"Opening of the conference \u201cFashion Week Spring 2018 \u2013 Food: policies and innovation\u201d\",\"datePublished\":\"2018-06-08T10:23:19+00:00\",\"dateModified\":\"2018-06-26T10:24:53+00:00\",\"mainEntityOfPage\":{\"@id\":\"https:\/\/ri2020.eu\/en\/opening-of-the-conference-fashion-week-spring-2018-food-policies-and-innovation\/\"},\"wordCount\":1155,\"commentCount\":0,\"publisher\":{\"@id\":\"https:\/\/ri2020.eu\/en\/#organization\"},\"image\":{\"@id\":\"https:\/\/ri2020.eu\/en\/opening-of-the-conference-fashion-week-spring-2018-food-policies-and-innovation\/#primaryimage\"},\"thumbnailUrl\":\"https:\/\/ri2020.eu\/wp-content\/uploads\/2018\/06\/FW-hrana-borzan-\u0111ugum.jpg\",\"articleSection\":[\"News\",\"Sweet&amp;Salt\"],\"inLanguage\":\"en-US\",\"potentialAction\":[{\"@type\":\"CommentAction\",\"name\":\"Comment\",\"target\":[\"https:\/\/ri2020.eu\/en\/opening-of-the-conference-fashion-week-spring-2018-food-policies-and-innovation\/#respond\"]}]},{\"@type\":\"WebPage\",\"@id\":\"https:\/\/ri2020.eu\/en\/opening-of-the-conference-fashion-week-spring-2018-food-policies-and-innovation\/\",\"url\":\"https:\/\/ri2020.eu\/en\/opening-of-the-conference-fashion-week-spring-2018-food-policies-and-innovation\/\",\"name\":\"Opening of the conference \u201cFashion Week Spring 2018 \u2013 Food: policies and innovation\u201d &#8226; Rijeka 2020\",\"isPartOf\":{\"@id\":\"https:\/\/ri2020.eu\/en\/#website\"},\"primaryImageOfPage\":{\"@id\":\"https:\/\/ri2020.eu\/en\/opening-of-the-conference-fashion-week-spring-2018-food-policies-and-innovation\/#primaryimage\"},\"image\":{\"@id\":\"https:\/\/ri2020.eu\/en\/opening-of-the-conference-fashion-week-spring-2018-food-policies-and-innovation\/#primaryimage\"},\"thumbnailUrl\":\"https:\/\/ri2020.eu\/wp-content\/uploads\/2018\/06\/FW-hrana-borzan-\u0111ugum.jpg\",\"datePublished\":\"2018-06-08T10:23:19+00:00\",\"dateModified\":\"2018-06-26T10:24:53+00:00\",\"breadcrumb\":{\"@id\":\"https:\/\/ri2020.eu\/en\/opening-of-the-conference-fashion-week-spring-2018-food-policies-and-innovation\/#breadcrumb\"},\"inLanguage\":\"en-US\",\"potentialAction\":[{\"@type\":\"ReadAction\",\"target\":[\"https:\/\/ri2020.eu\/en\/opening-of-the-conference-fashion-week-spring-2018-food-policies-and-innovation\/\"]}]},{\"@type\":\"ImageObject\",\"inLanguage\":\"en-US\",\"@id\":\"https:\/\/ri2020.eu\/en\/opening-of-the-conference-fashion-week-spring-2018-food-policies-and-innovation\/#primaryimage\",\"url\":\"https:\/\/ri2020.eu\/wp-content\/uploads\/2018\/06\/FW-hrana-borzan-\u0111ugum.jpg\",\"contentUrl\":\"https:\/\/ri2020.eu\/wp-content\/uploads\/2018\/06\/FW-hrana-borzan-\u0111ugum.jpg\",\"width\":4032,\"height\":3024},{\"@type\":\"BreadcrumbList\",\"@id\":\"https:\/\/ri2020.eu\/en\/opening-of-the-conference-fashion-week-spring-2018-food-policies-and-innovation\/#breadcrumb\",\"itemListElement\":[{\"@type\":\"ListItem\",\"position\":1,\"name\":\"Home\",\"item\":\"https:\/\/ri2020.eu\/en\/\"},{\"@type\":\"ListItem\",\"position\":2,\"name\":\"Opening of the conference \u201cFashion Week Spring 2018 \u2013 Food: policies and innovation\u201d\"}]},{\"@type\":\"WebSite\",\"@id\":\"https:\/\/ri2020.eu\/en\/#website\",\"url\":\"https:\/\/ri2020.eu\/en\/\",\"name\":\"Rijeka 2020\",\"description\":\"Europska prijestolnica kulture\",\"publisher\":{\"@id\":\"https:\/\/ri2020.eu\/en\/#organization\"},\"potentialAction\":[{\"@type\":\"SearchAction\",\"target\":{\"@type\":\"EntryPoint\",\"urlTemplate\":\"https:\/\/ri2020.eu\/en\/?s={search_term_string}\"},\"query-input\":{\"@type\":\"PropertyValueSpecification\",\"valueRequired\":true,\"valueName\":\"search_term_string\"}}],\"inLanguage\":\"en-US\"},{\"@type\":\"Organization\",\"@id\":\"https:\/\/ri2020.eu\/en\/#organization\",\"name\":\"Rijeka 2020 d.o.o.\",\"url\":\"https:\/\/ri2020.eu\/en\/\",\"logo\":{\"@type\":\"ImageObject\",\"inLanguage\":\"en-US\",\"@id\":\"https:\/\/ri2020.eu\/en\/#\/schema\/logo\/image\/\",\"url\":\"https:\/\/rijeka2020.eu\/wp-content\/uploads\/2018\/07\/Ri2020-logo.png\",\"contentUrl\":\"https:\/\/rijeka2020.eu\/wp-content\/uploads\/2018\/07\/Ri2020-logo.png\",\"width\":407,\"height\":175,\"caption\":\"Rijeka 2020 d.o.o.\"},\"image\":{\"@id\":\"https:\/\/ri2020.eu\/en\/#\/schema\/logo\/image\/\"},\"sameAs\":[\"https:\/\/www.facebook.com\/rijeka2020\",\"https:\/\/x.com\/Rijeka2020\",\"https:\/\/www.instagram.com\/rijeka2020\/\",\"https:\/\/www.youtube.com\/user\/riepk2020\"]},{\"@type\":\"Person\",\"@id\":\"https:\/\/ri2020.eu\/en\/#\/schema\/person\/9c12d91df8c45bc534f625d9c81f403d\",\"name\":\"Rijeka 2020\",\"url\":\"https:\/\/ri2020.eu\/en\/author\/lsm\/\"}]}<\/script>\n<!-- \/ Yoast SEO plugin. -->","yoast_head_json":{"title":"Opening of the conference \u201cFashion Week Spring 2018 \u2013 Food: policies and innovation\u201d &#8226; Rijeka 2020","robots":{"index":"index","follow":"follow","max-snippet":"max-snippet:-1","max-image-preview":"max-image-preview:large","max-video-preview":"max-video-preview:-1"},"canonical":"https:\/\/ri2020.eu\/en\/opening-of-the-conference-fashion-week-spring-2018-food-policies-and-innovation\/","og_locale":"en_US","og_type":"article","og_title":"Opening of the conference \u201cFashion Week Spring 2018 \u2013 Food: policies and innovation\u201d &#8226; Rijeka 2020","og_description":"In Croatia around 380,000 tons of food are discarded every year, while at the same time around 630,000 people live on the edge of poverty and sometimes go hungry. This shocking fact was presented at the conference \u201cFashion Week Spring 2018 \u2013 Food: policies and innovation\u201d which began on Friday, 8 June 2018 at 9 am, on the Rijeka Delta in the former IVEX building.","og_url":"https:\/\/ri2020.eu\/en\/opening-of-the-conference-fashion-week-spring-2018-food-policies-and-innovation\/","og_site_name":"Rijeka 2020","article_publisher":"https:\/\/www.facebook.com\/rijeka2020","article_published_time":"2018-06-08T10:23:19+00:00","article_modified_time":"2018-06-26T10:24:53+00:00","og_image":[{"width":4032,"height":3024,"url":"https:\/\/ri2020.eu\/wp-content\/uploads\/2018\/06\/FW-hrana-borzan-\u0111ugum.jpg","type":"image\/jpeg"}],"author":"Rijeka 2020","twitter_card":"summary_large_image","twitter_creator":"@Rijeka2020","twitter_site":"@Rijeka2020","twitter_misc":{"Written by":"Rijeka 2020","Est. reading time":"6 minutes"},"schema":{"@context":"https:\/\/schema.org","@graph":[{"@type":"Article","@id":"https:\/\/ri2020.eu\/en\/opening-of-the-conference-fashion-week-spring-2018-food-policies-and-innovation\/#article","isPartOf":{"@id":"https:\/\/ri2020.eu\/en\/opening-of-the-conference-fashion-week-spring-2018-food-policies-and-innovation\/"},"author":{"name":"Rijeka 2020","@id":"https:\/\/ri2020.eu\/en\/#\/schema\/person\/9c12d91df8c45bc534f625d9c81f403d"},"headline":"Opening of the conference \u201cFashion Week Spring 2018 \u2013 Food: policies and innovation\u201d","datePublished":"2018-06-08T10:23:19+00:00","dateModified":"2018-06-26T10:24:53+00:00","mainEntityOfPage":{"@id":"https:\/\/ri2020.eu\/en\/opening-of-the-conference-fashion-week-spring-2018-food-policies-and-innovation\/"},"wordCount":1155,"commentCount":0,"publisher":{"@id":"https:\/\/ri2020.eu\/en\/#organization"},"image":{"@id":"https:\/\/ri2020.eu\/en\/opening-of-the-conference-fashion-week-spring-2018-food-policies-and-innovation\/#primaryimage"},"thumbnailUrl":"https:\/\/ri2020.eu\/wp-content\/uploads\/2018\/06\/FW-hrana-borzan-\u0111ugum.jpg","articleSection":["News","Sweet&amp;Salt"],"inLanguage":"en-US","potentialAction":[{"@type":"CommentAction","name":"Comment","target":["https:\/\/ri2020.eu\/en\/opening-of-the-conference-fashion-week-spring-2018-food-policies-and-innovation\/#respond"]}]},{"@type":"WebPage","@id":"https:\/\/ri2020.eu\/en\/opening-of-the-conference-fashion-week-spring-2018-food-policies-and-innovation\/","url":"https:\/\/ri2020.eu\/en\/opening-of-the-conference-fashion-week-spring-2018-food-policies-and-innovation\/","name":"Opening of the conference \u201cFashion Week Spring 2018 \u2013 Food: policies and innovation\u201d &#8226; Rijeka 2020","isPartOf":{"@id":"https:\/\/ri2020.eu\/en\/#website"},"primaryImageOfPage":{"@id":"https:\/\/ri2020.eu\/en\/opening-of-the-conference-fashion-week-spring-2018-food-policies-and-innovation\/#primaryimage"},"image":{"@id":"https:\/\/ri2020.eu\/en\/opening-of-the-conference-fashion-week-spring-2018-food-policies-and-innovation\/#primaryimage"},"thumbnailUrl":"https:\/\/ri2020.eu\/wp-content\/uploads\/2018\/06\/FW-hrana-borzan-\u0111ugum.jpg","datePublished":"2018-06-08T10:23:19+00:00","dateModified":"2018-06-26T10:24:53+00:00","breadcrumb":{"@id":"https:\/\/ri2020.eu\/en\/opening-of-the-conference-fashion-week-spring-2018-food-policies-and-innovation\/#breadcrumb"},"inLanguage":"en-US","potentialAction":[{"@type":"ReadAction","target":["https:\/\/ri2020.eu\/en\/opening-of-the-conference-fashion-week-spring-2018-food-policies-and-innovation\/"]}]},{"@type":"ImageObject","inLanguage":"en-US","@id":"https:\/\/ri2020.eu\/en\/opening-of-the-conference-fashion-week-spring-2018-food-policies-and-innovation\/#primaryimage","url":"https:\/\/ri2020.eu\/wp-content\/uploads\/2018\/06\/FW-hrana-borzan-\u0111ugum.jpg","contentUrl":"https:\/\/ri2020.eu\/wp-content\/uploads\/2018\/06\/FW-hrana-borzan-\u0111ugum.jpg","width":4032,"height":3024},{"@type":"BreadcrumbList","@id":"https:\/\/ri2020.eu\/en\/opening-of-the-conference-fashion-week-spring-2018-food-policies-and-innovation\/#breadcrumb","itemListElement":[{"@type":"ListItem","position":1,"name":"Home","item":"https:\/\/ri2020.eu\/en\/"},{"@type":"ListItem","position":2,"name":"Opening of the conference \u201cFashion Week Spring 2018 \u2013 Food: policies and innovation\u201d"}]},{"@type":"WebSite","@id":"https:\/\/ri2020.eu\/en\/#website","url":"https:\/\/ri2020.eu\/en\/","name":"Rijeka 2020","description":"Europska prijestolnica kulture","publisher":{"@id":"https:\/\/ri2020.eu\/en\/#organization"},"potentialAction":[{"@type":"SearchAction","target":{"@type":"EntryPoint","urlTemplate":"https:\/\/ri2020.eu\/en\/?s={search_term_string}"},"query-input":{"@type":"PropertyValueSpecification","valueRequired":true,"valueName":"search_term_string"}}],"inLanguage":"en-US"},{"@type":"Organization","@id":"https:\/\/ri2020.eu\/en\/#organization","name":"Rijeka 2020 d.o.o.","url":"https:\/\/ri2020.eu\/en\/","logo":{"@type":"ImageObject","inLanguage":"en-US","@id":"https:\/\/ri2020.eu\/en\/#\/schema\/logo\/image\/","url":"https:\/\/rijeka2020.eu\/wp-content\/uploads\/2018\/07\/Ri2020-logo.png","contentUrl":"https:\/\/rijeka2020.eu\/wp-content\/uploads\/2018\/07\/Ri2020-logo.png","width":407,"height":175,"caption":"Rijeka 2020 d.o.o."},"image":{"@id":"https:\/\/ri2020.eu\/en\/#\/schema\/logo\/image\/"},"sameAs":["https:\/\/www.facebook.com\/rijeka2020","https:\/\/x.com\/Rijeka2020","https:\/\/www.instagram.com\/rijeka2020\/","https:\/\/www.youtube.com\/user\/riepk2020"]},{"@type":"Person","@id":"https:\/\/ri2020.eu\/en\/#\/schema\/person\/9c12d91df8c45bc534f625d9c81f403d","name":"Rijeka 2020","url":"https:\/\/ri2020.eu\/en\/author\/lsm\/"}]}},"_links":{"self":[{"href":"https:\/\/ri2020.eu\/en\/wp-json\/wp\/v2\/posts\/13793","targetHints":{"allow":["GET"]}}],"collection":[{"href":"https:\/\/ri2020.eu\/en\/wp-json\/wp\/v2\/posts"}],"about":[{"href":"https:\/\/ri2020.eu\/en\/wp-json\/wp\/v2\/types\/post"}],"author":[{"embeddable":true,"href":"https:\/\/ri2020.eu\/en\/wp-json\/wp\/v2\/users\/72"}],"replies":[{"embeddable":true,"href":"https:\/\/ri2020.eu\/en\/wp-json\/wp\/v2\/comments?post=13793"}],"version-history":[{"count":0,"href":"https:\/\/ri2020.eu\/en\/wp-json\/wp\/v2\/posts\/13793\/revisions"}],"wp:featuredmedia":[{"embeddable":true,"href":"https:\/\/ri2020.eu\/en\/wp-json\/wp\/v2\/media\/13247"}],"wp:attachment":[{"href":"https:\/\/ri2020.eu\/en\/wp-json\/wp\/v2\/media?parent=13793"}],"wp:term":[{"taxonomy":"category","embeddable":true,"href":"https:\/\/ri2020.eu\/en\/wp-json\/wp\/v2\/categories?post=13793"},{"taxonomy":"post_tag","embeddable":true,"href":"https:\/\/ri2020.eu\/en\/wp-json\/wp\/v2\/tags?post=13793"}],"curies":[{"name":"wp","href":"https:\/\/api.w.org\/{rel}","templated":true}]}}