{"id":13786,"date":"2018-05-29T12:15:12","date_gmt":"2018-05-29T10:15:12","guid":{"rendered":"http:\/\/rijeka2020.eu\/?p=13786\/"},"modified":"2018-06-26T12:16:46","modified_gmt":"2018-06-26T10:16:46","slug":"a-delegation-of-representatives-from-the-fourth-estate-visited-rijeka-2020-today-we-spent-time-with-the-press","status":"publish","type":"post","link":"https:\/\/ri2020.eu\/en\/a-delegation-of-representatives-from-the-fourth-estate-visited-rijeka-2020-today-we-spent-time-with-the-press\/","title":{"rendered":"A delegation of representatives from the \u201cFourth Estate\u201d visited Rijeka 2020: today we spent time with the press"},"content":{"rendered":"<p>Journalists from Novi list, Radio Rijeka, Kanal RI, Ve\u010dernji list, HINA , HRT and Jutarnji list assembled on Tuesday, 29 May in front of the Croatian National Theatre \u201cIvan pl. Zajc\u201d for a visit to key locations and infrastructure projects of the European Capital of Culture.<\/p>\n<p>The Croatian National Theatre \u201cIvan pl. Zajc\u201d is an important partner in the project and one of the most visited cultural institutions in Croatia. Although he could not reveal too much about the programme for 2020, due to the organisation&#8217;s procedural rules, the artistic director Marin Bla\u017eevi\u0107 shared with journalists some of the already agreed upon productions and co-productions, among which Oliver Frlji\u0107&#8217;s play based on Goran Stefanovski\u2019s text, performed on a train passing through the city, is probably most interesting to journalists.<\/p>\n<p>In front of the Rijeka 2020 \u2013 EPK headquarters journalists were greeted by Director Emina Vi\u0161ni\u0107 who thanked them for coming.<\/p>\n<p>\u2013 We are in the preparatory phase for 2020, with the preparations running smoothly and very intensively. We are delighted to inform you that the PartneRI Business Club Association, bringing together entrepreneurs from Rijeka and the county, was established yesterday and that we have signed an agreement with the association. The Association will lend its support to certain programmes of the Rijeka 2020 project, but they will also empower the community long after the project is finished. We are very proud of this major breakthrough in the overall situation in culture and cultural policy in Croatia, Vi\u0161ni\u0107 said.<\/p>\n<p>Journalists were given a tour of the Ivex building at the address Delta 5 by the person who knows the building best \u2013 the programme manager of the Sweet and Salty programme line, the architect Idis Turato. The building currently houses Rijeka 2020 Ltd, the Delta 5 association of artists, the Zajc Lab youth theatre workshop, Turat\u2019s architecture firm Delta Lab, a mountaineering society, etc., all in harmonious co-existence&#8230;<\/p>\n<p>From the top of the Ivex building, with an all-encompassing view of the city, the coordinator of the programme line Brick House, Jelena Mili\u0107, announced the programme Summer in the Capital that will open with the first concert in the Furioza Cycle of the Kitchen programme line \u2013 a concert by the well-known indie group Pun\u010dke. The open-air concert will be held in front of the Ivex building, as part of the afternoon and evening event Delta Open.<\/p>\n<p>At the end of the press visit to Delta 5, guests were also greeted by Irena Kregar \u0160egota, director of development who talked about the legacy of the project, reminding once again that on Monday the PartneRi Business Club: Rijeka 2020 was founded.<\/p>\n<p>The delegation of journalists continued its tour by tourist bus under the guidance of Bernard Koludrovi\u0107 and visited Ri Hub\u2019s infrastructure projects, as well as the former industrial and future cultural complex Ben\u010di\u0107, where Ivan \u0160arar, the city secretary for culture, gave them a tour of the construction site at the ex-administrative building of the sugar plant (\u0160e\u0107erana) \u2013 the new location of the Museum of the city of Rijeka. Guests were informed about the programme by Slaven Tolj, the director of the Museum of Modern and Contemporary Art and the artistic director of Rijeka 2020.<\/p>\n","protected":false},"excerpt":{"rendered":"<p>Informing media representatives about the European Capital of Culture project is very important for good communication, visibility and audience development, which is why Rijeka 2020 invited journalists on a trip to the Port of Diversity.<\/p>\n","protected":false},"author":72,"featured_media":13032,"comment_status":"open","ping_status":"open","sticky":false,"template":"","format":"standard","meta":{"_acf_changed":false,"footnotes":""},"categories":[2731],"tags":[],"class_list":["post-13786","post","type-post","status-publish","format-standard","has-post-thumbnail","hentry","category-news"],"acf":[],"yoast_head":"<!-- This site is optimized with the Yoast SEO plugin v26.8 - https:\/\/yoast.com\/product\/yoast-seo-wordpress\/ -->\n<title>A delegation of representatives from the \u201cFourth Estate\u201d visited Rijeka 2020: today we spent time with the press &#8226; Rijeka 2020<\/title>\n<meta name=\"robots\" content=\"index, follow, max-snippet:-1, max-image-preview:large, max-video-preview:-1\" \/>\n<link rel=\"canonical\" href=\"https:\/\/ri2020.eu\/en\/a-delegation-of-representatives-from-the-fourth-estate-visited-rijeka-2020-today-we-spent-time-with-the-press\/\" \/>\n<meta property=\"og:locale\" content=\"en_US\" \/>\n<meta property=\"og:type\" content=\"article\" \/>\n<meta property=\"og:title\" content=\"A delegation of representatives from the \u201cFourth Estate\u201d visited Rijeka 2020: today we spent time with the press &#8226; Rijeka 2020\" \/>\n<meta property=\"og:description\" content=\"Informing media representatives about the European Capital of Culture project is very important for good communication, visibility and audience development, which is why Rijeka 2020 invited journalists on a trip to the Port of Diversity.\" \/>\n<meta property=\"og:url\" content=\"https:\/\/ri2020.eu\/en\/a-delegation-of-representatives-from-the-fourth-estate-visited-rijeka-2020-today-we-spent-time-with-the-press\/\" \/>\n<meta property=\"og:site_name\" content=\"Rijeka 2020\" \/>\n<meta property=\"article:publisher\" content=\"https:\/\/www.facebook.com\/rijeka2020\" \/>\n<meta property=\"article:published_time\" content=\"2018-05-29T10:15:12+00:00\" \/>\n<meta property=\"article:modified_time\" content=\"2018-06-26T10:16:46+00:00\" \/>\n<meta property=\"og:image\" content=\"https:\/\/rijeka2020.eu\/wp-content\/uploads\/2018\/05\/dru\u017eenje-s-novinarima-29.5..jpg\" \/>\n\t<meta property=\"og:image:width\" content=\"1920\" \/>\n\t<meta property=\"og:image:height\" content=\"1440\" \/>\n\t<meta property=\"og:image:type\" content=\"image\/jpeg\" \/>\n<meta name=\"author\" content=\"Rijeka 2020\" \/>\n<meta name=\"twitter:card\" content=\"summary_large_image\" \/>\n<meta name=\"twitter:creator\" content=\"@Rijeka2020\" \/>\n<meta name=\"twitter:site\" content=\"@Rijeka2020\" \/>\n<meta name=\"twitter:label1\" content=\"Written by\" \/>\n\t<meta name=\"twitter:data1\" content=\"Rijeka 2020\" \/>\n\t<meta name=\"twitter:label2\" content=\"Est. reading time\" \/>\n\t<meta name=\"twitter:data2\" content=\"3 minutes\" \/>\n<script type=\"application\/ld+json\" class=\"yoast-schema-graph\">{\"@context\":\"https:\/\/schema.org\",\"@graph\":[{\"@type\":\"Article\",\"@id\":\"https:\/\/ri2020.eu\/en\/a-delegation-of-representatives-from-the-fourth-estate-visited-rijeka-2020-today-we-spent-time-with-the-press\/#article\",\"isPartOf\":{\"@id\":\"https:\/\/ri2020.eu\/en\/a-delegation-of-representatives-from-the-fourth-estate-visited-rijeka-2020-today-we-spent-time-with-the-press\/\"},\"author\":{\"name\":\"Rijeka 2020\",\"@id\":\"https:\/\/rijeka2020.eu\/en\/#\/schema\/person\/9c12d91df8c45bc534f625d9c81f403d\"},\"headline\":\"A delegation of representatives from the \u201cFourth Estate\u201d visited Rijeka 2020: today we spent time with the press\",\"datePublished\":\"2018-05-29T10:15:12+00:00\",\"dateModified\":\"2018-06-26T10:16:46+00:00\",\"mainEntityOfPage\":{\"@id\":\"https:\/\/ri2020.eu\/en\/a-delegation-of-representatives-from-the-fourth-estate-visited-rijeka-2020-today-we-spent-time-with-the-press\/\"},\"wordCount\":546,\"commentCount\":0,\"publisher\":{\"@id\":\"https:\/\/rijeka2020.eu\/en\/#organization\"},\"image\":{\"@id\":\"https:\/\/ri2020.eu\/en\/a-delegation-of-representatives-from-the-fourth-estate-visited-rijeka-2020-today-we-spent-time-with-the-press\/#primaryimage\"},\"thumbnailUrl\":\"https:\/\/ri2020.eu\/wp-content\/uploads\/2018\/05\/dru\u017eenje-s-novinarima-29.5..jpg\",\"articleSection\":[\"News\"],\"inLanguage\":\"en-US\",\"potentialAction\":[{\"@type\":\"CommentAction\",\"name\":\"Comment\",\"target\":[\"https:\/\/ri2020.eu\/en\/a-delegation-of-representatives-from-the-fourth-estate-visited-rijeka-2020-today-we-spent-time-with-the-press\/#respond\"]}]},{\"@type\":\"WebPage\",\"@id\":\"https:\/\/ri2020.eu\/en\/a-delegation-of-representatives-from-the-fourth-estate-visited-rijeka-2020-today-we-spent-time-with-the-press\/\",\"url\":\"https:\/\/ri2020.eu\/en\/a-delegation-of-representatives-from-the-fourth-estate-visited-rijeka-2020-today-we-spent-time-with-the-press\/\",\"name\":\"A delegation of representatives from the \u201cFourth Estate\u201d visited Rijeka 2020: today we spent time with the press &#8226; Rijeka 2020\",\"isPartOf\":{\"@id\":\"https:\/\/rijeka2020.eu\/en\/#website\"},\"primaryImageOfPage\":{\"@id\":\"https:\/\/ri2020.eu\/en\/a-delegation-of-representatives-from-the-fourth-estate-visited-rijeka-2020-today-we-spent-time-with-the-press\/#primaryimage\"},\"image\":{\"@id\":\"https:\/\/ri2020.eu\/en\/a-delegation-of-representatives-from-the-fourth-estate-visited-rijeka-2020-today-we-spent-time-with-the-press\/#primaryimage\"},\"thumbnailUrl\":\"https:\/\/ri2020.eu\/wp-content\/uploads\/2018\/05\/dru\u017eenje-s-novinarima-29.5..jpg\",\"datePublished\":\"2018-05-29T10:15:12+00:00\",\"dateModified\":\"2018-06-26T10:16:46+00:00\",\"breadcrumb\":{\"@id\":\"https:\/\/ri2020.eu\/en\/a-delegation-of-representatives-from-the-fourth-estate-visited-rijeka-2020-today-we-spent-time-with-the-press\/#breadcrumb\"},\"inLanguage\":\"en-US\",\"potentialAction\":[{\"@type\":\"ReadAction\",\"target\":[\"https:\/\/ri2020.eu\/en\/a-delegation-of-representatives-from-the-fourth-estate-visited-rijeka-2020-today-we-spent-time-with-the-press\/\"]}]},{\"@type\":\"ImageObject\",\"inLanguage\":\"en-US\",\"@id\":\"https:\/\/ri2020.eu\/en\/a-delegation-of-representatives-from-the-fourth-estate-visited-rijeka-2020-today-we-spent-time-with-the-press\/#primaryimage\",\"url\":\"https:\/\/ri2020.eu\/wp-content\/uploads\/2018\/05\/dru\u017eenje-s-novinarima-29.5..jpg\",\"contentUrl\":\"https:\/\/ri2020.eu\/wp-content\/uploads\/2018\/05\/dru\u017eenje-s-novinarima-29.5..jpg\",\"width\":1920,\"height\":1440},{\"@type\":\"BreadcrumbList\",\"@id\":\"https:\/\/ri2020.eu\/en\/a-delegation-of-representatives-from-the-fourth-estate-visited-rijeka-2020-today-we-spent-time-with-the-press\/#breadcrumb\",\"itemListElement\":[{\"@type\":\"ListItem\",\"position\":1,\"name\":\"Home\",\"item\":\"https:\/\/rijeka2020.eu\/en\/\"},{\"@type\":\"ListItem\",\"position\":2,\"name\":\"A delegation of representatives from the \u201cFourth Estate\u201d visited Rijeka 2020: today we spent time with the press\"}]},{\"@type\":\"WebSite\",\"@id\":\"https:\/\/rijeka2020.eu\/en\/#website\",\"url\":\"https:\/\/rijeka2020.eu\/en\/\",\"name\":\"Rijeka 2020\",\"description\":\"Europska prijestolnica kulture\",\"publisher\":{\"@id\":\"https:\/\/rijeka2020.eu\/en\/#organization\"},\"potentialAction\":[{\"@type\":\"SearchAction\",\"target\":{\"@type\":\"EntryPoint\",\"urlTemplate\":\"https:\/\/rijeka2020.eu\/en\/?s={search_term_string}\"},\"query-input\":{\"@type\":\"PropertyValueSpecification\",\"valueRequired\":true,\"valueName\":\"search_term_string\"}}],\"inLanguage\":\"en-US\"},{\"@type\":\"Organization\",\"@id\":\"https:\/\/rijeka2020.eu\/en\/#organization\",\"name\":\"Rijeka 2020 d.o.o.\",\"url\":\"https:\/\/rijeka2020.eu\/en\/\",\"logo\":{\"@type\":\"ImageObject\",\"inLanguage\":\"en-US\",\"@id\":\"https:\/\/rijeka2020.eu\/en\/#\/schema\/logo\/image\/\",\"url\":\"https:\/\/rijeka2020.eu\/wp-content\/uploads\/2018\/07\/Ri2020-logo.png\",\"contentUrl\":\"https:\/\/rijeka2020.eu\/wp-content\/uploads\/2018\/07\/Ri2020-logo.png\",\"width\":407,\"height\":175,\"caption\":\"Rijeka 2020 d.o.o.\"},\"image\":{\"@id\":\"https:\/\/rijeka2020.eu\/en\/#\/schema\/logo\/image\/\"},\"sameAs\":[\"https:\/\/www.facebook.com\/rijeka2020\",\"https:\/\/x.com\/Rijeka2020\",\"https:\/\/www.instagram.com\/rijeka2020\/\",\"https:\/\/www.youtube.com\/user\/riepk2020\"]},{\"@type\":\"Person\",\"@id\":\"https:\/\/rijeka2020.eu\/en\/#\/schema\/person\/9c12d91df8c45bc534f625d9c81f403d\",\"name\":\"Rijeka 2020\",\"url\":\"https:\/\/ri2020.eu\/en\/author\/lsm\/\"}]}<\/script>\n<!-- \/ Yoast SEO plugin. -->","yoast_head_json":{"title":"A delegation of representatives from the \u201cFourth Estate\u201d visited Rijeka 2020: today we spent time with the press &#8226; Rijeka 2020","robots":{"index":"index","follow":"follow","max-snippet":"max-snippet:-1","max-image-preview":"max-image-preview:large","max-video-preview":"max-video-preview:-1"},"canonical":"https:\/\/ri2020.eu\/en\/a-delegation-of-representatives-from-the-fourth-estate-visited-rijeka-2020-today-we-spent-time-with-the-press\/","og_locale":"en_US","og_type":"article","og_title":"A delegation of representatives from the \u201cFourth Estate\u201d visited Rijeka 2020: today we spent time with the press &#8226; Rijeka 2020","og_description":"Informing media representatives about the European Capital of Culture project is very important for good communication, visibility and audience development, which is why Rijeka 2020 invited journalists on a trip to the Port of Diversity.","og_url":"https:\/\/ri2020.eu\/en\/a-delegation-of-representatives-from-the-fourth-estate-visited-rijeka-2020-today-we-spent-time-with-the-press\/","og_site_name":"Rijeka 2020","article_publisher":"https:\/\/www.facebook.com\/rijeka2020","article_published_time":"2018-05-29T10:15:12+00:00","article_modified_time":"2018-06-26T10:16:46+00:00","og_image":[{"width":1920,"height":1440,"url":"https:\/\/rijeka2020.eu\/wp-content\/uploads\/2018\/05\/dru\u017eenje-s-novinarima-29.5..jpg","type":"image\/jpeg"}],"author":"Rijeka 2020","twitter_card":"summary_large_image","twitter_creator":"@Rijeka2020","twitter_site":"@Rijeka2020","twitter_misc":{"Written by":"Rijeka 2020","Est. reading time":"3 minutes"},"schema":{"@context":"https:\/\/schema.org","@graph":[{"@type":"Article","@id":"https:\/\/ri2020.eu\/en\/a-delegation-of-representatives-from-the-fourth-estate-visited-rijeka-2020-today-we-spent-time-with-the-press\/#article","isPartOf":{"@id":"https:\/\/ri2020.eu\/en\/a-delegation-of-representatives-from-the-fourth-estate-visited-rijeka-2020-today-we-spent-time-with-the-press\/"},"author":{"name":"Rijeka 2020","@id":"https:\/\/rijeka2020.eu\/en\/#\/schema\/person\/9c12d91df8c45bc534f625d9c81f403d"},"headline":"A delegation of representatives from the \u201cFourth Estate\u201d visited Rijeka 2020: today we spent time with the press","datePublished":"2018-05-29T10:15:12+00:00","dateModified":"2018-06-26T10:16:46+00:00","mainEntityOfPage":{"@id":"https:\/\/ri2020.eu\/en\/a-delegation-of-representatives-from-the-fourth-estate-visited-rijeka-2020-today-we-spent-time-with-the-press\/"},"wordCount":546,"commentCount":0,"publisher":{"@id":"https:\/\/rijeka2020.eu\/en\/#organization"},"image":{"@id":"https:\/\/ri2020.eu\/en\/a-delegation-of-representatives-from-the-fourth-estate-visited-rijeka-2020-today-we-spent-time-with-the-press\/#primaryimage"},"thumbnailUrl":"https:\/\/ri2020.eu\/wp-content\/uploads\/2018\/05\/dru\u017eenje-s-novinarima-29.5..jpg","articleSection":["News"],"inLanguage":"en-US","potentialAction":[{"@type":"CommentAction","name":"Comment","target":["https:\/\/ri2020.eu\/en\/a-delegation-of-representatives-from-the-fourth-estate-visited-rijeka-2020-today-we-spent-time-with-the-press\/#respond"]}]},{"@type":"WebPage","@id":"https:\/\/ri2020.eu\/en\/a-delegation-of-representatives-from-the-fourth-estate-visited-rijeka-2020-today-we-spent-time-with-the-press\/","url":"https:\/\/ri2020.eu\/en\/a-delegation-of-representatives-from-the-fourth-estate-visited-rijeka-2020-today-we-spent-time-with-the-press\/","name":"A delegation of representatives from the \u201cFourth Estate\u201d visited Rijeka 2020: today we spent time with the press &#8226; Rijeka 2020","isPartOf":{"@id":"https:\/\/rijeka2020.eu\/en\/#website"},"primaryImageOfPage":{"@id":"https:\/\/ri2020.eu\/en\/a-delegation-of-representatives-from-the-fourth-estate-visited-rijeka-2020-today-we-spent-time-with-the-press\/#primaryimage"},"image":{"@id":"https:\/\/ri2020.eu\/en\/a-delegation-of-representatives-from-the-fourth-estate-visited-rijeka-2020-today-we-spent-time-with-the-press\/#primaryimage"},"thumbnailUrl":"https:\/\/ri2020.eu\/wp-content\/uploads\/2018\/05\/dru\u017eenje-s-novinarima-29.5..jpg","datePublished":"2018-05-29T10:15:12+00:00","dateModified":"2018-06-26T10:16:46+00:00","breadcrumb":{"@id":"https:\/\/ri2020.eu\/en\/a-delegation-of-representatives-from-the-fourth-estate-visited-rijeka-2020-today-we-spent-time-with-the-press\/#breadcrumb"},"inLanguage":"en-US","potentialAction":[{"@type":"ReadAction","target":["https:\/\/ri2020.eu\/en\/a-delegation-of-representatives-from-the-fourth-estate-visited-rijeka-2020-today-we-spent-time-with-the-press\/"]}]},{"@type":"ImageObject","inLanguage":"en-US","@id":"https:\/\/ri2020.eu\/en\/a-delegation-of-representatives-from-the-fourth-estate-visited-rijeka-2020-today-we-spent-time-with-the-press\/#primaryimage","url":"https:\/\/ri2020.eu\/wp-content\/uploads\/2018\/05\/dru\u017eenje-s-novinarima-29.5..jpg","contentUrl":"https:\/\/ri2020.eu\/wp-content\/uploads\/2018\/05\/dru\u017eenje-s-novinarima-29.5..jpg","width":1920,"height":1440},{"@type":"BreadcrumbList","@id":"https:\/\/ri2020.eu\/en\/a-delegation-of-representatives-from-the-fourth-estate-visited-rijeka-2020-today-we-spent-time-with-the-press\/#breadcrumb","itemListElement":[{"@type":"ListItem","position":1,"name":"Home","item":"https:\/\/rijeka2020.eu\/en\/"},{"@type":"ListItem","position":2,"name":"A delegation of representatives from the \u201cFourth Estate\u201d visited Rijeka 2020: today we spent time with the press"}]},{"@type":"WebSite","@id":"https:\/\/rijeka2020.eu\/en\/#website","url":"https:\/\/rijeka2020.eu\/en\/","name":"Rijeka 2020","description":"Europska prijestolnica kulture","publisher":{"@id":"https:\/\/rijeka2020.eu\/en\/#organization"},"potentialAction":[{"@type":"SearchAction","target":{"@type":"EntryPoint","urlTemplate":"https:\/\/rijeka2020.eu\/en\/?s={search_term_string}"},"query-input":{"@type":"PropertyValueSpecification","valueRequired":true,"valueName":"search_term_string"}}],"inLanguage":"en-US"},{"@type":"Organization","@id":"https:\/\/rijeka2020.eu\/en\/#organization","name":"Rijeka 2020 d.o.o.","url":"https:\/\/rijeka2020.eu\/en\/","logo":{"@type":"ImageObject","inLanguage":"en-US","@id":"https:\/\/rijeka2020.eu\/en\/#\/schema\/logo\/image\/","url":"https:\/\/rijeka2020.eu\/wp-content\/uploads\/2018\/07\/Ri2020-logo.png","contentUrl":"https:\/\/rijeka2020.eu\/wp-content\/uploads\/2018\/07\/Ri2020-logo.png","width":407,"height":175,"caption":"Rijeka 2020 d.o.o."},"image":{"@id":"https:\/\/rijeka2020.eu\/en\/#\/schema\/logo\/image\/"},"sameAs":["https:\/\/www.facebook.com\/rijeka2020","https:\/\/x.com\/Rijeka2020","https:\/\/www.instagram.com\/rijeka2020\/","https:\/\/www.youtube.com\/user\/riepk2020"]},{"@type":"Person","@id":"https:\/\/rijeka2020.eu\/en\/#\/schema\/person\/9c12d91df8c45bc534f625d9c81f403d","name":"Rijeka 2020","url":"https:\/\/ri2020.eu\/en\/author\/lsm\/"}]}},"_links":{"self":[{"href":"https:\/\/ri2020.eu\/en\/wp-json\/wp\/v2\/posts\/13786","targetHints":{"allow":["GET"]}}],"collection":[{"href":"https:\/\/ri2020.eu\/en\/wp-json\/wp\/v2\/posts"}],"about":[{"href":"https:\/\/ri2020.eu\/en\/wp-json\/wp\/v2\/types\/post"}],"author":[{"embeddable":true,"href":"https:\/\/ri2020.eu\/en\/wp-json\/wp\/v2\/users\/72"}],"replies":[{"embeddable":true,"href":"https:\/\/ri2020.eu\/en\/wp-json\/wp\/v2\/comments?post=13786"}],"version-history":[{"count":0,"href":"https:\/\/ri2020.eu\/en\/wp-json\/wp\/v2\/posts\/13786\/revisions"}],"wp:featuredmedia":[{"embeddable":true,"href":"https:\/\/ri2020.eu\/en\/wp-json\/wp\/v2\/media\/13032"}],"wp:attachment":[{"href":"https:\/\/ri2020.eu\/en\/wp-json\/wp\/v2\/media?parent=13786"}],"wp:term":[{"taxonomy":"category","embeddable":true,"href":"https:\/\/ri2020.eu\/en\/wp-json\/wp\/v2\/categories?post=13786"},{"taxonomy":"post_tag","embeddable":true,"href":"https:\/\/ri2020.eu\/en\/wp-json\/wp\/v2\/tags?post=13786"}],"curies":[{"name":"wp","href":"https:\/\/api.w.org\/{rel}","templated":true}]}}