{"id":13784,"date":"2018-05-29T12:11:53","date_gmt":"2018-05-29T10:11:53","guid":{"rendered":"http:\/\/rijeka2020.eu\/?p=13784\/"},"modified":"2018-06-26T12:14:49","modified_gmt":"2018-06-26T10:14:49","slug":"the-furioza-cycle-starts-on-15-june-with-a-free-concert-by-the-band-puncke-on-the-delta","status":"publish","type":"post","link":"https:\/\/ri2020.eu\/en\/the-furioza-cycle-starts-on-15-june-with-a-free-concert-by-the-band-puncke-on-the-delta\/","title":{"rendered":"The Furioza Cycle starts on 15 June with a free concert by the band Pun\u010dke on the Delta"},"content":{"rendered":"<p>The first summer season of the Furioza Cycle opens on Friday, 15 June, with the concert by the energetic post-punk band Pun\u010dke, whose Rijeka concert straddles their recent successful European and their Asian tour announced for this autumn.<\/p>\n<p>The Pun\u010dke performance will, among other things, feature new material from the recently released EP Waves (Valovi), as well as their new drummer Goran Nje\u017ei\u0107, who with Lucija Iv\u0161i\u0107 (vocals, guitar) and Anja Tkalec (bass) forms the successful trio. The open-air concert will be held in the industrial zone, the so-called Delta 5, in front of the former Ivex building, as part of the afternoon and evening event Delta Open.<\/p>\n<p>&nbsp;<\/p>\n<p><img loading=\"lazy\" decoding=\"async\" class=\"alignnone wp-image-13006 size-large\" src=\"https:\/\/rijeka2020.eu\/wp-content\/uploads\/2018\/05\/Lokacija-_Delta-5-ex-Ivex-_foto-Petar-Fabijan-1024x683.jpg\" alt=\"\" width=\"640\" height=\"427\" srcset=\"https:\/\/ri2020.eu\/wp-content\/uploads\/2018\/05\/Lokacija-_Delta-5-ex-Ivex-_foto-Petar-Fabijan-1024x683.jpg 1024w, https:\/\/ri2020.eu\/wp-content\/uploads\/2018\/05\/Lokacija-_Delta-5-ex-Ivex-_foto-Petar-Fabijan-248x165.jpg 248w, https:\/\/ri2020.eu\/wp-content\/uploads\/2018\/05\/Lokacija-_Delta-5-ex-Ivex-_foto-Petar-Fabijan-768x512.jpg 768w, https:\/\/ri2020.eu\/wp-content\/uploads\/2018\/05\/Lokacija-_Delta-5-ex-Ivex-_foto-Petar-Fabijan-250x167.jpg 250w, https:\/\/ri2020.eu\/wp-content\/uploads\/2018\/05\/Lokacija-_Delta-5-ex-Ivex-_foto-Petar-Fabijan-420x280.jpg 420w, https:\/\/ri2020.eu\/wp-content\/uploads\/2018\/05\/Lokacija-_Delta-5-ex-Ivex-_foto-Petar-Fabijan.jpg 1620w\" sizes=\"auto, (max-width: 640px) 100vw, 640px\" \/><\/p>\n<p>The Delta open programme starts late in the afternoon when the tenants of the Delta 5 building \u2013 cultural associations, artists, musicians, architects and others \u2013 will introduce themselves to all interested visitors through plays, screenings, workshops, lectures, performances and studio open-door events enabling visitors to meet and \u2018chat with the artists\u2019.<\/p>\n<p>Participants of the programme are: RE:EASA, the Rijeka Mountaineering Association, Artists Run Space \u2013 Delta 5, ProPuh, Croatian National Theatre \u201cIvan pl. Zajc\u201d Rijeka, the Acting and Media undergraduate course \u2013 UniRi, the Spoons and Guitar band (\u017dlice i gitara) and the Pensioners Association. In the yard in front of the building, \u2018workers\u2019 gastronomy\u2019 dishes will be served with the music accompaniment by DJ Ana Antonova. After nightfall in the Delta, the Pun\u010dke concert will begin. The programme is completely free of charge for visitors.<\/p>\n","protected":false},"excerpt":{"rendered":"<p>The Kitchen flagship presents a new musical programme \u2013 the Furioza Cycle. This summer, four superb open-air venues in Rijeka will see concerts by female musicians, representing various musical genres.<\/p>\n","protected":false},"author":72,"featured_media":13182,"comment_status":"open","ping_status":"open","sticky":false,"template":"","format":"standard","meta":{"_acf_changed":false,"footnotes":""},"categories":[2959,2731],"tags":[],"class_list":["post-13784","post","type-post","status-publish","format-standard","has-post-thumbnail","hentry","category-kitchen-of-diversity","category-news"],"acf":[],"yoast_head":"<!-- This site is optimized with the Yoast SEO plugin v26.8 - https:\/\/yoast.com\/product\/yoast-seo-wordpress\/ -->\n<title>The Furioza Cycle starts on 15 June with a free concert by the band Pun\u010dke on the Delta &#8226; Rijeka 2020<\/title>\n<meta name=\"robots\" content=\"index, follow, max-snippet:-1, max-image-preview:large, max-video-preview:-1\" \/>\n<link rel=\"canonical\" href=\"https:\/\/ri2020.eu\/en\/the-furioza-cycle-starts-on-15-june-with-a-free-concert-by-the-band-puncke-on-the-delta\/\" \/>\n<meta property=\"og:locale\" content=\"en_US\" \/>\n<meta property=\"og:type\" content=\"article\" \/>\n<meta property=\"og:title\" content=\"The Furioza Cycle starts on 15 June with a free concert by the band Pun\u010dke on the Delta &#8226; Rijeka 2020\" \/>\n<meta property=\"og:description\" content=\"The Kitchen flagship presents a new musical programme \u2013 the Furioza Cycle. This summer, four superb open-air venues in Rijeka will see concerts by female musicians, representing various musical genres.\" \/>\n<meta property=\"og:url\" content=\"https:\/\/ri2020.eu\/en\/the-furioza-cycle-starts-on-15-june-with-a-free-concert-by-the-band-puncke-on-the-delta\/\" \/>\n<meta property=\"og:site_name\" content=\"Rijeka 2020\" \/>\n<meta property=\"article:publisher\" content=\"https:\/\/www.facebook.com\/rijeka2020\" \/>\n<meta property=\"article:published_time\" content=\"2018-05-29T10:11:53+00:00\" \/>\n<meta property=\"article:modified_time\" content=\"2018-06-26T10:14:49+00:00\" \/>\n<meta property=\"og:image\" content=\"https:\/\/ri2020.eu\/wp-content\/uploads\/2018\/06\/ciklus-furioza.jpg\" \/>\n\t<meta property=\"og:image:width\" content=\"2048\" \/>\n\t<meta property=\"og:image:height\" content=\"1071\" \/>\n\t<meta property=\"og:image:type\" content=\"image\/jpeg\" \/>\n<meta name=\"author\" content=\"Rijeka 2020\" \/>\n<meta name=\"twitter:card\" content=\"summary_large_image\" \/>\n<meta name=\"twitter:creator\" content=\"@Rijeka2020\" \/>\n<meta name=\"twitter:site\" content=\"@Rijeka2020\" \/>\n<meta name=\"twitter:label1\" content=\"Written by\" \/>\n\t<meta name=\"twitter:data1\" content=\"Rijeka 2020\" \/>\n\t<meta name=\"twitter:label2\" content=\"Est. reading time\" \/>\n\t<meta name=\"twitter:data2\" content=\"1 minute\" \/>\n<script type=\"application\/ld+json\" class=\"yoast-schema-graph\">{\"@context\":\"https:\/\/schema.org\",\"@graph\":[{\"@type\":\"Article\",\"@id\":\"https:\/\/ri2020.eu\/en\/the-furioza-cycle-starts-on-15-june-with-a-free-concert-by-the-band-puncke-on-the-delta\/#article\",\"isPartOf\":{\"@id\":\"https:\/\/ri2020.eu\/en\/the-furioza-cycle-starts-on-15-june-with-a-free-concert-by-the-band-puncke-on-the-delta\/\"},\"author\":{\"name\":\"Rijeka 2020\",\"@id\":\"https:\/\/ri2020.eu\/en\/#\/schema\/person\/9c12d91df8c45bc534f625d9c81f403d\"},\"headline\":\"The Furioza Cycle starts on 15 June with a free concert by the band Pun\u010dke on the Delta\",\"datePublished\":\"2018-05-29T10:11:53+00:00\",\"dateModified\":\"2018-06-26T10:14:49+00:00\",\"mainEntityOfPage\":{\"@id\":\"https:\/\/ri2020.eu\/en\/the-furioza-cycle-starts-on-15-june-with-a-free-concert-by-the-band-puncke-on-the-delta\/\"},\"wordCount\":262,\"commentCount\":0,\"publisher\":{\"@id\":\"https:\/\/ri2020.eu\/en\/#organization\"},\"image\":{\"@id\":\"https:\/\/ri2020.eu\/en\/the-furioza-cycle-starts-on-15-june-with-a-free-concert-by-the-band-puncke-on-the-delta\/#primaryimage\"},\"thumbnailUrl\":\"https:\/\/ri2020.eu\/wp-content\/uploads\/2018\/06\/ciklus-furioza.jpg\",\"articleSection\":[\"Kitchen of Diversity\",\"News\"],\"inLanguage\":\"en-US\",\"potentialAction\":[{\"@type\":\"CommentAction\",\"name\":\"Comment\",\"target\":[\"https:\/\/ri2020.eu\/en\/the-furioza-cycle-starts-on-15-june-with-a-free-concert-by-the-band-puncke-on-the-delta\/#respond\"]}]},{\"@type\":\"WebPage\",\"@id\":\"https:\/\/ri2020.eu\/en\/the-furioza-cycle-starts-on-15-june-with-a-free-concert-by-the-band-puncke-on-the-delta\/\",\"url\":\"https:\/\/ri2020.eu\/en\/the-furioza-cycle-starts-on-15-june-with-a-free-concert-by-the-band-puncke-on-the-delta\/\",\"name\":\"The Furioza Cycle starts on 15 June with a free concert by the band Pun\u010dke on the Delta &#8226; Rijeka 2020\",\"isPartOf\":{\"@id\":\"https:\/\/ri2020.eu\/en\/#website\"},\"primaryImageOfPage\":{\"@id\":\"https:\/\/ri2020.eu\/en\/the-furioza-cycle-starts-on-15-june-with-a-free-concert-by-the-band-puncke-on-the-delta\/#primaryimage\"},\"image\":{\"@id\":\"https:\/\/ri2020.eu\/en\/the-furioza-cycle-starts-on-15-june-with-a-free-concert-by-the-band-puncke-on-the-delta\/#primaryimage\"},\"thumbnailUrl\":\"https:\/\/ri2020.eu\/wp-content\/uploads\/2018\/06\/ciklus-furioza.jpg\",\"datePublished\":\"2018-05-29T10:11:53+00:00\",\"dateModified\":\"2018-06-26T10:14:49+00:00\",\"breadcrumb\":{\"@id\":\"https:\/\/ri2020.eu\/en\/the-furioza-cycle-starts-on-15-june-with-a-free-concert-by-the-band-puncke-on-the-delta\/#breadcrumb\"},\"inLanguage\":\"en-US\",\"potentialAction\":[{\"@type\":\"ReadAction\",\"target\":[\"https:\/\/ri2020.eu\/en\/the-furioza-cycle-starts-on-15-june-with-a-free-concert-by-the-band-puncke-on-the-delta\/\"]}]},{\"@type\":\"ImageObject\",\"inLanguage\":\"en-US\",\"@id\":\"https:\/\/ri2020.eu\/en\/the-furioza-cycle-starts-on-15-june-with-a-free-concert-by-the-band-puncke-on-the-delta\/#primaryimage\",\"url\":\"https:\/\/ri2020.eu\/wp-content\/uploads\/2018\/06\/ciklus-furioza.jpg\",\"contentUrl\":\"https:\/\/ri2020.eu\/wp-content\/uploads\/2018\/06\/ciklus-furioza.jpg\",\"width\":2048,\"height\":1071},{\"@type\":\"BreadcrumbList\",\"@id\":\"https:\/\/ri2020.eu\/en\/the-furioza-cycle-starts-on-15-june-with-a-free-concert-by-the-band-puncke-on-the-delta\/#breadcrumb\",\"itemListElement\":[{\"@type\":\"ListItem\",\"position\":1,\"name\":\"Home\",\"item\":\"https:\/\/ri2020.eu\/en\/\"},{\"@type\":\"ListItem\",\"position\":2,\"name\":\"The Furioza Cycle starts on 15 June with a free concert by the band Pun\u010dke on the Delta\"}]},{\"@type\":\"WebSite\",\"@id\":\"https:\/\/ri2020.eu\/en\/#website\",\"url\":\"https:\/\/ri2020.eu\/en\/\",\"name\":\"Rijeka 2020\",\"description\":\"Europska prijestolnica kulture\",\"publisher\":{\"@id\":\"https:\/\/ri2020.eu\/en\/#organization\"},\"potentialAction\":[{\"@type\":\"SearchAction\",\"target\":{\"@type\":\"EntryPoint\",\"urlTemplate\":\"https:\/\/ri2020.eu\/en\/?s={search_term_string}\"},\"query-input\":{\"@type\":\"PropertyValueSpecification\",\"valueRequired\":true,\"valueName\":\"search_term_string\"}}],\"inLanguage\":\"en-US\"},{\"@type\":\"Organization\",\"@id\":\"https:\/\/ri2020.eu\/en\/#organization\",\"name\":\"Rijeka 2020 d.o.o.\",\"url\":\"https:\/\/ri2020.eu\/en\/\",\"logo\":{\"@type\":\"ImageObject\",\"inLanguage\":\"en-US\",\"@id\":\"https:\/\/ri2020.eu\/en\/#\/schema\/logo\/image\/\",\"url\":\"https:\/\/rijeka2020.eu\/wp-content\/uploads\/2018\/07\/Ri2020-logo.png\",\"contentUrl\":\"https:\/\/rijeka2020.eu\/wp-content\/uploads\/2018\/07\/Ri2020-logo.png\",\"width\":407,\"height\":175,\"caption\":\"Rijeka 2020 d.o.o.\"},\"image\":{\"@id\":\"https:\/\/ri2020.eu\/en\/#\/schema\/logo\/image\/\"},\"sameAs\":[\"https:\/\/www.facebook.com\/rijeka2020\",\"https:\/\/x.com\/Rijeka2020\",\"https:\/\/www.instagram.com\/rijeka2020\/\",\"https:\/\/www.youtube.com\/user\/riepk2020\"]},{\"@type\":\"Person\",\"@id\":\"https:\/\/ri2020.eu\/en\/#\/schema\/person\/9c12d91df8c45bc534f625d9c81f403d\",\"name\":\"Rijeka 2020\",\"url\":\"https:\/\/ri2020.eu\/en\/author\/lsm\/\"}]}<\/script>\n<!-- \/ Yoast SEO plugin. -->","yoast_head_json":{"title":"The Furioza Cycle starts on 15 June with a free concert by the band Pun\u010dke on the Delta &#8226; Rijeka 2020","robots":{"index":"index","follow":"follow","max-snippet":"max-snippet:-1","max-image-preview":"max-image-preview:large","max-video-preview":"max-video-preview:-1"},"canonical":"https:\/\/ri2020.eu\/en\/the-furioza-cycle-starts-on-15-june-with-a-free-concert-by-the-band-puncke-on-the-delta\/","og_locale":"en_US","og_type":"article","og_title":"The Furioza Cycle starts on 15 June with a free concert by the band Pun\u010dke on the Delta &#8226; Rijeka 2020","og_description":"The Kitchen flagship presents a new musical programme \u2013 the Furioza Cycle. This summer, four superb open-air venues in Rijeka will see concerts by female musicians, representing various musical genres.","og_url":"https:\/\/ri2020.eu\/en\/the-furioza-cycle-starts-on-15-june-with-a-free-concert-by-the-band-puncke-on-the-delta\/","og_site_name":"Rijeka 2020","article_publisher":"https:\/\/www.facebook.com\/rijeka2020","article_published_time":"2018-05-29T10:11:53+00:00","article_modified_time":"2018-06-26T10:14:49+00:00","og_image":[{"width":2048,"height":1071,"url":"https:\/\/ri2020.eu\/wp-content\/uploads\/2018\/06\/ciklus-furioza.jpg","type":"image\/jpeg"}],"author":"Rijeka 2020","twitter_card":"summary_large_image","twitter_creator":"@Rijeka2020","twitter_site":"@Rijeka2020","twitter_misc":{"Written by":"Rijeka 2020","Est. reading time":"1 minute"},"schema":{"@context":"https:\/\/schema.org","@graph":[{"@type":"Article","@id":"https:\/\/ri2020.eu\/en\/the-furioza-cycle-starts-on-15-june-with-a-free-concert-by-the-band-puncke-on-the-delta\/#article","isPartOf":{"@id":"https:\/\/ri2020.eu\/en\/the-furioza-cycle-starts-on-15-june-with-a-free-concert-by-the-band-puncke-on-the-delta\/"},"author":{"name":"Rijeka 2020","@id":"https:\/\/ri2020.eu\/en\/#\/schema\/person\/9c12d91df8c45bc534f625d9c81f403d"},"headline":"The Furioza Cycle starts on 15 June with a free concert by the band Pun\u010dke on the Delta","datePublished":"2018-05-29T10:11:53+00:00","dateModified":"2018-06-26T10:14:49+00:00","mainEntityOfPage":{"@id":"https:\/\/ri2020.eu\/en\/the-furioza-cycle-starts-on-15-june-with-a-free-concert-by-the-band-puncke-on-the-delta\/"},"wordCount":262,"commentCount":0,"publisher":{"@id":"https:\/\/ri2020.eu\/en\/#organization"},"image":{"@id":"https:\/\/ri2020.eu\/en\/the-furioza-cycle-starts-on-15-june-with-a-free-concert-by-the-band-puncke-on-the-delta\/#primaryimage"},"thumbnailUrl":"https:\/\/ri2020.eu\/wp-content\/uploads\/2018\/06\/ciklus-furioza.jpg","articleSection":["Kitchen of Diversity","News"],"inLanguage":"en-US","potentialAction":[{"@type":"CommentAction","name":"Comment","target":["https:\/\/ri2020.eu\/en\/the-furioza-cycle-starts-on-15-june-with-a-free-concert-by-the-band-puncke-on-the-delta\/#respond"]}]},{"@type":"WebPage","@id":"https:\/\/ri2020.eu\/en\/the-furioza-cycle-starts-on-15-june-with-a-free-concert-by-the-band-puncke-on-the-delta\/","url":"https:\/\/ri2020.eu\/en\/the-furioza-cycle-starts-on-15-june-with-a-free-concert-by-the-band-puncke-on-the-delta\/","name":"The Furioza Cycle starts on 15 June with a free concert by the band Pun\u010dke on the Delta &#8226; Rijeka 2020","isPartOf":{"@id":"https:\/\/ri2020.eu\/en\/#website"},"primaryImageOfPage":{"@id":"https:\/\/ri2020.eu\/en\/the-furioza-cycle-starts-on-15-june-with-a-free-concert-by-the-band-puncke-on-the-delta\/#primaryimage"},"image":{"@id":"https:\/\/ri2020.eu\/en\/the-furioza-cycle-starts-on-15-june-with-a-free-concert-by-the-band-puncke-on-the-delta\/#primaryimage"},"thumbnailUrl":"https:\/\/ri2020.eu\/wp-content\/uploads\/2018\/06\/ciklus-furioza.jpg","datePublished":"2018-05-29T10:11:53+00:00","dateModified":"2018-06-26T10:14:49+00:00","breadcrumb":{"@id":"https:\/\/ri2020.eu\/en\/the-furioza-cycle-starts-on-15-june-with-a-free-concert-by-the-band-puncke-on-the-delta\/#breadcrumb"},"inLanguage":"en-US","potentialAction":[{"@type":"ReadAction","target":["https:\/\/ri2020.eu\/en\/the-furioza-cycle-starts-on-15-june-with-a-free-concert-by-the-band-puncke-on-the-delta\/"]}]},{"@type":"ImageObject","inLanguage":"en-US","@id":"https:\/\/ri2020.eu\/en\/the-furioza-cycle-starts-on-15-june-with-a-free-concert-by-the-band-puncke-on-the-delta\/#primaryimage","url":"https:\/\/ri2020.eu\/wp-content\/uploads\/2018\/06\/ciklus-furioza.jpg","contentUrl":"https:\/\/ri2020.eu\/wp-content\/uploads\/2018\/06\/ciklus-furioza.jpg","width":2048,"height":1071},{"@type":"BreadcrumbList","@id":"https:\/\/ri2020.eu\/en\/the-furioza-cycle-starts-on-15-june-with-a-free-concert-by-the-band-puncke-on-the-delta\/#breadcrumb","itemListElement":[{"@type":"ListItem","position":1,"name":"Home","item":"https:\/\/ri2020.eu\/en\/"},{"@type":"ListItem","position":2,"name":"The Furioza Cycle starts on 15 June with a free concert by the band Pun\u010dke on the Delta"}]},{"@type":"WebSite","@id":"https:\/\/ri2020.eu\/en\/#website","url":"https:\/\/ri2020.eu\/en\/","name":"Rijeka 2020","description":"Europska prijestolnica kulture","publisher":{"@id":"https:\/\/ri2020.eu\/en\/#organization"},"potentialAction":[{"@type":"SearchAction","target":{"@type":"EntryPoint","urlTemplate":"https:\/\/ri2020.eu\/en\/?s={search_term_string}"},"query-input":{"@type":"PropertyValueSpecification","valueRequired":true,"valueName":"search_term_string"}}],"inLanguage":"en-US"},{"@type":"Organization","@id":"https:\/\/ri2020.eu\/en\/#organization","name":"Rijeka 2020 d.o.o.","url":"https:\/\/ri2020.eu\/en\/","logo":{"@type":"ImageObject","inLanguage":"en-US","@id":"https:\/\/ri2020.eu\/en\/#\/schema\/logo\/image\/","url":"https:\/\/rijeka2020.eu\/wp-content\/uploads\/2018\/07\/Ri2020-logo.png","contentUrl":"https:\/\/rijeka2020.eu\/wp-content\/uploads\/2018\/07\/Ri2020-logo.png","width":407,"height":175,"caption":"Rijeka 2020 d.o.o."},"image":{"@id":"https:\/\/ri2020.eu\/en\/#\/schema\/logo\/image\/"},"sameAs":["https:\/\/www.facebook.com\/rijeka2020","https:\/\/x.com\/Rijeka2020","https:\/\/www.instagram.com\/rijeka2020\/","https:\/\/www.youtube.com\/user\/riepk2020"]},{"@type":"Person","@id":"https:\/\/ri2020.eu\/en\/#\/schema\/person\/9c12d91df8c45bc534f625d9c81f403d","name":"Rijeka 2020","url":"https:\/\/ri2020.eu\/en\/author\/lsm\/"}]}},"_links":{"self":[{"href":"https:\/\/ri2020.eu\/en\/wp-json\/wp\/v2\/posts\/13784","targetHints":{"allow":["GET"]}}],"collection":[{"href":"https:\/\/ri2020.eu\/en\/wp-json\/wp\/v2\/posts"}],"about":[{"href":"https:\/\/ri2020.eu\/en\/wp-json\/wp\/v2\/types\/post"}],"author":[{"embeddable":true,"href":"https:\/\/ri2020.eu\/en\/wp-json\/wp\/v2\/users\/72"}],"replies":[{"embeddable":true,"href":"https:\/\/ri2020.eu\/en\/wp-json\/wp\/v2\/comments?post=13784"}],"version-history":[{"count":0,"href":"https:\/\/ri2020.eu\/en\/wp-json\/wp\/v2\/posts\/13784\/revisions"}],"wp:featuredmedia":[{"embeddable":true,"href":"https:\/\/ri2020.eu\/en\/wp-json\/wp\/v2\/media\/13182"}],"wp:attachment":[{"href":"https:\/\/ri2020.eu\/en\/wp-json\/wp\/v2\/media?parent=13784"}],"wp:term":[{"taxonomy":"category","embeddable":true,"href":"https:\/\/ri2020.eu\/en\/wp-json\/wp\/v2\/categories?post=13784"},{"taxonomy":"post_tag","embeddable":true,"href":"https:\/\/ri2020.eu\/en\/wp-json\/wp\/v2\/tags?post=13784"}],"curies":[{"name":"wp","href":"https:\/\/api.w.org\/{rel}","templated":true}]}}