{"id":13632,"date":"2018-06-13T17:30:04","date_gmt":"2018-06-13T15:30:04","guid":{"rendered":"http:\/\/rijeka2020.eu\/?p=13632\/"},"modified":"2019-09-17T16:08:39","modified_gmt":"2019-09-17T14:08:39","slug":"the-long-anticipated-summer-in-the-city-begins-this-very-friday","status":"publish","type":"post","link":"https:\/\/ri2020.eu\/en\/the-long-anticipated-summer-in-the-city-begins-this-very-friday\/","title":{"rendered":"The long-anticipated Summer in the City begun"},"content":{"rendered":"<p>Summer in the City will take place from mid-June to mid-September and will feature a series of events that will bring together well-known summer events typical for Rijeka and introduce many new festivals, concerts, film projections, plays, exhibitions, performances and lectures.<\/p>\n<p>The news was presented during a press conference on Wednesday, 13 June by Vojko Obersnel, Mayor of Rijeka, Emina Vi\u0161ni\u0107, Director of TD Rijeka 2020, Jelena Mili\u0107, Coordinator of Brick House Rijeka 2020 and Lela Vujani\u0107, Programme Manager of The Kitchen.<\/p>\n<p>\u201cThere has been an increasing number of summer events for citizens of Rijeka and visitors alike, so an initiative emerged to put them all together under the same roof. For the &#8220;roof&#8221;, we took The European Capital of Culture project, through which we are currently intensively preparing for 2020, but which also includes many pre-programmes until that time. In this context, the Summer in the Capital was conceived to include some already existing programmes and partners such as Rijeka Summer Nights organised by the Croatian National Theatre &#8220;Ivan pl. Zajc&#8221; (28\/06 \u2013 18\/07), Summer on Gradina (07\/07 \u2013 02\/09), Summer Art Cinema (15\/06 \u2013 27\/07) and Summer School by the Center for Advanced Studies of South East Europe at University of Rijeka (18\/0622\/06), and some new programmes as well\u201d, Obersnel explained.<\/p>\n<p>&nbsp;<\/p>\n<p><img loading=\"lazy\" decoding=\"async\" class=\"alignnone wp-image-13511 size-large\" src=\"https:\/\/rijeka2020.eu\/wp-content\/uploads\/2018\/06\/LJUP_konferencija-za-medije-1024x768.jpg\" alt=\"\" width=\"640\" height=\"480\" srcset=\"https:\/\/ri2020.eu\/wp-content\/uploads\/2018\/06\/LJUP_konferencija-za-medije-1024x768.jpg 1024w, https:\/\/ri2020.eu\/wp-content\/uploads\/2018\/06\/LJUP_konferencija-za-medije-220x165.jpg 220w, https:\/\/ri2020.eu\/wp-content\/uploads\/2018\/06\/LJUP_konferencija-za-medije-768x576.jpg 768w, https:\/\/ri2020.eu\/wp-content\/uploads\/2018\/06\/LJUP_konferencija-za-medije-250x188.jpg 250w, https:\/\/ri2020.eu\/wp-content\/uploads\/2018\/06\/LJUP_konferencija-za-medije-420x315.jpg 420w\" sizes=\"auto, (max-width: 640px) 100vw, 640px\" \/><\/p>\n<p>&nbsp;<\/p>\n<p>Since as many as 40 programme and project partners joined forces to develop and organise the programmes, Emina Vi\u0161ni\u0107 was happy to be able to invite everyone to \u201ca summer-long get-together with culture\u201d that will take place at the many locations on the streets of Rijeka, thanks to the City of Rijeka as the holder of the Capital of Culture title.<\/p>\n<p>\u201cThis summer, we have focused on the area of Delta, i.e. this very building located at the address Delta 5, Exportdrvo and various other locations that have been covered by the Sweet &amp; Salty programme, featuring the area where fresh water of the Rje\u010dina river enters the sea. The Port Authority Rijeka is an important partner as well, letting us use the facilities that are not often put into such use, which makes the programme even more appealing\u201d, Vi\u0161ni\u0107 stated.<\/p>\n<p>The first event in the Summer in the Capital series is scheduled for 15 June, with a concert by Pun\u010dke at Delta 5 as part of a new musical series Ciklus Furioza . Entitled Open Delta, the local building situated at this address will open its doors before the concert, which will commence at 9.30 p.m. Visitors will mingle with the building\u2019s occupants side-by-side with a gastro offering.<\/p>\n<p>On the occasion of the Anti-fascist Struggle Day in June, the square Titov trg will host a musical performance by Zbor crvene Rijeke (Rijeka Red Choir) on 23 June, while a theatrical performance Welcome at Kantrida Swimming Pools on 26 June will send a strong message about the refugee crisis.<\/p>\n<p>From 27 June to 28 July, Slide Festival \u2013 Active Holidays for Children will be scattered across multiple locations in Rijeka in joint organisation by Art-cinema, City Puppet Theatre Rijeka, MMSU (Museum of Modern and Contemporary Art) and Youth Council Ben\u010di\u0107. The festival will open with an \u201cinsect invasion\u201d on the stretch from Trg 128. brigade Hrvatske vojske to Exportdrvo on 27 June at 8 p.m.<\/p>\n<p>A series of art interventions entitled Spajalica (Paper Clip) will be presented in public areas of Rijeka and the 2nd Biennial of Industrial Art will present more than 20 local and international contemporary artists in Labin, Ra\u0161a, Pula, Vodnjan and at the Rijeka MMSU (Museum of Modern and Contemporary Art), beginning on 20 July.<\/p>\n<p><img loading=\"lazy\" decoding=\"async\" class=\"alignnone wp-image-13518 size-large\" src=\"https:\/\/rijeka2020.eu\/wp-content\/uploads\/2018\/06\/LJUP_konferencija-za-medije.4-1024x768.jpg\" alt=\"\" width=\"640\" height=\"480\" srcset=\"https:\/\/ri2020.eu\/wp-content\/uploads\/2018\/06\/LJUP_konferencija-za-medije.4-1024x768.jpg 1024w, https:\/\/ri2020.eu\/wp-content\/uploads\/2018\/06\/LJUP_konferencija-za-medije.4-220x165.jpg 220w, https:\/\/ri2020.eu\/wp-content\/uploads\/2018\/06\/LJUP_konferencija-za-medije.4-768x576.jpg 768w, https:\/\/ri2020.eu\/wp-content\/uploads\/2018\/06\/LJUP_konferencija-za-medije.4-250x188.jpg 250w, https:\/\/ri2020.eu\/wp-content\/uploads\/2018\/06\/LJUP_konferencija-za-medije.4-420x315.jpg 420w\" sizes=\"auto, (max-width: 640px) 100vw, 640px\" \/><\/p>\n<p>From 21 June, Rijeka will also host EASA, the most important conference of young architects, while a new music festival Sailor Sweet&amp;Salt will take place on 27 and 28 July at locations Ex Port Delta and Torpedo, organised by Klub ljubitelja buke (Noise Fan Club).<\/p>\n<p>August, the summer\u2019s warmest month, has two exceptional music events in store: the Chelsea Wolfe &amp; Brutus concert on 1 August at Trsatska Gradina and a concert by the famous Americana band Calexico, which will be held on 13 August with My Buddy Moose as the opening act.<\/p>\n<p>Summer in the Capital will end with the second edition of the Porto Etno Music and Gastronomy Festival on 7 and 8 September, at the Exportdrvo building, with performances by numerous international Ethno-Jazz musicians, followed by a gastronomy fair organised by various minorities and friendship associations from Rijeka and Primorsko-goranska county.<\/p>\n<p>Summer in the Capital is under the patronage of the City of Rijeka, Croatian Ministry of Culture, Rijeka Tourist Board, Primorsko-goranska County, Croatian Ministry of Tourism and University of Rijeka.<\/p>\n","protected":false},"excerpt":{"rendered":"<p>After Summer on Gradina, Rijeka Summer Nights and a host of other happenings that turned streets and squares of Rijeka into stages and entertainment venues, Rijeka 2020 \u2013 European Capital of Culture now comes into the fold to help conceive and organise events this summer.<\/p>\n","protected":false},"author":72,"featured_media":13633,"comment_status":"closed","ping_status":"closed","sticky":false,"template":"","format":"standard","meta":{"_acf_changed":false,"footnotes":""},"categories":[2959,2731,2961],"tags":[],"class_list":["post-13632","post","type-post","status-publish","format-standard","has-post-thumbnail","hentry","category-kitchen-of-diversity","category-news","category-porto-etno"],"acf":[],"yoast_head":"<!-- This site is optimized with the Yoast SEO plugin v26.8 - https:\/\/yoast.com\/product\/yoast-seo-wordpress\/ -->\n<title>The long-anticipated Summer in the City begun &#8226; Rijeka 2020<\/title>\n<meta name=\"robots\" content=\"index, follow, max-snippet:-1, max-image-preview:large, max-video-preview:-1\" \/>\n<link rel=\"canonical\" href=\"https:\/\/ri2020.eu\/en\/the-long-anticipated-summer-in-the-city-begins-this-very-friday\/\" \/>\n<meta property=\"og:locale\" content=\"en_US\" \/>\n<meta property=\"og:type\" content=\"article\" \/>\n<meta property=\"og:title\" content=\"The long-anticipated Summer in the City begun &#8226; Rijeka 2020\" \/>\n<meta property=\"og:description\" content=\"After Summer on Gradina, Rijeka Summer Nights and a host of other happenings that turned streets and squares of Rijeka into stages and entertainment venues, Rijeka 2020 \u2013 European Capital of Culture now comes into the fold to help conceive and organise events this summer.\" \/>\n<meta property=\"og:url\" content=\"https:\/\/ri2020.eu\/en\/the-long-anticipated-summer-in-the-city-begins-this-very-friday\/\" \/>\n<meta property=\"og:site_name\" content=\"Rijeka 2020\" \/>\n<meta property=\"article:publisher\" content=\"https:\/\/www.facebook.com\/rijeka2020\" \/>\n<meta property=\"article:published_time\" content=\"2018-06-13T15:30:04+00:00\" \/>\n<meta property=\"article:modified_time\" content=\"2019-09-17T14:08:39+00:00\" \/>\n<meta property=\"og:image\" content=\"https:\/\/ri2020.eu\/wp-content\/uploads\/2018\/06\/1600-x-400-prikaz_eng_1.jpg\" \/>\n\t<meta property=\"og:image:width\" content=\"1600\" \/>\n\t<meta property=\"og:image:height\" content=\"400\" \/>\n\t<meta property=\"og:image:type\" content=\"image\/jpeg\" \/>\n<meta name=\"author\" content=\"Rijeka 2020\" \/>\n<meta name=\"twitter:card\" content=\"summary_large_image\" \/>\n<meta name=\"twitter:creator\" content=\"@Rijeka2020\" \/>\n<meta name=\"twitter:site\" content=\"@Rijeka2020\" \/>\n<meta name=\"twitter:label1\" content=\"Written by\" \/>\n\t<meta name=\"twitter:data1\" content=\"Rijeka 2020\" \/>\n\t<meta name=\"twitter:label2\" content=\"Est. reading time\" \/>\n\t<meta name=\"twitter:data2\" content=\"4 minutes\" \/>\n<script type=\"application\/ld+json\" class=\"yoast-schema-graph\">{\"@context\":\"https:\/\/schema.org\",\"@graph\":[{\"@type\":\"Article\",\"@id\":\"https:\/\/ri2020.eu\/en\/the-long-anticipated-summer-in-the-city-begins-this-very-friday\/#article\",\"isPartOf\":{\"@id\":\"https:\/\/ri2020.eu\/en\/the-long-anticipated-summer-in-the-city-begins-this-very-friday\/\"},\"author\":{\"name\":\"Rijeka 2020\",\"@id\":\"https:\/\/ri2020.eu\/en\/#\/schema\/person\/9c12d91df8c45bc534f625d9c81f403d\"},\"headline\":\"The long-anticipated Summer in the City begun\",\"datePublished\":\"2018-06-13T15:30:04+00:00\",\"dateModified\":\"2019-09-17T14:08:39+00:00\",\"mainEntityOfPage\":{\"@id\":\"https:\/\/ri2020.eu\/en\/the-long-anticipated-summer-in-the-city-begins-this-very-friday\/\"},\"wordCount\":752,\"publisher\":{\"@id\":\"https:\/\/ri2020.eu\/en\/#organization\"},\"image\":{\"@id\":\"https:\/\/ri2020.eu\/en\/the-long-anticipated-summer-in-the-city-begins-this-very-friday\/#primaryimage\"},\"thumbnailUrl\":\"https:\/\/ri2020.eu\/wp-content\/uploads\/2018\/06\/1600-x-400-prikaz_eng_1.jpg\",\"articleSection\":[\"Kitchen of Diversity\",\"News\",\"Porto etno\"],\"inLanguage\":\"en-US\"},{\"@type\":\"WebPage\",\"@id\":\"https:\/\/ri2020.eu\/en\/the-long-anticipated-summer-in-the-city-begins-this-very-friday\/\",\"url\":\"https:\/\/ri2020.eu\/en\/the-long-anticipated-summer-in-the-city-begins-this-very-friday\/\",\"name\":\"The long-anticipated Summer in the City begun &#8226; Rijeka 2020\",\"isPartOf\":{\"@id\":\"https:\/\/ri2020.eu\/en\/#website\"},\"primaryImageOfPage\":{\"@id\":\"https:\/\/ri2020.eu\/en\/the-long-anticipated-summer-in-the-city-begins-this-very-friday\/#primaryimage\"},\"image\":{\"@id\":\"https:\/\/ri2020.eu\/en\/the-long-anticipated-summer-in-the-city-begins-this-very-friday\/#primaryimage\"},\"thumbnailUrl\":\"https:\/\/ri2020.eu\/wp-content\/uploads\/2018\/06\/1600-x-400-prikaz_eng_1.jpg\",\"datePublished\":\"2018-06-13T15:30:04+00:00\",\"dateModified\":\"2019-09-17T14:08:39+00:00\",\"breadcrumb\":{\"@id\":\"https:\/\/ri2020.eu\/en\/the-long-anticipated-summer-in-the-city-begins-this-very-friday\/#breadcrumb\"},\"inLanguage\":\"en-US\",\"potentialAction\":[{\"@type\":\"ReadAction\",\"target\":[\"https:\/\/ri2020.eu\/en\/the-long-anticipated-summer-in-the-city-begins-this-very-friday\/\"]}]},{\"@type\":\"ImageObject\",\"inLanguage\":\"en-US\",\"@id\":\"https:\/\/ri2020.eu\/en\/the-long-anticipated-summer-in-the-city-begins-this-very-friday\/#primaryimage\",\"url\":\"https:\/\/ri2020.eu\/wp-content\/uploads\/2018\/06\/1600-x-400-prikaz_eng_1.jpg\",\"contentUrl\":\"https:\/\/ri2020.eu\/wp-content\/uploads\/2018\/06\/1600-x-400-prikaz_eng_1.jpg\",\"width\":1600,\"height\":400},{\"@type\":\"BreadcrumbList\",\"@id\":\"https:\/\/ri2020.eu\/en\/the-long-anticipated-summer-in-the-city-begins-this-very-friday\/#breadcrumb\",\"itemListElement\":[{\"@type\":\"ListItem\",\"position\":1,\"name\":\"Home\",\"item\":\"https:\/\/ri2020.eu\/en\/\"},{\"@type\":\"ListItem\",\"position\":2,\"name\":\"The long-anticipated Summer in the City begun\"}]},{\"@type\":\"WebSite\",\"@id\":\"https:\/\/ri2020.eu\/en\/#website\",\"url\":\"https:\/\/ri2020.eu\/en\/\",\"name\":\"Rijeka 2020\",\"description\":\"Europska prijestolnica kulture\",\"publisher\":{\"@id\":\"https:\/\/ri2020.eu\/en\/#organization\"},\"potentialAction\":[{\"@type\":\"SearchAction\",\"target\":{\"@type\":\"EntryPoint\",\"urlTemplate\":\"https:\/\/ri2020.eu\/en\/?s={search_term_string}\"},\"query-input\":{\"@type\":\"PropertyValueSpecification\",\"valueRequired\":true,\"valueName\":\"search_term_string\"}}],\"inLanguage\":\"en-US\"},{\"@type\":\"Organization\",\"@id\":\"https:\/\/ri2020.eu\/en\/#organization\",\"name\":\"Rijeka 2020 d.o.o.\",\"url\":\"https:\/\/ri2020.eu\/en\/\",\"logo\":{\"@type\":\"ImageObject\",\"inLanguage\":\"en-US\",\"@id\":\"https:\/\/ri2020.eu\/en\/#\/schema\/logo\/image\/\",\"url\":\"https:\/\/rijeka2020.eu\/wp-content\/uploads\/2018\/07\/Ri2020-logo.png\",\"contentUrl\":\"https:\/\/rijeka2020.eu\/wp-content\/uploads\/2018\/07\/Ri2020-logo.png\",\"width\":407,\"height\":175,\"caption\":\"Rijeka 2020 d.o.o.\"},\"image\":{\"@id\":\"https:\/\/ri2020.eu\/en\/#\/schema\/logo\/image\/\"},\"sameAs\":[\"https:\/\/www.facebook.com\/rijeka2020\",\"https:\/\/x.com\/Rijeka2020\",\"https:\/\/www.instagram.com\/rijeka2020\/\",\"https:\/\/www.youtube.com\/user\/riepk2020\"]},{\"@type\":\"Person\",\"@id\":\"https:\/\/ri2020.eu\/en\/#\/schema\/person\/9c12d91df8c45bc534f625d9c81f403d\",\"name\":\"Rijeka 2020\",\"url\":\"https:\/\/ri2020.eu\/en\/author\/lsm\/\"}]}<\/script>\n<!-- \/ Yoast SEO plugin. -->","yoast_head_json":{"title":"The long-anticipated Summer in the City begun &#8226; Rijeka 2020","robots":{"index":"index","follow":"follow","max-snippet":"max-snippet:-1","max-image-preview":"max-image-preview:large","max-video-preview":"max-video-preview:-1"},"canonical":"https:\/\/ri2020.eu\/en\/the-long-anticipated-summer-in-the-city-begins-this-very-friday\/","og_locale":"en_US","og_type":"article","og_title":"The long-anticipated Summer in the City begun &#8226; Rijeka 2020","og_description":"After Summer on Gradina, Rijeka Summer Nights and a host of other happenings that turned streets and squares of Rijeka into stages and entertainment venues, Rijeka 2020 \u2013 European Capital of Culture now comes into the fold to help conceive and organise events this summer.","og_url":"https:\/\/ri2020.eu\/en\/the-long-anticipated-summer-in-the-city-begins-this-very-friday\/","og_site_name":"Rijeka 2020","article_publisher":"https:\/\/www.facebook.com\/rijeka2020","article_published_time":"2018-06-13T15:30:04+00:00","article_modified_time":"2019-09-17T14:08:39+00:00","og_image":[{"width":1600,"height":400,"url":"https:\/\/ri2020.eu\/wp-content\/uploads\/2018\/06\/1600-x-400-prikaz_eng_1.jpg","type":"image\/jpeg"}],"author":"Rijeka 2020","twitter_card":"summary_large_image","twitter_creator":"@Rijeka2020","twitter_site":"@Rijeka2020","twitter_misc":{"Written by":"Rijeka 2020","Est. reading time":"4 minutes"},"schema":{"@context":"https:\/\/schema.org","@graph":[{"@type":"Article","@id":"https:\/\/ri2020.eu\/en\/the-long-anticipated-summer-in-the-city-begins-this-very-friday\/#article","isPartOf":{"@id":"https:\/\/ri2020.eu\/en\/the-long-anticipated-summer-in-the-city-begins-this-very-friday\/"},"author":{"name":"Rijeka 2020","@id":"https:\/\/ri2020.eu\/en\/#\/schema\/person\/9c12d91df8c45bc534f625d9c81f403d"},"headline":"The long-anticipated Summer in the City begun","datePublished":"2018-06-13T15:30:04+00:00","dateModified":"2019-09-17T14:08:39+00:00","mainEntityOfPage":{"@id":"https:\/\/ri2020.eu\/en\/the-long-anticipated-summer-in-the-city-begins-this-very-friday\/"},"wordCount":752,"publisher":{"@id":"https:\/\/ri2020.eu\/en\/#organization"},"image":{"@id":"https:\/\/ri2020.eu\/en\/the-long-anticipated-summer-in-the-city-begins-this-very-friday\/#primaryimage"},"thumbnailUrl":"https:\/\/ri2020.eu\/wp-content\/uploads\/2018\/06\/1600-x-400-prikaz_eng_1.jpg","articleSection":["Kitchen of Diversity","News","Porto etno"],"inLanguage":"en-US"},{"@type":"WebPage","@id":"https:\/\/ri2020.eu\/en\/the-long-anticipated-summer-in-the-city-begins-this-very-friday\/","url":"https:\/\/ri2020.eu\/en\/the-long-anticipated-summer-in-the-city-begins-this-very-friday\/","name":"The long-anticipated Summer in the City begun &#8226; Rijeka 2020","isPartOf":{"@id":"https:\/\/ri2020.eu\/en\/#website"},"primaryImageOfPage":{"@id":"https:\/\/ri2020.eu\/en\/the-long-anticipated-summer-in-the-city-begins-this-very-friday\/#primaryimage"},"image":{"@id":"https:\/\/ri2020.eu\/en\/the-long-anticipated-summer-in-the-city-begins-this-very-friday\/#primaryimage"},"thumbnailUrl":"https:\/\/ri2020.eu\/wp-content\/uploads\/2018\/06\/1600-x-400-prikaz_eng_1.jpg","datePublished":"2018-06-13T15:30:04+00:00","dateModified":"2019-09-17T14:08:39+00:00","breadcrumb":{"@id":"https:\/\/ri2020.eu\/en\/the-long-anticipated-summer-in-the-city-begins-this-very-friday\/#breadcrumb"},"inLanguage":"en-US","potentialAction":[{"@type":"ReadAction","target":["https:\/\/ri2020.eu\/en\/the-long-anticipated-summer-in-the-city-begins-this-very-friday\/"]}]},{"@type":"ImageObject","inLanguage":"en-US","@id":"https:\/\/ri2020.eu\/en\/the-long-anticipated-summer-in-the-city-begins-this-very-friday\/#primaryimage","url":"https:\/\/ri2020.eu\/wp-content\/uploads\/2018\/06\/1600-x-400-prikaz_eng_1.jpg","contentUrl":"https:\/\/ri2020.eu\/wp-content\/uploads\/2018\/06\/1600-x-400-prikaz_eng_1.jpg","width":1600,"height":400},{"@type":"BreadcrumbList","@id":"https:\/\/ri2020.eu\/en\/the-long-anticipated-summer-in-the-city-begins-this-very-friday\/#breadcrumb","itemListElement":[{"@type":"ListItem","position":1,"name":"Home","item":"https:\/\/ri2020.eu\/en\/"},{"@type":"ListItem","position":2,"name":"The long-anticipated Summer in the City begun"}]},{"@type":"WebSite","@id":"https:\/\/ri2020.eu\/en\/#website","url":"https:\/\/ri2020.eu\/en\/","name":"Rijeka 2020","description":"Europska prijestolnica kulture","publisher":{"@id":"https:\/\/ri2020.eu\/en\/#organization"},"potentialAction":[{"@type":"SearchAction","target":{"@type":"EntryPoint","urlTemplate":"https:\/\/ri2020.eu\/en\/?s={search_term_string}"},"query-input":{"@type":"PropertyValueSpecification","valueRequired":true,"valueName":"search_term_string"}}],"inLanguage":"en-US"},{"@type":"Organization","@id":"https:\/\/ri2020.eu\/en\/#organization","name":"Rijeka 2020 d.o.o.","url":"https:\/\/ri2020.eu\/en\/","logo":{"@type":"ImageObject","inLanguage":"en-US","@id":"https:\/\/ri2020.eu\/en\/#\/schema\/logo\/image\/","url":"https:\/\/rijeka2020.eu\/wp-content\/uploads\/2018\/07\/Ri2020-logo.png","contentUrl":"https:\/\/rijeka2020.eu\/wp-content\/uploads\/2018\/07\/Ri2020-logo.png","width":407,"height":175,"caption":"Rijeka 2020 d.o.o."},"image":{"@id":"https:\/\/ri2020.eu\/en\/#\/schema\/logo\/image\/"},"sameAs":["https:\/\/www.facebook.com\/rijeka2020","https:\/\/x.com\/Rijeka2020","https:\/\/www.instagram.com\/rijeka2020\/","https:\/\/www.youtube.com\/user\/riepk2020"]},{"@type":"Person","@id":"https:\/\/ri2020.eu\/en\/#\/schema\/person\/9c12d91df8c45bc534f625d9c81f403d","name":"Rijeka 2020","url":"https:\/\/ri2020.eu\/en\/author\/lsm\/"}]}},"_links":{"self":[{"href":"https:\/\/ri2020.eu\/en\/wp-json\/wp\/v2\/posts\/13632","targetHints":{"allow":["GET"]}}],"collection":[{"href":"https:\/\/ri2020.eu\/en\/wp-json\/wp\/v2\/posts"}],"about":[{"href":"https:\/\/ri2020.eu\/en\/wp-json\/wp\/v2\/types\/post"}],"author":[{"embeddable":true,"href":"https:\/\/ri2020.eu\/en\/wp-json\/wp\/v2\/users\/72"}],"replies":[{"embeddable":true,"href":"https:\/\/ri2020.eu\/en\/wp-json\/wp\/v2\/comments?post=13632"}],"version-history":[{"count":0,"href":"https:\/\/ri2020.eu\/en\/wp-json\/wp\/v2\/posts\/13632\/revisions"}],"wp:featuredmedia":[{"embeddable":true,"href":"https:\/\/ri2020.eu\/en\/wp-json\/wp\/v2\/media\/13633"}],"wp:attachment":[{"href":"https:\/\/ri2020.eu\/en\/wp-json\/wp\/v2\/media?parent=13632"}],"wp:term":[{"taxonomy":"category","embeddable":true,"href":"https:\/\/ri2020.eu\/en\/wp-json\/wp\/v2\/categories?post=13632"},{"taxonomy":"post_tag","embeddable":true,"href":"https:\/\/ri2020.eu\/en\/wp-json\/wp\/v2\/tags?post=13632"}],"curies":[{"name":"wp","href":"https:\/\/api.w.org\/{rel}","templated":true}]}}