{"id":13536,"date":"2018-04-18T17:33:23","date_gmt":"2018-04-18T15:33:23","guid":{"rendered":"http:\/\/rijeka2020.eu\/?p=13536\/"},"modified":"2018-06-13T17:34:56","modified_gmt":"2018-06-13T15:34:56","slug":"primorje-gorski-kotar-county-municipalities-and-cities-sign-cooperation-agreement-for-rijeka-2020-european-capital-of-culture-project","status":"publish","type":"post","link":"https:\/\/ri2020.eu\/en\/primorje-gorski-kotar-county-municipalities-and-cities-sign-cooperation-agreement-for-rijeka-2020-european-capital-of-culture-project\/","title":{"rendered":"Primorje-Gorski Kotar County municipalities and cities sign cooperation agreement for Rijeka 2020 \u2013 European Capital of Culture project"},"content":{"rendered":"<p>This act formalises the relationship between RIJEKA2020 LLC, the City of Rijeka which bears the ECoC title, and the cities and municipalities across the county which expressed interest in joining the project implementation. These are Bakar, Rab, Delnice, Krk, Opatija, Mali Lo\u0161inj, Novi Vinodolski, Crikvenica, Cres, Kastav, Lovran, Vrbrnik, Matulji, Mo\u0161\u0107eni\u010dka Draga, Jelenje, Fu\u017eine, Kostrena, \u010cavle and Malinska-Duba\u0161nica.<\/p>\n<p>The contract defines the collaboration on two ECoC flagships \u2013 27 Neighbourhoods and Lungomare. According to RIJEKA2020 CEO Emina Vi\u0161ni\u0107, the contract does not in any way exclude collaboration on other ECoC flagships or programmes.<\/p>\n<p>Vojko Obersnel, mayor of the City of Rijeka, stated that the often emphasised significance of the ECoC title for the whole region is not merely a phrase. The unity between a large number of partners constitutes the essence of the project from its very beginning.<\/p>\n<p>\u201cThis is a great opportunity for Europe to see our cultural and social heritage, what we are doing and what we will do, but also to improve our infrastructure, the quality of the personnel in the cultural sector, cooperation of the culture sector with other sectors, and our international visibility in terms of economy and other types of business activities\u201d, said Mayor Obersnel.<\/p>\n<p>He added that Croatia presiding over the European Union in 2020 presents an additional opportunity to promote Rijeka and the region: \u201cWe are currently discussing the possibility of hosting certain events in Rijeka related to Croatia presiding over the EU with the Ministry of Foreign Affairs and the Ministry of Culture.\u201d<\/p>\n<p>Emina Vi\u0161ni\u0107, CEO of RIJEKA2020 LLC, stated that the European Capital of Culture project has an interconnected European, national and regional component so cooperation with units of local self-government is natural in that regard. \u201cThe City of Rijeka shares the ECoC title with its partners \u2013 the Primorje-Gorski Kotar county, the University of Rijeka, neighbouring cities and municipalities and cultural institutions and associations. The goal of RIJEKA2020 is to include as many partners as possible, because that is the only way to leave a lasting legacy in the area.\u201d<\/p>\n<p>Kristijan Jurjako, the mayor of Cres, spoke on behalf of the partner cities and municipalities, congratulating Rijeka on winning the title and expressing content that Rijeka and the county got this opportunity to strengthen the cultural sector. \u201cWe support the European Capital of Culture project in every sense and believe in its success, and Rijeka will present itself in the best possible light in 2020.\u201d<\/p>\n<p>Zlatko Komadina, County President, mentioned that Rijeka has a specific culture and cultural heritage, and pointed out that that cities and municipalities across the county will add a regional tone to the project and that cultural events held throughout the county will create and strengthen the cultural-artistic network. He added that a lot of work, effort and money was invested in the project, and that only by working together in creating and promoting culture can we achieve the desired result \u2013 creating a quality tourist product.<\/p>\n<p>In addition to the Mayor of Rijeka, Primorje-Gorski Kotar County President, CEO of RIJEKA2020 LLC, and the representatives of the 19 cities and counties, the attendees included Deputy Mayors of Rijeka Marko Filipovi\u0107 and Nikola Ivani\u0161, Head of the City of Rijeka Department of Culture Ivan \u0160arar, and Head of the Administrative Department of Culture, Sports and Technical Culture Valerij Jure\u0161i\u0107.<\/p>\n","protected":false},"excerpt":{"rendered":"<p>RIJEKA2020 LLC signed a cooperation agreement today with 19 cities and municipalities in the Primorje-Gorski Kotar County regarding programming within the scope of the largest national cultural project \u2013 European Capital of Culture 2020.<\/p>\n","protected":false},"author":72,"featured_media":12027,"comment_status":"open","ping_status":"open","sticky":false,"template":"","format":"standard","meta":{"_acf_changed":false,"footnotes":""},"categories":[2731],"tags":[],"class_list":["post-13536","post","type-post","status-publish","format-standard","has-post-thumbnail","hentry","category-news"],"acf":[],"yoast_head":"<!-- This site is optimized with the Yoast SEO plugin v26.8 - https:\/\/yoast.com\/product\/yoast-seo-wordpress\/ -->\n<title>Primorje-Gorski Kotar County municipalities and cities sign cooperation agreement for Rijeka 2020 \u2013 European Capital of Culture project &#8226; Rijeka 2020<\/title>\n<meta name=\"robots\" content=\"index, follow, max-snippet:-1, max-image-preview:large, max-video-preview:-1\" \/>\n<link rel=\"canonical\" href=\"https:\/\/ri2020.eu\/en\/primorje-gorski-kotar-county-municipalities-and-cities-sign-cooperation-agreement-for-rijeka-2020-european-capital-of-culture-project\/\" \/>\n<meta property=\"og:locale\" content=\"en_US\" \/>\n<meta property=\"og:type\" content=\"article\" \/>\n<meta property=\"og:title\" content=\"Primorje-Gorski Kotar County municipalities and cities sign cooperation agreement for Rijeka 2020 \u2013 European Capital of Culture project &#8226; Rijeka 2020\" \/>\n<meta property=\"og:description\" content=\"RIJEKA2020 LLC signed a cooperation agreement today with 19 cities and municipalities in the Primorje-Gorski Kotar County regarding programming within the scope of the largest national cultural project \u2013 European Capital of Culture 2020.\" \/>\n<meta property=\"og:url\" content=\"https:\/\/ri2020.eu\/en\/primorje-gorski-kotar-county-municipalities-and-cities-sign-cooperation-agreement-for-rijeka-2020-european-capital-of-culture-project\/\" \/>\n<meta property=\"og:site_name\" content=\"Rijeka 2020\" \/>\n<meta property=\"article:publisher\" content=\"https:\/\/www.facebook.com\/rijeka2020\" \/>\n<meta property=\"article:published_time\" content=\"2018-04-18T15:33:23+00:00\" \/>\n<meta property=\"article:modified_time\" content=\"2018-06-13T15:34:56+00:00\" \/>\n<meta property=\"og:image\" content=\"https:\/\/ri2020.eu\/wp-content\/uploads\/2018\/04\/Potpisan-sporazum-o-suradnji-izme\u0111u-Grada-Rijeke-i-op\u0107ina-PG\u017d-1200-1.jpg\" \/>\n\t<meta property=\"og:image:width\" content=\"1200\" \/>\n\t<meta property=\"og:image:height\" content=\"800\" \/>\n\t<meta property=\"og:image:type\" content=\"image\/jpeg\" \/>\n<meta name=\"author\" content=\"Rijeka 2020\" \/>\n<meta name=\"twitter:card\" content=\"summary_large_image\" \/>\n<meta name=\"twitter:creator\" content=\"@Rijeka2020\" \/>\n<meta name=\"twitter:site\" content=\"@Rijeka2020\" \/>\n<meta name=\"twitter:label1\" content=\"Written by\" \/>\n\t<meta name=\"twitter:data1\" content=\"Rijeka 2020\" \/>\n\t<meta name=\"twitter:label2\" content=\"Est. reading time\" \/>\n\t<meta name=\"twitter:data2\" content=\"3 minutes\" \/>\n<script type=\"application\/ld+json\" class=\"yoast-schema-graph\">{\"@context\":\"https:\/\/schema.org\",\"@graph\":[{\"@type\":\"Article\",\"@id\":\"https:\/\/ri2020.eu\/en\/primorje-gorski-kotar-county-municipalities-and-cities-sign-cooperation-agreement-for-rijeka-2020-european-capital-of-culture-project\/#article\",\"isPartOf\":{\"@id\":\"https:\/\/ri2020.eu\/en\/primorje-gorski-kotar-county-municipalities-and-cities-sign-cooperation-agreement-for-rijeka-2020-european-capital-of-culture-project\/\"},\"author\":{\"name\":\"Rijeka 2020\",\"@id\":\"https:\/\/ri2020.eu\/en\/#\/schema\/person\/9c12d91df8c45bc534f625d9c81f403d\"},\"headline\":\"Primorje-Gorski Kotar County municipalities and cities sign cooperation agreement for Rijeka 2020 \u2013 European Capital of Culture project\",\"datePublished\":\"2018-04-18T15:33:23+00:00\",\"dateModified\":\"2018-06-13T15:34:56+00:00\",\"mainEntityOfPage\":{\"@id\":\"https:\/\/ri2020.eu\/en\/primorje-gorski-kotar-county-municipalities-and-cities-sign-cooperation-agreement-for-rijeka-2020-european-capital-of-culture-project\/\"},\"wordCount\":570,\"commentCount\":0,\"publisher\":{\"@id\":\"https:\/\/ri2020.eu\/en\/#organization\"},\"image\":{\"@id\":\"https:\/\/ri2020.eu\/en\/primorje-gorski-kotar-county-municipalities-and-cities-sign-cooperation-agreement-for-rijeka-2020-european-capital-of-culture-project\/#primaryimage\"},\"thumbnailUrl\":\"https:\/\/ri2020.eu\/wp-content\/uploads\/2018\/04\/Potpisan-sporazum-o-suradnji-izme\u0111u-Grada-Rijeke-i-op\u0107ina-PG\u017d-1200-1.jpg\",\"articleSection\":[\"News\"],\"inLanguage\":\"en-US\",\"potentialAction\":[{\"@type\":\"CommentAction\",\"name\":\"Comment\",\"target\":[\"https:\/\/ri2020.eu\/en\/primorje-gorski-kotar-county-municipalities-and-cities-sign-cooperation-agreement-for-rijeka-2020-european-capital-of-culture-project\/#respond\"]}]},{\"@type\":\"WebPage\",\"@id\":\"https:\/\/ri2020.eu\/en\/primorje-gorski-kotar-county-municipalities-and-cities-sign-cooperation-agreement-for-rijeka-2020-european-capital-of-culture-project\/\",\"url\":\"https:\/\/ri2020.eu\/en\/primorje-gorski-kotar-county-municipalities-and-cities-sign-cooperation-agreement-for-rijeka-2020-european-capital-of-culture-project\/\",\"name\":\"Primorje-Gorski Kotar County municipalities and cities sign cooperation agreement for Rijeka 2020 \u2013 European Capital of Culture project &#8226; Rijeka 2020\",\"isPartOf\":{\"@id\":\"https:\/\/ri2020.eu\/en\/#website\"},\"primaryImageOfPage\":{\"@id\":\"https:\/\/ri2020.eu\/en\/primorje-gorski-kotar-county-municipalities-and-cities-sign-cooperation-agreement-for-rijeka-2020-european-capital-of-culture-project\/#primaryimage\"},\"image\":{\"@id\":\"https:\/\/ri2020.eu\/en\/primorje-gorski-kotar-county-municipalities-and-cities-sign-cooperation-agreement-for-rijeka-2020-european-capital-of-culture-project\/#primaryimage\"},\"thumbnailUrl\":\"https:\/\/ri2020.eu\/wp-content\/uploads\/2018\/04\/Potpisan-sporazum-o-suradnji-izme\u0111u-Grada-Rijeke-i-op\u0107ina-PG\u017d-1200-1.jpg\",\"datePublished\":\"2018-04-18T15:33:23+00:00\",\"dateModified\":\"2018-06-13T15:34:56+00:00\",\"breadcrumb\":{\"@id\":\"https:\/\/ri2020.eu\/en\/primorje-gorski-kotar-county-municipalities-and-cities-sign-cooperation-agreement-for-rijeka-2020-european-capital-of-culture-project\/#breadcrumb\"},\"inLanguage\":\"en-US\",\"potentialAction\":[{\"@type\":\"ReadAction\",\"target\":[\"https:\/\/ri2020.eu\/en\/primorje-gorski-kotar-county-municipalities-and-cities-sign-cooperation-agreement-for-rijeka-2020-european-capital-of-culture-project\/\"]}]},{\"@type\":\"ImageObject\",\"inLanguage\":\"en-US\",\"@id\":\"https:\/\/ri2020.eu\/en\/primorje-gorski-kotar-county-municipalities-and-cities-sign-cooperation-agreement-for-rijeka-2020-european-capital-of-culture-project\/#primaryimage\",\"url\":\"https:\/\/ri2020.eu\/wp-content\/uploads\/2018\/04\/Potpisan-sporazum-o-suradnji-izme\u0111u-Grada-Rijeke-i-op\u0107ina-PG\u017d-1200-1.jpg\",\"contentUrl\":\"https:\/\/ri2020.eu\/wp-content\/uploads\/2018\/04\/Potpisan-sporazum-o-suradnji-izme\u0111u-Grada-Rijeke-i-op\u0107ina-PG\u017d-1200-1.jpg\",\"width\":1200,\"height\":800},{\"@type\":\"BreadcrumbList\",\"@id\":\"https:\/\/ri2020.eu\/en\/primorje-gorski-kotar-county-municipalities-and-cities-sign-cooperation-agreement-for-rijeka-2020-european-capital-of-culture-project\/#breadcrumb\",\"itemListElement\":[{\"@type\":\"ListItem\",\"position\":1,\"name\":\"Home\",\"item\":\"https:\/\/ri2020.eu\/en\/\"},{\"@type\":\"ListItem\",\"position\":2,\"name\":\"Primorje-Gorski Kotar County municipalities and cities sign cooperation agreement for Rijeka 2020 \u2013 European Capital of Culture project\"}]},{\"@type\":\"WebSite\",\"@id\":\"https:\/\/ri2020.eu\/en\/#website\",\"url\":\"https:\/\/ri2020.eu\/en\/\",\"name\":\"Rijeka 2020\",\"description\":\"Europska prijestolnica kulture\",\"publisher\":{\"@id\":\"https:\/\/ri2020.eu\/en\/#organization\"},\"potentialAction\":[{\"@type\":\"SearchAction\",\"target\":{\"@type\":\"EntryPoint\",\"urlTemplate\":\"https:\/\/ri2020.eu\/en\/?s={search_term_string}\"},\"query-input\":{\"@type\":\"PropertyValueSpecification\",\"valueRequired\":true,\"valueName\":\"search_term_string\"}}],\"inLanguage\":\"en-US\"},{\"@type\":\"Organization\",\"@id\":\"https:\/\/ri2020.eu\/en\/#organization\",\"name\":\"Rijeka 2020 d.o.o.\",\"url\":\"https:\/\/ri2020.eu\/en\/\",\"logo\":{\"@type\":\"ImageObject\",\"inLanguage\":\"en-US\",\"@id\":\"https:\/\/ri2020.eu\/en\/#\/schema\/logo\/image\/\",\"url\":\"https:\/\/rijeka2020.eu\/wp-content\/uploads\/2018\/07\/Ri2020-logo.png\",\"contentUrl\":\"https:\/\/rijeka2020.eu\/wp-content\/uploads\/2018\/07\/Ri2020-logo.png\",\"width\":407,\"height\":175,\"caption\":\"Rijeka 2020 d.o.o.\"},\"image\":{\"@id\":\"https:\/\/ri2020.eu\/en\/#\/schema\/logo\/image\/\"},\"sameAs\":[\"https:\/\/www.facebook.com\/rijeka2020\",\"https:\/\/x.com\/Rijeka2020\",\"https:\/\/www.instagram.com\/rijeka2020\/\",\"https:\/\/www.youtube.com\/user\/riepk2020\"]},{\"@type\":\"Person\",\"@id\":\"https:\/\/ri2020.eu\/en\/#\/schema\/person\/9c12d91df8c45bc534f625d9c81f403d\",\"name\":\"Rijeka 2020\",\"url\":\"https:\/\/ri2020.eu\/en\/author\/lsm\/\"}]}<\/script>\n<!-- \/ Yoast SEO plugin. -->","yoast_head_json":{"title":"Primorje-Gorski Kotar County municipalities and cities sign cooperation agreement for Rijeka 2020 \u2013 European Capital of Culture project &#8226; Rijeka 2020","robots":{"index":"index","follow":"follow","max-snippet":"max-snippet:-1","max-image-preview":"max-image-preview:large","max-video-preview":"max-video-preview:-1"},"canonical":"https:\/\/ri2020.eu\/en\/primorje-gorski-kotar-county-municipalities-and-cities-sign-cooperation-agreement-for-rijeka-2020-european-capital-of-culture-project\/","og_locale":"en_US","og_type":"article","og_title":"Primorje-Gorski Kotar County municipalities and cities sign cooperation agreement for Rijeka 2020 \u2013 European Capital of Culture project &#8226; Rijeka 2020","og_description":"RIJEKA2020 LLC signed a cooperation agreement today with 19 cities and municipalities in the Primorje-Gorski Kotar County regarding programming within the scope of the largest national cultural project \u2013 European Capital of Culture 2020.","og_url":"https:\/\/ri2020.eu\/en\/primorje-gorski-kotar-county-municipalities-and-cities-sign-cooperation-agreement-for-rijeka-2020-european-capital-of-culture-project\/","og_site_name":"Rijeka 2020","article_publisher":"https:\/\/www.facebook.com\/rijeka2020","article_published_time":"2018-04-18T15:33:23+00:00","article_modified_time":"2018-06-13T15:34:56+00:00","og_image":[{"width":1200,"height":800,"url":"https:\/\/ri2020.eu\/wp-content\/uploads\/2018\/04\/Potpisan-sporazum-o-suradnji-izme\u0111u-Grada-Rijeke-i-op\u0107ina-PG\u017d-1200-1.jpg","type":"image\/jpeg"}],"author":"Rijeka 2020","twitter_card":"summary_large_image","twitter_creator":"@Rijeka2020","twitter_site":"@Rijeka2020","twitter_misc":{"Written by":"Rijeka 2020","Est. reading time":"3 minutes"},"schema":{"@context":"https:\/\/schema.org","@graph":[{"@type":"Article","@id":"https:\/\/ri2020.eu\/en\/primorje-gorski-kotar-county-municipalities-and-cities-sign-cooperation-agreement-for-rijeka-2020-european-capital-of-culture-project\/#article","isPartOf":{"@id":"https:\/\/ri2020.eu\/en\/primorje-gorski-kotar-county-municipalities-and-cities-sign-cooperation-agreement-for-rijeka-2020-european-capital-of-culture-project\/"},"author":{"name":"Rijeka 2020","@id":"https:\/\/ri2020.eu\/en\/#\/schema\/person\/9c12d91df8c45bc534f625d9c81f403d"},"headline":"Primorje-Gorski Kotar County municipalities and cities sign cooperation agreement for Rijeka 2020 \u2013 European Capital of Culture project","datePublished":"2018-04-18T15:33:23+00:00","dateModified":"2018-06-13T15:34:56+00:00","mainEntityOfPage":{"@id":"https:\/\/ri2020.eu\/en\/primorje-gorski-kotar-county-municipalities-and-cities-sign-cooperation-agreement-for-rijeka-2020-european-capital-of-culture-project\/"},"wordCount":570,"commentCount":0,"publisher":{"@id":"https:\/\/ri2020.eu\/en\/#organization"},"image":{"@id":"https:\/\/ri2020.eu\/en\/primorje-gorski-kotar-county-municipalities-and-cities-sign-cooperation-agreement-for-rijeka-2020-european-capital-of-culture-project\/#primaryimage"},"thumbnailUrl":"https:\/\/ri2020.eu\/wp-content\/uploads\/2018\/04\/Potpisan-sporazum-o-suradnji-izme\u0111u-Grada-Rijeke-i-op\u0107ina-PG\u017d-1200-1.jpg","articleSection":["News"],"inLanguage":"en-US","potentialAction":[{"@type":"CommentAction","name":"Comment","target":["https:\/\/ri2020.eu\/en\/primorje-gorski-kotar-county-municipalities-and-cities-sign-cooperation-agreement-for-rijeka-2020-european-capital-of-culture-project\/#respond"]}]},{"@type":"WebPage","@id":"https:\/\/ri2020.eu\/en\/primorje-gorski-kotar-county-municipalities-and-cities-sign-cooperation-agreement-for-rijeka-2020-european-capital-of-culture-project\/","url":"https:\/\/ri2020.eu\/en\/primorje-gorski-kotar-county-municipalities-and-cities-sign-cooperation-agreement-for-rijeka-2020-european-capital-of-culture-project\/","name":"Primorje-Gorski Kotar County municipalities and cities sign cooperation agreement for Rijeka 2020 \u2013 European Capital of Culture project &#8226; Rijeka 2020","isPartOf":{"@id":"https:\/\/ri2020.eu\/en\/#website"},"primaryImageOfPage":{"@id":"https:\/\/ri2020.eu\/en\/primorje-gorski-kotar-county-municipalities-and-cities-sign-cooperation-agreement-for-rijeka-2020-european-capital-of-culture-project\/#primaryimage"},"image":{"@id":"https:\/\/ri2020.eu\/en\/primorje-gorski-kotar-county-municipalities-and-cities-sign-cooperation-agreement-for-rijeka-2020-european-capital-of-culture-project\/#primaryimage"},"thumbnailUrl":"https:\/\/ri2020.eu\/wp-content\/uploads\/2018\/04\/Potpisan-sporazum-o-suradnji-izme\u0111u-Grada-Rijeke-i-op\u0107ina-PG\u017d-1200-1.jpg","datePublished":"2018-04-18T15:33:23+00:00","dateModified":"2018-06-13T15:34:56+00:00","breadcrumb":{"@id":"https:\/\/ri2020.eu\/en\/primorje-gorski-kotar-county-municipalities-and-cities-sign-cooperation-agreement-for-rijeka-2020-european-capital-of-culture-project\/#breadcrumb"},"inLanguage":"en-US","potentialAction":[{"@type":"ReadAction","target":["https:\/\/ri2020.eu\/en\/primorje-gorski-kotar-county-municipalities-and-cities-sign-cooperation-agreement-for-rijeka-2020-european-capital-of-culture-project\/"]}]},{"@type":"ImageObject","inLanguage":"en-US","@id":"https:\/\/ri2020.eu\/en\/primorje-gorski-kotar-county-municipalities-and-cities-sign-cooperation-agreement-for-rijeka-2020-european-capital-of-culture-project\/#primaryimage","url":"https:\/\/ri2020.eu\/wp-content\/uploads\/2018\/04\/Potpisan-sporazum-o-suradnji-izme\u0111u-Grada-Rijeke-i-op\u0107ina-PG\u017d-1200-1.jpg","contentUrl":"https:\/\/ri2020.eu\/wp-content\/uploads\/2018\/04\/Potpisan-sporazum-o-suradnji-izme\u0111u-Grada-Rijeke-i-op\u0107ina-PG\u017d-1200-1.jpg","width":1200,"height":800},{"@type":"BreadcrumbList","@id":"https:\/\/ri2020.eu\/en\/primorje-gorski-kotar-county-municipalities-and-cities-sign-cooperation-agreement-for-rijeka-2020-european-capital-of-culture-project\/#breadcrumb","itemListElement":[{"@type":"ListItem","position":1,"name":"Home","item":"https:\/\/ri2020.eu\/en\/"},{"@type":"ListItem","position":2,"name":"Primorje-Gorski Kotar County municipalities and cities sign cooperation agreement for Rijeka 2020 \u2013 European Capital of Culture project"}]},{"@type":"WebSite","@id":"https:\/\/ri2020.eu\/en\/#website","url":"https:\/\/ri2020.eu\/en\/","name":"Rijeka 2020","description":"Europska prijestolnica kulture","publisher":{"@id":"https:\/\/ri2020.eu\/en\/#organization"},"potentialAction":[{"@type":"SearchAction","target":{"@type":"EntryPoint","urlTemplate":"https:\/\/ri2020.eu\/en\/?s={search_term_string}"},"query-input":{"@type":"PropertyValueSpecification","valueRequired":true,"valueName":"search_term_string"}}],"inLanguage":"en-US"},{"@type":"Organization","@id":"https:\/\/ri2020.eu\/en\/#organization","name":"Rijeka 2020 d.o.o.","url":"https:\/\/ri2020.eu\/en\/","logo":{"@type":"ImageObject","inLanguage":"en-US","@id":"https:\/\/ri2020.eu\/en\/#\/schema\/logo\/image\/","url":"https:\/\/rijeka2020.eu\/wp-content\/uploads\/2018\/07\/Ri2020-logo.png","contentUrl":"https:\/\/rijeka2020.eu\/wp-content\/uploads\/2018\/07\/Ri2020-logo.png","width":407,"height":175,"caption":"Rijeka 2020 d.o.o."},"image":{"@id":"https:\/\/ri2020.eu\/en\/#\/schema\/logo\/image\/"},"sameAs":["https:\/\/www.facebook.com\/rijeka2020","https:\/\/x.com\/Rijeka2020","https:\/\/www.instagram.com\/rijeka2020\/","https:\/\/www.youtube.com\/user\/riepk2020"]},{"@type":"Person","@id":"https:\/\/ri2020.eu\/en\/#\/schema\/person\/9c12d91df8c45bc534f625d9c81f403d","name":"Rijeka 2020","url":"https:\/\/ri2020.eu\/en\/author\/lsm\/"}]}},"_links":{"self":[{"href":"https:\/\/ri2020.eu\/en\/wp-json\/wp\/v2\/posts\/13536","targetHints":{"allow":["GET"]}}],"collection":[{"href":"https:\/\/ri2020.eu\/en\/wp-json\/wp\/v2\/posts"}],"about":[{"href":"https:\/\/ri2020.eu\/en\/wp-json\/wp\/v2\/types\/post"}],"author":[{"embeddable":true,"href":"https:\/\/ri2020.eu\/en\/wp-json\/wp\/v2\/users\/72"}],"replies":[{"embeddable":true,"href":"https:\/\/ri2020.eu\/en\/wp-json\/wp\/v2\/comments?post=13536"}],"version-history":[{"count":0,"href":"https:\/\/ri2020.eu\/en\/wp-json\/wp\/v2\/posts\/13536\/revisions"}],"wp:featuredmedia":[{"embeddable":true,"href":"https:\/\/ri2020.eu\/en\/wp-json\/wp\/v2\/media\/12027"}],"wp:attachment":[{"href":"https:\/\/ri2020.eu\/en\/wp-json\/wp\/v2\/media?parent=13536"}],"wp:term":[{"taxonomy":"category","embeddable":true,"href":"https:\/\/ri2020.eu\/en\/wp-json\/wp\/v2\/categories?post=13536"},{"taxonomy":"post_tag","embeddable":true,"href":"https:\/\/ri2020.eu\/en\/wp-json\/wp\/v2\/tags?post=13536"}],"curies":[{"name":"wp","href":"https:\/\/api.w.org\/{rel}","templated":true}]}}