{"id":13534,"date":"2018-05-17T17:31:40","date_gmt":"2018-05-17T15:31:40","guid":{"rendered":"http:\/\/rijeka2020.eu\/?p=13534\/"},"modified":"2018-06-13T17:32:46","modified_gmt":"2018-06-13T15:32:46","slug":"smoqua-has-started","status":"publish","type":"post","link":"https:\/\/ri2020.eu\/en\/smoqua-has-started\/","title":{"rendered":"Smoqua has started!"},"content":{"rendered":"<p>The three-day festival presents a queer-feminist perspective on domestic and international artists and activists within the theme of \u201cPride and prejudices\u201d.<\/p>\n<p>&nbsp;<\/p>\n<p>Thursday, 17 May was selected as the opening day when we celebrate International day against homophobia, transphobia and biphobia (IDAHOT). Rijeka remains the only city in Croatia which actively supports IDAHOT by flying the rainbow flag on the City Hall building, so this act will officially open the festival.<\/p>\n<p>&nbsp;<\/p>\n<p>In line with this year\u2019s theme \u2013 Pride and prejudices \u2013 all festival activities are oriented towards introducing attendees to LGBTIQ and feminist topics and developing critical thinking on relevant issues, with a special focus on achieving dialogue with the audience.<\/p>\n<p>&nbsp;<\/p>\n<p>On Thursday, after flying the rainbow flag on the City Hall building (Korzo 16), the programme continues with a Queer walk through Rijeka at 3 PM, starting at the Smoqua booth on Korzo. At 5:30 PM the City Hall will host the public discussion \u201cOverview of LGBT and women\u2019s rights in Europe\u201d at which moderator Marina \u0160krabalo will talk to UN representative Cian\u00e1n Russel, Romanian LGBT activist Florin Buchenau and Polish female reproductive rights activist Karolina Wieckiewicz. The first day of the festival will end at 8 PM with a live art performance \u201cBody Dialetics\u201d by multimedia artists Kris Grey in Filodrammatica. Through the performance, the artist explores identity, transformations and embodiments, combines personal experiences with social justice, power and control, and uses his transgender experience as a lab for revealing binary gender as a social phenomenon.<\/p>\n<p>&nbsp;<\/p>\n<p>On Friday, visitors will be able to learn about feminist self-defence at a workshop starting at 2 PM in Palach and led by M\u00f3nica Cano Abad\u00eda. At 4 PM, the photo exhibition (In)visible Love Stories by Martina \u0160alov opens in Ri-info, which is a reaction to the complete lack of visibility of photos of LGBT couples. At 5 PM at Kri\u017eani\u0107eva 6, the headquarters of the Gra\u0111anke svom gradu association, Zvonimir Dobrovi\u0107 from Queer Zagreb will talk with artists Mavi Veloso and Kris Grey, and at 6 PM at the same location Mavi Veloso will present her trans-disciplinary research encompassing video, performances, photography, fashion and queer and drag queen culture. Shortly after that, he GSG magazine for society and art, a document based on the first Smoqua festival, will be presented.<\/p>\n<p>&nbsp;<\/p>\n<p>On Saturday, 19 May, the programme continues with a Living Library event at Filodrammatica at noon, and one hour later authors Doris Pand\u017ei\u0107, Dunja Mati\u0107 and Petra Bezjak will present their short stories on the topic of pride and prejudices through a prism of eroticism, identity and worker\u2019s rights which the audience will be able to complete.<\/p>\n<p>&nbsp;<\/p>\n<p>At 3 PM at Klub Mladih (Erazma Bar\u010di\u0107a 9a), dramaturge Olga Dimitrijevi\u0107 and playwright Jasna \u017dmak will hold the \u201cPokvirivanje!\u201d workshop at which they will teach the audience how to break down and rewrite the plot of a mainstream film and play in order to raise awareness of their general heteronormativity and exclusivity. At 5 PM, Filodrammatica will host artist Ruth Borgfjord\u2019s performance \u201cCtitoria Clitoria\u201d which destabilises the notions of gender and gender roles, immediately followed by the discussion \u201cWho is allowed to believe in God?\u201d at which Marjana Harcet, Mihael Se\u010dena and Ruth Borgfjord will discuss the relationship of the Church towards women and the LGBT community. Finally, at 7 PM, the Art-kino will play the movie \u201cJa kad sam bila klinac bila sam klinka\u201d by Ivana Todorovi\u0107, who will also be there to talk about the movie.<\/p>\n<p>&nbsp;<\/p>\n<p>The festival ends with a party at Klub Crkva at midnight with guest DJ Sonja Sajzor from Belgrade, a visual artists and activist for transgender rights, recognisable for her experimental combination of alternative, darker pop and hip-hop with a pinch of nostalgia for the elements of late 1990s and early 2000s music.<\/p>\n<p>&nbsp;<\/p>\n","protected":false},"excerpt":{"rendered":"<p>Smoqua, the Festival of queer and feminist culture, started in Rijeka today and over three days the audience will get the chance to attend a rich programme comprised of performances, workshops, public discussions and conversations, exhibitions and music.<\/p>\n","protected":false},"author":72,"featured_media":12721,"comment_status":"open","ping_status":"open","sticky":false,"template":"","format":"standard","meta":{"_acf_changed":false,"footnotes":""},"categories":[2959,2731],"tags":[],"class_list":["post-13534","post","type-post","status-publish","format-standard","has-post-thumbnail","hentry","category-kitchen-of-diversity","category-news"],"acf":[],"yoast_head":"<!-- This site is optimized with the Yoast SEO plugin v26.8 - https:\/\/yoast.com\/product\/yoast-seo-wordpress\/ -->\n<title>Smoqua has started! &#8226; Rijeka 2020<\/title>\n<meta name=\"robots\" content=\"index, follow, max-snippet:-1, max-image-preview:large, max-video-preview:-1\" \/>\n<link rel=\"canonical\" href=\"https:\/\/ri2020.eu\/en\/smoqua-has-started\/\" \/>\n<meta property=\"og:locale\" content=\"en_US\" \/>\n<meta property=\"og:type\" content=\"article\" \/>\n<meta property=\"og:title\" content=\"Smoqua has started! &#8226; Rijeka 2020\" \/>\n<meta property=\"og:description\" content=\"Smoqua, the Festival of queer and feminist culture, started in Rijeka today and over three days the audience will get the chance to attend a rich programme comprised of performances, workshops, public discussions and conversations, exhibitions and music.\" \/>\n<meta property=\"og:url\" content=\"https:\/\/ri2020.eu\/en\/smoqua-has-started\/\" \/>\n<meta property=\"og:site_name\" content=\"Rijeka 2020\" \/>\n<meta property=\"article:publisher\" content=\"https:\/\/www.facebook.com\/rijeka2020\" \/>\n<meta property=\"article:published_time\" content=\"2018-05-17T15:31:40+00:00\" \/>\n<meta property=\"article:modified_time\" content=\"2018-06-13T15:32:46+00:00\" \/>\n<meta property=\"og:image\" content=\"https:\/\/ri2020.eu\/wp-content\/uploads\/2018\/05\/smoqua-zastava-mala-1.jpg\" \/>\n\t<meta property=\"og:image:width\" content=\"2976\" \/>\n\t<meta property=\"og:image:height\" content=\"1431\" \/>\n\t<meta property=\"og:image:type\" content=\"image\/jpeg\" \/>\n<meta name=\"author\" content=\"Rijeka 2020\" \/>\n<meta name=\"twitter:card\" content=\"summary_large_image\" \/>\n<meta name=\"twitter:creator\" content=\"@Rijeka2020\" \/>\n<meta name=\"twitter:site\" content=\"@Rijeka2020\" \/>\n<meta name=\"twitter:label1\" content=\"Written by\" \/>\n\t<meta name=\"twitter:data1\" content=\"Rijeka 2020\" \/>\n\t<meta name=\"twitter:label2\" content=\"Est. reading time\" \/>\n\t<meta name=\"twitter:data2\" content=\"3 minutes\" \/>\n<script type=\"application\/ld+json\" class=\"yoast-schema-graph\">{\"@context\":\"https:\/\/schema.org\",\"@graph\":[{\"@type\":\"Article\",\"@id\":\"https:\/\/ri2020.eu\/en\/smoqua-has-started\/#article\",\"isPartOf\":{\"@id\":\"https:\/\/ri2020.eu\/en\/smoqua-has-started\/\"},\"author\":{\"name\":\"Rijeka 2020\",\"@id\":\"https:\/\/ri2020.eu\/en\/#\/schema\/person\/9c12d91df8c45bc534f625d9c81f403d\"},\"headline\":\"Smoqua has started!\",\"datePublished\":\"2018-05-17T15:31:40+00:00\",\"dateModified\":\"2018-06-13T15:32:46+00:00\",\"mainEntityOfPage\":{\"@id\":\"https:\/\/ri2020.eu\/en\/smoqua-has-started\/\"},\"wordCount\":637,\"commentCount\":0,\"publisher\":{\"@id\":\"https:\/\/ri2020.eu\/en\/#organization\"},\"image\":{\"@id\":\"https:\/\/ri2020.eu\/en\/smoqua-has-started\/#primaryimage\"},\"thumbnailUrl\":\"https:\/\/ri2020.eu\/wp-content\/uploads\/2018\/05\/smoqua-zastava-mala-1.jpg\",\"articleSection\":[\"Kitchen of Diversity\",\"News\"],\"inLanguage\":\"en-US\",\"potentialAction\":[{\"@type\":\"CommentAction\",\"name\":\"Comment\",\"target\":[\"https:\/\/ri2020.eu\/en\/smoqua-has-started\/#respond\"]}]},{\"@type\":\"WebPage\",\"@id\":\"https:\/\/ri2020.eu\/en\/smoqua-has-started\/\",\"url\":\"https:\/\/ri2020.eu\/en\/smoqua-has-started\/\",\"name\":\"Smoqua has started! &#8226; Rijeka 2020\",\"isPartOf\":{\"@id\":\"https:\/\/ri2020.eu\/en\/#website\"},\"primaryImageOfPage\":{\"@id\":\"https:\/\/ri2020.eu\/en\/smoqua-has-started\/#primaryimage\"},\"image\":{\"@id\":\"https:\/\/ri2020.eu\/en\/smoqua-has-started\/#primaryimage\"},\"thumbnailUrl\":\"https:\/\/ri2020.eu\/wp-content\/uploads\/2018\/05\/smoqua-zastava-mala-1.jpg\",\"datePublished\":\"2018-05-17T15:31:40+00:00\",\"dateModified\":\"2018-06-13T15:32:46+00:00\",\"breadcrumb\":{\"@id\":\"https:\/\/ri2020.eu\/en\/smoqua-has-started\/#breadcrumb\"},\"inLanguage\":\"en-US\",\"potentialAction\":[{\"@type\":\"ReadAction\",\"target\":[\"https:\/\/ri2020.eu\/en\/smoqua-has-started\/\"]}]},{\"@type\":\"ImageObject\",\"inLanguage\":\"en-US\",\"@id\":\"https:\/\/ri2020.eu\/en\/smoqua-has-started\/#primaryimage\",\"url\":\"https:\/\/ri2020.eu\/wp-content\/uploads\/2018\/05\/smoqua-zastava-mala-1.jpg\",\"contentUrl\":\"https:\/\/ri2020.eu\/wp-content\/uploads\/2018\/05\/smoqua-zastava-mala-1.jpg\",\"width\":2976,\"height\":1431},{\"@type\":\"BreadcrumbList\",\"@id\":\"https:\/\/ri2020.eu\/en\/smoqua-has-started\/#breadcrumb\",\"itemListElement\":[{\"@type\":\"ListItem\",\"position\":1,\"name\":\"Home\",\"item\":\"https:\/\/ri2020.eu\/en\/\"},{\"@type\":\"ListItem\",\"position\":2,\"name\":\"Smoqua has started!\"}]},{\"@type\":\"WebSite\",\"@id\":\"https:\/\/ri2020.eu\/en\/#website\",\"url\":\"https:\/\/ri2020.eu\/en\/\",\"name\":\"Rijeka 2020\",\"description\":\"Europska prijestolnica kulture\",\"publisher\":{\"@id\":\"https:\/\/ri2020.eu\/en\/#organization\"},\"potentialAction\":[{\"@type\":\"SearchAction\",\"target\":{\"@type\":\"EntryPoint\",\"urlTemplate\":\"https:\/\/ri2020.eu\/en\/?s={search_term_string}\"},\"query-input\":{\"@type\":\"PropertyValueSpecification\",\"valueRequired\":true,\"valueName\":\"search_term_string\"}}],\"inLanguage\":\"en-US\"},{\"@type\":\"Organization\",\"@id\":\"https:\/\/ri2020.eu\/en\/#organization\",\"name\":\"Rijeka 2020 d.o.o.\",\"url\":\"https:\/\/ri2020.eu\/en\/\",\"logo\":{\"@type\":\"ImageObject\",\"inLanguage\":\"en-US\",\"@id\":\"https:\/\/ri2020.eu\/en\/#\/schema\/logo\/image\/\",\"url\":\"https:\/\/rijeka2020.eu\/wp-content\/uploads\/2018\/07\/Ri2020-logo.png\",\"contentUrl\":\"https:\/\/rijeka2020.eu\/wp-content\/uploads\/2018\/07\/Ri2020-logo.png\",\"width\":407,\"height\":175,\"caption\":\"Rijeka 2020 d.o.o.\"},\"image\":{\"@id\":\"https:\/\/ri2020.eu\/en\/#\/schema\/logo\/image\/\"},\"sameAs\":[\"https:\/\/www.facebook.com\/rijeka2020\",\"https:\/\/x.com\/Rijeka2020\",\"https:\/\/www.instagram.com\/rijeka2020\/\",\"https:\/\/www.youtube.com\/user\/riepk2020\"]},{\"@type\":\"Person\",\"@id\":\"https:\/\/ri2020.eu\/en\/#\/schema\/person\/9c12d91df8c45bc534f625d9c81f403d\",\"name\":\"Rijeka 2020\",\"url\":\"https:\/\/ri2020.eu\/en\/author\/lsm\/\"}]}<\/script>\n<!-- \/ Yoast SEO plugin. -->","yoast_head_json":{"title":"Smoqua has started! &#8226; Rijeka 2020","robots":{"index":"index","follow":"follow","max-snippet":"max-snippet:-1","max-image-preview":"max-image-preview:large","max-video-preview":"max-video-preview:-1"},"canonical":"https:\/\/ri2020.eu\/en\/smoqua-has-started\/","og_locale":"en_US","og_type":"article","og_title":"Smoqua has started! &#8226; Rijeka 2020","og_description":"Smoqua, the Festival of queer and feminist culture, started in Rijeka today and over three days the audience will get the chance to attend a rich programme comprised of performances, workshops, public discussions and conversations, exhibitions and music.","og_url":"https:\/\/ri2020.eu\/en\/smoqua-has-started\/","og_site_name":"Rijeka 2020","article_publisher":"https:\/\/www.facebook.com\/rijeka2020","article_published_time":"2018-05-17T15:31:40+00:00","article_modified_time":"2018-06-13T15:32:46+00:00","og_image":[{"width":2976,"height":1431,"url":"https:\/\/ri2020.eu\/wp-content\/uploads\/2018\/05\/smoqua-zastava-mala-1.jpg","type":"image\/jpeg"}],"author":"Rijeka 2020","twitter_card":"summary_large_image","twitter_creator":"@Rijeka2020","twitter_site":"@Rijeka2020","twitter_misc":{"Written by":"Rijeka 2020","Est. reading time":"3 minutes"},"schema":{"@context":"https:\/\/schema.org","@graph":[{"@type":"Article","@id":"https:\/\/ri2020.eu\/en\/smoqua-has-started\/#article","isPartOf":{"@id":"https:\/\/ri2020.eu\/en\/smoqua-has-started\/"},"author":{"name":"Rijeka 2020","@id":"https:\/\/ri2020.eu\/en\/#\/schema\/person\/9c12d91df8c45bc534f625d9c81f403d"},"headline":"Smoqua has started!","datePublished":"2018-05-17T15:31:40+00:00","dateModified":"2018-06-13T15:32:46+00:00","mainEntityOfPage":{"@id":"https:\/\/ri2020.eu\/en\/smoqua-has-started\/"},"wordCount":637,"commentCount":0,"publisher":{"@id":"https:\/\/ri2020.eu\/en\/#organization"},"image":{"@id":"https:\/\/ri2020.eu\/en\/smoqua-has-started\/#primaryimage"},"thumbnailUrl":"https:\/\/ri2020.eu\/wp-content\/uploads\/2018\/05\/smoqua-zastava-mala-1.jpg","articleSection":["Kitchen of Diversity","News"],"inLanguage":"en-US","potentialAction":[{"@type":"CommentAction","name":"Comment","target":["https:\/\/ri2020.eu\/en\/smoqua-has-started\/#respond"]}]},{"@type":"WebPage","@id":"https:\/\/ri2020.eu\/en\/smoqua-has-started\/","url":"https:\/\/ri2020.eu\/en\/smoqua-has-started\/","name":"Smoqua has started! &#8226; Rijeka 2020","isPartOf":{"@id":"https:\/\/ri2020.eu\/en\/#website"},"primaryImageOfPage":{"@id":"https:\/\/ri2020.eu\/en\/smoqua-has-started\/#primaryimage"},"image":{"@id":"https:\/\/ri2020.eu\/en\/smoqua-has-started\/#primaryimage"},"thumbnailUrl":"https:\/\/ri2020.eu\/wp-content\/uploads\/2018\/05\/smoqua-zastava-mala-1.jpg","datePublished":"2018-05-17T15:31:40+00:00","dateModified":"2018-06-13T15:32:46+00:00","breadcrumb":{"@id":"https:\/\/ri2020.eu\/en\/smoqua-has-started\/#breadcrumb"},"inLanguage":"en-US","potentialAction":[{"@type":"ReadAction","target":["https:\/\/ri2020.eu\/en\/smoqua-has-started\/"]}]},{"@type":"ImageObject","inLanguage":"en-US","@id":"https:\/\/ri2020.eu\/en\/smoqua-has-started\/#primaryimage","url":"https:\/\/ri2020.eu\/wp-content\/uploads\/2018\/05\/smoqua-zastava-mala-1.jpg","contentUrl":"https:\/\/ri2020.eu\/wp-content\/uploads\/2018\/05\/smoqua-zastava-mala-1.jpg","width":2976,"height":1431},{"@type":"BreadcrumbList","@id":"https:\/\/ri2020.eu\/en\/smoqua-has-started\/#breadcrumb","itemListElement":[{"@type":"ListItem","position":1,"name":"Home","item":"https:\/\/ri2020.eu\/en\/"},{"@type":"ListItem","position":2,"name":"Smoqua has started!"}]},{"@type":"WebSite","@id":"https:\/\/ri2020.eu\/en\/#website","url":"https:\/\/ri2020.eu\/en\/","name":"Rijeka 2020","description":"Europska prijestolnica kulture","publisher":{"@id":"https:\/\/ri2020.eu\/en\/#organization"},"potentialAction":[{"@type":"SearchAction","target":{"@type":"EntryPoint","urlTemplate":"https:\/\/ri2020.eu\/en\/?s={search_term_string}"},"query-input":{"@type":"PropertyValueSpecification","valueRequired":true,"valueName":"search_term_string"}}],"inLanguage":"en-US"},{"@type":"Organization","@id":"https:\/\/ri2020.eu\/en\/#organization","name":"Rijeka 2020 d.o.o.","url":"https:\/\/ri2020.eu\/en\/","logo":{"@type":"ImageObject","inLanguage":"en-US","@id":"https:\/\/ri2020.eu\/en\/#\/schema\/logo\/image\/","url":"https:\/\/rijeka2020.eu\/wp-content\/uploads\/2018\/07\/Ri2020-logo.png","contentUrl":"https:\/\/rijeka2020.eu\/wp-content\/uploads\/2018\/07\/Ri2020-logo.png","width":407,"height":175,"caption":"Rijeka 2020 d.o.o."},"image":{"@id":"https:\/\/ri2020.eu\/en\/#\/schema\/logo\/image\/"},"sameAs":["https:\/\/www.facebook.com\/rijeka2020","https:\/\/x.com\/Rijeka2020","https:\/\/www.instagram.com\/rijeka2020\/","https:\/\/www.youtube.com\/user\/riepk2020"]},{"@type":"Person","@id":"https:\/\/ri2020.eu\/en\/#\/schema\/person\/9c12d91df8c45bc534f625d9c81f403d","name":"Rijeka 2020","url":"https:\/\/ri2020.eu\/en\/author\/lsm\/"}]}},"_links":{"self":[{"href":"https:\/\/ri2020.eu\/en\/wp-json\/wp\/v2\/posts\/13534","targetHints":{"allow":["GET"]}}],"collection":[{"href":"https:\/\/ri2020.eu\/en\/wp-json\/wp\/v2\/posts"}],"about":[{"href":"https:\/\/ri2020.eu\/en\/wp-json\/wp\/v2\/types\/post"}],"author":[{"embeddable":true,"href":"https:\/\/ri2020.eu\/en\/wp-json\/wp\/v2\/users\/72"}],"replies":[{"embeddable":true,"href":"https:\/\/ri2020.eu\/en\/wp-json\/wp\/v2\/comments?post=13534"}],"version-history":[{"count":0,"href":"https:\/\/ri2020.eu\/en\/wp-json\/wp\/v2\/posts\/13534\/revisions"}],"wp:featuredmedia":[{"embeddable":true,"href":"https:\/\/ri2020.eu\/en\/wp-json\/wp\/v2\/media\/12721"}],"wp:attachment":[{"href":"https:\/\/ri2020.eu\/en\/wp-json\/wp\/v2\/media?parent=13534"}],"wp:term":[{"taxonomy":"category","embeddable":true,"href":"https:\/\/ri2020.eu\/en\/wp-json\/wp\/v2\/categories?post=13534"},{"taxonomy":"post_tag","embeddable":true,"href":"https:\/\/ri2020.eu\/en\/wp-json\/wp\/v2\/tags?post=13534"}],"curies":[{"name":"wp","href":"https:\/\/api.w.org\/{rel}","templated":true}]}}