{"id":13532,"date":"2018-04-27T17:29:35","date_gmt":"2018-04-27T15:29:35","guid":{"rendered":"http:\/\/rijeka2020.eu\/?p=13532\/"},"modified":"2018-06-13T17:31:14","modified_gmt":"2018-06-13T15:31:14","slug":"galway-2020-delegation-visits-rijeka-together-towards-2020","status":"publish","type":"post","link":"https:\/\/ri2020.eu\/en\/galway-2020-delegation-visits-rijeka-together-towards-2020\/","title":{"rendered":"Galway 2020 delegation visits Rijeka \u2013 together towards 2020!"},"content":{"rendered":"<p>They were greeted by RIJEKA 2020 LLC CEO Emina Vi\u0161ni\u0107, artistic director Slaven Tolj, Development and Strategic Partnerships Director Irena Kregar \u0160egota, Culture Director Maja Anjoli Vuji\u0107, Communications and Marketing Director Alma \u010cakmazovi\u0107, Operations Director Iva Grego and Head of the Department of Culture of the City of Rijeka Ivan \u0160arar.<\/p>\n<p>The topic of the meetings were plans regarding the cooperation of the two cities who will bear the title of European Capital of Culture in 2020 on programming, joint marketing, as well as investments in audience development and capacity building for workers in culture.<\/p>\n<p>The employees of RIJEKA 2020 LLC presented each sector. programme flagship, and current and planned activities. Their Irish colleagues did the same, which opened the discussion on specific programming collaborations. There was also talk about possible joint promotions and marketing and exchange of personnel. After the meetings, CEOs Hannah Kiely and Emina Vi\u0161ni\u0107 spoke to the press in Galerija \u201cKortil\u201d.<\/p>\n<p>\u201cGalway and Rijeka have formed an excellent cooperation\u201d \u2013 opened Hannah Kiely, pointing out the similarities between the two cities. \u201cWe have spent a few very pleasant days in Rijeka and discussed numerous topics, primarily the sea, labour, migrations, food, community, diversity and raid, as well as language and landscape. I\u2019m very pleased to be working with Rijeka and positive that all activities focused on 2020 are our chance for affirmation.\u201d<\/p>\n<p>The Galways delegation participated in the international scientific symposium \u201cAtlantic to Adriatic: Contact points and historical parallels between Ireland and Southeast Europe\u201d, which looked at comparisons between Ireland and Southeast Europe. The symposium is a part of the \u201cHistorical Landscapes\u201d project which explores and presents various topics regarding the culture of memory in Rijeka and the region, thus contributing to the goals of the Seasons of Power flagship, a key part of the Rijeka 2020 \u2013 European Capital of Culture programme.<\/p>\n<p>Hannah Kiely deemed the symposium, which was opened by Irish ambassador to Croatia Olive Hempenstall, as an important contribution to linking Rijeka and Galway, as well as Croatia and Ireland, reminding that both Ireland in general and Galway have a large Croatian community.<\/p>\n<p>Kiely announced a return visit in October 2018 when a delegation from Rijeka 2020 will visit Galway. There they will meet with the local Croatian community which will strengthen the social and cultural bonds.<\/p>\n<p>\u201cThis project is a great opportunity for the collaboration between two similar cities marching forward towards fantastic programmes which will mark the year 2020.\u201d<\/p>\n<p>RIJEKA 2020 CEO Emina Vi\u0161ni\u0107 spoke to the press on behalf of the entire team and expressed her satisfaction with the cooperation with the Galway team. \u201cWe do not just share the ECoC title with our sister city, we also share topics, programmes and interests.\u201d<\/p>\n<p>\u201cWe will definitely learn a lot from Galway\u2019s rich experience in community art, while Galway will be able to learn a lot from Rijeka regarding galleries, museums and theatres\u201d, Vi\u0161ni\u0107 noted and added that the teams discovered several common and complementary topics on which they can cooperate.<\/p>\n<p>According to Vi\u0161ni\u0107, Rijeka 2020 is already collaborating with Galway through the \u201cFifth Ensemble\u201d project for children and youth with disabilities, in partnership with the City of Rijeka and the Croatian National Theatre Ivan pl. Zajc.<\/p>\n<p>In conclusion, Emina Vi\u0161ni\u0107 noted that Rijeka is hosting a panel of experts from the European Commission in June who will conduct the second monitoring of Rijeka and Galway regarding the preparation of 2020.<\/p>\n","protected":false},"excerpt":{"rendered":"<p>Galway 2020 \u2013 European Capital of Culture CEO Hannah Kiely and Marketing Director Fintan Maher visited Rijeka on Thursday and Friday and had work meetings with their colleagues from Rijeka 2020.<\/p>\n","protected":false},"author":72,"featured_media":12220,"comment_status":"closed","ping_status":"closed","sticky":false,"template":"","format":"standard","meta":{"_acf_changed":false,"footnotes":""},"categories":[4313,2731],"tags":[],"class_list":["post-13532","post","type-post","status-publish","format-standard","has-post-thumbnail","hentry","category-cultural-diplomacy","category-news"],"acf":[],"yoast_head":"<!-- This site is optimized with the Yoast SEO plugin v26.8 - https:\/\/yoast.com\/product\/yoast-seo-wordpress\/ -->\n<title>Galway 2020 delegation visits Rijeka \u2013 together towards 2020! &#8226; Rijeka 2020<\/title>\n<meta name=\"robots\" content=\"index, follow, max-snippet:-1, max-image-preview:large, max-video-preview:-1\" \/>\n<link rel=\"canonical\" href=\"https:\/\/ri2020.eu\/en\/galway-2020-delegation-visits-rijeka-together-towards-2020\/\" \/>\n<meta property=\"og:locale\" content=\"en_US\" \/>\n<meta property=\"og:type\" content=\"article\" \/>\n<meta property=\"og:title\" content=\"Galway 2020 delegation visits Rijeka \u2013 together towards 2020! &#8226; Rijeka 2020\" \/>\n<meta property=\"og:description\" content=\"Galway 2020 \u2013 European Capital of Culture CEO Hannah Kiely and Marketing Director Fintan Maher visited Rijeka on Thursday and Friday and had work meetings with their colleagues from Rijeka 2020.\" \/>\n<meta property=\"og:url\" content=\"https:\/\/ri2020.eu\/en\/galway-2020-delegation-visits-rijeka-together-towards-2020\/\" \/>\n<meta property=\"og:site_name\" content=\"Rijeka 2020\" \/>\n<meta property=\"article:publisher\" content=\"https:\/\/www.facebook.com\/rijeka2020\" \/>\n<meta property=\"article:published_time\" content=\"2018-04-27T15:29:35+00:00\" \/>\n<meta property=\"article:modified_time\" content=\"2018-06-13T15:31:14+00:00\" \/>\n<meta property=\"og:image\" content=\"https:\/\/ri2020.eu\/wp-content\/uploads\/2018\/04\/Galway-Rijeka-2020_3.jpg\" \/>\n\t<meta property=\"og:image:width\" content=\"5184\" \/>\n\t<meta property=\"og:image:height\" content=\"3456\" \/>\n\t<meta property=\"og:image:type\" content=\"image\/jpeg\" \/>\n<meta name=\"author\" content=\"Rijeka 2020\" \/>\n<meta name=\"twitter:card\" content=\"summary_large_image\" \/>\n<meta name=\"twitter:creator\" content=\"@Rijeka2020\" \/>\n<meta name=\"twitter:site\" content=\"@Rijeka2020\" \/>\n<meta name=\"twitter:label1\" content=\"Written by\" \/>\n\t<meta name=\"twitter:data1\" content=\"Rijeka 2020\" \/>\n\t<meta name=\"twitter:label2\" content=\"Est. reading time\" \/>\n\t<meta name=\"twitter:data2\" content=\"3 minutes\" \/>\n<script type=\"application\/ld+json\" class=\"yoast-schema-graph\">{\"@context\":\"https:\/\/schema.org\",\"@graph\":[{\"@type\":\"Article\",\"@id\":\"https:\/\/ri2020.eu\/en\/galway-2020-delegation-visits-rijeka-together-towards-2020\/#article\",\"isPartOf\":{\"@id\":\"https:\/\/ri2020.eu\/en\/galway-2020-delegation-visits-rijeka-together-towards-2020\/\"},\"author\":{\"name\":\"Rijeka 2020\",\"@id\":\"https:\/\/ri2020.eu\/en\/#\/schema\/person\/9c12d91df8c45bc534f625d9c81f403d\"},\"headline\":\"Galway 2020 delegation visits Rijeka \u2013 together towards 2020!\",\"datePublished\":\"2018-04-27T15:29:35+00:00\",\"dateModified\":\"2018-06-13T15:31:14+00:00\",\"mainEntityOfPage\":{\"@id\":\"https:\/\/ri2020.eu\/en\/galway-2020-delegation-visits-rijeka-together-towards-2020\/\"},\"wordCount\":571,\"publisher\":{\"@id\":\"https:\/\/ri2020.eu\/en\/#organization\"},\"image\":{\"@id\":\"https:\/\/ri2020.eu\/en\/galway-2020-delegation-visits-rijeka-together-towards-2020\/#primaryimage\"},\"thumbnailUrl\":\"https:\/\/ri2020.eu\/wp-content\/uploads\/2018\/04\/Galway-Rijeka-2020_3.jpg\",\"articleSection\":[\"Cultural Diplomacy\",\"News\"],\"inLanguage\":\"en-US\"},{\"@type\":\"WebPage\",\"@id\":\"https:\/\/ri2020.eu\/en\/galway-2020-delegation-visits-rijeka-together-towards-2020\/\",\"url\":\"https:\/\/ri2020.eu\/en\/galway-2020-delegation-visits-rijeka-together-towards-2020\/\",\"name\":\"Galway 2020 delegation visits Rijeka \u2013 together towards 2020! &#8226; Rijeka 2020\",\"isPartOf\":{\"@id\":\"https:\/\/ri2020.eu\/en\/#website\"},\"primaryImageOfPage\":{\"@id\":\"https:\/\/ri2020.eu\/en\/galway-2020-delegation-visits-rijeka-together-towards-2020\/#primaryimage\"},\"image\":{\"@id\":\"https:\/\/ri2020.eu\/en\/galway-2020-delegation-visits-rijeka-together-towards-2020\/#primaryimage\"},\"thumbnailUrl\":\"https:\/\/ri2020.eu\/wp-content\/uploads\/2018\/04\/Galway-Rijeka-2020_3.jpg\",\"datePublished\":\"2018-04-27T15:29:35+00:00\",\"dateModified\":\"2018-06-13T15:31:14+00:00\",\"breadcrumb\":{\"@id\":\"https:\/\/ri2020.eu\/en\/galway-2020-delegation-visits-rijeka-together-towards-2020\/#breadcrumb\"},\"inLanguage\":\"en-US\",\"potentialAction\":[{\"@type\":\"ReadAction\",\"target\":[\"https:\/\/ri2020.eu\/en\/galway-2020-delegation-visits-rijeka-together-towards-2020\/\"]}]},{\"@type\":\"ImageObject\",\"inLanguage\":\"en-US\",\"@id\":\"https:\/\/ri2020.eu\/en\/galway-2020-delegation-visits-rijeka-together-towards-2020\/#primaryimage\",\"url\":\"https:\/\/ri2020.eu\/wp-content\/uploads\/2018\/04\/Galway-Rijeka-2020_3.jpg\",\"contentUrl\":\"https:\/\/ri2020.eu\/wp-content\/uploads\/2018\/04\/Galway-Rijeka-2020_3.jpg\",\"width\":5184,\"height\":3456},{\"@type\":\"BreadcrumbList\",\"@id\":\"https:\/\/ri2020.eu\/en\/galway-2020-delegation-visits-rijeka-together-towards-2020\/#breadcrumb\",\"itemListElement\":[{\"@type\":\"ListItem\",\"position\":1,\"name\":\"Home\",\"item\":\"https:\/\/ri2020.eu\/en\/\"},{\"@type\":\"ListItem\",\"position\":2,\"name\":\"Galway 2020 delegation visits Rijeka \u2013 together towards 2020!\"}]},{\"@type\":\"WebSite\",\"@id\":\"https:\/\/ri2020.eu\/en\/#website\",\"url\":\"https:\/\/ri2020.eu\/en\/\",\"name\":\"Rijeka 2020\",\"description\":\"Europska prijestolnica kulture\",\"publisher\":{\"@id\":\"https:\/\/ri2020.eu\/en\/#organization\"},\"potentialAction\":[{\"@type\":\"SearchAction\",\"target\":{\"@type\":\"EntryPoint\",\"urlTemplate\":\"https:\/\/ri2020.eu\/en\/?s={search_term_string}\"},\"query-input\":{\"@type\":\"PropertyValueSpecification\",\"valueRequired\":true,\"valueName\":\"search_term_string\"}}],\"inLanguage\":\"en-US\"},{\"@type\":\"Organization\",\"@id\":\"https:\/\/ri2020.eu\/en\/#organization\",\"name\":\"Rijeka 2020 d.o.o.\",\"url\":\"https:\/\/ri2020.eu\/en\/\",\"logo\":{\"@type\":\"ImageObject\",\"inLanguage\":\"en-US\",\"@id\":\"https:\/\/ri2020.eu\/en\/#\/schema\/logo\/image\/\",\"url\":\"https:\/\/rijeka2020.eu\/wp-content\/uploads\/2018\/07\/Ri2020-logo.png\",\"contentUrl\":\"https:\/\/rijeka2020.eu\/wp-content\/uploads\/2018\/07\/Ri2020-logo.png\",\"width\":407,\"height\":175,\"caption\":\"Rijeka 2020 d.o.o.\"},\"image\":{\"@id\":\"https:\/\/ri2020.eu\/en\/#\/schema\/logo\/image\/\"},\"sameAs\":[\"https:\/\/www.facebook.com\/rijeka2020\",\"https:\/\/x.com\/Rijeka2020\",\"https:\/\/www.instagram.com\/rijeka2020\/\",\"https:\/\/www.youtube.com\/user\/riepk2020\"]},{\"@type\":\"Person\",\"@id\":\"https:\/\/ri2020.eu\/en\/#\/schema\/person\/9c12d91df8c45bc534f625d9c81f403d\",\"name\":\"Rijeka 2020\",\"url\":\"https:\/\/ri2020.eu\/en\/author\/lsm\/\"}]}<\/script>\n<!-- \/ Yoast SEO plugin. -->","yoast_head_json":{"title":"Galway 2020 delegation visits Rijeka \u2013 together towards 2020! &#8226; Rijeka 2020","robots":{"index":"index","follow":"follow","max-snippet":"max-snippet:-1","max-image-preview":"max-image-preview:large","max-video-preview":"max-video-preview:-1"},"canonical":"https:\/\/ri2020.eu\/en\/galway-2020-delegation-visits-rijeka-together-towards-2020\/","og_locale":"en_US","og_type":"article","og_title":"Galway 2020 delegation visits Rijeka \u2013 together towards 2020! &#8226; Rijeka 2020","og_description":"Galway 2020 \u2013 European Capital of Culture CEO Hannah Kiely and Marketing Director Fintan Maher visited Rijeka on Thursday and Friday and had work meetings with their colleagues from Rijeka 2020.","og_url":"https:\/\/ri2020.eu\/en\/galway-2020-delegation-visits-rijeka-together-towards-2020\/","og_site_name":"Rijeka 2020","article_publisher":"https:\/\/www.facebook.com\/rijeka2020","article_published_time":"2018-04-27T15:29:35+00:00","article_modified_time":"2018-06-13T15:31:14+00:00","og_image":[{"width":5184,"height":3456,"url":"https:\/\/ri2020.eu\/wp-content\/uploads\/2018\/04\/Galway-Rijeka-2020_3.jpg","type":"image\/jpeg"}],"author":"Rijeka 2020","twitter_card":"summary_large_image","twitter_creator":"@Rijeka2020","twitter_site":"@Rijeka2020","twitter_misc":{"Written by":"Rijeka 2020","Est. reading time":"3 minutes"},"schema":{"@context":"https:\/\/schema.org","@graph":[{"@type":"Article","@id":"https:\/\/ri2020.eu\/en\/galway-2020-delegation-visits-rijeka-together-towards-2020\/#article","isPartOf":{"@id":"https:\/\/ri2020.eu\/en\/galway-2020-delegation-visits-rijeka-together-towards-2020\/"},"author":{"name":"Rijeka 2020","@id":"https:\/\/ri2020.eu\/en\/#\/schema\/person\/9c12d91df8c45bc534f625d9c81f403d"},"headline":"Galway 2020 delegation visits Rijeka \u2013 together towards 2020!","datePublished":"2018-04-27T15:29:35+00:00","dateModified":"2018-06-13T15:31:14+00:00","mainEntityOfPage":{"@id":"https:\/\/ri2020.eu\/en\/galway-2020-delegation-visits-rijeka-together-towards-2020\/"},"wordCount":571,"publisher":{"@id":"https:\/\/ri2020.eu\/en\/#organization"},"image":{"@id":"https:\/\/ri2020.eu\/en\/galway-2020-delegation-visits-rijeka-together-towards-2020\/#primaryimage"},"thumbnailUrl":"https:\/\/ri2020.eu\/wp-content\/uploads\/2018\/04\/Galway-Rijeka-2020_3.jpg","articleSection":["Cultural Diplomacy","News"],"inLanguage":"en-US"},{"@type":"WebPage","@id":"https:\/\/ri2020.eu\/en\/galway-2020-delegation-visits-rijeka-together-towards-2020\/","url":"https:\/\/ri2020.eu\/en\/galway-2020-delegation-visits-rijeka-together-towards-2020\/","name":"Galway 2020 delegation visits Rijeka \u2013 together towards 2020! &#8226; Rijeka 2020","isPartOf":{"@id":"https:\/\/ri2020.eu\/en\/#website"},"primaryImageOfPage":{"@id":"https:\/\/ri2020.eu\/en\/galway-2020-delegation-visits-rijeka-together-towards-2020\/#primaryimage"},"image":{"@id":"https:\/\/ri2020.eu\/en\/galway-2020-delegation-visits-rijeka-together-towards-2020\/#primaryimage"},"thumbnailUrl":"https:\/\/ri2020.eu\/wp-content\/uploads\/2018\/04\/Galway-Rijeka-2020_3.jpg","datePublished":"2018-04-27T15:29:35+00:00","dateModified":"2018-06-13T15:31:14+00:00","breadcrumb":{"@id":"https:\/\/ri2020.eu\/en\/galway-2020-delegation-visits-rijeka-together-towards-2020\/#breadcrumb"},"inLanguage":"en-US","potentialAction":[{"@type":"ReadAction","target":["https:\/\/ri2020.eu\/en\/galway-2020-delegation-visits-rijeka-together-towards-2020\/"]}]},{"@type":"ImageObject","inLanguage":"en-US","@id":"https:\/\/ri2020.eu\/en\/galway-2020-delegation-visits-rijeka-together-towards-2020\/#primaryimage","url":"https:\/\/ri2020.eu\/wp-content\/uploads\/2018\/04\/Galway-Rijeka-2020_3.jpg","contentUrl":"https:\/\/ri2020.eu\/wp-content\/uploads\/2018\/04\/Galway-Rijeka-2020_3.jpg","width":5184,"height":3456},{"@type":"BreadcrumbList","@id":"https:\/\/ri2020.eu\/en\/galway-2020-delegation-visits-rijeka-together-towards-2020\/#breadcrumb","itemListElement":[{"@type":"ListItem","position":1,"name":"Home","item":"https:\/\/ri2020.eu\/en\/"},{"@type":"ListItem","position":2,"name":"Galway 2020 delegation visits Rijeka \u2013 together towards 2020!"}]},{"@type":"WebSite","@id":"https:\/\/ri2020.eu\/en\/#website","url":"https:\/\/ri2020.eu\/en\/","name":"Rijeka 2020","description":"Europska prijestolnica kulture","publisher":{"@id":"https:\/\/ri2020.eu\/en\/#organization"},"potentialAction":[{"@type":"SearchAction","target":{"@type":"EntryPoint","urlTemplate":"https:\/\/ri2020.eu\/en\/?s={search_term_string}"},"query-input":{"@type":"PropertyValueSpecification","valueRequired":true,"valueName":"search_term_string"}}],"inLanguage":"en-US"},{"@type":"Organization","@id":"https:\/\/ri2020.eu\/en\/#organization","name":"Rijeka 2020 d.o.o.","url":"https:\/\/ri2020.eu\/en\/","logo":{"@type":"ImageObject","inLanguage":"en-US","@id":"https:\/\/ri2020.eu\/en\/#\/schema\/logo\/image\/","url":"https:\/\/rijeka2020.eu\/wp-content\/uploads\/2018\/07\/Ri2020-logo.png","contentUrl":"https:\/\/rijeka2020.eu\/wp-content\/uploads\/2018\/07\/Ri2020-logo.png","width":407,"height":175,"caption":"Rijeka 2020 d.o.o."},"image":{"@id":"https:\/\/ri2020.eu\/en\/#\/schema\/logo\/image\/"},"sameAs":["https:\/\/www.facebook.com\/rijeka2020","https:\/\/x.com\/Rijeka2020","https:\/\/www.instagram.com\/rijeka2020\/","https:\/\/www.youtube.com\/user\/riepk2020"]},{"@type":"Person","@id":"https:\/\/ri2020.eu\/en\/#\/schema\/person\/9c12d91df8c45bc534f625d9c81f403d","name":"Rijeka 2020","url":"https:\/\/ri2020.eu\/en\/author\/lsm\/"}]}},"_links":{"self":[{"href":"https:\/\/ri2020.eu\/en\/wp-json\/wp\/v2\/posts\/13532","targetHints":{"allow":["GET"]}}],"collection":[{"href":"https:\/\/ri2020.eu\/en\/wp-json\/wp\/v2\/posts"}],"about":[{"href":"https:\/\/ri2020.eu\/en\/wp-json\/wp\/v2\/types\/post"}],"author":[{"embeddable":true,"href":"https:\/\/ri2020.eu\/en\/wp-json\/wp\/v2\/users\/72"}],"replies":[{"embeddable":true,"href":"https:\/\/ri2020.eu\/en\/wp-json\/wp\/v2\/comments?post=13532"}],"version-history":[{"count":0,"href":"https:\/\/ri2020.eu\/en\/wp-json\/wp\/v2\/posts\/13532\/revisions"}],"wp:featuredmedia":[{"embeddable":true,"href":"https:\/\/ri2020.eu\/en\/wp-json\/wp\/v2\/media\/12220"}],"wp:attachment":[{"href":"https:\/\/ri2020.eu\/en\/wp-json\/wp\/v2\/media?parent=13532"}],"wp:term":[{"taxonomy":"category","embeddable":true,"href":"https:\/\/ri2020.eu\/en\/wp-json\/wp\/v2\/categories?post=13532"},{"taxonomy":"post_tag","embeddable":true,"href":"https:\/\/ri2020.eu\/en\/wp-json\/wp\/v2\/tags?post=13532"}],"curies":[{"name":"wp","href":"https:\/\/api.w.org\/{rel}","templated":true}]}}