{"id":12426,"date":"2018-02-09T18:16:03","date_gmt":"2018-02-09T17:16:03","guid":{"rendered":"http:\/\/rijeka2020.eu\/?p=12426\/"},"modified":"2018-05-08T18:17:41","modified_gmt":"2018-05-08T16:17:41","slug":"fifth-ensemble-to-be-founded-in-zajc","status":"publish","type":"post","link":"https:\/\/ri2020.eu\/en\/fifth-ensemble-to-be-founded-in-zajc\/","title":{"rendered":"Fifth Ensemble to be founded in Zajc"},"content":{"rendered":"<p>The resources are intended for the project Fifth Ensemble implemented by the City of Rijeka in partnership with the Croatian National Theatre Ivan pl. Zajc, and in collaboration with the Centre for Education in Rijeka.<\/p>\n<p>The City of Rijeka was awarded the resources through a financial support tender issued by the Ministry of Culture on behalf of the European Social Fund, and the project application was prepared by RIJEKA 2020.<\/p>\n<p>The Fifth Ensemble project involves the inclusion of youth with disabilities in the labour market through preparatory cultural-artistic activities resulting in acquired skills, work habits and new knowledge required to work in a theatre. The project began by signing the contract, it will last 18 months, and it is closely connected to the European Capital of Culture project within the scope of the Kitchen flagship, which aims to increase the active participation of vulnerable social groups, including the disabled, in cultural activities.<\/p>\n<p>The goal of the project is to add a Fifth Ensemble formed by people with disabilities to the existing four professional artistic ensembles presently active in Zajc, in line with similar initiatives across Europe such as the Blue Teapot Theatre Company from Galway in Ireland.<\/p>\n<p>This innovative and experimental project, first of its kind in Rijeka, requires in-depth preparation by all participants \u2013 people with disabilities, educators, artists, parents, the media, broader audiences and policymakers \u2013 before the programmes enter the professional artistic production phase. The Fifth Ensemble project is the first phase of the preparation.<\/p>\n<p>In addition to the aforementioned Centre for Education in Rijeka, whose students include young people with disabilities, the collaboration will also be achieved with the Rijeka 21 organisation whose members include young people with Down Syndrome.<\/p>\n<p><em>Source and photo: <a href=\"http:\/\/www.rijeka.hr\/\">www.rijeka.hr<\/a><\/em><\/p>\n","protected":false},"excerpt":{"rendered":"<p>Deputy Mayor of Rijeka Marko Filipovi\u0107 signed a contract with Minister of Culture Nina Obuljen Kor\u017einek and Minister of Labour and Pension System Marko Pavi\u0107 granting a non-refundable amount of 797.785,15 kuna from the European Social Fund within the scope of the operative programme Efficient Human Potentials.<\/p>\n","protected":false},"author":72,"featured_media":10633,"comment_status":"open","ping_status":"open","sticky":false,"template":"","format":"standard","meta":{"_acf_changed":false,"footnotes":""},"categories":[2731],"tags":[],"class_list":["post-12426","post","type-post","status-publish","format-standard","has-post-thumbnail","hentry","category-news"],"acf":[],"yoast_head":"<!-- This site is optimized with the Yoast SEO plugin v26.8 - https:\/\/yoast.com\/product\/yoast-seo-wordpress\/ -->\n<title>Fifth Ensemble to be founded in Zajc &#8226; Rijeka 2020<\/title>\n<meta name=\"robots\" content=\"index, follow, max-snippet:-1, max-image-preview:large, max-video-preview:-1\" \/>\n<link rel=\"canonical\" href=\"https:\/\/ri2020.eu\/en\/fifth-ensemble-to-be-founded-in-zajc\/\" \/>\n<meta property=\"og:locale\" content=\"en_US\" \/>\n<meta property=\"og:type\" content=\"article\" \/>\n<meta property=\"og:title\" content=\"Fifth Ensemble to be founded in Zajc &#8226; Rijeka 2020\" \/>\n<meta property=\"og:description\" content=\"Deputy Mayor of Rijeka Marko Filipovi\u0107 signed a contract with Minister of Culture Nina Obuljen Kor\u017einek and Minister of Labour and Pension System Marko Pavi\u0107 granting a non-refundable amount of 797.785,15 kuna from the European Social Fund within the scope of the operative programme Efficient Human Potentials.\" \/>\n<meta property=\"og:url\" content=\"https:\/\/ri2020.eu\/en\/fifth-ensemble-to-be-founded-in-zajc\/\" \/>\n<meta property=\"og:site_name\" content=\"Rijeka 2020\" \/>\n<meta property=\"article:publisher\" content=\"https:\/\/www.facebook.com\/rijeka2020\" \/>\n<meta property=\"article:published_time\" content=\"2018-02-09T17:16:03+00:00\" \/>\n<meta property=\"article:modified_time\" content=\"2018-05-08T16:17:41+00:00\" \/>\n<meta property=\"og:image\" content=\"https:\/\/ri2020.eu\/wp-content\/uploads\/2018\/02\/Potpisivanje-ugovora-5.-ansambl.jpg\" \/>\n\t<meta property=\"og:image:width\" content=\"550\" \/>\n\t<meta property=\"og:image:height\" content=\"250\" \/>\n\t<meta property=\"og:image:type\" content=\"image\/jpeg\" \/>\n<meta name=\"author\" content=\"Rijeka 2020\" \/>\n<meta name=\"twitter:card\" content=\"summary_large_image\" \/>\n<meta name=\"twitter:creator\" content=\"@Rijeka2020\" \/>\n<meta name=\"twitter:site\" content=\"@Rijeka2020\" \/>\n<meta name=\"twitter:label1\" content=\"Written by\" \/>\n\t<meta name=\"twitter:data1\" content=\"Rijeka 2020\" \/>\n\t<meta name=\"twitter:label2\" content=\"Est. reading time\" \/>\n\t<meta name=\"twitter:data2\" content=\"1 minute\" \/>\n<script type=\"application\/ld+json\" class=\"yoast-schema-graph\">{\"@context\":\"https:\/\/schema.org\",\"@graph\":[{\"@type\":\"Article\",\"@id\":\"https:\/\/ri2020.eu\/en\/fifth-ensemble-to-be-founded-in-zajc\/#article\",\"isPartOf\":{\"@id\":\"https:\/\/ri2020.eu\/en\/fifth-ensemble-to-be-founded-in-zajc\/\"},\"author\":{\"name\":\"Rijeka 2020\",\"@id\":\"https:\/\/ri2020.eu\/en\/#\/schema\/person\/9c12d91df8c45bc534f625d9c81f403d\"},\"headline\":\"Fifth Ensemble to be founded in Zajc\",\"datePublished\":\"2018-02-09T17:16:03+00:00\",\"dateModified\":\"2018-05-08T16:17:41+00:00\",\"mainEntityOfPage\":{\"@id\":\"https:\/\/ri2020.eu\/en\/fifth-ensemble-to-be-founded-in-zajc\/\"},\"wordCount\":292,\"commentCount\":0,\"publisher\":{\"@id\":\"https:\/\/ri2020.eu\/en\/#organization\"},\"image\":{\"@id\":\"https:\/\/ri2020.eu\/en\/fifth-ensemble-to-be-founded-in-zajc\/#primaryimage\"},\"thumbnailUrl\":\"https:\/\/ri2020.eu\/wp-content\/uploads\/2018\/02\/Potpisivanje-ugovora-5.-ansambl.jpg\",\"articleSection\":[\"News\"],\"inLanguage\":\"en-US\",\"potentialAction\":[{\"@type\":\"CommentAction\",\"name\":\"Comment\",\"target\":[\"https:\/\/ri2020.eu\/en\/fifth-ensemble-to-be-founded-in-zajc\/#respond\"]}]},{\"@type\":\"WebPage\",\"@id\":\"https:\/\/ri2020.eu\/en\/fifth-ensemble-to-be-founded-in-zajc\/\",\"url\":\"https:\/\/ri2020.eu\/en\/fifth-ensemble-to-be-founded-in-zajc\/\",\"name\":\"Fifth Ensemble to be founded in Zajc &#8226; Rijeka 2020\",\"isPartOf\":{\"@id\":\"https:\/\/ri2020.eu\/en\/#website\"},\"primaryImageOfPage\":{\"@id\":\"https:\/\/ri2020.eu\/en\/fifth-ensemble-to-be-founded-in-zajc\/#primaryimage\"},\"image\":{\"@id\":\"https:\/\/ri2020.eu\/en\/fifth-ensemble-to-be-founded-in-zajc\/#primaryimage\"},\"thumbnailUrl\":\"https:\/\/ri2020.eu\/wp-content\/uploads\/2018\/02\/Potpisivanje-ugovora-5.-ansambl.jpg\",\"datePublished\":\"2018-02-09T17:16:03+00:00\",\"dateModified\":\"2018-05-08T16:17:41+00:00\",\"breadcrumb\":{\"@id\":\"https:\/\/ri2020.eu\/en\/fifth-ensemble-to-be-founded-in-zajc\/#breadcrumb\"},\"inLanguage\":\"en-US\",\"potentialAction\":[{\"@type\":\"ReadAction\",\"target\":[\"https:\/\/ri2020.eu\/en\/fifth-ensemble-to-be-founded-in-zajc\/\"]}]},{\"@type\":\"ImageObject\",\"inLanguage\":\"en-US\",\"@id\":\"https:\/\/ri2020.eu\/en\/fifth-ensemble-to-be-founded-in-zajc\/#primaryimage\",\"url\":\"https:\/\/ri2020.eu\/wp-content\/uploads\/2018\/02\/Potpisivanje-ugovora-5.-ansambl.jpg\",\"contentUrl\":\"https:\/\/ri2020.eu\/wp-content\/uploads\/2018\/02\/Potpisivanje-ugovora-5.-ansambl.jpg\",\"width\":550,\"height\":250},{\"@type\":\"BreadcrumbList\",\"@id\":\"https:\/\/ri2020.eu\/en\/fifth-ensemble-to-be-founded-in-zajc\/#breadcrumb\",\"itemListElement\":[{\"@type\":\"ListItem\",\"position\":1,\"name\":\"Home\",\"item\":\"https:\/\/ri2020.eu\/en\/\"},{\"@type\":\"ListItem\",\"position\":2,\"name\":\"Fifth Ensemble to be founded in Zajc\"}]},{\"@type\":\"WebSite\",\"@id\":\"https:\/\/ri2020.eu\/en\/#website\",\"url\":\"https:\/\/ri2020.eu\/en\/\",\"name\":\"Rijeka 2020\",\"description\":\"Europska prijestolnica kulture\",\"publisher\":{\"@id\":\"https:\/\/ri2020.eu\/en\/#organization\"},\"potentialAction\":[{\"@type\":\"SearchAction\",\"target\":{\"@type\":\"EntryPoint\",\"urlTemplate\":\"https:\/\/ri2020.eu\/en\/?s={search_term_string}\"},\"query-input\":{\"@type\":\"PropertyValueSpecification\",\"valueRequired\":true,\"valueName\":\"search_term_string\"}}],\"inLanguage\":\"en-US\"},{\"@type\":\"Organization\",\"@id\":\"https:\/\/ri2020.eu\/en\/#organization\",\"name\":\"Rijeka 2020 d.o.o.\",\"url\":\"https:\/\/ri2020.eu\/en\/\",\"logo\":{\"@type\":\"ImageObject\",\"inLanguage\":\"en-US\",\"@id\":\"https:\/\/ri2020.eu\/en\/#\/schema\/logo\/image\/\",\"url\":\"https:\/\/rijeka2020.eu\/wp-content\/uploads\/2018\/07\/Ri2020-logo.png\",\"contentUrl\":\"https:\/\/rijeka2020.eu\/wp-content\/uploads\/2018\/07\/Ri2020-logo.png\",\"width\":407,\"height\":175,\"caption\":\"Rijeka 2020 d.o.o.\"},\"image\":{\"@id\":\"https:\/\/ri2020.eu\/en\/#\/schema\/logo\/image\/\"},\"sameAs\":[\"https:\/\/www.facebook.com\/rijeka2020\",\"https:\/\/x.com\/Rijeka2020\",\"https:\/\/www.instagram.com\/rijeka2020\/\",\"https:\/\/www.youtube.com\/user\/riepk2020\"]},{\"@type\":\"Person\",\"@id\":\"https:\/\/ri2020.eu\/en\/#\/schema\/person\/9c12d91df8c45bc534f625d9c81f403d\",\"name\":\"Rijeka 2020\",\"url\":\"https:\/\/ri2020.eu\/en\/author\/lsm\/\"}]}<\/script>\n<!-- \/ Yoast SEO plugin. -->","yoast_head_json":{"title":"Fifth Ensemble to be founded in Zajc &#8226; Rijeka 2020","robots":{"index":"index","follow":"follow","max-snippet":"max-snippet:-1","max-image-preview":"max-image-preview:large","max-video-preview":"max-video-preview:-1"},"canonical":"https:\/\/ri2020.eu\/en\/fifth-ensemble-to-be-founded-in-zajc\/","og_locale":"en_US","og_type":"article","og_title":"Fifth Ensemble to be founded in Zajc &#8226; Rijeka 2020","og_description":"Deputy Mayor of Rijeka Marko Filipovi\u0107 signed a contract with Minister of Culture Nina Obuljen Kor\u017einek and Minister of Labour and Pension System Marko Pavi\u0107 granting a non-refundable amount of 797.785,15 kuna from the European Social Fund within the scope of the operative programme Efficient Human Potentials.","og_url":"https:\/\/ri2020.eu\/en\/fifth-ensemble-to-be-founded-in-zajc\/","og_site_name":"Rijeka 2020","article_publisher":"https:\/\/www.facebook.com\/rijeka2020","article_published_time":"2018-02-09T17:16:03+00:00","article_modified_time":"2018-05-08T16:17:41+00:00","og_image":[{"width":550,"height":250,"url":"https:\/\/ri2020.eu\/wp-content\/uploads\/2018\/02\/Potpisivanje-ugovora-5.-ansambl.jpg","type":"image\/jpeg"}],"author":"Rijeka 2020","twitter_card":"summary_large_image","twitter_creator":"@Rijeka2020","twitter_site":"@Rijeka2020","twitter_misc":{"Written by":"Rijeka 2020","Est. reading time":"1 minute"},"schema":{"@context":"https:\/\/schema.org","@graph":[{"@type":"Article","@id":"https:\/\/ri2020.eu\/en\/fifth-ensemble-to-be-founded-in-zajc\/#article","isPartOf":{"@id":"https:\/\/ri2020.eu\/en\/fifth-ensemble-to-be-founded-in-zajc\/"},"author":{"name":"Rijeka 2020","@id":"https:\/\/ri2020.eu\/en\/#\/schema\/person\/9c12d91df8c45bc534f625d9c81f403d"},"headline":"Fifth Ensemble to be founded in Zajc","datePublished":"2018-02-09T17:16:03+00:00","dateModified":"2018-05-08T16:17:41+00:00","mainEntityOfPage":{"@id":"https:\/\/ri2020.eu\/en\/fifth-ensemble-to-be-founded-in-zajc\/"},"wordCount":292,"commentCount":0,"publisher":{"@id":"https:\/\/ri2020.eu\/en\/#organization"},"image":{"@id":"https:\/\/ri2020.eu\/en\/fifth-ensemble-to-be-founded-in-zajc\/#primaryimage"},"thumbnailUrl":"https:\/\/ri2020.eu\/wp-content\/uploads\/2018\/02\/Potpisivanje-ugovora-5.-ansambl.jpg","articleSection":["News"],"inLanguage":"en-US","potentialAction":[{"@type":"CommentAction","name":"Comment","target":["https:\/\/ri2020.eu\/en\/fifth-ensemble-to-be-founded-in-zajc\/#respond"]}]},{"@type":"WebPage","@id":"https:\/\/ri2020.eu\/en\/fifth-ensemble-to-be-founded-in-zajc\/","url":"https:\/\/ri2020.eu\/en\/fifth-ensemble-to-be-founded-in-zajc\/","name":"Fifth Ensemble to be founded in Zajc &#8226; Rijeka 2020","isPartOf":{"@id":"https:\/\/ri2020.eu\/en\/#website"},"primaryImageOfPage":{"@id":"https:\/\/ri2020.eu\/en\/fifth-ensemble-to-be-founded-in-zajc\/#primaryimage"},"image":{"@id":"https:\/\/ri2020.eu\/en\/fifth-ensemble-to-be-founded-in-zajc\/#primaryimage"},"thumbnailUrl":"https:\/\/ri2020.eu\/wp-content\/uploads\/2018\/02\/Potpisivanje-ugovora-5.-ansambl.jpg","datePublished":"2018-02-09T17:16:03+00:00","dateModified":"2018-05-08T16:17:41+00:00","breadcrumb":{"@id":"https:\/\/ri2020.eu\/en\/fifth-ensemble-to-be-founded-in-zajc\/#breadcrumb"},"inLanguage":"en-US","potentialAction":[{"@type":"ReadAction","target":["https:\/\/ri2020.eu\/en\/fifth-ensemble-to-be-founded-in-zajc\/"]}]},{"@type":"ImageObject","inLanguage":"en-US","@id":"https:\/\/ri2020.eu\/en\/fifth-ensemble-to-be-founded-in-zajc\/#primaryimage","url":"https:\/\/ri2020.eu\/wp-content\/uploads\/2018\/02\/Potpisivanje-ugovora-5.-ansambl.jpg","contentUrl":"https:\/\/ri2020.eu\/wp-content\/uploads\/2018\/02\/Potpisivanje-ugovora-5.-ansambl.jpg","width":550,"height":250},{"@type":"BreadcrumbList","@id":"https:\/\/ri2020.eu\/en\/fifth-ensemble-to-be-founded-in-zajc\/#breadcrumb","itemListElement":[{"@type":"ListItem","position":1,"name":"Home","item":"https:\/\/ri2020.eu\/en\/"},{"@type":"ListItem","position":2,"name":"Fifth Ensemble to be founded in Zajc"}]},{"@type":"WebSite","@id":"https:\/\/ri2020.eu\/en\/#website","url":"https:\/\/ri2020.eu\/en\/","name":"Rijeka 2020","description":"Europska prijestolnica kulture","publisher":{"@id":"https:\/\/ri2020.eu\/en\/#organization"},"potentialAction":[{"@type":"SearchAction","target":{"@type":"EntryPoint","urlTemplate":"https:\/\/ri2020.eu\/en\/?s={search_term_string}"},"query-input":{"@type":"PropertyValueSpecification","valueRequired":true,"valueName":"search_term_string"}}],"inLanguage":"en-US"},{"@type":"Organization","@id":"https:\/\/ri2020.eu\/en\/#organization","name":"Rijeka 2020 d.o.o.","url":"https:\/\/ri2020.eu\/en\/","logo":{"@type":"ImageObject","inLanguage":"en-US","@id":"https:\/\/ri2020.eu\/en\/#\/schema\/logo\/image\/","url":"https:\/\/rijeka2020.eu\/wp-content\/uploads\/2018\/07\/Ri2020-logo.png","contentUrl":"https:\/\/rijeka2020.eu\/wp-content\/uploads\/2018\/07\/Ri2020-logo.png","width":407,"height":175,"caption":"Rijeka 2020 d.o.o."},"image":{"@id":"https:\/\/ri2020.eu\/en\/#\/schema\/logo\/image\/"},"sameAs":["https:\/\/www.facebook.com\/rijeka2020","https:\/\/x.com\/Rijeka2020","https:\/\/www.instagram.com\/rijeka2020\/","https:\/\/www.youtube.com\/user\/riepk2020"]},{"@type":"Person","@id":"https:\/\/ri2020.eu\/en\/#\/schema\/person\/9c12d91df8c45bc534f625d9c81f403d","name":"Rijeka 2020","url":"https:\/\/ri2020.eu\/en\/author\/lsm\/"}]}},"_links":{"self":[{"href":"https:\/\/ri2020.eu\/en\/wp-json\/wp\/v2\/posts\/12426","targetHints":{"allow":["GET"]}}],"collection":[{"href":"https:\/\/ri2020.eu\/en\/wp-json\/wp\/v2\/posts"}],"about":[{"href":"https:\/\/ri2020.eu\/en\/wp-json\/wp\/v2\/types\/post"}],"author":[{"embeddable":true,"href":"https:\/\/ri2020.eu\/en\/wp-json\/wp\/v2\/users\/72"}],"replies":[{"embeddable":true,"href":"https:\/\/ri2020.eu\/en\/wp-json\/wp\/v2\/comments?post=12426"}],"version-history":[{"count":0,"href":"https:\/\/ri2020.eu\/en\/wp-json\/wp\/v2\/posts\/12426\/revisions"}],"wp:featuredmedia":[{"embeddable":true,"href":"https:\/\/ri2020.eu\/en\/wp-json\/wp\/v2\/media\/10633"}],"wp:attachment":[{"href":"https:\/\/ri2020.eu\/en\/wp-json\/wp\/v2\/media?parent=12426"}],"wp:term":[{"taxonomy":"category","embeddable":true,"href":"https:\/\/ri2020.eu\/en\/wp-json\/wp\/v2\/categories?post=12426"},{"taxonomy":"post_tag","embeddable":true,"href":"https:\/\/ri2020.eu\/en\/wp-json\/wp\/v2\/tags?post=12426"}],"curies":[{"name":"wp","href":"https:\/\/api.w.org\/{rel}","templated":true}]}}