{"id":12422,"date":"2018-02-20T18:11:07","date_gmt":"2018-02-20T17:11:07","guid":{"rendered":"http:\/\/rijeka2020.eu\/?p=12422\/"},"modified":"2018-05-08T18:12:47","modified_gmt":"2018-05-08T16:12:47","slug":"rediscovering-europe-and-kitchen-announce-the-mountain-giants-premiere-performative-cooking-theatre-knowledge-market","status":"publish","type":"post","link":"https:\/\/ri2020.eu\/en\/rediscovering-europe-and-kitchen-announce-the-mountain-giants-premiere-performative-cooking-theatre-knowledge-market\/","title":{"rendered":"(Re)Discovering Europe and Kitchen announce: \u201cThe Mountain Giants\u201d premiere, Performative Cooking, Theatre Knowledge Market\u2026"},"content":{"rendered":"<p>The play is special in the sense that it was created as one of the first European projects to unite five European minority theatres, i.e. it focuses on diversity which is why it is included in the Kitchen flagship of Rijeka 2020 \u2013 ECOC, which deals with diversity (national minorities in this case) and marginalised and excluded members of society.<\/p>\n<p>In addition to the Italian Drama of the Croatian National Theatre Ivna pl. Zajc, the play was coproduced by the German Theatre of Timisoara (Romania), Slovensko stalno gledali\u0161\u0107e di Trieste (Italy), National Institution Albanian Theatre, Skopje (Macedonia), and Kazali\u0161te Kosztol\u00e1nyi Dezs\u0151 (in Hungarian), Subotica (Serbia).<\/p>\n<p style=\"text-align: left;\">The (Re)Discovering Europe project includes a series of other activities \u2013 lecture, Performative cooking by national minority actors participating in the show accompanied by conversations with actors, and the so-called Theatre Knowledge Market.<\/p>\n<p>The first education will be held on 20 February at 6 PM at Delta 5 for future actors and students of other departments at the Faculty of Humanities and Social Sciences in Rijeka. Paolo Magelli, director of \u201cThe Mountain Giants\u201d, will hold the workshop \u201cActor in theatre dell\u2019Arte\u201d in which he tackles various aspects of Luigi Pirandello\u2019s artistic and social engagement. The aim of the workshop is to describe the historical and philosophical context in which \u201cThe Mountain Giants\u201d were created and to explore its possible contemporary interpretations. One of the workshops will thus be open for students from Rijeka, but also from other participating cities \u2013 Subotica, Skopje, Trieste and Timisoara.<\/p>\n<p>The new session of the Theatre Parliament will be held on Saturday, 3 March at 5 PM in the Croatian National Theatre Ivan pl. Zajc, just before \u201cThe Mountain Giants\u201d. The session will be presided over by Lade \u010cale Feldman, associate of the Institute of Ethnology and Folklore Research and full professor at the Chair for Theatre and Film Studies at the Department for Comparative Literature of the Faculty of Humanities and Social Sciences in Zagreb. The topic of the session is \u201cWho was the first Countess Ilse or Pirandello and the actress\u201d so the session will tackle the period of Pirandello\u2019s work when the actress Marta Abba, the first to play Countess Ilse, entered his life.<\/p>\n<p>The following day, on 4 March, Zajc is cooking for their audience. From 10 AM to 1 PM the space in front of the restaurant ,Fiume on the Rijeka Marketplace will be reserved for the Performative Kitchen. Under the guidance of masterchef Sr\u0111ana Jevti\u0107, national specialties of the guest actors\u2019 cultures will be cooked, and it will also be an opportunity for audiences to talk to the actors.<\/p>\n<p>The language of theatre is as universal as the diversity of cuisine \u2013 they bypass all language barriers and achieve communication. This is the basis for the project Performative Kitchen: Cooking Diversity which combines performing arts (theatre) and cooking. It\u2019s a project in which actors of the different ensembles performing The Mountain Giants in different cities (Rijeka, Timisoara, Trieste, Skopje and Subotica) cook for the local community and present their culture in that manner. The cooking is performed live in different public spaces, and the audience is actively engaged in the process so the entire project has an educational dimension in the sense of meeting different cultures and learning how to prepare national dishes. The culinary session ends with the actors and audience sharing a meal.<\/p>\n<p>The Theatre Market is an informal education in which interested audience members will be able to book half an hour with a member of the production team (actors, directors, stage managers, producers, scenographers, costume designers and others) and ask them anything they want to know. It will be held on 6 March at 9:30 PM in the foyer of the Croatian National Theatre Ivan pl. Zajc.<\/p>\n<p>This is a type of non-hierarchical transfer of knowledge inspired by Ranciere\u2019s The Ignorant Schoolmaster. There is no predefined format, the participants themselves decide what they want to learn.<\/p>\n<p>The conversation between the interested audience members and the members of The Mountain Giants team will be held in a relaxed atmosphere, one on one over a glass of wine.<\/p>\n<p>Additionally, on 7 March, a lecture will be held as part of the \u201cTheatre and new media \/ how to watch\u201d cycle. It will be held by Morana \u010cale, professor of Italian literature at the Department of Italian of the Faculty of Humanities and Social Sciences in Zagreb. She will discuss the political aspects of The Mountain Giants and their position in Pirandello\u2019s opus. The lecture begins at 12 PM in the foyer of Ivan pl. Zajc, it is free, and it is held in Italian in cooperation with the Department of Italian of the Faculty of Humanities and Social Sciences in Rijeka.<\/p>\n","protected":false},"excerpt":{"rendered":"<p>As part of the Kitchen flagship of the Rijeka 2020 \u2013 ECOC project and the (Re)Discovering Europe project, Luigi Pirandello\u2019s \u201cThe Mountain Giants\u201d, directed by Paolo Magelli, will premiere on 2 March 2018 in the Croatian National Theatre Ivan pl. Zajc.<\/p>\n","protected":false},"author":72,"featured_media":10868,"comment_status":"open","ping_status":"open","sticky":false,"template":"","format":"standard","meta":{"_acf_changed":false,"footnotes":""},"categories":[2959,2731],"tags":[],"class_list":["post-12422","post","type-post","status-publish","format-standard","has-post-thumbnail","hentry","category-kitchen-of-diversity","category-news"],"acf":[],"yoast_head":"<!-- This site is optimized with the Yoast SEO plugin v26.8 - https:\/\/yoast.com\/product\/yoast-seo-wordpress\/ -->\n<title>(Re)Discovering Europe and Kitchen announce: \u201cThe Mountain Giants\u201d premiere, Performative Cooking, Theatre Knowledge Market\u2026 &#8226; Rijeka 2020<\/title>\n<meta name=\"robots\" content=\"index, follow, max-snippet:-1, max-image-preview:large, max-video-preview:-1\" \/>\n<link rel=\"canonical\" href=\"https:\/\/ri2020.eu\/en\/rediscovering-europe-and-kitchen-announce-the-mountain-giants-premiere-performative-cooking-theatre-knowledge-market\/\" \/>\n<meta property=\"og:locale\" content=\"en_US\" \/>\n<meta property=\"og:type\" content=\"article\" \/>\n<meta property=\"og:title\" content=\"(Re)Discovering Europe and Kitchen announce: \u201cThe Mountain Giants\u201d premiere, Performative Cooking, Theatre Knowledge Market\u2026 &#8226; Rijeka 2020\" \/>\n<meta property=\"og:description\" content=\"As part of the Kitchen flagship of the Rijeka 2020 \u2013 ECOC project and the (Re)Discovering Europe project, Luigi Pirandello\u2019s \u201cThe Mountain Giants\u201d, directed by Paolo Magelli, will premiere on 2 March 2018 in the Croatian National Theatre Ivan pl. Zajc.\" \/>\n<meta property=\"og:url\" content=\"https:\/\/ri2020.eu\/en\/rediscovering-europe-and-kitchen-announce-the-mountain-giants-premiere-performative-cooking-theatre-knowledge-market\/\" \/>\n<meta property=\"og:site_name\" content=\"Rijeka 2020\" \/>\n<meta property=\"article:publisher\" content=\"https:\/\/www.facebook.com\/rijeka2020\" \/>\n<meta property=\"article:published_time\" content=\"2018-02-20T17:11:07+00:00\" \/>\n<meta property=\"article:modified_time\" content=\"2018-05-08T16:12:47+00:00\" \/>\n<meta property=\"og:image\" content=\"https:\/\/ri2020.eu\/wp-content\/uploads\/2018\/02\/Gorski-divovi.jpg\" \/>\n\t<meta property=\"og:image:width\" content=\"1600\" \/>\n\t<meta property=\"og:image:height\" content=\"1066\" \/>\n\t<meta property=\"og:image:type\" content=\"image\/jpeg\" \/>\n<meta name=\"author\" content=\"Rijeka 2020\" \/>\n<meta name=\"twitter:card\" content=\"summary_large_image\" \/>\n<meta name=\"twitter:creator\" content=\"@Rijeka2020\" \/>\n<meta name=\"twitter:site\" content=\"@Rijeka2020\" \/>\n<meta name=\"twitter:label1\" content=\"Written by\" \/>\n\t<meta name=\"twitter:data1\" content=\"Rijeka 2020\" \/>\n\t<meta name=\"twitter:label2\" content=\"Est. reading time\" \/>\n\t<meta name=\"twitter:data2\" content=\"4 minutes\" \/>\n<script type=\"application\/ld+json\" class=\"yoast-schema-graph\">{\"@context\":\"https:\/\/schema.org\",\"@graph\":[{\"@type\":\"Article\",\"@id\":\"https:\/\/ri2020.eu\/en\/rediscovering-europe-and-kitchen-announce-the-mountain-giants-premiere-performative-cooking-theatre-knowledge-market\/#article\",\"isPartOf\":{\"@id\":\"https:\/\/ri2020.eu\/en\/rediscovering-europe-and-kitchen-announce-the-mountain-giants-premiere-performative-cooking-theatre-knowledge-market\/\"},\"author\":{\"name\":\"Rijeka 2020\",\"@id\":\"https:\/\/ri2020.eu\/en\/#\/schema\/person\/9c12d91df8c45bc534f625d9c81f403d\"},\"headline\":\"(Re)Discovering Europe and Kitchen announce: \u201cThe Mountain Giants\u201d premiere, Performative Cooking, Theatre Knowledge Market\u2026\",\"datePublished\":\"2018-02-20T17:11:07+00:00\",\"dateModified\":\"2018-05-08T16:12:47+00:00\",\"mainEntityOfPage\":{\"@id\":\"https:\/\/ri2020.eu\/en\/rediscovering-europe-and-kitchen-announce-the-mountain-giants-premiere-performative-cooking-theatre-knowledge-market\/\"},\"wordCount\":798,\"commentCount\":0,\"publisher\":{\"@id\":\"https:\/\/ri2020.eu\/en\/#organization\"},\"image\":{\"@id\":\"https:\/\/ri2020.eu\/en\/rediscovering-europe-and-kitchen-announce-the-mountain-giants-premiere-performative-cooking-theatre-knowledge-market\/#primaryimage\"},\"thumbnailUrl\":\"https:\/\/ri2020.eu\/wp-content\/uploads\/2018\/02\/Gorski-divovi.jpg\",\"articleSection\":[\"Kitchen of Diversity\",\"News\"],\"inLanguage\":\"en-US\",\"potentialAction\":[{\"@type\":\"CommentAction\",\"name\":\"Comment\",\"target\":[\"https:\/\/ri2020.eu\/en\/rediscovering-europe-and-kitchen-announce-the-mountain-giants-premiere-performative-cooking-theatre-knowledge-market\/#respond\"]}]},{\"@type\":\"WebPage\",\"@id\":\"https:\/\/ri2020.eu\/en\/rediscovering-europe-and-kitchen-announce-the-mountain-giants-premiere-performative-cooking-theatre-knowledge-market\/\",\"url\":\"https:\/\/ri2020.eu\/en\/rediscovering-europe-and-kitchen-announce-the-mountain-giants-premiere-performative-cooking-theatre-knowledge-market\/\",\"name\":\"(Re)Discovering Europe and Kitchen announce: \u201cThe Mountain Giants\u201d premiere, Performative Cooking, Theatre Knowledge Market\u2026 &#8226; Rijeka 2020\",\"isPartOf\":{\"@id\":\"https:\/\/ri2020.eu\/en\/#website\"},\"primaryImageOfPage\":{\"@id\":\"https:\/\/ri2020.eu\/en\/rediscovering-europe-and-kitchen-announce-the-mountain-giants-premiere-performative-cooking-theatre-knowledge-market\/#primaryimage\"},\"image\":{\"@id\":\"https:\/\/ri2020.eu\/en\/rediscovering-europe-and-kitchen-announce-the-mountain-giants-premiere-performative-cooking-theatre-knowledge-market\/#primaryimage\"},\"thumbnailUrl\":\"https:\/\/ri2020.eu\/wp-content\/uploads\/2018\/02\/Gorski-divovi.jpg\",\"datePublished\":\"2018-02-20T17:11:07+00:00\",\"dateModified\":\"2018-05-08T16:12:47+00:00\",\"breadcrumb\":{\"@id\":\"https:\/\/ri2020.eu\/en\/rediscovering-europe-and-kitchen-announce-the-mountain-giants-premiere-performative-cooking-theatre-knowledge-market\/#breadcrumb\"},\"inLanguage\":\"en-US\",\"potentialAction\":[{\"@type\":\"ReadAction\",\"target\":[\"https:\/\/ri2020.eu\/en\/rediscovering-europe-and-kitchen-announce-the-mountain-giants-premiere-performative-cooking-theatre-knowledge-market\/\"]}]},{\"@type\":\"ImageObject\",\"inLanguage\":\"en-US\",\"@id\":\"https:\/\/ri2020.eu\/en\/rediscovering-europe-and-kitchen-announce-the-mountain-giants-premiere-performative-cooking-theatre-knowledge-market\/#primaryimage\",\"url\":\"https:\/\/ri2020.eu\/wp-content\/uploads\/2018\/02\/Gorski-divovi.jpg\",\"contentUrl\":\"https:\/\/ri2020.eu\/wp-content\/uploads\/2018\/02\/Gorski-divovi.jpg\",\"width\":1600,\"height\":1066},{\"@type\":\"BreadcrumbList\",\"@id\":\"https:\/\/ri2020.eu\/en\/rediscovering-europe-and-kitchen-announce-the-mountain-giants-premiere-performative-cooking-theatre-knowledge-market\/#breadcrumb\",\"itemListElement\":[{\"@type\":\"ListItem\",\"position\":1,\"name\":\"Home\",\"item\":\"https:\/\/ri2020.eu\/en\/\"},{\"@type\":\"ListItem\",\"position\":2,\"name\":\"(Re)Discovering Europe and Kitchen announce: \u201cThe Mountain Giants\u201d premiere, Performative Cooking, Theatre Knowledge Market\u2026\"}]},{\"@type\":\"WebSite\",\"@id\":\"https:\/\/ri2020.eu\/en\/#website\",\"url\":\"https:\/\/ri2020.eu\/en\/\",\"name\":\"Rijeka 2020\",\"description\":\"Europska prijestolnica kulture\",\"publisher\":{\"@id\":\"https:\/\/ri2020.eu\/en\/#organization\"},\"potentialAction\":[{\"@type\":\"SearchAction\",\"target\":{\"@type\":\"EntryPoint\",\"urlTemplate\":\"https:\/\/ri2020.eu\/en\/?s={search_term_string}\"},\"query-input\":{\"@type\":\"PropertyValueSpecification\",\"valueRequired\":true,\"valueName\":\"search_term_string\"}}],\"inLanguage\":\"en-US\"},{\"@type\":\"Organization\",\"@id\":\"https:\/\/ri2020.eu\/en\/#organization\",\"name\":\"Rijeka 2020 d.o.o.\",\"url\":\"https:\/\/ri2020.eu\/en\/\",\"logo\":{\"@type\":\"ImageObject\",\"inLanguage\":\"en-US\",\"@id\":\"https:\/\/ri2020.eu\/en\/#\/schema\/logo\/image\/\",\"url\":\"https:\/\/rijeka2020.eu\/wp-content\/uploads\/2018\/07\/Ri2020-logo.png\",\"contentUrl\":\"https:\/\/rijeka2020.eu\/wp-content\/uploads\/2018\/07\/Ri2020-logo.png\",\"width\":407,\"height\":175,\"caption\":\"Rijeka 2020 d.o.o.\"},\"image\":{\"@id\":\"https:\/\/ri2020.eu\/en\/#\/schema\/logo\/image\/\"},\"sameAs\":[\"https:\/\/www.facebook.com\/rijeka2020\",\"https:\/\/x.com\/Rijeka2020\",\"https:\/\/www.instagram.com\/rijeka2020\/\",\"https:\/\/www.youtube.com\/user\/riepk2020\"]},{\"@type\":\"Person\",\"@id\":\"https:\/\/ri2020.eu\/en\/#\/schema\/person\/9c12d91df8c45bc534f625d9c81f403d\",\"name\":\"Rijeka 2020\",\"url\":\"https:\/\/ri2020.eu\/en\/author\/lsm\/\"}]}<\/script>\n<!-- \/ Yoast SEO plugin. -->","yoast_head_json":{"title":"(Re)Discovering Europe and Kitchen announce: \u201cThe Mountain Giants\u201d premiere, Performative Cooking, Theatre Knowledge Market\u2026 &#8226; Rijeka 2020","robots":{"index":"index","follow":"follow","max-snippet":"max-snippet:-1","max-image-preview":"max-image-preview:large","max-video-preview":"max-video-preview:-1"},"canonical":"https:\/\/ri2020.eu\/en\/rediscovering-europe-and-kitchen-announce-the-mountain-giants-premiere-performative-cooking-theatre-knowledge-market\/","og_locale":"en_US","og_type":"article","og_title":"(Re)Discovering Europe and Kitchen announce: \u201cThe Mountain Giants\u201d premiere, Performative Cooking, Theatre Knowledge Market\u2026 &#8226; Rijeka 2020","og_description":"As part of the Kitchen flagship of the Rijeka 2020 \u2013 ECOC project and the (Re)Discovering Europe project, Luigi Pirandello\u2019s \u201cThe Mountain Giants\u201d, directed by Paolo Magelli, will premiere on 2 March 2018 in the Croatian National Theatre Ivan pl. Zajc.","og_url":"https:\/\/ri2020.eu\/en\/rediscovering-europe-and-kitchen-announce-the-mountain-giants-premiere-performative-cooking-theatre-knowledge-market\/","og_site_name":"Rijeka 2020","article_publisher":"https:\/\/www.facebook.com\/rijeka2020","article_published_time":"2018-02-20T17:11:07+00:00","article_modified_time":"2018-05-08T16:12:47+00:00","og_image":[{"width":1600,"height":1066,"url":"https:\/\/ri2020.eu\/wp-content\/uploads\/2018\/02\/Gorski-divovi.jpg","type":"image\/jpeg"}],"author":"Rijeka 2020","twitter_card":"summary_large_image","twitter_creator":"@Rijeka2020","twitter_site":"@Rijeka2020","twitter_misc":{"Written by":"Rijeka 2020","Est. reading time":"4 minutes"},"schema":{"@context":"https:\/\/schema.org","@graph":[{"@type":"Article","@id":"https:\/\/ri2020.eu\/en\/rediscovering-europe-and-kitchen-announce-the-mountain-giants-premiere-performative-cooking-theatre-knowledge-market\/#article","isPartOf":{"@id":"https:\/\/ri2020.eu\/en\/rediscovering-europe-and-kitchen-announce-the-mountain-giants-premiere-performative-cooking-theatre-knowledge-market\/"},"author":{"name":"Rijeka 2020","@id":"https:\/\/ri2020.eu\/en\/#\/schema\/person\/9c12d91df8c45bc534f625d9c81f403d"},"headline":"(Re)Discovering Europe and Kitchen announce: \u201cThe Mountain Giants\u201d premiere, Performative Cooking, Theatre Knowledge Market\u2026","datePublished":"2018-02-20T17:11:07+00:00","dateModified":"2018-05-08T16:12:47+00:00","mainEntityOfPage":{"@id":"https:\/\/ri2020.eu\/en\/rediscovering-europe-and-kitchen-announce-the-mountain-giants-premiere-performative-cooking-theatre-knowledge-market\/"},"wordCount":798,"commentCount":0,"publisher":{"@id":"https:\/\/ri2020.eu\/en\/#organization"},"image":{"@id":"https:\/\/ri2020.eu\/en\/rediscovering-europe-and-kitchen-announce-the-mountain-giants-premiere-performative-cooking-theatre-knowledge-market\/#primaryimage"},"thumbnailUrl":"https:\/\/ri2020.eu\/wp-content\/uploads\/2018\/02\/Gorski-divovi.jpg","articleSection":["Kitchen of Diversity","News"],"inLanguage":"en-US","potentialAction":[{"@type":"CommentAction","name":"Comment","target":["https:\/\/ri2020.eu\/en\/rediscovering-europe-and-kitchen-announce-the-mountain-giants-premiere-performative-cooking-theatre-knowledge-market\/#respond"]}]},{"@type":"WebPage","@id":"https:\/\/ri2020.eu\/en\/rediscovering-europe-and-kitchen-announce-the-mountain-giants-premiere-performative-cooking-theatre-knowledge-market\/","url":"https:\/\/ri2020.eu\/en\/rediscovering-europe-and-kitchen-announce-the-mountain-giants-premiere-performative-cooking-theatre-knowledge-market\/","name":"(Re)Discovering Europe and Kitchen announce: \u201cThe Mountain Giants\u201d premiere, Performative Cooking, Theatre Knowledge Market\u2026 &#8226; Rijeka 2020","isPartOf":{"@id":"https:\/\/ri2020.eu\/en\/#website"},"primaryImageOfPage":{"@id":"https:\/\/ri2020.eu\/en\/rediscovering-europe-and-kitchen-announce-the-mountain-giants-premiere-performative-cooking-theatre-knowledge-market\/#primaryimage"},"image":{"@id":"https:\/\/ri2020.eu\/en\/rediscovering-europe-and-kitchen-announce-the-mountain-giants-premiere-performative-cooking-theatre-knowledge-market\/#primaryimage"},"thumbnailUrl":"https:\/\/ri2020.eu\/wp-content\/uploads\/2018\/02\/Gorski-divovi.jpg","datePublished":"2018-02-20T17:11:07+00:00","dateModified":"2018-05-08T16:12:47+00:00","breadcrumb":{"@id":"https:\/\/ri2020.eu\/en\/rediscovering-europe-and-kitchen-announce-the-mountain-giants-premiere-performative-cooking-theatre-knowledge-market\/#breadcrumb"},"inLanguage":"en-US","potentialAction":[{"@type":"ReadAction","target":["https:\/\/ri2020.eu\/en\/rediscovering-europe-and-kitchen-announce-the-mountain-giants-premiere-performative-cooking-theatre-knowledge-market\/"]}]},{"@type":"ImageObject","inLanguage":"en-US","@id":"https:\/\/ri2020.eu\/en\/rediscovering-europe-and-kitchen-announce-the-mountain-giants-premiere-performative-cooking-theatre-knowledge-market\/#primaryimage","url":"https:\/\/ri2020.eu\/wp-content\/uploads\/2018\/02\/Gorski-divovi.jpg","contentUrl":"https:\/\/ri2020.eu\/wp-content\/uploads\/2018\/02\/Gorski-divovi.jpg","width":1600,"height":1066},{"@type":"BreadcrumbList","@id":"https:\/\/ri2020.eu\/en\/rediscovering-europe-and-kitchen-announce-the-mountain-giants-premiere-performative-cooking-theatre-knowledge-market\/#breadcrumb","itemListElement":[{"@type":"ListItem","position":1,"name":"Home","item":"https:\/\/ri2020.eu\/en\/"},{"@type":"ListItem","position":2,"name":"(Re)Discovering Europe and Kitchen announce: \u201cThe Mountain Giants\u201d premiere, Performative Cooking, Theatre Knowledge Market\u2026"}]},{"@type":"WebSite","@id":"https:\/\/ri2020.eu\/en\/#website","url":"https:\/\/ri2020.eu\/en\/","name":"Rijeka 2020","description":"Europska prijestolnica kulture","publisher":{"@id":"https:\/\/ri2020.eu\/en\/#organization"},"potentialAction":[{"@type":"SearchAction","target":{"@type":"EntryPoint","urlTemplate":"https:\/\/ri2020.eu\/en\/?s={search_term_string}"},"query-input":{"@type":"PropertyValueSpecification","valueRequired":true,"valueName":"search_term_string"}}],"inLanguage":"en-US"},{"@type":"Organization","@id":"https:\/\/ri2020.eu\/en\/#organization","name":"Rijeka 2020 d.o.o.","url":"https:\/\/ri2020.eu\/en\/","logo":{"@type":"ImageObject","inLanguage":"en-US","@id":"https:\/\/ri2020.eu\/en\/#\/schema\/logo\/image\/","url":"https:\/\/rijeka2020.eu\/wp-content\/uploads\/2018\/07\/Ri2020-logo.png","contentUrl":"https:\/\/rijeka2020.eu\/wp-content\/uploads\/2018\/07\/Ri2020-logo.png","width":407,"height":175,"caption":"Rijeka 2020 d.o.o."},"image":{"@id":"https:\/\/ri2020.eu\/en\/#\/schema\/logo\/image\/"},"sameAs":["https:\/\/www.facebook.com\/rijeka2020","https:\/\/x.com\/Rijeka2020","https:\/\/www.instagram.com\/rijeka2020\/","https:\/\/www.youtube.com\/user\/riepk2020"]},{"@type":"Person","@id":"https:\/\/ri2020.eu\/en\/#\/schema\/person\/9c12d91df8c45bc534f625d9c81f403d","name":"Rijeka 2020","url":"https:\/\/ri2020.eu\/en\/author\/lsm\/"}]}},"_links":{"self":[{"href":"https:\/\/ri2020.eu\/en\/wp-json\/wp\/v2\/posts\/12422","targetHints":{"allow":["GET"]}}],"collection":[{"href":"https:\/\/ri2020.eu\/en\/wp-json\/wp\/v2\/posts"}],"about":[{"href":"https:\/\/ri2020.eu\/en\/wp-json\/wp\/v2\/types\/post"}],"author":[{"embeddable":true,"href":"https:\/\/ri2020.eu\/en\/wp-json\/wp\/v2\/users\/72"}],"replies":[{"embeddable":true,"href":"https:\/\/ri2020.eu\/en\/wp-json\/wp\/v2\/comments?post=12422"}],"version-history":[{"count":0,"href":"https:\/\/ri2020.eu\/en\/wp-json\/wp\/v2\/posts\/12422\/revisions"}],"wp:featuredmedia":[{"embeddable":true,"href":"https:\/\/ri2020.eu\/en\/wp-json\/wp\/v2\/media\/10868"}],"wp:attachment":[{"href":"https:\/\/ri2020.eu\/en\/wp-json\/wp\/v2\/media?parent=12422"}],"wp:term":[{"taxonomy":"category","embeddable":true,"href":"https:\/\/ri2020.eu\/en\/wp-json\/wp\/v2\/categories?post=12422"},{"taxonomy":"post_tag","embeddable":true,"href":"https:\/\/ri2020.eu\/en\/wp-json\/wp\/v2\/tags?post=12422"}],"curies":[{"name":"wp","href":"https:\/\/api.w.org\/{rel}","templated":true}]}}