{"id":12414,"date":"2018-03-07T18:01:16","date_gmt":"2018-03-07T17:01:16","guid":{"rendered":"http:\/\/rijeka2020.eu\/?p=12414\/"},"modified":"2018-05-08T18:01:45","modified_gmt":"2018-05-08T16:01:45","slug":"starting-with-today-you-can-look-for-us-on-itb-worlds-biggest-tourism-fair-in-berlin","status":"publish","type":"post","link":"https:\/\/ri2020.eu\/en\/starting-with-today-you-can-look-for-us-on-itb-worlds-biggest-tourism-fair-in-berlin\/","title":{"rendered":"Starting with today you can look for us on ITB, world&#8217;s biggest tourism fair in Berlin!"},"content":{"rendered":"<p>Rijeka and its wider region will be represented by RIJEKA 2020, Rijeka&#8217;s Tourism Board, Rijeka&#8217;s travel agencies (Travelana, Autotrans, MedAdria, and My travel) as well as Jadran hoteli d.d.<\/p>\n<p>The design of Rijeka&#8217;s pavilion is the work of famous architects Idis Turato and Ida Kri\u017eaj Leko. The concept for the presentation was created by project partners Marko-Luka Zub\u010di\u0107 and Renato Stankovi\u0107, while the promotional booklet &#8220;Rijeka City in Progress&#8221; is the work of ECOC team members Bernard Koludrovi\u0107 (RiHub programme leader), Jelena Mili\u0107 (Children&#8217;s House programme coordinator), Lela Vujani\u0107 (Kitchen programme head), Jelena Androi\u0107 (public relations head), Irena Kregar \u0160egota (development and strategic partnerships director) and Slaven Tolj (art director for Rijeka 2020 ECOC). Studio Sonda designed the booklet.<\/p>\n<p>Rijeka will use this opportunity to announce its ECOC title for 2020, preparations for which are already well under way. It will announce some of Rijeka 2020 ECOC&#8217;s most important events that will take place this summer: the opening of RiHub cultural-information center&#8217;s new location; a new edition of Tobogan children&#8217;s festival at the end of June and start of July; EASA, the international conference of architecture students taking place in July; the second Industrial art biennale where people will be able to spend a night in Museum of Modern and Contemporary Art between July and October; and the new edition of Porto Etno festival of music and food in September.<\/p>\n<p><em>The photographs of Rijeka&#8217;s pavilion at ITB are credited to Maja Bosni\u0107.<\/em><\/p>\n","protected":false},"excerpt":{"rendered":"<p>Rijeka 2020 ECOC, starting with today, will be presenting itself at ITB, world&#8217;s biggest tourism fair, taking place from March 7th to March 11th in Berlin.<\/p>\n","protected":false},"author":72,"featured_media":11119,"comment_status":"closed","ping_status":"closed","sticky":false,"template":"","format":"standard","meta":{"_acf_changed":false,"footnotes":""},"categories":[3055,2959,2731,2961,3468,3033],"tags":[],"class_list":["post-12414","post","type-post","status-publish","format-standard","has-post-thumbnail","hentry","category-childrens-house","category-kitchen-of-diversity","category-news","category-porto-etno","category-rihub","category-sweetsalt"],"acf":[],"yoast_head":"<!-- This site is optimized with the Yoast SEO plugin v26.8 - https:\/\/yoast.com\/product\/yoast-seo-wordpress\/ -->\n<title>Starting with today you can look for us on ITB, world&#039;s biggest tourism fair in Berlin! &#8226; Rijeka 2020<\/title>\n<meta name=\"robots\" content=\"index, follow, max-snippet:-1, max-image-preview:large, max-video-preview:-1\" \/>\n<link rel=\"canonical\" href=\"https:\/\/ri2020.eu\/en\/starting-with-today-you-can-look-for-us-on-itb-worlds-biggest-tourism-fair-in-berlin\/\" \/>\n<meta property=\"og:locale\" content=\"en_US\" \/>\n<meta property=\"og:type\" content=\"article\" \/>\n<meta property=\"og:title\" content=\"Starting with today you can look for us on ITB, world&#039;s biggest tourism fair in Berlin! &#8226; Rijeka 2020\" \/>\n<meta property=\"og:description\" content=\"Rijeka 2020 ECOC, starting with today, will be presenting itself at ITB, world&#039;s biggest tourism fair, taking place from March 7th to March 11th in Berlin.\" \/>\n<meta property=\"og:url\" content=\"https:\/\/ri2020.eu\/en\/starting-with-today-you-can-look-for-us-on-itb-worlds-biggest-tourism-fair-in-berlin\/\" \/>\n<meta property=\"og:site_name\" content=\"Rijeka 2020\" \/>\n<meta property=\"article:publisher\" content=\"https:\/\/www.facebook.com\/rijeka2020\" \/>\n<meta property=\"article:published_time\" content=\"2018-03-07T17:01:16+00:00\" \/>\n<meta property=\"article:modified_time\" content=\"2018-05-08T16:01:45+00:00\" \/>\n<meta property=\"og:image\" content=\"https:\/\/ri2020.eu\/wp-content\/uploads\/2018\/03\/Rije\u010dki-paviljon-ITB-2.jpg\" \/>\n\t<meta property=\"og:image:width\" content=\"3898\" \/>\n\t<meta property=\"og:image:height\" content=\"2599\" \/>\n\t<meta property=\"og:image:type\" content=\"image\/jpeg\" \/>\n<meta name=\"author\" content=\"Rijeka 2020\" \/>\n<meta name=\"twitter:card\" content=\"summary_large_image\" \/>\n<meta name=\"twitter:creator\" content=\"@Rijeka2020\" \/>\n<meta name=\"twitter:site\" content=\"@Rijeka2020\" \/>\n<meta name=\"twitter:label1\" content=\"Written by\" \/>\n\t<meta name=\"twitter:data1\" content=\"Rijeka 2020\" \/>\n\t<meta name=\"twitter:label2\" content=\"Est. reading time\" \/>\n\t<meta name=\"twitter:data2\" content=\"1 minute\" \/>\n<script type=\"application\/ld+json\" class=\"yoast-schema-graph\">{\"@context\":\"https:\/\/schema.org\",\"@graph\":[{\"@type\":\"Article\",\"@id\":\"https:\/\/ri2020.eu\/en\/starting-with-today-you-can-look-for-us-on-itb-worlds-biggest-tourism-fair-in-berlin\/#article\",\"isPartOf\":{\"@id\":\"https:\/\/ri2020.eu\/en\/starting-with-today-you-can-look-for-us-on-itb-worlds-biggest-tourism-fair-in-berlin\/\"},\"author\":{\"name\":\"Rijeka 2020\",\"@id\":\"https:\/\/ri2020.eu\/en\/#\/schema\/person\/9c12d91df8c45bc534f625d9c81f403d\"},\"headline\":\"Starting with today you can look for us on ITB, world&#8217;s biggest tourism fair in Berlin!\",\"datePublished\":\"2018-03-07T17:01:16+00:00\",\"dateModified\":\"2018-05-08T16:01:45+00:00\",\"mainEntityOfPage\":{\"@id\":\"https:\/\/ri2020.eu\/en\/starting-with-today-you-can-look-for-us-on-itb-worlds-biggest-tourism-fair-in-berlin\/\"},\"wordCount\":266,\"publisher\":{\"@id\":\"https:\/\/ri2020.eu\/en\/#organization\"},\"image\":{\"@id\":\"https:\/\/ri2020.eu\/en\/starting-with-today-you-can-look-for-us-on-itb-worlds-biggest-tourism-fair-in-berlin\/#primaryimage\"},\"thumbnailUrl\":\"https:\/\/ri2020.eu\/wp-content\/uploads\/2018\/03\/Rije\u010dki-paviljon-ITB-2.jpg\",\"articleSection\":[\"Children's House\",\"Kitchen of Diversity\",\"News\",\"Porto etno\",\"RiHub\",\"Sweet&amp;Salt\"],\"inLanguage\":\"en-US\"},{\"@type\":\"WebPage\",\"@id\":\"https:\/\/ri2020.eu\/en\/starting-with-today-you-can-look-for-us-on-itb-worlds-biggest-tourism-fair-in-berlin\/\",\"url\":\"https:\/\/ri2020.eu\/en\/starting-with-today-you-can-look-for-us-on-itb-worlds-biggest-tourism-fair-in-berlin\/\",\"name\":\"Starting with today you can look for us on ITB, world's biggest tourism fair in Berlin! &#8226; Rijeka 2020\",\"isPartOf\":{\"@id\":\"https:\/\/ri2020.eu\/en\/#website\"},\"primaryImageOfPage\":{\"@id\":\"https:\/\/ri2020.eu\/en\/starting-with-today-you-can-look-for-us-on-itb-worlds-biggest-tourism-fair-in-berlin\/#primaryimage\"},\"image\":{\"@id\":\"https:\/\/ri2020.eu\/en\/starting-with-today-you-can-look-for-us-on-itb-worlds-biggest-tourism-fair-in-berlin\/#primaryimage\"},\"thumbnailUrl\":\"https:\/\/ri2020.eu\/wp-content\/uploads\/2018\/03\/Rije\u010dki-paviljon-ITB-2.jpg\",\"datePublished\":\"2018-03-07T17:01:16+00:00\",\"dateModified\":\"2018-05-08T16:01:45+00:00\",\"breadcrumb\":{\"@id\":\"https:\/\/ri2020.eu\/en\/starting-with-today-you-can-look-for-us-on-itb-worlds-biggest-tourism-fair-in-berlin\/#breadcrumb\"},\"inLanguage\":\"en-US\",\"potentialAction\":[{\"@type\":\"ReadAction\",\"target\":[\"https:\/\/ri2020.eu\/en\/starting-with-today-you-can-look-for-us-on-itb-worlds-biggest-tourism-fair-in-berlin\/\"]}]},{\"@type\":\"ImageObject\",\"inLanguage\":\"en-US\",\"@id\":\"https:\/\/ri2020.eu\/en\/starting-with-today-you-can-look-for-us-on-itb-worlds-biggest-tourism-fair-in-berlin\/#primaryimage\",\"url\":\"https:\/\/ri2020.eu\/wp-content\/uploads\/2018\/03\/Rije\u010dki-paviljon-ITB-2.jpg\",\"contentUrl\":\"https:\/\/ri2020.eu\/wp-content\/uploads\/2018\/03\/Rije\u010dki-paviljon-ITB-2.jpg\",\"width\":3898,\"height\":2599},{\"@type\":\"BreadcrumbList\",\"@id\":\"https:\/\/ri2020.eu\/en\/starting-with-today-you-can-look-for-us-on-itb-worlds-biggest-tourism-fair-in-berlin\/#breadcrumb\",\"itemListElement\":[{\"@type\":\"ListItem\",\"position\":1,\"name\":\"Home\",\"item\":\"https:\/\/ri2020.eu\/en\/\"},{\"@type\":\"ListItem\",\"position\":2,\"name\":\"Starting with today you can look for us on ITB, world&#8217;s biggest tourism fair in Berlin!\"}]},{\"@type\":\"WebSite\",\"@id\":\"https:\/\/ri2020.eu\/en\/#website\",\"url\":\"https:\/\/ri2020.eu\/en\/\",\"name\":\"Rijeka 2020\",\"description\":\"Europska prijestolnica kulture\",\"publisher\":{\"@id\":\"https:\/\/ri2020.eu\/en\/#organization\"},\"potentialAction\":[{\"@type\":\"SearchAction\",\"target\":{\"@type\":\"EntryPoint\",\"urlTemplate\":\"https:\/\/ri2020.eu\/en\/?s={search_term_string}\"},\"query-input\":{\"@type\":\"PropertyValueSpecification\",\"valueRequired\":true,\"valueName\":\"search_term_string\"}}],\"inLanguage\":\"en-US\"},{\"@type\":\"Organization\",\"@id\":\"https:\/\/ri2020.eu\/en\/#organization\",\"name\":\"Rijeka 2020 d.o.o.\",\"url\":\"https:\/\/ri2020.eu\/en\/\",\"logo\":{\"@type\":\"ImageObject\",\"inLanguage\":\"en-US\",\"@id\":\"https:\/\/ri2020.eu\/en\/#\/schema\/logo\/image\/\",\"url\":\"https:\/\/rijeka2020.eu\/wp-content\/uploads\/2018\/07\/Ri2020-logo.png\",\"contentUrl\":\"https:\/\/rijeka2020.eu\/wp-content\/uploads\/2018\/07\/Ri2020-logo.png\",\"width\":407,\"height\":175,\"caption\":\"Rijeka 2020 d.o.o.\"},\"image\":{\"@id\":\"https:\/\/ri2020.eu\/en\/#\/schema\/logo\/image\/\"},\"sameAs\":[\"https:\/\/www.facebook.com\/rijeka2020\",\"https:\/\/x.com\/Rijeka2020\",\"https:\/\/www.instagram.com\/rijeka2020\/\",\"https:\/\/www.youtube.com\/user\/riepk2020\"]},{\"@type\":\"Person\",\"@id\":\"https:\/\/ri2020.eu\/en\/#\/schema\/person\/9c12d91df8c45bc534f625d9c81f403d\",\"name\":\"Rijeka 2020\",\"url\":\"https:\/\/ri2020.eu\/en\/author\/lsm\/\"}]}<\/script>\n<!-- \/ Yoast SEO plugin. -->","yoast_head_json":{"title":"Starting with today you can look for us on ITB, world's biggest tourism fair in Berlin! &#8226; Rijeka 2020","robots":{"index":"index","follow":"follow","max-snippet":"max-snippet:-1","max-image-preview":"max-image-preview:large","max-video-preview":"max-video-preview:-1"},"canonical":"https:\/\/ri2020.eu\/en\/starting-with-today-you-can-look-for-us-on-itb-worlds-biggest-tourism-fair-in-berlin\/","og_locale":"en_US","og_type":"article","og_title":"Starting with today you can look for us on ITB, world's biggest tourism fair in Berlin! &#8226; Rijeka 2020","og_description":"Rijeka 2020 ECOC, starting with today, will be presenting itself at ITB, world's biggest tourism fair, taking place from March 7th to March 11th in Berlin.","og_url":"https:\/\/ri2020.eu\/en\/starting-with-today-you-can-look-for-us-on-itb-worlds-biggest-tourism-fair-in-berlin\/","og_site_name":"Rijeka 2020","article_publisher":"https:\/\/www.facebook.com\/rijeka2020","article_published_time":"2018-03-07T17:01:16+00:00","article_modified_time":"2018-05-08T16:01:45+00:00","og_image":[{"width":3898,"height":2599,"url":"https:\/\/ri2020.eu\/wp-content\/uploads\/2018\/03\/Rije\u010dki-paviljon-ITB-2.jpg","type":"image\/jpeg"}],"author":"Rijeka 2020","twitter_card":"summary_large_image","twitter_creator":"@Rijeka2020","twitter_site":"@Rijeka2020","twitter_misc":{"Written by":"Rijeka 2020","Est. reading time":"1 minute"},"schema":{"@context":"https:\/\/schema.org","@graph":[{"@type":"Article","@id":"https:\/\/ri2020.eu\/en\/starting-with-today-you-can-look-for-us-on-itb-worlds-biggest-tourism-fair-in-berlin\/#article","isPartOf":{"@id":"https:\/\/ri2020.eu\/en\/starting-with-today-you-can-look-for-us-on-itb-worlds-biggest-tourism-fair-in-berlin\/"},"author":{"name":"Rijeka 2020","@id":"https:\/\/ri2020.eu\/en\/#\/schema\/person\/9c12d91df8c45bc534f625d9c81f403d"},"headline":"Starting with today you can look for us on ITB, world&#8217;s biggest tourism fair in Berlin!","datePublished":"2018-03-07T17:01:16+00:00","dateModified":"2018-05-08T16:01:45+00:00","mainEntityOfPage":{"@id":"https:\/\/ri2020.eu\/en\/starting-with-today-you-can-look-for-us-on-itb-worlds-biggest-tourism-fair-in-berlin\/"},"wordCount":266,"publisher":{"@id":"https:\/\/ri2020.eu\/en\/#organization"},"image":{"@id":"https:\/\/ri2020.eu\/en\/starting-with-today-you-can-look-for-us-on-itb-worlds-biggest-tourism-fair-in-berlin\/#primaryimage"},"thumbnailUrl":"https:\/\/ri2020.eu\/wp-content\/uploads\/2018\/03\/Rije\u010dki-paviljon-ITB-2.jpg","articleSection":["Children's House","Kitchen of Diversity","News","Porto etno","RiHub","Sweet&amp;Salt"],"inLanguage":"en-US"},{"@type":"WebPage","@id":"https:\/\/ri2020.eu\/en\/starting-with-today-you-can-look-for-us-on-itb-worlds-biggest-tourism-fair-in-berlin\/","url":"https:\/\/ri2020.eu\/en\/starting-with-today-you-can-look-for-us-on-itb-worlds-biggest-tourism-fair-in-berlin\/","name":"Starting with today you can look for us on ITB, world's biggest tourism fair in Berlin! &#8226; Rijeka 2020","isPartOf":{"@id":"https:\/\/ri2020.eu\/en\/#website"},"primaryImageOfPage":{"@id":"https:\/\/ri2020.eu\/en\/starting-with-today-you-can-look-for-us-on-itb-worlds-biggest-tourism-fair-in-berlin\/#primaryimage"},"image":{"@id":"https:\/\/ri2020.eu\/en\/starting-with-today-you-can-look-for-us-on-itb-worlds-biggest-tourism-fair-in-berlin\/#primaryimage"},"thumbnailUrl":"https:\/\/ri2020.eu\/wp-content\/uploads\/2018\/03\/Rije\u010dki-paviljon-ITB-2.jpg","datePublished":"2018-03-07T17:01:16+00:00","dateModified":"2018-05-08T16:01:45+00:00","breadcrumb":{"@id":"https:\/\/ri2020.eu\/en\/starting-with-today-you-can-look-for-us-on-itb-worlds-biggest-tourism-fair-in-berlin\/#breadcrumb"},"inLanguage":"en-US","potentialAction":[{"@type":"ReadAction","target":["https:\/\/ri2020.eu\/en\/starting-with-today-you-can-look-for-us-on-itb-worlds-biggest-tourism-fair-in-berlin\/"]}]},{"@type":"ImageObject","inLanguage":"en-US","@id":"https:\/\/ri2020.eu\/en\/starting-with-today-you-can-look-for-us-on-itb-worlds-biggest-tourism-fair-in-berlin\/#primaryimage","url":"https:\/\/ri2020.eu\/wp-content\/uploads\/2018\/03\/Rije\u010dki-paviljon-ITB-2.jpg","contentUrl":"https:\/\/ri2020.eu\/wp-content\/uploads\/2018\/03\/Rije\u010dki-paviljon-ITB-2.jpg","width":3898,"height":2599},{"@type":"BreadcrumbList","@id":"https:\/\/ri2020.eu\/en\/starting-with-today-you-can-look-for-us-on-itb-worlds-biggest-tourism-fair-in-berlin\/#breadcrumb","itemListElement":[{"@type":"ListItem","position":1,"name":"Home","item":"https:\/\/ri2020.eu\/en\/"},{"@type":"ListItem","position":2,"name":"Starting with today you can look for us on ITB, world&#8217;s biggest tourism fair in Berlin!"}]},{"@type":"WebSite","@id":"https:\/\/ri2020.eu\/en\/#website","url":"https:\/\/ri2020.eu\/en\/","name":"Rijeka 2020","description":"Europska prijestolnica kulture","publisher":{"@id":"https:\/\/ri2020.eu\/en\/#organization"},"potentialAction":[{"@type":"SearchAction","target":{"@type":"EntryPoint","urlTemplate":"https:\/\/ri2020.eu\/en\/?s={search_term_string}"},"query-input":{"@type":"PropertyValueSpecification","valueRequired":true,"valueName":"search_term_string"}}],"inLanguage":"en-US"},{"@type":"Organization","@id":"https:\/\/ri2020.eu\/en\/#organization","name":"Rijeka 2020 d.o.o.","url":"https:\/\/ri2020.eu\/en\/","logo":{"@type":"ImageObject","inLanguage":"en-US","@id":"https:\/\/ri2020.eu\/en\/#\/schema\/logo\/image\/","url":"https:\/\/rijeka2020.eu\/wp-content\/uploads\/2018\/07\/Ri2020-logo.png","contentUrl":"https:\/\/rijeka2020.eu\/wp-content\/uploads\/2018\/07\/Ri2020-logo.png","width":407,"height":175,"caption":"Rijeka 2020 d.o.o."},"image":{"@id":"https:\/\/ri2020.eu\/en\/#\/schema\/logo\/image\/"},"sameAs":["https:\/\/www.facebook.com\/rijeka2020","https:\/\/x.com\/Rijeka2020","https:\/\/www.instagram.com\/rijeka2020\/","https:\/\/www.youtube.com\/user\/riepk2020"]},{"@type":"Person","@id":"https:\/\/ri2020.eu\/en\/#\/schema\/person\/9c12d91df8c45bc534f625d9c81f403d","name":"Rijeka 2020","url":"https:\/\/ri2020.eu\/en\/author\/lsm\/"}]}},"_links":{"self":[{"href":"https:\/\/ri2020.eu\/en\/wp-json\/wp\/v2\/posts\/12414","targetHints":{"allow":["GET"]}}],"collection":[{"href":"https:\/\/ri2020.eu\/en\/wp-json\/wp\/v2\/posts"}],"about":[{"href":"https:\/\/ri2020.eu\/en\/wp-json\/wp\/v2\/types\/post"}],"author":[{"embeddable":true,"href":"https:\/\/ri2020.eu\/en\/wp-json\/wp\/v2\/users\/72"}],"replies":[{"embeddable":true,"href":"https:\/\/ri2020.eu\/en\/wp-json\/wp\/v2\/comments?post=12414"}],"version-history":[{"count":0,"href":"https:\/\/ri2020.eu\/en\/wp-json\/wp\/v2\/posts\/12414\/revisions"}],"wp:featuredmedia":[{"embeddable":true,"href":"https:\/\/ri2020.eu\/en\/wp-json\/wp\/v2\/media\/11119"}],"wp:attachment":[{"href":"https:\/\/ri2020.eu\/en\/wp-json\/wp\/v2\/media?parent=12414"}],"wp:term":[{"taxonomy":"category","embeddable":true,"href":"https:\/\/ri2020.eu\/en\/wp-json\/wp\/v2\/categories?post=12414"},{"taxonomy":"post_tag","embeddable":true,"href":"https:\/\/ri2020.eu\/en\/wp-json\/wp\/v2\/tags?post=12414"}],"curies":[{"name":"wp","href":"https:\/\/api.w.org\/{rel}","templated":true}]}}