{"id":12410,"date":"2018-03-09T17:52:50","date_gmt":"2018-03-09T16:52:50","guid":{"rendered":"http:\/\/rijeka2020.eu\/?p=12410\/"},"modified":"2018-05-08T17:54:29","modified_gmt":"2018-05-08T15:54:29","slug":"classroom-presents-the-tandem-international-programme","status":"publish","type":"post","link":"https:\/\/ri2020.eu\/en\/classroom-presents-the-tandem-international-programme\/","title":{"rendered":"Classroom presents the Tandem international programme!"},"content":{"rendered":"<p>Jotham Sietsma from Berlin&#8217;s MitOst and Olga Alexeeva from Dutch European Cultural Foundation, two institutions which founded this international cooperation programme, talked about the ways one can participate in Tandem&#8217;s future activities.<\/p>\n<p>You see, Tandem is a cooperation programme connecting various European workers in culture by offering them a networking platform for joint projects (created in tandem), and also providing professional and financial aid. Currently, over 350 European cultural managers and event creators are working on joint cultural and art projects.<\/p>\n<p>The programme covers diverse geographic and thematic areas such as social innovation in Europe but also community work in Ukraine and Turkey, offering space for building reasonable and sustainable relations that can be further developed through mutual artistic interests, which increases empathy, cancels out stereotypes, and shapes a common language.<\/p>\n<p>The first version of Tandem programme connected with ECOC cities is Tandem Frysl\u00e2n in cooperation with the Dutch city of Leeuwarden, this year&#8217;s ECOC.<\/p>\n<p>Thanks to Tandem Frysl\u00e2n programme and in cooperation with Rijeka 2020, representatives Ivona Milo\u0161 of KUD Praputnjak and Ivana Lu\u010di\u0107 of Kombinat were last year selected from among almost a hundred applicants to participate in Tandem Frysl\u00e2n and develop their art projects in partnership with Dutch art collectives.<\/p>\n<p>At Rijeka presentation of the Tandem programme, Ivona Milo\u0161 shared her experiences with the project so far. Also, Rijeka&#8217;s cultural workers were informed about this programme&#8217;s further activities, including the open call for participating in Tandem Shaml 2018 &#8211; 2019, an exchange programme for cultural managers from Europe and the Arab region.<\/p>\n<p>The Tandem presentation served as an introduction for a several days long gathering\/workshop for project participants so far, cultural workers from the Netherlands, Greece, Ukraine, Great Britain, Ireland, France, and Croatia. They will all have an opportunity to live and work with the Praputnjak rural community, from March 9th to March 13th, and the workshop will help them develop ideas, plan an exchange programme for artists\/partner organizations&#8217; representatives, define their work plan, and they will also sign a project financing contract.<\/p>\n","protected":false},"excerpt":{"rendered":"<p>On Friday, March 9th, in DeltaLab (Delta 5\/2) the international cooperation programme Tandem was presented &#8211; a programme in which Rijeka 2020 ECOC takes part through its Classroom programme.<\/p>\n","protected":false},"author":72,"featured_media":11196,"comment_status":"open","ping_status":"open","sticky":false,"template":"","format":"standard","meta":{"_acf_changed":false,"footnotes":""},"categories":[2958,2731],"tags":[],"class_list":["post-12410","post","type-post","status-publish","format-standard","has-post-thumbnail","hentry","category-classroom","category-news"],"acf":[],"yoast_head":"<!-- This site is optimized with the Yoast SEO plugin v26.8 - https:\/\/yoast.com\/product\/yoast-seo-wordpress\/ -->\n<title>Classroom presents the Tandem international programme! &#8226; Rijeka 2020<\/title>\n<meta name=\"robots\" content=\"index, follow, max-snippet:-1, max-image-preview:large, max-video-preview:-1\" \/>\n<link rel=\"canonical\" href=\"https:\/\/ri2020.eu\/en\/classroom-presents-the-tandem-international-programme\/\" \/>\n<meta property=\"og:locale\" content=\"en_US\" \/>\n<meta property=\"og:type\" content=\"article\" \/>\n<meta property=\"og:title\" content=\"Classroom presents the Tandem international programme! &#8226; Rijeka 2020\" \/>\n<meta property=\"og:description\" content=\"On Friday, March 9th, in DeltaLab (Delta 5\/2) the international cooperation programme Tandem was presented - a programme in which Rijeka 2020 ECOC takes part through its Classroom programme.\" \/>\n<meta property=\"og:url\" content=\"https:\/\/ri2020.eu\/en\/classroom-presents-the-tandem-international-programme\/\" \/>\n<meta property=\"og:site_name\" content=\"Rijeka 2020\" \/>\n<meta property=\"article:publisher\" content=\"https:\/\/www.facebook.com\/rijeka2020\" \/>\n<meta property=\"article:published_time\" content=\"2018-03-09T16:52:50+00:00\" \/>\n<meta property=\"article:modified_time\" content=\"2018-05-08T15:54:29+00:00\" \/>\n<meta property=\"og:image\" content=\"https:\/\/ri2020.eu\/wp-content\/uploads\/2018\/03\/Tandem-deltalab.jpg\" \/>\n\t<meta property=\"og:image:width\" content=\"3652\" \/>\n\t<meta property=\"og:image:height\" content=\"2884\" \/>\n\t<meta property=\"og:image:type\" content=\"image\/jpeg\" \/>\n<meta name=\"author\" content=\"Rijeka 2020\" \/>\n<meta name=\"twitter:card\" content=\"summary_large_image\" \/>\n<meta name=\"twitter:creator\" content=\"@Rijeka2020\" \/>\n<meta name=\"twitter:site\" content=\"@Rijeka2020\" \/>\n<meta name=\"twitter:label1\" content=\"Written by\" \/>\n\t<meta name=\"twitter:data1\" content=\"Rijeka 2020\" \/>\n\t<meta name=\"twitter:label2\" content=\"Est. reading time\" \/>\n\t<meta name=\"twitter:data2\" content=\"2 minutes\" \/>\n<script type=\"application\/ld+json\" class=\"yoast-schema-graph\">{\"@context\":\"https:\/\/schema.org\",\"@graph\":[{\"@type\":\"Article\",\"@id\":\"https:\/\/ri2020.eu\/en\/classroom-presents-the-tandem-international-programme\/#article\",\"isPartOf\":{\"@id\":\"https:\/\/ri2020.eu\/en\/classroom-presents-the-tandem-international-programme\/\"},\"author\":{\"name\":\"Rijeka 2020\",\"@id\":\"https:\/\/ri2020.eu\/en\/#\/schema\/person\/9c12d91df8c45bc534f625d9c81f403d\"},\"headline\":\"Classroom presents the Tandem international programme!\",\"datePublished\":\"2018-03-09T16:52:50+00:00\",\"dateModified\":\"2018-05-08T15:54:29+00:00\",\"mainEntityOfPage\":{\"@id\":\"https:\/\/ri2020.eu\/en\/classroom-presents-the-tandem-international-programme\/\"},\"wordCount\":349,\"commentCount\":0,\"publisher\":{\"@id\":\"https:\/\/ri2020.eu\/en\/#organization\"},\"image\":{\"@id\":\"https:\/\/ri2020.eu\/en\/classroom-presents-the-tandem-international-programme\/#primaryimage\"},\"thumbnailUrl\":\"https:\/\/ri2020.eu\/wp-content\/uploads\/2018\/03\/Tandem-deltalab.jpg\",\"articleSection\":[\"Classroom\",\"News\"],\"inLanguage\":\"en-US\",\"potentialAction\":[{\"@type\":\"CommentAction\",\"name\":\"Comment\",\"target\":[\"https:\/\/ri2020.eu\/en\/classroom-presents-the-tandem-international-programme\/#respond\"]}]},{\"@type\":\"WebPage\",\"@id\":\"https:\/\/ri2020.eu\/en\/classroom-presents-the-tandem-international-programme\/\",\"url\":\"https:\/\/ri2020.eu\/en\/classroom-presents-the-tandem-international-programme\/\",\"name\":\"Classroom presents the Tandem international programme! &#8226; Rijeka 2020\",\"isPartOf\":{\"@id\":\"https:\/\/ri2020.eu\/en\/#website\"},\"primaryImageOfPage\":{\"@id\":\"https:\/\/ri2020.eu\/en\/classroom-presents-the-tandem-international-programme\/#primaryimage\"},\"image\":{\"@id\":\"https:\/\/ri2020.eu\/en\/classroom-presents-the-tandem-international-programme\/#primaryimage\"},\"thumbnailUrl\":\"https:\/\/ri2020.eu\/wp-content\/uploads\/2018\/03\/Tandem-deltalab.jpg\",\"datePublished\":\"2018-03-09T16:52:50+00:00\",\"dateModified\":\"2018-05-08T15:54:29+00:00\",\"breadcrumb\":{\"@id\":\"https:\/\/ri2020.eu\/en\/classroom-presents-the-tandem-international-programme\/#breadcrumb\"},\"inLanguage\":\"en-US\",\"potentialAction\":[{\"@type\":\"ReadAction\",\"target\":[\"https:\/\/ri2020.eu\/en\/classroom-presents-the-tandem-international-programme\/\"]}]},{\"@type\":\"ImageObject\",\"inLanguage\":\"en-US\",\"@id\":\"https:\/\/ri2020.eu\/en\/classroom-presents-the-tandem-international-programme\/#primaryimage\",\"url\":\"https:\/\/ri2020.eu\/wp-content\/uploads\/2018\/03\/Tandem-deltalab.jpg\",\"contentUrl\":\"https:\/\/ri2020.eu\/wp-content\/uploads\/2018\/03\/Tandem-deltalab.jpg\",\"width\":3652,\"height\":2884},{\"@type\":\"BreadcrumbList\",\"@id\":\"https:\/\/ri2020.eu\/en\/classroom-presents-the-tandem-international-programme\/#breadcrumb\",\"itemListElement\":[{\"@type\":\"ListItem\",\"position\":1,\"name\":\"Home\",\"item\":\"https:\/\/ri2020.eu\/en\/\"},{\"@type\":\"ListItem\",\"position\":2,\"name\":\"Classroom presents the Tandem international programme!\"}]},{\"@type\":\"WebSite\",\"@id\":\"https:\/\/ri2020.eu\/en\/#website\",\"url\":\"https:\/\/ri2020.eu\/en\/\",\"name\":\"Rijeka 2020\",\"description\":\"Europska prijestolnica kulture\",\"publisher\":{\"@id\":\"https:\/\/ri2020.eu\/en\/#organization\"},\"potentialAction\":[{\"@type\":\"SearchAction\",\"target\":{\"@type\":\"EntryPoint\",\"urlTemplate\":\"https:\/\/ri2020.eu\/en\/?s={search_term_string}\"},\"query-input\":{\"@type\":\"PropertyValueSpecification\",\"valueRequired\":true,\"valueName\":\"search_term_string\"}}],\"inLanguage\":\"en-US\"},{\"@type\":\"Organization\",\"@id\":\"https:\/\/ri2020.eu\/en\/#organization\",\"name\":\"Rijeka 2020 d.o.o.\",\"url\":\"https:\/\/ri2020.eu\/en\/\",\"logo\":{\"@type\":\"ImageObject\",\"inLanguage\":\"en-US\",\"@id\":\"https:\/\/ri2020.eu\/en\/#\/schema\/logo\/image\/\",\"url\":\"https:\/\/rijeka2020.eu\/wp-content\/uploads\/2018\/07\/Ri2020-logo.png\",\"contentUrl\":\"https:\/\/rijeka2020.eu\/wp-content\/uploads\/2018\/07\/Ri2020-logo.png\",\"width\":407,\"height\":175,\"caption\":\"Rijeka 2020 d.o.o.\"},\"image\":{\"@id\":\"https:\/\/ri2020.eu\/en\/#\/schema\/logo\/image\/\"},\"sameAs\":[\"https:\/\/www.facebook.com\/rijeka2020\",\"https:\/\/x.com\/Rijeka2020\",\"https:\/\/www.instagram.com\/rijeka2020\/\",\"https:\/\/www.youtube.com\/user\/riepk2020\"]},{\"@type\":\"Person\",\"@id\":\"https:\/\/ri2020.eu\/en\/#\/schema\/person\/9c12d91df8c45bc534f625d9c81f403d\",\"name\":\"Rijeka 2020\",\"url\":\"https:\/\/ri2020.eu\/en\/author\/lsm\/\"}]}<\/script>\n<!-- \/ Yoast SEO plugin. -->","yoast_head_json":{"title":"Classroom presents the Tandem international programme! &#8226; Rijeka 2020","robots":{"index":"index","follow":"follow","max-snippet":"max-snippet:-1","max-image-preview":"max-image-preview:large","max-video-preview":"max-video-preview:-1"},"canonical":"https:\/\/ri2020.eu\/en\/classroom-presents-the-tandem-international-programme\/","og_locale":"en_US","og_type":"article","og_title":"Classroom presents the Tandem international programme! &#8226; Rijeka 2020","og_description":"On Friday, March 9th, in DeltaLab (Delta 5\/2) the international cooperation programme Tandem was presented - a programme in which Rijeka 2020 ECOC takes part through its Classroom programme.","og_url":"https:\/\/ri2020.eu\/en\/classroom-presents-the-tandem-international-programme\/","og_site_name":"Rijeka 2020","article_publisher":"https:\/\/www.facebook.com\/rijeka2020","article_published_time":"2018-03-09T16:52:50+00:00","article_modified_time":"2018-05-08T15:54:29+00:00","og_image":[{"width":3652,"height":2884,"url":"https:\/\/ri2020.eu\/wp-content\/uploads\/2018\/03\/Tandem-deltalab.jpg","type":"image\/jpeg"}],"author":"Rijeka 2020","twitter_card":"summary_large_image","twitter_creator":"@Rijeka2020","twitter_site":"@Rijeka2020","twitter_misc":{"Written by":"Rijeka 2020","Est. reading time":"2 minutes"},"schema":{"@context":"https:\/\/schema.org","@graph":[{"@type":"Article","@id":"https:\/\/ri2020.eu\/en\/classroom-presents-the-tandem-international-programme\/#article","isPartOf":{"@id":"https:\/\/ri2020.eu\/en\/classroom-presents-the-tandem-international-programme\/"},"author":{"name":"Rijeka 2020","@id":"https:\/\/ri2020.eu\/en\/#\/schema\/person\/9c12d91df8c45bc534f625d9c81f403d"},"headline":"Classroom presents the Tandem international programme!","datePublished":"2018-03-09T16:52:50+00:00","dateModified":"2018-05-08T15:54:29+00:00","mainEntityOfPage":{"@id":"https:\/\/ri2020.eu\/en\/classroom-presents-the-tandem-international-programme\/"},"wordCount":349,"commentCount":0,"publisher":{"@id":"https:\/\/ri2020.eu\/en\/#organization"},"image":{"@id":"https:\/\/ri2020.eu\/en\/classroom-presents-the-tandem-international-programme\/#primaryimage"},"thumbnailUrl":"https:\/\/ri2020.eu\/wp-content\/uploads\/2018\/03\/Tandem-deltalab.jpg","articleSection":["Classroom","News"],"inLanguage":"en-US","potentialAction":[{"@type":"CommentAction","name":"Comment","target":["https:\/\/ri2020.eu\/en\/classroom-presents-the-tandem-international-programme\/#respond"]}]},{"@type":"WebPage","@id":"https:\/\/ri2020.eu\/en\/classroom-presents-the-tandem-international-programme\/","url":"https:\/\/ri2020.eu\/en\/classroom-presents-the-tandem-international-programme\/","name":"Classroom presents the Tandem international programme! &#8226; Rijeka 2020","isPartOf":{"@id":"https:\/\/ri2020.eu\/en\/#website"},"primaryImageOfPage":{"@id":"https:\/\/ri2020.eu\/en\/classroom-presents-the-tandem-international-programme\/#primaryimage"},"image":{"@id":"https:\/\/ri2020.eu\/en\/classroom-presents-the-tandem-international-programme\/#primaryimage"},"thumbnailUrl":"https:\/\/ri2020.eu\/wp-content\/uploads\/2018\/03\/Tandem-deltalab.jpg","datePublished":"2018-03-09T16:52:50+00:00","dateModified":"2018-05-08T15:54:29+00:00","breadcrumb":{"@id":"https:\/\/ri2020.eu\/en\/classroom-presents-the-tandem-international-programme\/#breadcrumb"},"inLanguage":"en-US","potentialAction":[{"@type":"ReadAction","target":["https:\/\/ri2020.eu\/en\/classroom-presents-the-tandem-international-programme\/"]}]},{"@type":"ImageObject","inLanguage":"en-US","@id":"https:\/\/ri2020.eu\/en\/classroom-presents-the-tandem-international-programme\/#primaryimage","url":"https:\/\/ri2020.eu\/wp-content\/uploads\/2018\/03\/Tandem-deltalab.jpg","contentUrl":"https:\/\/ri2020.eu\/wp-content\/uploads\/2018\/03\/Tandem-deltalab.jpg","width":3652,"height":2884},{"@type":"BreadcrumbList","@id":"https:\/\/ri2020.eu\/en\/classroom-presents-the-tandem-international-programme\/#breadcrumb","itemListElement":[{"@type":"ListItem","position":1,"name":"Home","item":"https:\/\/ri2020.eu\/en\/"},{"@type":"ListItem","position":2,"name":"Classroom presents the Tandem international programme!"}]},{"@type":"WebSite","@id":"https:\/\/ri2020.eu\/en\/#website","url":"https:\/\/ri2020.eu\/en\/","name":"Rijeka 2020","description":"Europska prijestolnica kulture","publisher":{"@id":"https:\/\/ri2020.eu\/en\/#organization"},"potentialAction":[{"@type":"SearchAction","target":{"@type":"EntryPoint","urlTemplate":"https:\/\/ri2020.eu\/en\/?s={search_term_string}"},"query-input":{"@type":"PropertyValueSpecification","valueRequired":true,"valueName":"search_term_string"}}],"inLanguage":"en-US"},{"@type":"Organization","@id":"https:\/\/ri2020.eu\/en\/#organization","name":"Rijeka 2020 d.o.o.","url":"https:\/\/ri2020.eu\/en\/","logo":{"@type":"ImageObject","inLanguage":"en-US","@id":"https:\/\/ri2020.eu\/en\/#\/schema\/logo\/image\/","url":"https:\/\/rijeka2020.eu\/wp-content\/uploads\/2018\/07\/Ri2020-logo.png","contentUrl":"https:\/\/rijeka2020.eu\/wp-content\/uploads\/2018\/07\/Ri2020-logo.png","width":407,"height":175,"caption":"Rijeka 2020 d.o.o."},"image":{"@id":"https:\/\/ri2020.eu\/en\/#\/schema\/logo\/image\/"},"sameAs":["https:\/\/www.facebook.com\/rijeka2020","https:\/\/x.com\/Rijeka2020","https:\/\/www.instagram.com\/rijeka2020\/","https:\/\/www.youtube.com\/user\/riepk2020"]},{"@type":"Person","@id":"https:\/\/ri2020.eu\/en\/#\/schema\/person\/9c12d91df8c45bc534f625d9c81f403d","name":"Rijeka 2020","url":"https:\/\/ri2020.eu\/en\/author\/lsm\/"}]}},"_links":{"self":[{"href":"https:\/\/ri2020.eu\/en\/wp-json\/wp\/v2\/posts\/12410","targetHints":{"allow":["GET"]}}],"collection":[{"href":"https:\/\/ri2020.eu\/en\/wp-json\/wp\/v2\/posts"}],"about":[{"href":"https:\/\/ri2020.eu\/en\/wp-json\/wp\/v2\/types\/post"}],"author":[{"embeddable":true,"href":"https:\/\/ri2020.eu\/en\/wp-json\/wp\/v2\/users\/72"}],"replies":[{"embeddable":true,"href":"https:\/\/ri2020.eu\/en\/wp-json\/wp\/v2\/comments?post=12410"}],"version-history":[{"count":0,"href":"https:\/\/ri2020.eu\/en\/wp-json\/wp\/v2\/posts\/12410\/revisions"}],"wp:featuredmedia":[{"embeddable":true,"href":"https:\/\/ri2020.eu\/en\/wp-json\/wp\/v2\/media\/11196"}],"wp:attachment":[{"href":"https:\/\/ri2020.eu\/en\/wp-json\/wp\/v2\/media?parent=12410"}],"wp:term":[{"taxonomy":"category","embeddable":true,"href":"https:\/\/ri2020.eu\/en\/wp-json\/wp\/v2\/categories?post=12410"},{"taxonomy":"post_tag","embeddable":true,"href":"https:\/\/ri2020.eu\/en\/wp-json\/wp\/v2\/tags?post=12410"}],"curies":[{"name":"wp","href":"https:\/\/api.w.org\/{rel}","templated":true}]}}