{"id":10813,"date":"2018-01-16T17:52:25","date_gmt":"2018-01-16T16:52:25","guid":{"rendered":"http:\/\/rijeka2020.eu\/?p=10813\/"},"modified":"2018-03-12T16:12:36","modified_gmt":"2018-03-12T15:12:36","slug":"vlasta-delimar-zelimir-zilnik-i-branka-pavlovic-on-the-marginalised","status":"publish","type":"post","link":"https:\/\/ri2020.eu\/en\/vlasta-delimar-zelimir-zilnik-i-branka-pavlovic-on-the-marginalised\/","title":{"rendered":"Vlasta Delimar, \u017delimir \u017dilnik i Branka Pavlovi\u0107 on the marginalised"},"content":{"rendered":"<p>The topic of the discussion are the relationships and conditions which result in social marginalisation, the dimensions, types and methods how the marginalised are perceived and represented.<\/p>\n<p>The panellists include artist and performer Vlasta Delimar, film and TV editor Branka Pavlovi\u0107 and film director \u017delimir \u017dilnik. The discussion will be moderated by Sanja Bojani\u0107 and Marija Katalini\u0107, and the programme is supported by Rijeka 2020 \u2013 ECOC.<\/p>\n","protected":false},"excerpt":{"rendered":"<p>On 30 January at 6:15 PM in the Mini Art-kino, a public discussion will be held on the topic of \u201cThe Marginalised\u201d, as the introduction to the second cycle of the Cinema Classroom programme. It is organised by the Centre for Women\u2019s Studies of the University of Rijeka and the Art-kino.<\/p>\n","protected":false},"author":72,"featured_media":10442,"comment_status":"open","ping_status":"open","sticky":false,"template":"","format":"standard","meta":{"_acf_changed":false,"footnotes":""},"categories":[2731],"tags":[],"class_list":["post-10813","post","type-post","status-publish","format-standard","has-post-thumbnail","hentry","category-news"],"acf":[],"yoast_head":"<!-- This site is optimized with the Yoast SEO plugin v26.8 - https:\/\/yoast.com\/product\/yoast-seo-wordpress\/ -->\n<title>Vlasta Delimar, \u017delimir \u017dilnik i Branka Pavlovi\u0107 on the marginalised &#8226; Rijeka 2020<\/title>\n<meta name=\"robots\" content=\"index, follow, max-snippet:-1, max-image-preview:large, max-video-preview:-1\" \/>\n<link rel=\"canonical\" href=\"https:\/\/ri2020.eu\/en\/vlasta-delimar-zelimir-zilnik-i-branka-pavlovic-on-the-marginalised\/\" \/>\n<meta property=\"og:locale\" content=\"en_US\" \/>\n<meta property=\"og:type\" content=\"article\" \/>\n<meta property=\"og:title\" content=\"Vlasta Delimar, \u017delimir \u017dilnik i Branka Pavlovi\u0107 on the marginalised &#8226; Rijeka 2020\" \/>\n<meta property=\"og:description\" content=\"On 30 January at 6:15 PM in the Mini Art-kino, a public discussion will be held on the topic of \u201cThe Marginalised\u201d, as the introduction to the second cycle of the Cinema Classroom programme. It is organised by the Centre for Women\u2019s Studies of the University of Rijeka and the Art-kino.\" \/>\n<meta property=\"og:url\" content=\"https:\/\/ri2020.eu\/en\/vlasta-delimar-zelimir-zilnik-i-branka-pavlovic-on-the-marginalised\/\" \/>\n<meta property=\"og:site_name\" content=\"Rijeka 2020\" \/>\n<meta property=\"article:publisher\" content=\"https:\/\/www.facebook.com\/rijeka2020\" \/>\n<meta property=\"article:published_time\" content=\"2018-01-16T16:52:25+00:00\" \/>\n<meta property=\"article:modified_time\" content=\"2018-03-12T15:12:36+00:00\" \/>\n<meta property=\"og:image\" content=\"https:\/\/ri2020.eu\/wp-content\/uploads\/2018\/01\/okrugli_stol-o-marginalnima2.jpg\" \/>\n\t<meta property=\"og:image:width\" content=\"1109\" \/>\n\t<meta property=\"og:image:height\" content=\"396\" \/>\n\t<meta property=\"og:image:type\" content=\"image\/jpeg\" \/>\n<meta name=\"author\" content=\"Rijeka 2020\" \/>\n<meta name=\"twitter:card\" content=\"summary_large_image\" \/>\n<meta name=\"twitter:creator\" content=\"@Rijeka2020\" \/>\n<meta name=\"twitter:site\" content=\"@Rijeka2020\" \/>\n<meta name=\"twitter:label1\" content=\"Written by\" \/>\n\t<meta name=\"twitter:data1\" content=\"Rijeka 2020\" \/>\n<script type=\"application\/ld+json\" class=\"yoast-schema-graph\">{\"@context\":\"https:\/\/schema.org\",\"@graph\":[{\"@type\":\"Article\",\"@id\":\"https:\/\/ri2020.eu\/en\/vlasta-delimar-zelimir-zilnik-i-branka-pavlovic-on-the-marginalised\/#article\",\"isPartOf\":{\"@id\":\"https:\/\/ri2020.eu\/en\/vlasta-delimar-zelimir-zilnik-i-branka-pavlovic-on-the-marginalised\/\"},\"author\":{\"name\":\"Rijeka 2020\",\"@id\":\"https:\/\/ri2020.eu\/en\/#\/schema\/person\/9c12d91df8c45bc534f625d9c81f403d\"},\"headline\":\"Vlasta Delimar, \u017delimir \u017dilnik i Branka Pavlovi\u0107 on the marginalised\",\"datePublished\":\"2018-01-16T16:52:25+00:00\",\"dateModified\":\"2018-03-12T15:12:36+00:00\",\"mainEntityOfPage\":{\"@id\":\"https:\/\/ri2020.eu\/en\/vlasta-delimar-zelimir-zilnik-i-branka-pavlovic-on-the-marginalised\/\"},\"wordCount\":75,\"commentCount\":0,\"publisher\":{\"@id\":\"https:\/\/ri2020.eu\/en\/#organization\"},\"image\":{\"@id\":\"https:\/\/ri2020.eu\/en\/vlasta-delimar-zelimir-zilnik-i-branka-pavlovic-on-the-marginalised\/#primaryimage\"},\"thumbnailUrl\":\"https:\/\/ri2020.eu\/wp-content\/uploads\/2018\/01\/okrugli_stol-o-marginalnima2.jpg\",\"articleSection\":[\"News\"],\"inLanguage\":\"en-US\",\"potentialAction\":[{\"@type\":\"CommentAction\",\"name\":\"Comment\",\"target\":[\"https:\/\/ri2020.eu\/en\/vlasta-delimar-zelimir-zilnik-i-branka-pavlovic-on-the-marginalised\/#respond\"]}]},{\"@type\":\"WebPage\",\"@id\":\"https:\/\/ri2020.eu\/en\/vlasta-delimar-zelimir-zilnik-i-branka-pavlovic-on-the-marginalised\/\",\"url\":\"https:\/\/ri2020.eu\/en\/vlasta-delimar-zelimir-zilnik-i-branka-pavlovic-on-the-marginalised\/\",\"name\":\"Vlasta Delimar, \u017delimir \u017dilnik i Branka Pavlovi\u0107 on the marginalised &#8226; Rijeka 2020\",\"isPartOf\":{\"@id\":\"https:\/\/ri2020.eu\/en\/#website\"},\"primaryImageOfPage\":{\"@id\":\"https:\/\/ri2020.eu\/en\/vlasta-delimar-zelimir-zilnik-i-branka-pavlovic-on-the-marginalised\/#primaryimage\"},\"image\":{\"@id\":\"https:\/\/ri2020.eu\/en\/vlasta-delimar-zelimir-zilnik-i-branka-pavlovic-on-the-marginalised\/#primaryimage\"},\"thumbnailUrl\":\"https:\/\/ri2020.eu\/wp-content\/uploads\/2018\/01\/okrugli_stol-o-marginalnima2.jpg\",\"datePublished\":\"2018-01-16T16:52:25+00:00\",\"dateModified\":\"2018-03-12T15:12:36+00:00\",\"breadcrumb\":{\"@id\":\"https:\/\/ri2020.eu\/en\/vlasta-delimar-zelimir-zilnik-i-branka-pavlovic-on-the-marginalised\/#breadcrumb\"},\"inLanguage\":\"en-US\",\"potentialAction\":[{\"@type\":\"ReadAction\",\"target\":[\"https:\/\/ri2020.eu\/en\/vlasta-delimar-zelimir-zilnik-i-branka-pavlovic-on-the-marginalised\/\"]}]},{\"@type\":\"ImageObject\",\"inLanguage\":\"en-US\",\"@id\":\"https:\/\/ri2020.eu\/en\/vlasta-delimar-zelimir-zilnik-i-branka-pavlovic-on-the-marginalised\/#primaryimage\",\"url\":\"https:\/\/ri2020.eu\/wp-content\/uploads\/2018\/01\/okrugli_stol-o-marginalnima2.jpg\",\"contentUrl\":\"https:\/\/ri2020.eu\/wp-content\/uploads\/2018\/01\/okrugli_stol-o-marginalnima2.jpg\",\"width\":1109,\"height\":396},{\"@type\":\"BreadcrumbList\",\"@id\":\"https:\/\/ri2020.eu\/en\/vlasta-delimar-zelimir-zilnik-i-branka-pavlovic-on-the-marginalised\/#breadcrumb\",\"itemListElement\":[{\"@type\":\"ListItem\",\"position\":1,\"name\":\"Home\",\"item\":\"https:\/\/ri2020.eu\/en\/\"},{\"@type\":\"ListItem\",\"position\":2,\"name\":\"Vlasta Delimar, \u017delimir \u017dilnik i Branka Pavlovi\u0107 on the marginalised\"}]},{\"@type\":\"WebSite\",\"@id\":\"https:\/\/ri2020.eu\/en\/#website\",\"url\":\"https:\/\/ri2020.eu\/en\/\",\"name\":\"Rijeka 2020\",\"description\":\"Europska prijestolnica kulture\",\"publisher\":{\"@id\":\"https:\/\/ri2020.eu\/en\/#organization\"},\"potentialAction\":[{\"@type\":\"SearchAction\",\"target\":{\"@type\":\"EntryPoint\",\"urlTemplate\":\"https:\/\/ri2020.eu\/en\/?s={search_term_string}\"},\"query-input\":{\"@type\":\"PropertyValueSpecification\",\"valueRequired\":true,\"valueName\":\"search_term_string\"}}],\"inLanguage\":\"en-US\"},{\"@type\":\"Organization\",\"@id\":\"https:\/\/ri2020.eu\/en\/#organization\",\"name\":\"Rijeka 2020 d.o.o.\",\"url\":\"https:\/\/ri2020.eu\/en\/\",\"logo\":{\"@type\":\"ImageObject\",\"inLanguage\":\"en-US\",\"@id\":\"https:\/\/ri2020.eu\/en\/#\/schema\/logo\/image\/\",\"url\":\"https:\/\/rijeka2020.eu\/wp-content\/uploads\/2018\/07\/Ri2020-logo.png\",\"contentUrl\":\"https:\/\/rijeka2020.eu\/wp-content\/uploads\/2018\/07\/Ri2020-logo.png\",\"width\":407,\"height\":175,\"caption\":\"Rijeka 2020 d.o.o.\"},\"image\":{\"@id\":\"https:\/\/ri2020.eu\/en\/#\/schema\/logo\/image\/\"},\"sameAs\":[\"https:\/\/www.facebook.com\/rijeka2020\",\"https:\/\/x.com\/Rijeka2020\",\"https:\/\/www.instagram.com\/rijeka2020\/\",\"https:\/\/www.youtube.com\/user\/riepk2020\"]},{\"@type\":\"Person\",\"@id\":\"https:\/\/ri2020.eu\/en\/#\/schema\/person\/9c12d91df8c45bc534f625d9c81f403d\",\"name\":\"Rijeka 2020\",\"url\":\"https:\/\/ri2020.eu\/en\/author\/lsm\/\"}]}<\/script>\n<!-- \/ Yoast SEO plugin. -->","yoast_head_json":{"title":"Vlasta Delimar, \u017delimir \u017dilnik i Branka Pavlovi\u0107 on the marginalised &#8226; Rijeka 2020","robots":{"index":"index","follow":"follow","max-snippet":"max-snippet:-1","max-image-preview":"max-image-preview:large","max-video-preview":"max-video-preview:-1"},"canonical":"https:\/\/ri2020.eu\/en\/vlasta-delimar-zelimir-zilnik-i-branka-pavlovic-on-the-marginalised\/","og_locale":"en_US","og_type":"article","og_title":"Vlasta Delimar, \u017delimir \u017dilnik i Branka Pavlovi\u0107 on the marginalised &#8226; Rijeka 2020","og_description":"On 30 January at 6:15 PM in the Mini Art-kino, a public discussion will be held on the topic of \u201cThe Marginalised\u201d, as the introduction to the second cycle of the Cinema Classroom programme. It is organised by the Centre for Women\u2019s Studies of the University of Rijeka and the Art-kino.","og_url":"https:\/\/ri2020.eu\/en\/vlasta-delimar-zelimir-zilnik-i-branka-pavlovic-on-the-marginalised\/","og_site_name":"Rijeka 2020","article_publisher":"https:\/\/www.facebook.com\/rijeka2020","article_published_time":"2018-01-16T16:52:25+00:00","article_modified_time":"2018-03-12T15:12:36+00:00","og_image":[{"width":1109,"height":396,"url":"https:\/\/ri2020.eu\/wp-content\/uploads\/2018\/01\/okrugli_stol-o-marginalnima2.jpg","type":"image\/jpeg"}],"author":"Rijeka 2020","twitter_card":"summary_large_image","twitter_creator":"@Rijeka2020","twitter_site":"@Rijeka2020","twitter_misc":{"Written by":"Rijeka 2020"},"schema":{"@context":"https:\/\/schema.org","@graph":[{"@type":"Article","@id":"https:\/\/ri2020.eu\/en\/vlasta-delimar-zelimir-zilnik-i-branka-pavlovic-on-the-marginalised\/#article","isPartOf":{"@id":"https:\/\/ri2020.eu\/en\/vlasta-delimar-zelimir-zilnik-i-branka-pavlovic-on-the-marginalised\/"},"author":{"name":"Rijeka 2020","@id":"https:\/\/ri2020.eu\/en\/#\/schema\/person\/9c12d91df8c45bc534f625d9c81f403d"},"headline":"Vlasta Delimar, \u017delimir \u017dilnik i Branka Pavlovi\u0107 on the marginalised","datePublished":"2018-01-16T16:52:25+00:00","dateModified":"2018-03-12T15:12:36+00:00","mainEntityOfPage":{"@id":"https:\/\/ri2020.eu\/en\/vlasta-delimar-zelimir-zilnik-i-branka-pavlovic-on-the-marginalised\/"},"wordCount":75,"commentCount":0,"publisher":{"@id":"https:\/\/ri2020.eu\/en\/#organization"},"image":{"@id":"https:\/\/ri2020.eu\/en\/vlasta-delimar-zelimir-zilnik-i-branka-pavlovic-on-the-marginalised\/#primaryimage"},"thumbnailUrl":"https:\/\/ri2020.eu\/wp-content\/uploads\/2018\/01\/okrugli_stol-o-marginalnima2.jpg","articleSection":["News"],"inLanguage":"en-US","potentialAction":[{"@type":"CommentAction","name":"Comment","target":["https:\/\/ri2020.eu\/en\/vlasta-delimar-zelimir-zilnik-i-branka-pavlovic-on-the-marginalised\/#respond"]}]},{"@type":"WebPage","@id":"https:\/\/ri2020.eu\/en\/vlasta-delimar-zelimir-zilnik-i-branka-pavlovic-on-the-marginalised\/","url":"https:\/\/ri2020.eu\/en\/vlasta-delimar-zelimir-zilnik-i-branka-pavlovic-on-the-marginalised\/","name":"Vlasta Delimar, \u017delimir \u017dilnik i Branka Pavlovi\u0107 on the marginalised &#8226; Rijeka 2020","isPartOf":{"@id":"https:\/\/ri2020.eu\/en\/#website"},"primaryImageOfPage":{"@id":"https:\/\/ri2020.eu\/en\/vlasta-delimar-zelimir-zilnik-i-branka-pavlovic-on-the-marginalised\/#primaryimage"},"image":{"@id":"https:\/\/ri2020.eu\/en\/vlasta-delimar-zelimir-zilnik-i-branka-pavlovic-on-the-marginalised\/#primaryimage"},"thumbnailUrl":"https:\/\/ri2020.eu\/wp-content\/uploads\/2018\/01\/okrugli_stol-o-marginalnima2.jpg","datePublished":"2018-01-16T16:52:25+00:00","dateModified":"2018-03-12T15:12:36+00:00","breadcrumb":{"@id":"https:\/\/ri2020.eu\/en\/vlasta-delimar-zelimir-zilnik-i-branka-pavlovic-on-the-marginalised\/#breadcrumb"},"inLanguage":"en-US","potentialAction":[{"@type":"ReadAction","target":["https:\/\/ri2020.eu\/en\/vlasta-delimar-zelimir-zilnik-i-branka-pavlovic-on-the-marginalised\/"]}]},{"@type":"ImageObject","inLanguage":"en-US","@id":"https:\/\/ri2020.eu\/en\/vlasta-delimar-zelimir-zilnik-i-branka-pavlovic-on-the-marginalised\/#primaryimage","url":"https:\/\/ri2020.eu\/wp-content\/uploads\/2018\/01\/okrugli_stol-o-marginalnima2.jpg","contentUrl":"https:\/\/ri2020.eu\/wp-content\/uploads\/2018\/01\/okrugli_stol-o-marginalnima2.jpg","width":1109,"height":396},{"@type":"BreadcrumbList","@id":"https:\/\/ri2020.eu\/en\/vlasta-delimar-zelimir-zilnik-i-branka-pavlovic-on-the-marginalised\/#breadcrumb","itemListElement":[{"@type":"ListItem","position":1,"name":"Home","item":"https:\/\/ri2020.eu\/en\/"},{"@type":"ListItem","position":2,"name":"Vlasta Delimar, \u017delimir \u017dilnik i Branka Pavlovi\u0107 on the marginalised"}]},{"@type":"WebSite","@id":"https:\/\/ri2020.eu\/en\/#website","url":"https:\/\/ri2020.eu\/en\/","name":"Rijeka 2020","description":"Europska prijestolnica kulture","publisher":{"@id":"https:\/\/ri2020.eu\/en\/#organization"},"potentialAction":[{"@type":"SearchAction","target":{"@type":"EntryPoint","urlTemplate":"https:\/\/ri2020.eu\/en\/?s={search_term_string}"},"query-input":{"@type":"PropertyValueSpecification","valueRequired":true,"valueName":"search_term_string"}}],"inLanguage":"en-US"},{"@type":"Organization","@id":"https:\/\/ri2020.eu\/en\/#organization","name":"Rijeka 2020 d.o.o.","url":"https:\/\/ri2020.eu\/en\/","logo":{"@type":"ImageObject","inLanguage":"en-US","@id":"https:\/\/ri2020.eu\/en\/#\/schema\/logo\/image\/","url":"https:\/\/rijeka2020.eu\/wp-content\/uploads\/2018\/07\/Ri2020-logo.png","contentUrl":"https:\/\/rijeka2020.eu\/wp-content\/uploads\/2018\/07\/Ri2020-logo.png","width":407,"height":175,"caption":"Rijeka 2020 d.o.o."},"image":{"@id":"https:\/\/ri2020.eu\/en\/#\/schema\/logo\/image\/"},"sameAs":["https:\/\/www.facebook.com\/rijeka2020","https:\/\/x.com\/Rijeka2020","https:\/\/www.instagram.com\/rijeka2020\/","https:\/\/www.youtube.com\/user\/riepk2020"]},{"@type":"Person","@id":"https:\/\/ri2020.eu\/en\/#\/schema\/person\/9c12d91df8c45bc534f625d9c81f403d","name":"Rijeka 2020","url":"https:\/\/ri2020.eu\/en\/author\/lsm\/"}]}},"_links":{"self":[{"href":"https:\/\/ri2020.eu\/en\/wp-json\/wp\/v2\/posts\/10813","targetHints":{"allow":["GET"]}}],"collection":[{"href":"https:\/\/ri2020.eu\/en\/wp-json\/wp\/v2\/posts"}],"about":[{"href":"https:\/\/ri2020.eu\/en\/wp-json\/wp\/v2\/types\/post"}],"author":[{"embeddable":true,"href":"https:\/\/ri2020.eu\/en\/wp-json\/wp\/v2\/users\/72"}],"replies":[{"embeddable":true,"href":"https:\/\/ri2020.eu\/en\/wp-json\/wp\/v2\/comments?post=10813"}],"version-history":[{"count":0,"href":"https:\/\/ri2020.eu\/en\/wp-json\/wp\/v2\/posts\/10813\/revisions"}],"wp:featuredmedia":[{"embeddable":true,"href":"https:\/\/ri2020.eu\/en\/wp-json\/wp\/v2\/media\/10442"}],"wp:attachment":[{"href":"https:\/\/ri2020.eu\/en\/wp-json\/wp\/v2\/media?parent=10813"}],"wp:term":[{"taxonomy":"category","embeddable":true,"href":"https:\/\/ri2020.eu\/en\/wp-json\/wp\/v2\/categories?post=10813"},{"taxonomy":"post_tag","embeddable":true,"href":"https:\/\/ri2020.eu\/en\/wp-json\/wp\/v2\/tags?post=10813"}],"curies":[{"name":"wp","href":"https:\/\/api.w.org\/{rel}","templated":true}]}}