{"id":10811,"date":"2018-01-29T17:50:13","date_gmt":"2018-01-29T16:50:13","guid":{"rendered":"http:\/\/rijeka2020.eu\/?p=10811\/"},"modified":"2018-02-19T12:36:31","modified_gmt":"2018-02-19T11:36:31","slug":"review-the-night-of-ideas-power-to-the-imagination","status":"publish","type":"post","link":"https:\/\/ri2020.eu\/en\/review-the-night-of-ideas-power-to-the-imagination\/","title":{"rendered":"REVIEW: The Night of Ideas \u2013 Power to the imagination!"},"content":{"rendered":"<p>Last year\u2019s theme \u2013 A Common World \u2013 gathered 180 thousand participants in 80 cities over 52 countries. This year\u2019s theme \u2013 Power to the imagination! \u2013 was inspired by the legendary 1968 when the walls of Paris were covered in writing \u201cl\u2019imagination au pouvoir!\u201d.<\/p>\n<p>The French Institute in Croatia included Rijeka 2020 \u2013 European Capital of Culture as the lead partner in this year\u2019s Night of Ideas. The only Croatian programme which was part of this year\u2019s global event was held on 25 January in the DeltaLab \u2013 Lab for Social (Re)invention of the Sweet &amp; Salt flagship. DeltaLab, which was founded for developing urban and social interventions, hosted two public discussions on the topic of using abandoned spaces and implementing the concept of the city of the future.<\/p>\n<p>Guilliaume Colling, director of the French Institute in Croatia, and Bernard Koludrovi\u0107, programme manager (RiHub) in Rijeka 2020 \u2013 ECOC made introductory speeches in which they presented the importance of the Night of Ideas, and how it is connected to the Sweet &amp; Salt flagship, i.e. the role of DeltaLab in developing cultural, artistic, social and urban interventions which could create a new dynamic along the Rje\u010dina river bank and the Delta.<\/p>\n<p>The first public discussion, moderated by Aleksandar Ili\u0107 Battista, dean of the Academy of Fine Arts in Zagreb, presented two projects from Zagreb and Paris which involve reinventing abandoned urban spaces. \u201cThe Ilica Project\u201d was presented by Ivana Nikoli\u0107 Popovi\u0107, president of the Croatian cluster of competitiveness of creative and cultural industries. The project involves mapping abandoned spaces around Ilica and connect them with potential users as part of a five-year project.<\/p>\n<p>Simon Laisney, <em>Plateau Urbain <\/em>director, presented a project which involves 4000 square meters of space which includes abandoned or unused spaces in the Ile-de-France area. The spaces will be offered via public tenders to artists, associations, cultural and creative stakeholders and different forms of social entrepreneurship.<\/p>\n<p>The case in Zagreb is an attempt to breathe new life into a depopulated part of the town centre, into areas which present social, ecological, health and financial risks for the immediate community. \u201cThe Ilica Project\u201d mapped 76 abandoned spaces and will attempt to establish a community of users who will get involved in successfully developing innovative and creative solutions the utilisation and gentrification of spaces on Ilica.<\/p>\n<p>The challenge in Zagreb is to continuously work on community engagement, establish criteria for using spaces, and develop the self-organisation of artistic initiatives, and <em>Plateau Urbain <\/em>covers these issues. The French example shows a successful initiative by the creative sector which connected various owners of abandoned and underused spaces and convinced them that it is more profitable to rent them to artists and creative professionals at a privileged and non-commercial price.<\/p>\n<p>From July 2013 this example proved that transitional and temporary urbanism has to become a permanent practice because it facilitates the removal of the market value of the location, promotes gentrification and enables the realisation of socially relevant projects which could not be realised otherwise.<\/p>\n<p>In both cases, the key factor was insisting on an open and approachable relationship towards citizens who then feel free and invited to come, offer their thoughts, ideas, suggestions and projects, which results in an organic user and audience community. This directly facilitates the strengthening of a sense of responsibility for spaces and programmes which ultimately leads to an increase of the potential sustainability of such a system.<\/p>\n<p>The public discussion included Marko-Luka Zub\u010di\u0107, moderator and associate of the Sweet &amp; Salt flagship, and speakers Luka Skansi and Dinko Pera\u010di\u0107, both architects. Skansi emphasised the importance of elevating the urban life culture with all public employees who are currently devastating our spaces. He believes that transitional urbanism, as a response from the general public, encourages tactics of resistant utilisation of public spaces.<\/p>\n<p>Nevertheless, such a system is not sustainable because it is not reasonable to expect citizens to continuously solve crises with their own inventiveness. On the other hand, Dinko Pera\u010di\u0107 promoted a dispersive city model which uses urban planning to deconstruct social stratification and as such presents an answer from the local governance level, in which urbanists and architects create free zones, spaces which encourage interaction, dialogue and research. In both cases, we can see the influence from De Certeau\u2019s 20<sup>th<\/sup> century idea of a \u201cwalker\u201d who deconstructs the hierarchical essence of the city.<\/p>\n<p>The large audience, encouraged by the discussions, pointed out multiple issues in Rijeka and Croatia which could seek potential solutions through the suggested models. In the context of Rijeka as the European Capital of Culture, there is significant interest for abandoned industrial spaces which represent a social, urban and ecological issue for the city after being neglected for decades.<\/p>\n<p>Rijeka\u2019s spatial resources are limited as the city is surrounded by mountains and the sea. The absence of urban planning resulted in the necessity to \u201chack\u201d spaces and reinvent their purpose. When looking at the long-term perspective, it is necessary to combine urbanism and social design in order to develop models for the social use and organisation of contents in abandoned spaces. The DeltaLab of Rijeka 2020 \u2013 ECOC will contribute to these efforts.<\/p>\n","protected":false},"excerpt":{"rendered":"<p>The French Cultural Network founded the \u201cNight of Ideas\u201d programme last year in order to facilitate public discussions about new trends in perceiving the world.<\/p>\n","protected":false},"author":72,"featured_media":10510,"comment_status":"closed","ping_status":"closed","sticky":false,"template":"","format":"standard","meta":{"_acf_changed":false,"footnotes":""},"categories":[4313,2731,3033],"tags":[],"class_list":["post-10811","post","type-post","status-publish","format-standard","has-post-thumbnail","hentry","category-cultural-diplomacy","category-news","category-sweetsalt"],"acf":[],"yoast_head":"<!-- This site is optimized with the Yoast SEO plugin v26.8 - https:\/\/yoast.com\/product\/yoast-seo-wordpress\/ -->\n<title>REVIEW: The Night of Ideas \u2013 Power to the imagination! &#8226; Rijeka 2020<\/title>\n<meta name=\"robots\" content=\"index, follow, max-snippet:-1, max-image-preview:large, max-video-preview:-1\" \/>\n<link rel=\"canonical\" href=\"https:\/\/ri2020.eu\/en\/review-the-night-of-ideas-power-to-the-imagination\/\" \/>\n<meta property=\"og:locale\" content=\"en_US\" \/>\n<meta property=\"og:type\" content=\"article\" \/>\n<meta property=\"og:title\" content=\"REVIEW: The Night of Ideas \u2013 Power to the imagination! &#8226; Rijeka 2020\" \/>\n<meta property=\"og:description\" content=\"The French Cultural Network founded the \u201cNight of Ideas\u201d programme last year in order to facilitate public discussions about new trends in perceiving the world.\" \/>\n<meta property=\"og:url\" content=\"https:\/\/ri2020.eu\/en\/review-the-night-of-ideas-power-to-the-imagination\/\" \/>\n<meta property=\"og:site_name\" content=\"Rijeka 2020\" \/>\n<meta property=\"article:publisher\" content=\"https:\/\/www.facebook.com\/rijeka2020\" \/>\n<meta property=\"article:published_time\" content=\"2018-01-29T16:50:13+00:00\" \/>\n<meta property=\"article:modified_time\" content=\"2018-02-19T11:36:31+00:00\" \/>\n<meta property=\"og:image\" content=\"https:\/\/ri2020.eu\/wp-content\/uploads\/2018\/01\/No\u0107-ideja.jpg\" \/>\n\t<meta property=\"og:image:width\" content=\"4451\" \/>\n\t<meta property=\"og:image:height\" content=\"3424\" \/>\n\t<meta property=\"og:image:type\" content=\"image\/jpeg\" \/>\n<meta name=\"author\" content=\"Rijeka 2020\" \/>\n<meta name=\"twitter:card\" content=\"summary_large_image\" \/>\n<meta name=\"twitter:creator\" content=\"@Rijeka2020\" \/>\n<meta name=\"twitter:site\" content=\"@Rijeka2020\" \/>\n<meta name=\"twitter:label1\" content=\"Written by\" \/>\n\t<meta name=\"twitter:data1\" content=\"Rijeka 2020\" \/>\n\t<meta name=\"twitter:label2\" content=\"Est. reading time\" \/>\n\t<meta name=\"twitter:data2\" content=\"4 minutes\" \/>\n<script type=\"application\/ld+json\" class=\"yoast-schema-graph\">{\"@context\":\"https:\/\/schema.org\",\"@graph\":[{\"@type\":\"Article\",\"@id\":\"https:\/\/ri2020.eu\/en\/review-the-night-of-ideas-power-to-the-imagination\/#article\",\"isPartOf\":{\"@id\":\"https:\/\/ri2020.eu\/en\/review-the-night-of-ideas-power-to-the-imagination\/\"},\"author\":{\"name\":\"Rijeka 2020\",\"@id\":\"https:\/\/ri2020.eu\/en\/#\/schema\/person\/9c12d91df8c45bc534f625d9c81f403d\"},\"headline\":\"REVIEW: The Night of Ideas \u2013 Power to the imagination!\",\"datePublished\":\"2018-01-29T16:50:13+00:00\",\"dateModified\":\"2018-02-19T11:36:31+00:00\",\"mainEntityOfPage\":{\"@id\":\"https:\/\/ri2020.eu\/en\/review-the-night-of-ideas-power-to-the-imagination\/\"},\"wordCount\":865,\"publisher\":{\"@id\":\"https:\/\/ri2020.eu\/en\/#organization\"},\"image\":{\"@id\":\"https:\/\/ri2020.eu\/en\/review-the-night-of-ideas-power-to-the-imagination\/#primaryimage\"},\"thumbnailUrl\":\"https:\/\/ri2020.eu\/wp-content\/uploads\/2018\/01\/No\u0107-ideja.jpg\",\"articleSection\":[\"Cultural Diplomacy\",\"News\",\"Sweet&amp;Salt\"],\"inLanguage\":\"en-US\"},{\"@type\":\"WebPage\",\"@id\":\"https:\/\/ri2020.eu\/en\/review-the-night-of-ideas-power-to-the-imagination\/\",\"url\":\"https:\/\/ri2020.eu\/en\/review-the-night-of-ideas-power-to-the-imagination\/\",\"name\":\"REVIEW: The Night of Ideas \u2013 Power to the imagination! &#8226; Rijeka 2020\",\"isPartOf\":{\"@id\":\"https:\/\/ri2020.eu\/en\/#website\"},\"primaryImageOfPage\":{\"@id\":\"https:\/\/ri2020.eu\/en\/review-the-night-of-ideas-power-to-the-imagination\/#primaryimage\"},\"image\":{\"@id\":\"https:\/\/ri2020.eu\/en\/review-the-night-of-ideas-power-to-the-imagination\/#primaryimage\"},\"thumbnailUrl\":\"https:\/\/ri2020.eu\/wp-content\/uploads\/2018\/01\/No\u0107-ideja.jpg\",\"datePublished\":\"2018-01-29T16:50:13+00:00\",\"dateModified\":\"2018-02-19T11:36:31+00:00\",\"breadcrumb\":{\"@id\":\"https:\/\/ri2020.eu\/en\/review-the-night-of-ideas-power-to-the-imagination\/#breadcrumb\"},\"inLanguage\":\"en-US\",\"potentialAction\":[{\"@type\":\"ReadAction\",\"target\":[\"https:\/\/ri2020.eu\/en\/review-the-night-of-ideas-power-to-the-imagination\/\"]}]},{\"@type\":\"ImageObject\",\"inLanguage\":\"en-US\",\"@id\":\"https:\/\/ri2020.eu\/en\/review-the-night-of-ideas-power-to-the-imagination\/#primaryimage\",\"url\":\"https:\/\/ri2020.eu\/wp-content\/uploads\/2018\/01\/No\u0107-ideja.jpg\",\"contentUrl\":\"https:\/\/ri2020.eu\/wp-content\/uploads\/2018\/01\/No\u0107-ideja.jpg\",\"width\":4451,\"height\":3424},{\"@type\":\"BreadcrumbList\",\"@id\":\"https:\/\/ri2020.eu\/en\/review-the-night-of-ideas-power-to-the-imagination\/#breadcrumb\",\"itemListElement\":[{\"@type\":\"ListItem\",\"position\":1,\"name\":\"Home\",\"item\":\"https:\/\/ri2020.eu\/en\/\"},{\"@type\":\"ListItem\",\"position\":2,\"name\":\"REVIEW: The Night of Ideas \u2013 Power to the imagination!\"}]},{\"@type\":\"WebSite\",\"@id\":\"https:\/\/ri2020.eu\/en\/#website\",\"url\":\"https:\/\/ri2020.eu\/en\/\",\"name\":\"Rijeka 2020\",\"description\":\"Europska prijestolnica kulture\",\"publisher\":{\"@id\":\"https:\/\/ri2020.eu\/en\/#organization\"},\"potentialAction\":[{\"@type\":\"SearchAction\",\"target\":{\"@type\":\"EntryPoint\",\"urlTemplate\":\"https:\/\/ri2020.eu\/en\/?s={search_term_string}\"},\"query-input\":{\"@type\":\"PropertyValueSpecification\",\"valueRequired\":true,\"valueName\":\"search_term_string\"}}],\"inLanguage\":\"en-US\"},{\"@type\":\"Organization\",\"@id\":\"https:\/\/ri2020.eu\/en\/#organization\",\"name\":\"Rijeka 2020 d.o.o.\",\"url\":\"https:\/\/ri2020.eu\/en\/\",\"logo\":{\"@type\":\"ImageObject\",\"inLanguage\":\"en-US\",\"@id\":\"https:\/\/ri2020.eu\/en\/#\/schema\/logo\/image\/\",\"url\":\"https:\/\/rijeka2020.eu\/wp-content\/uploads\/2018\/07\/Ri2020-logo.png\",\"contentUrl\":\"https:\/\/rijeka2020.eu\/wp-content\/uploads\/2018\/07\/Ri2020-logo.png\",\"width\":407,\"height\":175,\"caption\":\"Rijeka 2020 d.o.o.\"},\"image\":{\"@id\":\"https:\/\/ri2020.eu\/en\/#\/schema\/logo\/image\/\"},\"sameAs\":[\"https:\/\/www.facebook.com\/rijeka2020\",\"https:\/\/x.com\/Rijeka2020\",\"https:\/\/www.instagram.com\/rijeka2020\/\",\"https:\/\/www.youtube.com\/user\/riepk2020\"]},{\"@type\":\"Person\",\"@id\":\"https:\/\/ri2020.eu\/en\/#\/schema\/person\/9c12d91df8c45bc534f625d9c81f403d\",\"name\":\"Rijeka 2020\",\"url\":\"https:\/\/ri2020.eu\/en\/author\/lsm\/\"}]}<\/script>\n<!-- \/ Yoast SEO plugin. -->","yoast_head_json":{"title":"REVIEW: The Night of Ideas \u2013 Power to the imagination! &#8226; Rijeka 2020","robots":{"index":"index","follow":"follow","max-snippet":"max-snippet:-1","max-image-preview":"max-image-preview:large","max-video-preview":"max-video-preview:-1"},"canonical":"https:\/\/ri2020.eu\/en\/review-the-night-of-ideas-power-to-the-imagination\/","og_locale":"en_US","og_type":"article","og_title":"REVIEW: The Night of Ideas \u2013 Power to the imagination! &#8226; Rijeka 2020","og_description":"The French Cultural Network founded the \u201cNight of Ideas\u201d programme last year in order to facilitate public discussions about new trends in perceiving the world.","og_url":"https:\/\/ri2020.eu\/en\/review-the-night-of-ideas-power-to-the-imagination\/","og_site_name":"Rijeka 2020","article_publisher":"https:\/\/www.facebook.com\/rijeka2020","article_published_time":"2018-01-29T16:50:13+00:00","article_modified_time":"2018-02-19T11:36:31+00:00","og_image":[{"width":4451,"height":3424,"url":"https:\/\/ri2020.eu\/wp-content\/uploads\/2018\/01\/No\u0107-ideja.jpg","type":"image\/jpeg"}],"author":"Rijeka 2020","twitter_card":"summary_large_image","twitter_creator":"@Rijeka2020","twitter_site":"@Rijeka2020","twitter_misc":{"Written by":"Rijeka 2020","Est. reading time":"4 minutes"},"schema":{"@context":"https:\/\/schema.org","@graph":[{"@type":"Article","@id":"https:\/\/ri2020.eu\/en\/review-the-night-of-ideas-power-to-the-imagination\/#article","isPartOf":{"@id":"https:\/\/ri2020.eu\/en\/review-the-night-of-ideas-power-to-the-imagination\/"},"author":{"name":"Rijeka 2020","@id":"https:\/\/ri2020.eu\/en\/#\/schema\/person\/9c12d91df8c45bc534f625d9c81f403d"},"headline":"REVIEW: The Night of Ideas \u2013 Power to the imagination!","datePublished":"2018-01-29T16:50:13+00:00","dateModified":"2018-02-19T11:36:31+00:00","mainEntityOfPage":{"@id":"https:\/\/ri2020.eu\/en\/review-the-night-of-ideas-power-to-the-imagination\/"},"wordCount":865,"publisher":{"@id":"https:\/\/ri2020.eu\/en\/#organization"},"image":{"@id":"https:\/\/ri2020.eu\/en\/review-the-night-of-ideas-power-to-the-imagination\/#primaryimage"},"thumbnailUrl":"https:\/\/ri2020.eu\/wp-content\/uploads\/2018\/01\/No\u0107-ideja.jpg","articleSection":["Cultural Diplomacy","News","Sweet&amp;Salt"],"inLanguage":"en-US"},{"@type":"WebPage","@id":"https:\/\/ri2020.eu\/en\/review-the-night-of-ideas-power-to-the-imagination\/","url":"https:\/\/ri2020.eu\/en\/review-the-night-of-ideas-power-to-the-imagination\/","name":"REVIEW: The Night of Ideas \u2013 Power to the imagination! &#8226; Rijeka 2020","isPartOf":{"@id":"https:\/\/ri2020.eu\/en\/#website"},"primaryImageOfPage":{"@id":"https:\/\/ri2020.eu\/en\/review-the-night-of-ideas-power-to-the-imagination\/#primaryimage"},"image":{"@id":"https:\/\/ri2020.eu\/en\/review-the-night-of-ideas-power-to-the-imagination\/#primaryimage"},"thumbnailUrl":"https:\/\/ri2020.eu\/wp-content\/uploads\/2018\/01\/No\u0107-ideja.jpg","datePublished":"2018-01-29T16:50:13+00:00","dateModified":"2018-02-19T11:36:31+00:00","breadcrumb":{"@id":"https:\/\/ri2020.eu\/en\/review-the-night-of-ideas-power-to-the-imagination\/#breadcrumb"},"inLanguage":"en-US","potentialAction":[{"@type":"ReadAction","target":["https:\/\/ri2020.eu\/en\/review-the-night-of-ideas-power-to-the-imagination\/"]}]},{"@type":"ImageObject","inLanguage":"en-US","@id":"https:\/\/ri2020.eu\/en\/review-the-night-of-ideas-power-to-the-imagination\/#primaryimage","url":"https:\/\/ri2020.eu\/wp-content\/uploads\/2018\/01\/No\u0107-ideja.jpg","contentUrl":"https:\/\/ri2020.eu\/wp-content\/uploads\/2018\/01\/No\u0107-ideja.jpg","width":4451,"height":3424},{"@type":"BreadcrumbList","@id":"https:\/\/ri2020.eu\/en\/review-the-night-of-ideas-power-to-the-imagination\/#breadcrumb","itemListElement":[{"@type":"ListItem","position":1,"name":"Home","item":"https:\/\/ri2020.eu\/en\/"},{"@type":"ListItem","position":2,"name":"REVIEW: The Night of Ideas \u2013 Power to the imagination!"}]},{"@type":"WebSite","@id":"https:\/\/ri2020.eu\/en\/#website","url":"https:\/\/ri2020.eu\/en\/","name":"Rijeka 2020","description":"Europska prijestolnica kulture","publisher":{"@id":"https:\/\/ri2020.eu\/en\/#organization"},"potentialAction":[{"@type":"SearchAction","target":{"@type":"EntryPoint","urlTemplate":"https:\/\/ri2020.eu\/en\/?s={search_term_string}"},"query-input":{"@type":"PropertyValueSpecification","valueRequired":true,"valueName":"search_term_string"}}],"inLanguage":"en-US"},{"@type":"Organization","@id":"https:\/\/ri2020.eu\/en\/#organization","name":"Rijeka 2020 d.o.o.","url":"https:\/\/ri2020.eu\/en\/","logo":{"@type":"ImageObject","inLanguage":"en-US","@id":"https:\/\/ri2020.eu\/en\/#\/schema\/logo\/image\/","url":"https:\/\/rijeka2020.eu\/wp-content\/uploads\/2018\/07\/Ri2020-logo.png","contentUrl":"https:\/\/rijeka2020.eu\/wp-content\/uploads\/2018\/07\/Ri2020-logo.png","width":407,"height":175,"caption":"Rijeka 2020 d.o.o."},"image":{"@id":"https:\/\/ri2020.eu\/en\/#\/schema\/logo\/image\/"},"sameAs":["https:\/\/www.facebook.com\/rijeka2020","https:\/\/x.com\/Rijeka2020","https:\/\/www.instagram.com\/rijeka2020\/","https:\/\/www.youtube.com\/user\/riepk2020"]},{"@type":"Person","@id":"https:\/\/ri2020.eu\/en\/#\/schema\/person\/9c12d91df8c45bc534f625d9c81f403d","name":"Rijeka 2020","url":"https:\/\/ri2020.eu\/en\/author\/lsm\/"}]}},"_links":{"self":[{"href":"https:\/\/ri2020.eu\/en\/wp-json\/wp\/v2\/posts\/10811","targetHints":{"allow":["GET"]}}],"collection":[{"href":"https:\/\/ri2020.eu\/en\/wp-json\/wp\/v2\/posts"}],"about":[{"href":"https:\/\/ri2020.eu\/en\/wp-json\/wp\/v2\/types\/post"}],"author":[{"embeddable":true,"href":"https:\/\/ri2020.eu\/en\/wp-json\/wp\/v2\/users\/72"}],"replies":[{"embeddable":true,"href":"https:\/\/ri2020.eu\/en\/wp-json\/wp\/v2\/comments?post=10811"}],"version-history":[{"count":0,"href":"https:\/\/ri2020.eu\/en\/wp-json\/wp\/v2\/posts\/10811\/revisions"}],"wp:featuredmedia":[{"embeddable":true,"href":"https:\/\/ri2020.eu\/en\/wp-json\/wp\/v2\/media\/10510"}],"wp:attachment":[{"href":"https:\/\/ri2020.eu\/en\/wp-json\/wp\/v2\/media?parent=10811"}],"wp:term":[{"taxonomy":"category","embeddable":true,"href":"https:\/\/ri2020.eu\/en\/wp-json\/wp\/v2\/categories?post=10811"},{"taxonomy":"post_tag","embeddable":true,"href":"https:\/\/ri2020.eu\/en\/wp-json\/wp\/v2\/tags?post=10811"}],"curies":[{"name":"wp","href":"https:\/\/api.w.org\/{rel}","templated":true}]}}