{"id":10809,"date":"2018-01-15T17:47:32","date_gmt":"2018-01-15T16:47:32","guid":{"rendered":"http:\/\/rijeka2020.eu\/?p=10809\/"},"modified":"2018-04-04T14:53:33","modified_gmt":"2018-04-04T12:53:33","slug":"where-are-the-socks-sensory-theatre-for-babies-in-rijeka","status":"publish","type":"post","link":"https:\/\/ri2020.eu\/en\/where-are-the-socks-sensory-theatre-for-babies-in-rijeka\/","title":{"rendered":"\u201cWhere are the socks?\u201d \u2013 sensory theatre for babies in Rijeka"},"content":{"rendered":"<p>This is a form of performance art which is a combination of a theatre dance performance with animated elements and an audio-visual spatial installation, in order to introduce children up to three years of age to the world of theatre on a sensory level.<\/p>\n<p>The show was designed and directed by Mila \u010culjak, and the scenography, costumes and visual identity were designed by Mejra Muji\u010di\u0107. Performers and co-authors Alex \u0110akovi\u0107, Damir Orli\u0107 and David Petrovi\u0107 spend the performance on the floor with the young audience who join the performance in the last, interactive part.<\/p>\n<p>The music, composed by famous Croatian blues musician Adam Semijalac (Bebe na Vole) was created in the pentatonic scale as it was determined that it suits children of that age the best. Props were also selected based on results of research about children\u2019s interests and needs, such as the colour of scenography and flooring.<\/p>\n<p>\u201cWhere are the socks?\u201d will be performed in the Museum of Modern and Contemporary Art and it is the first part of the \u201cSweet Theatre\u201d programme, as part of the Rijeka 2020 \u2013 ECOC Brick House flagship.<\/p>\n<p>It is interesting to note that the space within the museum where this show is going to be performed once served as a nursery for the kids of the former Rikard Ben\u010di\u0107 factory\u2019s employees.<\/p>\n<p>Advanced performances will be held on 18 January at 5 and 6 PM, and the premiere performance on the following day.<\/p>\n<p>You can find more information on the <a href=\"http:\/\/www.gkl-rijeka.hr\/index.php\/gdje-su-nestale-carapice-2\/\" target=\"_blank\" rel=\"noopener noreferrer\">Rijeka City Puppet Theatre\u2019s website<\/a>.<\/p>\n","protected":false},"excerpt":{"rendered":"<p>On Friday, 19 January, the Rijeka City Puppet Theatre will perform the first sensory performance for babies called \u201cWhere are the socks?\u201d<\/p>\n","protected":false},"author":72,"featured_media":10347,"comment_status":"open","ping_status":"open","sticky":false,"template":"","format":"standard","meta":{"_acf_changed":false,"footnotes":""},"categories":[3055,2731],"tags":[],"class_list":["post-10809","post","type-post","status-publish","format-standard","has-post-thumbnail","hentry","category-childrens-house","category-news"],"acf":[],"yoast_head":"<!-- This site is optimized with the Yoast SEO plugin v26.8 - https:\/\/yoast.com\/product\/yoast-seo-wordpress\/ -->\n<title>\u201cWhere are the socks?\u201d \u2013 sensory theatre for babies in Rijeka &#8226; Rijeka 2020<\/title>\n<meta name=\"robots\" content=\"index, follow, max-snippet:-1, max-image-preview:large, max-video-preview:-1\" \/>\n<link rel=\"canonical\" href=\"https:\/\/ri2020.eu\/en\/where-are-the-socks-sensory-theatre-for-babies-in-rijeka\/\" \/>\n<meta property=\"og:locale\" content=\"en_US\" \/>\n<meta property=\"og:type\" content=\"article\" \/>\n<meta property=\"og:title\" content=\"\u201cWhere are the socks?\u201d \u2013 sensory theatre for babies in Rijeka &#8226; Rijeka 2020\" \/>\n<meta property=\"og:description\" content=\"On Friday, 19 January, the Rijeka City Puppet Theatre will perform the first sensory performance for babies called \u201cWhere are the socks?\u201d\" \/>\n<meta property=\"og:url\" content=\"https:\/\/ri2020.eu\/en\/where-are-the-socks-sensory-theatre-for-babies-in-rijeka\/\" \/>\n<meta property=\"og:site_name\" content=\"Rijeka 2020\" \/>\n<meta property=\"article:publisher\" content=\"https:\/\/www.facebook.com\/rijeka2020\" \/>\n<meta property=\"article:published_time\" content=\"2018-01-15T16:47:32+00:00\" \/>\n<meta property=\"article:modified_time\" content=\"2018-04-04T12:53:33+00:00\" \/>\n<meta property=\"og:image\" content=\"https:\/\/ri2020.eu\/wp-content\/uploads\/2018\/01\/Gdje-su-nestale-\u010darapic.jpg\" \/>\n\t<meta property=\"og:image:width\" content=\"800\" \/>\n\t<meta property=\"og:image:height\" content=\"1200\" \/>\n\t<meta property=\"og:image:type\" content=\"image\/jpeg\" \/>\n<meta name=\"author\" content=\"Rijeka 2020\" \/>\n<meta name=\"twitter:card\" content=\"summary_large_image\" \/>\n<meta name=\"twitter:creator\" content=\"@Rijeka2020\" \/>\n<meta name=\"twitter:site\" content=\"@Rijeka2020\" \/>\n<meta name=\"twitter:label1\" content=\"Written by\" \/>\n\t<meta name=\"twitter:data1\" content=\"Rijeka 2020\" \/>\n\t<meta name=\"twitter:label2\" content=\"Est. reading time\" \/>\n\t<meta name=\"twitter:data2\" content=\"1 minute\" \/>\n<script type=\"application\/ld+json\" class=\"yoast-schema-graph\">{\"@context\":\"https:\/\/schema.org\",\"@graph\":[{\"@type\":\"Article\",\"@id\":\"https:\/\/ri2020.eu\/en\/where-are-the-socks-sensory-theatre-for-babies-in-rijeka\/#article\",\"isPartOf\":{\"@id\":\"https:\/\/ri2020.eu\/en\/where-are-the-socks-sensory-theatre-for-babies-in-rijeka\/\"},\"author\":{\"name\":\"Rijeka 2020\",\"@id\":\"https:\/\/ri2020.eu\/en\/#\/schema\/person\/9c12d91df8c45bc534f625d9c81f403d\"},\"headline\":\"\u201cWhere are the socks?\u201d \u2013 sensory theatre for babies in Rijeka\",\"datePublished\":\"2018-01-15T16:47:32+00:00\",\"dateModified\":\"2018-04-04T12:53:33+00:00\",\"mainEntityOfPage\":{\"@id\":\"https:\/\/ri2020.eu\/en\/where-are-the-socks-sensory-theatre-for-babies-in-rijeka\/\"},\"wordCount\":262,\"commentCount\":0,\"publisher\":{\"@id\":\"https:\/\/ri2020.eu\/en\/#organization\"},\"image\":{\"@id\":\"https:\/\/ri2020.eu\/en\/where-are-the-socks-sensory-theatre-for-babies-in-rijeka\/#primaryimage\"},\"thumbnailUrl\":\"https:\/\/ri2020.eu\/wp-content\/uploads\/2018\/01\/Gdje-su-nestale-\u010darapic.jpg\",\"articleSection\":[\"Children's House\",\"News\"],\"inLanguage\":\"en-US\",\"potentialAction\":[{\"@type\":\"CommentAction\",\"name\":\"Comment\",\"target\":[\"https:\/\/ri2020.eu\/en\/where-are-the-socks-sensory-theatre-for-babies-in-rijeka\/#respond\"]}]},{\"@type\":\"WebPage\",\"@id\":\"https:\/\/ri2020.eu\/en\/where-are-the-socks-sensory-theatre-for-babies-in-rijeka\/\",\"url\":\"https:\/\/ri2020.eu\/en\/where-are-the-socks-sensory-theatre-for-babies-in-rijeka\/\",\"name\":\"\u201cWhere are the socks?\u201d \u2013 sensory theatre for babies in Rijeka &#8226; Rijeka 2020\",\"isPartOf\":{\"@id\":\"https:\/\/ri2020.eu\/en\/#website\"},\"primaryImageOfPage\":{\"@id\":\"https:\/\/ri2020.eu\/en\/where-are-the-socks-sensory-theatre-for-babies-in-rijeka\/#primaryimage\"},\"image\":{\"@id\":\"https:\/\/ri2020.eu\/en\/where-are-the-socks-sensory-theatre-for-babies-in-rijeka\/#primaryimage\"},\"thumbnailUrl\":\"https:\/\/ri2020.eu\/wp-content\/uploads\/2018\/01\/Gdje-su-nestale-\u010darapic.jpg\",\"datePublished\":\"2018-01-15T16:47:32+00:00\",\"dateModified\":\"2018-04-04T12:53:33+00:00\",\"breadcrumb\":{\"@id\":\"https:\/\/ri2020.eu\/en\/where-are-the-socks-sensory-theatre-for-babies-in-rijeka\/#breadcrumb\"},\"inLanguage\":\"en-US\",\"potentialAction\":[{\"@type\":\"ReadAction\",\"target\":[\"https:\/\/ri2020.eu\/en\/where-are-the-socks-sensory-theatre-for-babies-in-rijeka\/\"]}]},{\"@type\":\"ImageObject\",\"inLanguage\":\"en-US\",\"@id\":\"https:\/\/ri2020.eu\/en\/where-are-the-socks-sensory-theatre-for-babies-in-rijeka\/#primaryimage\",\"url\":\"https:\/\/ri2020.eu\/wp-content\/uploads\/2018\/01\/Gdje-su-nestale-\u010darapic.jpg\",\"contentUrl\":\"https:\/\/ri2020.eu\/wp-content\/uploads\/2018\/01\/Gdje-su-nestale-\u010darapic.jpg\",\"width\":800,\"height\":1200},{\"@type\":\"BreadcrumbList\",\"@id\":\"https:\/\/ri2020.eu\/en\/where-are-the-socks-sensory-theatre-for-babies-in-rijeka\/#breadcrumb\",\"itemListElement\":[{\"@type\":\"ListItem\",\"position\":1,\"name\":\"Home\",\"item\":\"https:\/\/ri2020.eu\/en\/\"},{\"@type\":\"ListItem\",\"position\":2,\"name\":\"\u201cWhere are the socks?\u201d \u2013 sensory theatre for babies in Rijeka\"}]},{\"@type\":\"WebSite\",\"@id\":\"https:\/\/ri2020.eu\/en\/#website\",\"url\":\"https:\/\/ri2020.eu\/en\/\",\"name\":\"Rijeka 2020\",\"description\":\"Europska prijestolnica kulture\",\"publisher\":{\"@id\":\"https:\/\/ri2020.eu\/en\/#organization\"},\"potentialAction\":[{\"@type\":\"SearchAction\",\"target\":{\"@type\":\"EntryPoint\",\"urlTemplate\":\"https:\/\/ri2020.eu\/en\/?s={search_term_string}\"},\"query-input\":{\"@type\":\"PropertyValueSpecification\",\"valueRequired\":true,\"valueName\":\"search_term_string\"}}],\"inLanguage\":\"en-US\"},{\"@type\":\"Organization\",\"@id\":\"https:\/\/ri2020.eu\/en\/#organization\",\"name\":\"Rijeka 2020 d.o.o.\",\"url\":\"https:\/\/ri2020.eu\/en\/\",\"logo\":{\"@type\":\"ImageObject\",\"inLanguage\":\"en-US\",\"@id\":\"https:\/\/ri2020.eu\/en\/#\/schema\/logo\/image\/\",\"url\":\"https:\/\/rijeka2020.eu\/wp-content\/uploads\/2018\/07\/Ri2020-logo.png\",\"contentUrl\":\"https:\/\/rijeka2020.eu\/wp-content\/uploads\/2018\/07\/Ri2020-logo.png\",\"width\":407,\"height\":175,\"caption\":\"Rijeka 2020 d.o.o.\"},\"image\":{\"@id\":\"https:\/\/ri2020.eu\/en\/#\/schema\/logo\/image\/\"},\"sameAs\":[\"https:\/\/www.facebook.com\/rijeka2020\",\"https:\/\/x.com\/Rijeka2020\",\"https:\/\/www.instagram.com\/rijeka2020\/\",\"https:\/\/www.youtube.com\/user\/riepk2020\"]},{\"@type\":\"Person\",\"@id\":\"https:\/\/ri2020.eu\/en\/#\/schema\/person\/9c12d91df8c45bc534f625d9c81f403d\",\"name\":\"Rijeka 2020\",\"url\":\"https:\/\/ri2020.eu\/en\/author\/lsm\/\"}]}<\/script>\n<!-- \/ Yoast SEO plugin. -->","yoast_head_json":{"title":"\u201cWhere are the socks?\u201d \u2013 sensory theatre for babies in Rijeka &#8226; Rijeka 2020","robots":{"index":"index","follow":"follow","max-snippet":"max-snippet:-1","max-image-preview":"max-image-preview:large","max-video-preview":"max-video-preview:-1"},"canonical":"https:\/\/ri2020.eu\/en\/where-are-the-socks-sensory-theatre-for-babies-in-rijeka\/","og_locale":"en_US","og_type":"article","og_title":"\u201cWhere are the socks?\u201d \u2013 sensory theatre for babies in Rijeka &#8226; Rijeka 2020","og_description":"On Friday, 19 January, the Rijeka City Puppet Theatre will perform the first sensory performance for babies called \u201cWhere are the socks?\u201d","og_url":"https:\/\/ri2020.eu\/en\/where-are-the-socks-sensory-theatre-for-babies-in-rijeka\/","og_site_name":"Rijeka 2020","article_publisher":"https:\/\/www.facebook.com\/rijeka2020","article_published_time":"2018-01-15T16:47:32+00:00","article_modified_time":"2018-04-04T12:53:33+00:00","og_image":[{"width":800,"height":1200,"url":"https:\/\/ri2020.eu\/wp-content\/uploads\/2018\/01\/Gdje-su-nestale-\u010darapic.jpg","type":"image\/jpeg"}],"author":"Rijeka 2020","twitter_card":"summary_large_image","twitter_creator":"@Rijeka2020","twitter_site":"@Rijeka2020","twitter_misc":{"Written by":"Rijeka 2020","Est. reading time":"1 minute"},"schema":{"@context":"https:\/\/schema.org","@graph":[{"@type":"Article","@id":"https:\/\/ri2020.eu\/en\/where-are-the-socks-sensory-theatre-for-babies-in-rijeka\/#article","isPartOf":{"@id":"https:\/\/ri2020.eu\/en\/where-are-the-socks-sensory-theatre-for-babies-in-rijeka\/"},"author":{"name":"Rijeka 2020","@id":"https:\/\/ri2020.eu\/en\/#\/schema\/person\/9c12d91df8c45bc534f625d9c81f403d"},"headline":"\u201cWhere are the socks?\u201d \u2013 sensory theatre for babies in Rijeka","datePublished":"2018-01-15T16:47:32+00:00","dateModified":"2018-04-04T12:53:33+00:00","mainEntityOfPage":{"@id":"https:\/\/ri2020.eu\/en\/where-are-the-socks-sensory-theatre-for-babies-in-rijeka\/"},"wordCount":262,"commentCount":0,"publisher":{"@id":"https:\/\/ri2020.eu\/en\/#organization"},"image":{"@id":"https:\/\/ri2020.eu\/en\/where-are-the-socks-sensory-theatre-for-babies-in-rijeka\/#primaryimage"},"thumbnailUrl":"https:\/\/ri2020.eu\/wp-content\/uploads\/2018\/01\/Gdje-su-nestale-\u010darapic.jpg","articleSection":["Children's House","News"],"inLanguage":"en-US","potentialAction":[{"@type":"CommentAction","name":"Comment","target":["https:\/\/ri2020.eu\/en\/where-are-the-socks-sensory-theatre-for-babies-in-rijeka\/#respond"]}]},{"@type":"WebPage","@id":"https:\/\/ri2020.eu\/en\/where-are-the-socks-sensory-theatre-for-babies-in-rijeka\/","url":"https:\/\/ri2020.eu\/en\/where-are-the-socks-sensory-theatre-for-babies-in-rijeka\/","name":"\u201cWhere are the socks?\u201d \u2013 sensory theatre for babies in Rijeka &#8226; Rijeka 2020","isPartOf":{"@id":"https:\/\/ri2020.eu\/en\/#website"},"primaryImageOfPage":{"@id":"https:\/\/ri2020.eu\/en\/where-are-the-socks-sensory-theatre-for-babies-in-rijeka\/#primaryimage"},"image":{"@id":"https:\/\/ri2020.eu\/en\/where-are-the-socks-sensory-theatre-for-babies-in-rijeka\/#primaryimage"},"thumbnailUrl":"https:\/\/ri2020.eu\/wp-content\/uploads\/2018\/01\/Gdje-su-nestale-\u010darapic.jpg","datePublished":"2018-01-15T16:47:32+00:00","dateModified":"2018-04-04T12:53:33+00:00","breadcrumb":{"@id":"https:\/\/ri2020.eu\/en\/where-are-the-socks-sensory-theatre-for-babies-in-rijeka\/#breadcrumb"},"inLanguage":"en-US","potentialAction":[{"@type":"ReadAction","target":["https:\/\/ri2020.eu\/en\/where-are-the-socks-sensory-theatre-for-babies-in-rijeka\/"]}]},{"@type":"ImageObject","inLanguage":"en-US","@id":"https:\/\/ri2020.eu\/en\/where-are-the-socks-sensory-theatre-for-babies-in-rijeka\/#primaryimage","url":"https:\/\/ri2020.eu\/wp-content\/uploads\/2018\/01\/Gdje-su-nestale-\u010darapic.jpg","contentUrl":"https:\/\/ri2020.eu\/wp-content\/uploads\/2018\/01\/Gdje-su-nestale-\u010darapic.jpg","width":800,"height":1200},{"@type":"BreadcrumbList","@id":"https:\/\/ri2020.eu\/en\/where-are-the-socks-sensory-theatre-for-babies-in-rijeka\/#breadcrumb","itemListElement":[{"@type":"ListItem","position":1,"name":"Home","item":"https:\/\/ri2020.eu\/en\/"},{"@type":"ListItem","position":2,"name":"\u201cWhere are the socks?\u201d \u2013 sensory theatre for babies in Rijeka"}]},{"@type":"WebSite","@id":"https:\/\/ri2020.eu\/en\/#website","url":"https:\/\/ri2020.eu\/en\/","name":"Rijeka 2020","description":"Europska prijestolnica kulture","publisher":{"@id":"https:\/\/ri2020.eu\/en\/#organization"},"potentialAction":[{"@type":"SearchAction","target":{"@type":"EntryPoint","urlTemplate":"https:\/\/ri2020.eu\/en\/?s={search_term_string}"},"query-input":{"@type":"PropertyValueSpecification","valueRequired":true,"valueName":"search_term_string"}}],"inLanguage":"en-US"},{"@type":"Organization","@id":"https:\/\/ri2020.eu\/en\/#organization","name":"Rijeka 2020 d.o.o.","url":"https:\/\/ri2020.eu\/en\/","logo":{"@type":"ImageObject","inLanguage":"en-US","@id":"https:\/\/ri2020.eu\/en\/#\/schema\/logo\/image\/","url":"https:\/\/rijeka2020.eu\/wp-content\/uploads\/2018\/07\/Ri2020-logo.png","contentUrl":"https:\/\/rijeka2020.eu\/wp-content\/uploads\/2018\/07\/Ri2020-logo.png","width":407,"height":175,"caption":"Rijeka 2020 d.o.o."},"image":{"@id":"https:\/\/ri2020.eu\/en\/#\/schema\/logo\/image\/"},"sameAs":["https:\/\/www.facebook.com\/rijeka2020","https:\/\/x.com\/Rijeka2020","https:\/\/www.instagram.com\/rijeka2020\/","https:\/\/www.youtube.com\/user\/riepk2020"]},{"@type":"Person","@id":"https:\/\/ri2020.eu\/en\/#\/schema\/person\/9c12d91df8c45bc534f625d9c81f403d","name":"Rijeka 2020","url":"https:\/\/ri2020.eu\/en\/author\/lsm\/"}]}},"_links":{"self":[{"href":"https:\/\/ri2020.eu\/en\/wp-json\/wp\/v2\/posts\/10809","targetHints":{"allow":["GET"]}}],"collection":[{"href":"https:\/\/ri2020.eu\/en\/wp-json\/wp\/v2\/posts"}],"about":[{"href":"https:\/\/ri2020.eu\/en\/wp-json\/wp\/v2\/types\/post"}],"author":[{"embeddable":true,"href":"https:\/\/ri2020.eu\/en\/wp-json\/wp\/v2\/users\/72"}],"replies":[{"embeddable":true,"href":"https:\/\/ri2020.eu\/en\/wp-json\/wp\/v2\/comments?post=10809"}],"version-history":[{"count":0,"href":"https:\/\/ri2020.eu\/en\/wp-json\/wp\/v2\/posts\/10809\/revisions"}],"wp:featuredmedia":[{"embeddable":true,"href":"https:\/\/ri2020.eu\/en\/wp-json\/wp\/v2\/media\/10347"}],"wp:attachment":[{"href":"https:\/\/ri2020.eu\/en\/wp-json\/wp\/v2\/media?parent=10809"}],"wp:term":[{"taxonomy":"category","embeddable":true,"href":"https:\/\/ri2020.eu\/en\/wp-json\/wp\/v2\/categories?post=10809"},{"taxonomy":"post_tag","embeddable":true,"href":"https:\/\/ri2020.eu\/en\/wp-json\/wp\/v2\/tags?post=10809"}],"curies":[{"name":"wp","href":"https:\/\/api.w.org\/{rel}","templated":true}]}}