{"id":1009,"date":"2014-07-17T14:35:50","date_gmt":"2014-07-17T14:35:50","guid":{"rendered":"http:\/\/www.rijekaepk.eu\/?p=1009"},"modified":"2020-02-20T12:40:17","modified_gmt":"2020-02-20T11:40:17","slug":"public-discussions-on-the-candidacy-concept-proposal","status":"publish","type":"post","link":"https:\/\/ri2020.eu\/en\/public-discussions-on-the-candidacy-concept-proposal\/","title":{"rendered":"Public discussions on the candidacy concept proposal"},"content":{"rendered":"<p style=\"text-align: justify;\">On 13 June 2014, members of the concept council (Idis Turato, Marin Bla\u017eevi\u0107, Mani Gotovac, and Slaven Tolj), Mayor Vojko Obersnel, and head of the Department of Culture Ivan \u0160arar presented the proposal of the concept of the City of Rijeka\u2019s candidacy for the European Capital of Culture 2020 on the Marina ship.<\/p>\n<p style=\"text-align: justify;\">After the initial presentation, an e-consultation was held, within which citizens were able to express their positions on the concept, while two public discussions were held in Art kino Croatia. Members of the working group Ingeborg F\u00fclepp, Kristian Beni\u0107, Slaven Tolj, Ivan \u0160arar, and Irena Kregar-\u0160egota spoke at the first public discussion on the concept proposal.<\/p>\n<p style=\"text-align: justify;\">It was pointed out that the beginning of every discourse sounded populist and demagogic and frequently demotivated creators. However, it can still generate positive energy and allow everybody to find their direction of expression. The culture in the anthropological sense, as well as this concept proposal, includes all pores of the community, and not only the artistic programmes. It was stressed that participation was an important determinant of this project and would have to become relevant.<\/p>\n<p style=\"text-align: justify;\">The introduction of the notion of a border, i.e. bridge, as a metaphor of bridging intolerance, was proposed. In this context, it was stressed that 2020 was the anniversary of D\u2019Annunzio\u2019s departure, which was an opportunity to deal with more serious, taboo topics, and to start pointing out the negative sides. It was concluded that we needed to work on the coexistence of diversity, communicate more and resolve problems. However, the need for introduction into the discourse of tradition, masquerade, <em>zvon\u010dari<\/em>, <em>\u010dakav\u0161tina<\/em> dialect, emphasising of the Istrian scale, tarantella, etc. was also articulated.<\/p>\n<p style=\"text-align: justify;\">Members of the concept team Marin Bla\u017eevi\u0107, Idis Turato, and Oliver Frlji\u0107 spoke at the second public discussion on the candidacy proposal, while Velid \u0110eki\u0107 moderated the discussion. The team members referred to the most important thing this candidacy should bring \u2013 change. A change is necessary for the city to open up even more and connect with its closest regional surroundings. The specificity of Rijeka also lies in its wealth in minorities, such as gender, racial, and national minorities, which should be additionally affirmed. Regardless of the final outcome of the candidacy, the idea is to design sustainable programmes, and the title, although flattering, is not the most important thing in this case. The change is.<\/p>\n","protected":false},"excerpt":{"rendered":"<p>On 13 June 2014, members of the concept council (Idis Turato, Marin Bla\u017eevi\u0107, Mani Gotovac, and Slaven Tolj), Mayor Vojko Obersnel, and head of the Department of Culture Ivan \u0160arar presented the proposal of the concept of the City of Rijeka\u2019s candidacy for the European Capital of Culture 2020 on the Marina ship. After the<\/p>\n","protected":false},"author":72,"featured_media":317,"comment_status":"closed","ping_status":"open","sticky":false,"template":"","format":"standard","meta":{"_acf_changed":false,"footnotes":""},"categories":[2731],"tags":[],"class_list":["post-1009","post","type-post","status-publish","format-standard","has-post-thumbnail","hentry","category-news"],"acf":[],"yoast_head":"<!-- This site is optimized with the Yoast SEO plugin v26.8 - https:\/\/yoast.com\/product\/yoast-seo-wordpress\/ -->\n<title>Public discussions on the candidacy concept proposal &#8226; Rijeka 2020<\/title>\n<meta name=\"robots\" content=\"index, follow, max-snippet:-1, max-image-preview:large, max-video-preview:-1\" \/>\n<link rel=\"canonical\" href=\"https:\/\/ri2020.eu\/en\/public-discussions-on-the-candidacy-concept-proposal\/\" \/>\n<meta property=\"og:locale\" content=\"en_US\" \/>\n<meta property=\"og:type\" content=\"article\" \/>\n<meta property=\"og:title\" content=\"Public discussions on the candidacy concept proposal &#8226; Rijeka 2020\" \/>\n<meta property=\"og:description\" content=\"On 13 June 2014, members of the concept council (Idis Turato, Marin Bla\u017eevi\u0107, Mani Gotovac, and Slaven Tolj), Mayor Vojko Obersnel, and head of the Department of Culture Ivan \u0160arar presented the proposal of the concept of the City of Rijeka\u2019s candidacy for the European Capital of Culture 2020 on the Marina ship. After the\" \/>\n<meta property=\"og:url\" content=\"https:\/\/ri2020.eu\/en\/public-discussions-on-the-candidacy-concept-proposal\/\" \/>\n<meta property=\"og:site_name\" content=\"Rijeka 2020\" \/>\n<meta property=\"article:publisher\" content=\"https:\/\/www.facebook.com\/rijeka2020\" \/>\n<meta property=\"article:published_time\" content=\"2014-07-17T14:35:50+00:00\" \/>\n<meta property=\"article:modified_time\" content=\"2020-02-20T11:40:17+00:00\" \/>\n<meta property=\"og:image\" content=\"https:\/\/rijeka2020.eu\/wp-content\/uploads\/2014\/07\/javna-rasprava-2.jpg\" \/>\n\t<meta property=\"og:image:width\" content=\"600\" \/>\n\t<meta property=\"og:image:height\" content=\"400\" \/>\n\t<meta property=\"og:image:type\" content=\"image\/jpeg\" \/>\n<meta name=\"author\" content=\"Rijeka 2020\" \/>\n<meta name=\"twitter:card\" content=\"summary_large_image\" \/>\n<meta name=\"twitter:creator\" content=\"@Rijeka2020\" \/>\n<meta name=\"twitter:site\" content=\"@Rijeka2020\" \/>\n<meta name=\"twitter:label1\" content=\"Written by\" \/>\n\t<meta name=\"twitter:data1\" content=\"Rijeka 2020\" \/>\n\t<meta name=\"twitter:label2\" content=\"Est. reading time\" \/>\n\t<meta name=\"twitter:data2\" content=\"2 minutes\" \/>\n<script type=\"application\/ld+json\" class=\"yoast-schema-graph\">{\"@context\":\"https:\/\/schema.org\",\"@graph\":[{\"@type\":\"Article\",\"@id\":\"https:\/\/ri2020.eu\/en\/public-discussions-on-the-candidacy-concept-proposal\/#article\",\"isPartOf\":{\"@id\":\"https:\/\/ri2020.eu\/en\/public-discussions-on-the-candidacy-concept-proposal\/\"},\"author\":{\"name\":\"Rijeka 2020\",\"@id\":\"https:\/\/rijeka2020.eu\/en\/#\/schema\/person\/9c12d91df8c45bc534f625d9c81f403d\"},\"headline\":\"Public discussions on the candidacy concept proposal\",\"datePublished\":\"2014-07-17T14:35:50+00:00\",\"dateModified\":\"2020-02-20T11:40:17+00:00\",\"mainEntityOfPage\":{\"@id\":\"https:\/\/ri2020.eu\/en\/public-discussions-on-the-candidacy-concept-proposal\/\"},\"wordCount\":407,\"publisher\":{\"@id\":\"https:\/\/rijeka2020.eu\/en\/#organization\"},\"image\":{\"@id\":\"https:\/\/ri2020.eu\/en\/public-discussions-on-the-candidacy-concept-proposal\/#primaryimage\"},\"thumbnailUrl\":\"https:\/\/ri2020.eu\/wp-content\/uploads\/2014\/07\/javna-rasprava-2.jpg\",\"articleSection\":[\"News\"],\"inLanguage\":\"en-US\"},{\"@type\":\"WebPage\",\"@id\":\"https:\/\/ri2020.eu\/en\/public-discussions-on-the-candidacy-concept-proposal\/\",\"url\":\"https:\/\/ri2020.eu\/en\/public-discussions-on-the-candidacy-concept-proposal\/\",\"name\":\"Public discussions on the candidacy concept proposal &#8226; Rijeka 2020\",\"isPartOf\":{\"@id\":\"https:\/\/rijeka2020.eu\/en\/#website\"},\"primaryImageOfPage\":{\"@id\":\"https:\/\/ri2020.eu\/en\/public-discussions-on-the-candidacy-concept-proposal\/#primaryimage\"},\"image\":{\"@id\":\"https:\/\/ri2020.eu\/en\/public-discussions-on-the-candidacy-concept-proposal\/#primaryimage\"},\"thumbnailUrl\":\"https:\/\/ri2020.eu\/wp-content\/uploads\/2014\/07\/javna-rasprava-2.jpg\",\"datePublished\":\"2014-07-17T14:35:50+00:00\",\"dateModified\":\"2020-02-20T11:40:17+00:00\",\"breadcrumb\":{\"@id\":\"https:\/\/ri2020.eu\/en\/public-discussions-on-the-candidacy-concept-proposal\/#breadcrumb\"},\"inLanguage\":\"en-US\",\"potentialAction\":[{\"@type\":\"ReadAction\",\"target\":[\"https:\/\/ri2020.eu\/en\/public-discussions-on-the-candidacy-concept-proposal\/\"]}]},{\"@type\":\"ImageObject\",\"inLanguage\":\"en-US\",\"@id\":\"https:\/\/ri2020.eu\/en\/public-discussions-on-the-candidacy-concept-proposal\/#primaryimage\",\"url\":\"https:\/\/ri2020.eu\/wp-content\/uploads\/2014\/07\/javna-rasprava-2.jpg\",\"contentUrl\":\"https:\/\/ri2020.eu\/wp-content\/uploads\/2014\/07\/javna-rasprava-2.jpg\",\"width\":600,\"height\":400},{\"@type\":\"BreadcrumbList\",\"@id\":\"https:\/\/ri2020.eu\/en\/public-discussions-on-the-candidacy-concept-proposal\/#breadcrumb\",\"itemListElement\":[{\"@type\":\"ListItem\",\"position\":1,\"name\":\"Home\",\"item\":\"https:\/\/rijeka2020.eu\/en\/\"},{\"@type\":\"ListItem\",\"position\":2,\"name\":\"Public discussions on the candidacy concept proposal\"}]},{\"@type\":\"WebSite\",\"@id\":\"https:\/\/rijeka2020.eu\/en\/#website\",\"url\":\"https:\/\/rijeka2020.eu\/en\/\",\"name\":\"Rijeka 2020\",\"description\":\"Europska prijestolnica kulture\",\"publisher\":{\"@id\":\"https:\/\/rijeka2020.eu\/en\/#organization\"},\"potentialAction\":[{\"@type\":\"SearchAction\",\"target\":{\"@type\":\"EntryPoint\",\"urlTemplate\":\"https:\/\/rijeka2020.eu\/en\/?s={search_term_string}\"},\"query-input\":{\"@type\":\"PropertyValueSpecification\",\"valueRequired\":true,\"valueName\":\"search_term_string\"}}],\"inLanguage\":\"en-US\"},{\"@type\":\"Organization\",\"@id\":\"https:\/\/rijeka2020.eu\/en\/#organization\",\"name\":\"Rijeka 2020 d.o.o.\",\"url\":\"https:\/\/rijeka2020.eu\/en\/\",\"logo\":{\"@type\":\"ImageObject\",\"inLanguage\":\"en-US\",\"@id\":\"https:\/\/rijeka2020.eu\/en\/#\/schema\/logo\/image\/\",\"url\":\"https:\/\/rijeka2020.eu\/wp-content\/uploads\/2018\/07\/Ri2020-logo.png\",\"contentUrl\":\"https:\/\/rijeka2020.eu\/wp-content\/uploads\/2018\/07\/Ri2020-logo.png\",\"width\":407,\"height\":175,\"caption\":\"Rijeka 2020 d.o.o.\"},\"image\":{\"@id\":\"https:\/\/rijeka2020.eu\/en\/#\/schema\/logo\/image\/\"},\"sameAs\":[\"https:\/\/www.facebook.com\/rijeka2020\",\"https:\/\/x.com\/Rijeka2020\",\"https:\/\/www.instagram.com\/rijeka2020\/\",\"https:\/\/www.youtube.com\/user\/riepk2020\"]},{\"@type\":\"Person\",\"@id\":\"https:\/\/rijeka2020.eu\/en\/#\/schema\/person\/9c12d91df8c45bc534f625d9c81f403d\",\"name\":\"Rijeka 2020\",\"url\":\"https:\/\/ri2020.eu\/en\/author\/lsm\/\"}]}<\/script>\n<!-- \/ Yoast SEO plugin. -->","yoast_head_json":{"title":"Public discussions on the candidacy concept proposal &#8226; Rijeka 2020","robots":{"index":"index","follow":"follow","max-snippet":"max-snippet:-1","max-image-preview":"max-image-preview:large","max-video-preview":"max-video-preview:-1"},"canonical":"https:\/\/ri2020.eu\/en\/public-discussions-on-the-candidacy-concept-proposal\/","og_locale":"en_US","og_type":"article","og_title":"Public discussions on the candidacy concept proposal &#8226; Rijeka 2020","og_description":"On 13 June 2014, members of the concept council (Idis Turato, Marin Bla\u017eevi\u0107, Mani Gotovac, and Slaven Tolj), Mayor Vojko Obersnel, and head of the Department of Culture Ivan \u0160arar presented the proposal of the concept of the City of Rijeka\u2019s candidacy for the European Capital of Culture 2020 on the Marina ship. After the","og_url":"https:\/\/ri2020.eu\/en\/public-discussions-on-the-candidacy-concept-proposal\/","og_site_name":"Rijeka 2020","article_publisher":"https:\/\/www.facebook.com\/rijeka2020","article_published_time":"2014-07-17T14:35:50+00:00","article_modified_time":"2020-02-20T11:40:17+00:00","og_image":[{"width":600,"height":400,"url":"https:\/\/rijeka2020.eu\/wp-content\/uploads\/2014\/07\/javna-rasprava-2.jpg","type":"image\/jpeg"}],"author":"Rijeka 2020","twitter_card":"summary_large_image","twitter_creator":"@Rijeka2020","twitter_site":"@Rijeka2020","twitter_misc":{"Written by":"Rijeka 2020","Est. reading time":"2 minutes"},"schema":{"@context":"https:\/\/schema.org","@graph":[{"@type":"Article","@id":"https:\/\/ri2020.eu\/en\/public-discussions-on-the-candidacy-concept-proposal\/#article","isPartOf":{"@id":"https:\/\/ri2020.eu\/en\/public-discussions-on-the-candidacy-concept-proposal\/"},"author":{"name":"Rijeka 2020","@id":"https:\/\/rijeka2020.eu\/en\/#\/schema\/person\/9c12d91df8c45bc534f625d9c81f403d"},"headline":"Public discussions on the candidacy concept proposal","datePublished":"2014-07-17T14:35:50+00:00","dateModified":"2020-02-20T11:40:17+00:00","mainEntityOfPage":{"@id":"https:\/\/ri2020.eu\/en\/public-discussions-on-the-candidacy-concept-proposal\/"},"wordCount":407,"publisher":{"@id":"https:\/\/rijeka2020.eu\/en\/#organization"},"image":{"@id":"https:\/\/ri2020.eu\/en\/public-discussions-on-the-candidacy-concept-proposal\/#primaryimage"},"thumbnailUrl":"https:\/\/ri2020.eu\/wp-content\/uploads\/2014\/07\/javna-rasprava-2.jpg","articleSection":["News"],"inLanguage":"en-US"},{"@type":"WebPage","@id":"https:\/\/ri2020.eu\/en\/public-discussions-on-the-candidacy-concept-proposal\/","url":"https:\/\/ri2020.eu\/en\/public-discussions-on-the-candidacy-concept-proposal\/","name":"Public discussions on the candidacy concept proposal &#8226; Rijeka 2020","isPartOf":{"@id":"https:\/\/rijeka2020.eu\/en\/#website"},"primaryImageOfPage":{"@id":"https:\/\/ri2020.eu\/en\/public-discussions-on-the-candidacy-concept-proposal\/#primaryimage"},"image":{"@id":"https:\/\/ri2020.eu\/en\/public-discussions-on-the-candidacy-concept-proposal\/#primaryimage"},"thumbnailUrl":"https:\/\/ri2020.eu\/wp-content\/uploads\/2014\/07\/javna-rasprava-2.jpg","datePublished":"2014-07-17T14:35:50+00:00","dateModified":"2020-02-20T11:40:17+00:00","breadcrumb":{"@id":"https:\/\/ri2020.eu\/en\/public-discussions-on-the-candidacy-concept-proposal\/#breadcrumb"},"inLanguage":"en-US","potentialAction":[{"@type":"ReadAction","target":["https:\/\/ri2020.eu\/en\/public-discussions-on-the-candidacy-concept-proposal\/"]}]},{"@type":"ImageObject","inLanguage":"en-US","@id":"https:\/\/ri2020.eu\/en\/public-discussions-on-the-candidacy-concept-proposal\/#primaryimage","url":"https:\/\/ri2020.eu\/wp-content\/uploads\/2014\/07\/javna-rasprava-2.jpg","contentUrl":"https:\/\/ri2020.eu\/wp-content\/uploads\/2014\/07\/javna-rasprava-2.jpg","width":600,"height":400},{"@type":"BreadcrumbList","@id":"https:\/\/ri2020.eu\/en\/public-discussions-on-the-candidacy-concept-proposal\/#breadcrumb","itemListElement":[{"@type":"ListItem","position":1,"name":"Home","item":"https:\/\/rijeka2020.eu\/en\/"},{"@type":"ListItem","position":2,"name":"Public discussions on the candidacy concept proposal"}]},{"@type":"WebSite","@id":"https:\/\/rijeka2020.eu\/en\/#website","url":"https:\/\/rijeka2020.eu\/en\/","name":"Rijeka 2020","description":"Europska prijestolnica kulture","publisher":{"@id":"https:\/\/rijeka2020.eu\/en\/#organization"},"potentialAction":[{"@type":"SearchAction","target":{"@type":"EntryPoint","urlTemplate":"https:\/\/rijeka2020.eu\/en\/?s={search_term_string}"},"query-input":{"@type":"PropertyValueSpecification","valueRequired":true,"valueName":"search_term_string"}}],"inLanguage":"en-US"},{"@type":"Organization","@id":"https:\/\/rijeka2020.eu\/en\/#organization","name":"Rijeka 2020 d.o.o.","url":"https:\/\/rijeka2020.eu\/en\/","logo":{"@type":"ImageObject","inLanguage":"en-US","@id":"https:\/\/rijeka2020.eu\/en\/#\/schema\/logo\/image\/","url":"https:\/\/rijeka2020.eu\/wp-content\/uploads\/2018\/07\/Ri2020-logo.png","contentUrl":"https:\/\/rijeka2020.eu\/wp-content\/uploads\/2018\/07\/Ri2020-logo.png","width":407,"height":175,"caption":"Rijeka 2020 d.o.o."},"image":{"@id":"https:\/\/rijeka2020.eu\/en\/#\/schema\/logo\/image\/"},"sameAs":["https:\/\/www.facebook.com\/rijeka2020","https:\/\/x.com\/Rijeka2020","https:\/\/www.instagram.com\/rijeka2020\/","https:\/\/www.youtube.com\/user\/riepk2020"]},{"@type":"Person","@id":"https:\/\/rijeka2020.eu\/en\/#\/schema\/person\/9c12d91df8c45bc534f625d9c81f403d","name":"Rijeka 2020","url":"https:\/\/ri2020.eu\/en\/author\/lsm\/"}]}},"_links":{"self":[{"href":"https:\/\/ri2020.eu\/en\/wp-json\/wp\/v2\/posts\/1009","targetHints":{"allow":["GET"]}}],"collection":[{"href":"https:\/\/ri2020.eu\/en\/wp-json\/wp\/v2\/posts"}],"about":[{"href":"https:\/\/ri2020.eu\/en\/wp-json\/wp\/v2\/types\/post"}],"author":[{"embeddable":true,"href":"https:\/\/ri2020.eu\/en\/wp-json\/wp\/v2\/users\/72"}],"replies":[{"embeddable":true,"href":"https:\/\/ri2020.eu\/en\/wp-json\/wp\/v2\/comments?post=1009"}],"version-history":[{"count":1,"href":"https:\/\/ri2020.eu\/en\/wp-json\/wp\/v2\/posts\/1009\/revisions"}],"predecessor-version":[{"id":50323,"href":"https:\/\/ri2020.eu\/en\/wp-json\/wp\/v2\/posts\/1009\/revisions\/50323"}],"wp:featuredmedia":[{"embeddable":true,"href":"https:\/\/ri2020.eu\/en\/wp-json\/wp\/v2\/media\/317"}],"wp:attachment":[{"href":"https:\/\/ri2020.eu\/en\/wp-json\/wp\/v2\/media?parent=1009"}],"wp:term":[{"taxonomy":"category","embeddable":true,"href":"https:\/\/ri2020.eu\/en\/wp-json\/wp\/v2\/categories?post=1009"},{"taxonomy":"post_tag","embeddable":true,"href":"https:\/\/ri2020.eu\/en\/wp-json\/wp\/v2\/tags?post=1009"}],"curies":[{"name":"wp","href":"https:\/\/api.w.org\/{rel}","templated":true}]}}