{"id":10061,"date":"2017-11-22T13:11:47","date_gmt":"2017-11-22T12:11:47","guid":{"rendered":"http:\/\/rijeka2020.eu\/?p=10061\/"},"modified":"2017-12-19T13:14:00","modified_gmt":"2017-12-19T12:14:00","slug":"rijeka-2020-in-rome-at-contemporaneamente-roma-international-days-beyond-the-obvious-cultural-agora","status":"publish","type":"post","link":"https:\/\/ri2020.eu\/en\/rijeka-2020-in-rome-at-contemporaneamente-roma-international-days-beyond-the-obvious-cultural-agora\/","title":{"rendered":"Rijeka 2020 in Rome at Contemporaneamente Roma International Days: Beyond the Obvious \u2013 Cultural Agora"},"content":{"rendered":"<p>This important international cultural event was organised by Culture Action Europe, Rome Austrian Cultural Forum, British Council, Bulgarian Cultural Institute, the Croatian, Maltese and Slovenian embassies in Rome, and the European Commission representation in Italy. The conference was attended by over 200 participants from across Europe, including cultural leaders, practitioners, policy makers, scientists and researchers.<\/p>\n<p>The conference included a series of panels, discussions, workshops and supporting programming with the aim of answering the question posed by the topic \u2013 Belonging &amp; Becoming: Culture, Heritage and our Future. The participants contemplated on how artists and cultural stakeholders, as well as engaged citizens and policy makes could develop \u201cinclusive belonging\u201d, how active participation of citizens in cultural processes affects social cohesion, and how it is possible to create a general understanding of belonging based on diversity and inclusivity on all levels \u2013 local, national and European.<\/p>\n<p>The specific focus was on the combination of using heritage tools and social innovations, education, participatory processes in the public and private sector, the future of sustainable cities, the issue of audience development, and the intersection between science and art.<\/p>\n<p>Rijeka 2020 \u2013 ECOC was represented at the conference within the scope of the programme Lungomare Mediterraneo through which three Mediterranean ECOC cities were presented \u2013 La Valletta 2018, Matera 2019 and Rijeka 2020. The programme of Rijeka 2020 was presented by mayor Obersnel, Emina Vi\u0161ni\u0107 and Irena Kregar \u0160egota, and the potential collaboration between the three cities was discussed.<\/p>\n<p>The programme was opened on a high political note with talks from Vojko Obersnel, mayor of Rijeka, Luca Bergamo, deputy mayor of Rome, Vito Borreli, deputy head of the European Commission representation in Rome, Jasen Mesi\u0107, Croatian ambassador to Italy, Vanessa Frazier, Maltese ambassador to Italy, Bogdan Benko, Slovenian ambassador to Italy, and Adriana Poli Bortone, representative of Matera.<\/p>\n<p>Irena Kregar \u0160egota represented Rijeka on the panel on mobility and migrations of artists and cultural agents in the Mediterranean within the scope of the ECOC project, and she participated at the workshop Pilot Cities \u2013 Culture in Sustainable Cities. Rajka Jurdana \u0160epi\u0107 participated on the panel on connecting science and culture, and Emina Vi\u0161ni\u0107 additionally participated on the closing panel Recombining the Threads.<\/p>\n<p>The international audience present could hear how Rijeka sounds on 16 November at the opening of the panel on heritage and social innovations with a performance by the Atma Mundi Ensemble led by Rijeka-based musician Zoran Majstorovi\u0107, who used music to present the Rijeka 2020 flagship Kitchen and the Porto Etno gastro-music festival.<\/p>\n<p>&nbsp;<\/p>\n<p>Photos: <a href=\"https:\/\/www.facebook.com\/CultureActionEurope\/?ref=br_rs\" target=\"_blank\" rel=\"noopener noreferrer\">Culture Action Europe Facebook<\/a>, <a href=\"https:\/\/twitter.com\/actforculture\" target=\"_blank\" rel=\"noopener noreferrer\">Twitter<\/a><\/p>\n<p><img loading=\"lazy\" decoding=\"async\" class=\"wp-image-9108 size-medium alignleft\" src=\"https:\/\/rijeka2020.eu\/wp-content\/uploads\/2017\/11\/LUngomare-Mediterraneo-Rim-220x165.jpg\" alt=\"\" width=\"220\" height=\"165\" srcset=\"https:\/\/ri2020.eu\/wp-content\/uploads\/2017\/11\/LUngomare-Mediterraneo-Rim-220x165.jpg 220w, https:\/\/ri2020.eu\/wp-content\/uploads\/2017\/11\/LUngomare-Mediterraneo-Rim-768x576.jpg 768w, https:\/\/ri2020.eu\/wp-content\/uploads\/2017\/11\/LUngomare-Mediterraneo-Rim-250x188.jpg 250w, https:\/\/ri2020.eu\/wp-content\/uploads\/2017\/11\/LUngomare-Mediterraneo-Rim-420x315.jpg 420w, https:\/\/ri2020.eu\/wp-content\/uploads\/2017\/11\/LUngomare-Mediterraneo-Rim.jpg 960w\" sizes=\"auto, (max-width: 220px) 100vw, 220px\" \/><img loading=\"lazy\" decoding=\"async\" class=\"wp-image-9106 size-medium alignleft\" src=\"https:\/\/rijeka2020.eu\/wp-content\/uploads\/2017\/11\/Atma-Mundi-Ensamble-Rim-220x165.jpg\" alt=\"\" width=\"220\" height=\"165\" srcset=\"https:\/\/ri2020.eu\/wp-content\/uploads\/2017\/11\/Atma-Mundi-Ensamble-Rim-220x165.jpg 220w, https:\/\/ri2020.eu\/wp-content\/uploads\/2017\/11\/Atma-Mundi-Ensamble-Rim-768x576.jpg 768w, https:\/\/ri2020.eu\/wp-content\/uploads\/2017\/11\/Atma-Mundi-Ensamble-Rim-250x188.jpg 250w, https:\/\/ri2020.eu\/wp-content\/uploads\/2017\/11\/Atma-Mundi-Ensamble-Rim-420x315.jpg 420w, https:\/\/ri2020.eu\/wp-content\/uploads\/2017\/11\/Atma-Mundi-Ensamble-Rim.jpg 960w\" sizes=\"auto, (max-width: 220px) 100vw, 220px\" \/><\/p>\n","protected":false},"excerpt":{"rendered":"<p>The conference included a series of panels, discussions, workshops and supporting programming with the aim of answering the question posed by the topic \u2013 Belonging &#038; Becoming: Culture, Heritage and our Future.<\/p>\n","protected":false},"author":72,"featured_media":9109,"comment_status":"closed","ping_status":"closed","sticky":false,"template":"","format":"standard","meta":{"_acf_changed":false,"footnotes":""},"categories":[4313,2731],"tags":[],"class_list":["post-10061","post","type-post","status-publish","format-standard","has-post-thumbnail","hentry","category-cultural-diplomacy","category-news"],"acf":[],"yoast_head":"<!-- This site is optimized with the Yoast SEO plugin v26.8 - https:\/\/yoast.com\/product\/yoast-seo-wordpress\/ -->\n<title>Rijeka 2020 in Rome at Contemporaneamente Roma International Days: Beyond the Obvious \u2013 Cultural Agora &#8226; Rijeka 2020<\/title>\n<meta name=\"robots\" content=\"index, follow, max-snippet:-1, max-image-preview:large, max-video-preview:-1\" \/>\n<link rel=\"canonical\" href=\"https:\/\/ri2020.eu\/en\/rijeka-2020-in-rome-at-contemporaneamente-roma-international-days-beyond-the-obvious-cultural-agora\/\" \/>\n<meta property=\"og:locale\" content=\"en_US\" \/>\n<meta property=\"og:type\" content=\"article\" \/>\n<meta property=\"og:title\" content=\"Rijeka 2020 in Rome at Contemporaneamente Roma International Days: Beyond the Obvious \u2013 Cultural Agora &#8226; Rijeka 2020\" \/>\n<meta property=\"og:description\" content=\"The conference included a series of panels, discussions, workshops and supporting programming with the aim of answering the question posed by the topic \u2013 Belonging &amp; Becoming: Culture, Heritage and our Future.\" \/>\n<meta property=\"og:url\" content=\"https:\/\/ri2020.eu\/en\/rijeka-2020-in-rome-at-contemporaneamente-roma-international-days-beyond-the-obvious-cultural-agora\/\" \/>\n<meta property=\"og:site_name\" content=\"Rijeka 2020\" \/>\n<meta property=\"article:publisher\" content=\"https:\/\/www.facebook.com\/rijeka2020\" \/>\n<meta property=\"article:published_time\" content=\"2017-11-22T12:11:47+00:00\" \/>\n<meta property=\"article:modified_time\" content=\"2017-12-19T12:14:00+00:00\" \/>\n<meta property=\"og:image\" content=\"https:\/\/ri2020.eu\/wp-content\/uploads\/2017\/11\/Konferencija-Rim2.jpg\" \/>\n\t<meta property=\"og:image:width\" content=\"2048\" \/>\n\t<meta property=\"og:image:height\" content=\"1536\" \/>\n\t<meta property=\"og:image:type\" content=\"image\/jpeg\" \/>\n<meta name=\"author\" content=\"Rijeka 2020\" \/>\n<meta name=\"twitter:card\" content=\"summary_large_image\" \/>\n<meta name=\"twitter:creator\" content=\"@Rijeka2020\" \/>\n<meta name=\"twitter:site\" content=\"@Rijeka2020\" \/>\n<meta name=\"twitter:label1\" content=\"Written by\" \/>\n\t<meta name=\"twitter:data1\" content=\"Rijeka 2020\" \/>\n\t<meta name=\"twitter:label2\" content=\"Est. reading time\" \/>\n\t<meta name=\"twitter:data2\" content=\"2 minutes\" \/>\n<script type=\"application\/ld+json\" class=\"yoast-schema-graph\">{\"@context\":\"https:\/\/schema.org\",\"@graph\":[{\"@type\":\"Article\",\"@id\":\"https:\/\/ri2020.eu\/en\/rijeka-2020-in-rome-at-contemporaneamente-roma-international-days-beyond-the-obvious-cultural-agora\/#article\",\"isPartOf\":{\"@id\":\"https:\/\/ri2020.eu\/en\/rijeka-2020-in-rome-at-contemporaneamente-roma-international-days-beyond-the-obvious-cultural-agora\/\"},\"author\":{\"name\":\"Rijeka 2020\",\"@id\":\"https:\/\/ri2020.eu\/en\/#\/schema\/person\/9c12d91df8c45bc534f625d9c81f403d\"},\"headline\":\"Rijeka 2020 in Rome at Contemporaneamente Roma International Days: Beyond the Obvious \u2013 Cultural Agora\",\"datePublished\":\"2017-11-22T12:11:47+00:00\",\"dateModified\":\"2017-12-19T12:14:00+00:00\",\"mainEntityOfPage\":{\"@id\":\"https:\/\/ri2020.eu\/en\/rijeka-2020-in-rome-at-contemporaneamente-roma-international-days-beyond-the-obvious-cultural-agora\/\"},\"wordCount\":429,\"publisher\":{\"@id\":\"https:\/\/ri2020.eu\/en\/#organization\"},\"image\":{\"@id\":\"https:\/\/ri2020.eu\/en\/rijeka-2020-in-rome-at-contemporaneamente-roma-international-days-beyond-the-obvious-cultural-agora\/#primaryimage\"},\"thumbnailUrl\":\"https:\/\/ri2020.eu\/wp-content\/uploads\/2017\/11\/Konferencija-Rim2.jpg\",\"articleSection\":[\"Cultural Diplomacy\",\"News\"],\"inLanguage\":\"en-US\"},{\"@type\":\"WebPage\",\"@id\":\"https:\/\/ri2020.eu\/en\/rijeka-2020-in-rome-at-contemporaneamente-roma-international-days-beyond-the-obvious-cultural-agora\/\",\"url\":\"https:\/\/ri2020.eu\/en\/rijeka-2020-in-rome-at-contemporaneamente-roma-international-days-beyond-the-obvious-cultural-agora\/\",\"name\":\"Rijeka 2020 in Rome at Contemporaneamente Roma International Days: Beyond the Obvious \u2013 Cultural Agora &#8226; Rijeka 2020\",\"isPartOf\":{\"@id\":\"https:\/\/ri2020.eu\/en\/#website\"},\"primaryImageOfPage\":{\"@id\":\"https:\/\/ri2020.eu\/en\/rijeka-2020-in-rome-at-contemporaneamente-roma-international-days-beyond-the-obvious-cultural-agora\/#primaryimage\"},\"image\":{\"@id\":\"https:\/\/ri2020.eu\/en\/rijeka-2020-in-rome-at-contemporaneamente-roma-international-days-beyond-the-obvious-cultural-agora\/#primaryimage\"},\"thumbnailUrl\":\"https:\/\/ri2020.eu\/wp-content\/uploads\/2017\/11\/Konferencija-Rim2.jpg\",\"datePublished\":\"2017-11-22T12:11:47+00:00\",\"dateModified\":\"2017-12-19T12:14:00+00:00\",\"breadcrumb\":{\"@id\":\"https:\/\/ri2020.eu\/en\/rijeka-2020-in-rome-at-contemporaneamente-roma-international-days-beyond-the-obvious-cultural-agora\/#breadcrumb\"},\"inLanguage\":\"en-US\",\"potentialAction\":[{\"@type\":\"ReadAction\",\"target\":[\"https:\/\/ri2020.eu\/en\/rijeka-2020-in-rome-at-contemporaneamente-roma-international-days-beyond-the-obvious-cultural-agora\/\"]}]},{\"@type\":\"ImageObject\",\"inLanguage\":\"en-US\",\"@id\":\"https:\/\/ri2020.eu\/en\/rijeka-2020-in-rome-at-contemporaneamente-roma-international-days-beyond-the-obvious-cultural-agora\/#primaryimage\",\"url\":\"https:\/\/ri2020.eu\/wp-content\/uploads\/2017\/11\/Konferencija-Rim2.jpg\",\"contentUrl\":\"https:\/\/ri2020.eu\/wp-content\/uploads\/2017\/11\/Konferencija-Rim2.jpg\",\"width\":2048,\"height\":1536},{\"@type\":\"BreadcrumbList\",\"@id\":\"https:\/\/ri2020.eu\/en\/rijeka-2020-in-rome-at-contemporaneamente-roma-international-days-beyond-the-obvious-cultural-agora\/#breadcrumb\",\"itemListElement\":[{\"@type\":\"ListItem\",\"position\":1,\"name\":\"Home\",\"item\":\"https:\/\/ri2020.eu\/en\/\"},{\"@type\":\"ListItem\",\"position\":2,\"name\":\"Rijeka 2020 in Rome at Contemporaneamente Roma International Days: Beyond the Obvious \u2013 Cultural Agora\"}]},{\"@type\":\"WebSite\",\"@id\":\"https:\/\/ri2020.eu\/en\/#website\",\"url\":\"https:\/\/ri2020.eu\/en\/\",\"name\":\"Rijeka 2020\",\"description\":\"Europska prijestolnica kulture\",\"publisher\":{\"@id\":\"https:\/\/ri2020.eu\/en\/#organization\"},\"potentialAction\":[{\"@type\":\"SearchAction\",\"target\":{\"@type\":\"EntryPoint\",\"urlTemplate\":\"https:\/\/ri2020.eu\/en\/?s={search_term_string}\"},\"query-input\":{\"@type\":\"PropertyValueSpecification\",\"valueRequired\":true,\"valueName\":\"search_term_string\"}}],\"inLanguage\":\"en-US\"},{\"@type\":\"Organization\",\"@id\":\"https:\/\/ri2020.eu\/en\/#organization\",\"name\":\"Rijeka 2020 d.o.o.\",\"url\":\"https:\/\/ri2020.eu\/en\/\",\"logo\":{\"@type\":\"ImageObject\",\"inLanguage\":\"en-US\",\"@id\":\"https:\/\/ri2020.eu\/en\/#\/schema\/logo\/image\/\",\"url\":\"https:\/\/rijeka2020.eu\/wp-content\/uploads\/2018\/07\/Ri2020-logo.png\",\"contentUrl\":\"https:\/\/rijeka2020.eu\/wp-content\/uploads\/2018\/07\/Ri2020-logo.png\",\"width\":407,\"height\":175,\"caption\":\"Rijeka 2020 d.o.o.\"},\"image\":{\"@id\":\"https:\/\/ri2020.eu\/en\/#\/schema\/logo\/image\/\"},\"sameAs\":[\"https:\/\/www.facebook.com\/rijeka2020\",\"https:\/\/x.com\/Rijeka2020\",\"https:\/\/www.instagram.com\/rijeka2020\/\",\"https:\/\/www.youtube.com\/user\/riepk2020\"]},{\"@type\":\"Person\",\"@id\":\"https:\/\/ri2020.eu\/en\/#\/schema\/person\/9c12d91df8c45bc534f625d9c81f403d\",\"name\":\"Rijeka 2020\",\"url\":\"https:\/\/ri2020.eu\/en\/author\/lsm\/\"}]}<\/script>\n<!-- \/ Yoast SEO plugin. -->","yoast_head_json":{"title":"Rijeka 2020 in Rome at Contemporaneamente Roma International Days: Beyond the Obvious \u2013 Cultural Agora &#8226; Rijeka 2020","robots":{"index":"index","follow":"follow","max-snippet":"max-snippet:-1","max-image-preview":"max-image-preview:large","max-video-preview":"max-video-preview:-1"},"canonical":"https:\/\/ri2020.eu\/en\/rijeka-2020-in-rome-at-contemporaneamente-roma-international-days-beyond-the-obvious-cultural-agora\/","og_locale":"en_US","og_type":"article","og_title":"Rijeka 2020 in Rome at Contemporaneamente Roma International Days: Beyond the Obvious \u2013 Cultural Agora &#8226; Rijeka 2020","og_description":"The conference included a series of panels, discussions, workshops and supporting programming with the aim of answering the question posed by the topic \u2013 Belonging & Becoming: Culture, Heritage and our Future.","og_url":"https:\/\/ri2020.eu\/en\/rijeka-2020-in-rome-at-contemporaneamente-roma-international-days-beyond-the-obvious-cultural-agora\/","og_site_name":"Rijeka 2020","article_publisher":"https:\/\/www.facebook.com\/rijeka2020","article_published_time":"2017-11-22T12:11:47+00:00","article_modified_time":"2017-12-19T12:14:00+00:00","og_image":[{"width":2048,"height":1536,"url":"https:\/\/ri2020.eu\/wp-content\/uploads\/2017\/11\/Konferencija-Rim2.jpg","type":"image\/jpeg"}],"author":"Rijeka 2020","twitter_card":"summary_large_image","twitter_creator":"@Rijeka2020","twitter_site":"@Rijeka2020","twitter_misc":{"Written by":"Rijeka 2020","Est. reading time":"2 minutes"},"schema":{"@context":"https:\/\/schema.org","@graph":[{"@type":"Article","@id":"https:\/\/ri2020.eu\/en\/rijeka-2020-in-rome-at-contemporaneamente-roma-international-days-beyond-the-obvious-cultural-agora\/#article","isPartOf":{"@id":"https:\/\/ri2020.eu\/en\/rijeka-2020-in-rome-at-contemporaneamente-roma-international-days-beyond-the-obvious-cultural-agora\/"},"author":{"name":"Rijeka 2020","@id":"https:\/\/ri2020.eu\/en\/#\/schema\/person\/9c12d91df8c45bc534f625d9c81f403d"},"headline":"Rijeka 2020 in Rome at Contemporaneamente Roma International Days: Beyond the Obvious \u2013 Cultural Agora","datePublished":"2017-11-22T12:11:47+00:00","dateModified":"2017-12-19T12:14:00+00:00","mainEntityOfPage":{"@id":"https:\/\/ri2020.eu\/en\/rijeka-2020-in-rome-at-contemporaneamente-roma-international-days-beyond-the-obvious-cultural-agora\/"},"wordCount":429,"publisher":{"@id":"https:\/\/ri2020.eu\/en\/#organization"},"image":{"@id":"https:\/\/ri2020.eu\/en\/rijeka-2020-in-rome-at-contemporaneamente-roma-international-days-beyond-the-obvious-cultural-agora\/#primaryimage"},"thumbnailUrl":"https:\/\/ri2020.eu\/wp-content\/uploads\/2017\/11\/Konferencija-Rim2.jpg","articleSection":["Cultural Diplomacy","News"],"inLanguage":"en-US"},{"@type":"WebPage","@id":"https:\/\/ri2020.eu\/en\/rijeka-2020-in-rome-at-contemporaneamente-roma-international-days-beyond-the-obvious-cultural-agora\/","url":"https:\/\/ri2020.eu\/en\/rijeka-2020-in-rome-at-contemporaneamente-roma-international-days-beyond-the-obvious-cultural-agora\/","name":"Rijeka 2020 in Rome at Contemporaneamente Roma International Days: Beyond the Obvious \u2013 Cultural Agora &#8226; Rijeka 2020","isPartOf":{"@id":"https:\/\/ri2020.eu\/en\/#website"},"primaryImageOfPage":{"@id":"https:\/\/ri2020.eu\/en\/rijeka-2020-in-rome-at-contemporaneamente-roma-international-days-beyond-the-obvious-cultural-agora\/#primaryimage"},"image":{"@id":"https:\/\/ri2020.eu\/en\/rijeka-2020-in-rome-at-contemporaneamente-roma-international-days-beyond-the-obvious-cultural-agora\/#primaryimage"},"thumbnailUrl":"https:\/\/ri2020.eu\/wp-content\/uploads\/2017\/11\/Konferencija-Rim2.jpg","datePublished":"2017-11-22T12:11:47+00:00","dateModified":"2017-12-19T12:14:00+00:00","breadcrumb":{"@id":"https:\/\/ri2020.eu\/en\/rijeka-2020-in-rome-at-contemporaneamente-roma-international-days-beyond-the-obvious-cultural-agora\/#breadcrumb"},"inLanguage":"en-US","potentialAction":[{"@type":"ReadAction","target":["https:\/\/ri2020.eu\/en\/rijeka-2020-in-rome-at-contemporaneamente-roma-international-days-beyond-the-obvious-cultural-agora\/"]}]},{"@type":"ImageObject","inLanguage":"en-US","@id":"https:\/\/ri2020.eu\/en\/rijeka-2020-in-rome-at-contemporaneamente-roma-international-days-beyond-the-obvious-cultural-agora\/#primaryimage","url":"https:\/\/ri2020.eu\/wp-content\/uploads\/2017\/11\/Konferencija-Rim2.jpg","contentUrl":"https:\/\/ri2020.eu\/wp-content\/uploads\/2017\/11\/Konferencija-Rim2.jpg","width":2048,"height":1536},{"@type":"BreadcrumbList","@id":"https:\/\/ri2020.eu\/en\/rijeka-2020-in-rome-at-contemporaneamente-roma-international-days-beyond-the-obvious-cultural-agora\/#breadcrumb","itemListElement":[{"@type":"ListItem","position":1,"name":"Home","item":"https:\/\/ri2020.eu\/en\/"},{"@type":"ListItem","position":2,"name":"Rijeka 2020 in Rome at Contemporaneamente Roma International Days: Beyond the Obvious \u2013 Cultural Agora"}]},{"@type":"WebSite","@id":"https:\/\/ri2020.eu\/en\/#website","url":"https:\/\/ri2020.eu\/en\/","name":"Rijeka 2020","description":"Europska prijestolnica kulture","publisher":{"@id":"https:\/\/ri2020.eu\/en\/#organization"},"potentialAction":[{"@type":"SearchAction","target":{"@type":"EntryPoint","urlTemplate":"https:\/\/ri2020.eu\/en\/?s={search_term_string}"},"query-input":{"@type":"PropertyValueSpecification","valueRequired":true,"valueName":"search_term_string"}}],"inLanguage":"en-US"},{"@type":"Organization","@id":"https:\/\/ri2020.eu\/en\/#organization","name":"Rijeka 2020 d.o.o.","url":"https:\/\/ri2020.eu\/en\/","logo":{"@type":"ImageObject","inLanguage":"en-US","@id":"https:\/\/ri2020.eu\/en\/#\/schema\/logo\/image\/","url":"https:\/\/rijeka2020.eu\/wp-content\/uploads\/2018\/07\/Ri2020-logo.png","contentUrl":"https:\/\/rijeka2020.eu\/wp-content\/uploads\/2018\/07\/Ri2020-logo.png","width":407,"height":175,"caption":"Rijeka 2020 d.o.o."},"image":{"@id":"https:\/\/ri2020.eu\/en\/#\/schema\/logo\/image\/"},"sameAs":["https:\/\/www.facebook.com\/rijeka2020","https:\/\/x.com\/Rijeka2020","https:\/\/www.instagram.com\/rijeka2020\/","https:\/\/www.youtube.com\/user\/riepk2020"]},{"@type":"Person","@id":"https:\/\/ri2020.eu\/en\/#\/schema\/person\/9c12d91df8c45bc534f625d9c81f403d","name":"Rijeka 2020","url":"https:\/\/ri2020.eu\/en\/author\/lsm\/"}]}},"_links":{"self":[{"href":"https:\/\/ri2020.eu\/en\/wp-json\/wp\/v2\/posts\/10061","targetHints":{"allow":["GET"]}}],"collection":[{"href":"https:\/\/ri2020.eu\/en\/wp-json\/wp\/v2\/posts"}],"about":[{"href":"https:\/\/ri2020.eu\/en\/wp-json\/wp\/v2\/types\/post"}],"author":[{"embeddable":true,"href":"https:\/\/ri2020.eu\/en\/wp-json\/wp\/v2\/users\/72"}],"replies":[{"embeddable":true,"href":"https:\/\/ri2020.eu\/en\/wp-json\/wp\/v2\/comments?post=10061"}],"version-history":[{"count":0,"href":"https:\/\/ri2020.eu\/en\/wp-json\/wp\/v2\/posts\/10061\/revisions"}],"wp:featuredmedia":[{"embeddable":true,"href":"https:\/\/ri2020.eu\/en\/wp-json\/wp\/v2\/media\/9109"}],"wp:attachment":[{"href":"https:\/\/ri2020.eu\/en\/wp-json\/wp\/v2\/media?parent=10061"}],"wp:term":[{"taxonomy":"category","embeddable":true,"href":"https:\/\/ri2020.eu\/en\/wp-json\/wp\/v2\/categories?post=10061"},{"taxonomy":"post_tag","embeddable":true,"href":"https:\/\/ri2020.eu\/en\/wp-json\/wp\/v2\/tags?post=10061"}],"curies":[{"name":"wp","href":"https:\/\/api.w.org\/{rel}","templated":true}]}}